{"id":19463,"date":"2015-11-06T14:59:37","date_gmt":"2015-11-06T14:59:37","guid":{"rendered":"https:\/\/abarevegan.com.br\/index.php\/2015\/11\/06\/professores-de-brasileia-param-descontos-em-salario\/"},"modified":"2015-11-06T14:59:37","modified_gmt":"2015-11-06T14:59:37","slug":"professores-de-brasileia-param-descontos-em-salario","status":"publish","type":"post","link":"https:\/\/nk7-testes.com.br\/agazeta\/professores-de-brasileia-param-descontos-em-salario\/","title":{"rendered":"Professores de Brasileia param: descontos em sal\u00e1rio"},"content":{"rendered":"<p style=\"text-align: justify;\">Rede municipal sem aula por causa de protesto<\/p>\n<p style=\"text-align: justify;\">Sal\u00e1rios dos professores da rede municipal de Brasileia tiveram sal\u00e1rios diminu\u00eddos. Alguns constataram no contracheque que o desconto foi de mais de R$ 300. Outros nem chegaram a receber. \u201cO meu [sal\u00e1rio] n\u00e3o saiu nem um centavo ainda. Estou sem receber\u201d, disse a professora Lurdes Lane em declara\u00e7\u00e3o ao site Not\u00edcias da Fronteira.<\/p>\n<p style=\"text-align: justify;\">N\u00e3o houve aula hoje na rede municipal de ensino por causa de um protesto organizado pelo Sindicato dos Trabalhadores em Educa\u00e7\u00e3o do Estado do Acre, Sinteac. Outras categorias tamb\u00e9m tiveram descontos n\u00e3o previstos.<\/p>\n<p style=\"text-align: justify;\">O prefeito Everaldo Gomes foi procurado pela equipe de reportagem de A Gazeta.Net, mas n\u00e3o atendeu \u00e0s liga\u00e7\u00f5es. O Minist\u00e9rio P\u00fablico do Estado do Acre foi acionado para saber se ir\u00e1 tomar alguma provid\u00eancia relacionada ao problema. Ficou de retornar com informa\u00e7\u00f5es sobre o caso.<\/p>\n","protected":false},"excerpt":{"rendered":"<p style=\"text-align: justify;\">Rede municipal sem aula por causa de protesto<\/p>\n","protected":false},"author":4,"featured_media":19462,"comment_status":"open","ping_status":"open","sticky":false,"template":"","format":"standard","meta":{"jnews-multi-image_gallery":[],"jnews_single_post":[],"jnews_primary_category":[],"jnews_social_meta":[],"jnews_review":[],"enable_review":"","type":"","name":"","summary":"","brand":"","sku":"","good":[],"bad":[],"score_override":"","override_value":"","rating":[],"price":[],"footnotes":""},"categories":[54],"tags":[],"class_list":["post-19463","post","type-post","status-publish","format-standard","has-post-thumbnail","hentry","category-cotidiano"],"yoast_head":"<!-- This site is optimized with the Yoast SEO plugin v26.5 - https:\/\/yoast.com\/wordpress\/plugins\/seo\/ -->\n<title>Professores de Brasileia param: descontos em sal\u00e1rio - Agazeta.net<\/title>\n<meta name=\"robots\" content=\"index, follow, max-snippet:-1, max-image-preview:large, max-video-preview:-1\" \/>\n<link rel=\"canonical\" href=\"https:\/\/nk7-testes.com.br\/agazeta\/professores-de-brasileia-param-descontos-em-salario\/\" \/>\n<meta property=\"og:locale\" content=\"pt_BR\" \/>\n<meta property=\"og:type\" content=\"article\" \/>\n<meta property=\"og:title\" content=\"Professores de Brasileia param: descontos em sal\u00e1rio - Agazeta.net\" \/>\n<meta property=\"og:description\" content=\"Rede municipal sem aula por causa de protesto\" \/>\n<meta property=\"og:url\" content=\"https:\/\/nk7-testes.com.br\/agazeta\/professores-de-brasileia-param-descontos-em-salario\/\" \/>\n<meta property=\"og:site_name\" content=\"Agazeta.net\" \/>\n<meta property=\"article:published_time\" content=\"2015-11-06T14:59:37+00:00\" \/>\n<meta property=\"og:image\" content=\"https:\/\/nk7-testes.com.br\/agazeta\/wp-content\/uploads\/2015\/11\/061115-cotidiano-professoresbrasileia-almirandrade.jpg\" \/>\n\t<meta property=\"og:image:width\" content=\"458\" \/>\n\t<meta property=\"og:image:height\" content=\"340\" \/>\n\t<meta property=\"og:image:type\" content=\"image\/jpeg\" \/>\n<meta name=\"author\" content=\"Agazeta.Net\" \/>\n<meta name=\"twitter:card\" content=\"summary_large_image\" \/>\n<meta name=\"twitter:label1\" content=\"Escrito por\" \/>\n\t<meta name=\"twitter:data1\" content=\"Agazeta.Net\" \/>\n\t<meta name=\"twitter:label2\" content=\"Est. tempo de leitura\" \/>\n\t<meta name=\"twitter:data2\" content=\"1 minuto\" \/>\n<script type=\"application\/ld+json\" class=\"yoast-schema-graph\">{\"@context\":\"https:\/\/schema.org\",\"@graph\":[{\"@type\":\"WebPage\",\"@id\":\"https:\/\/nk7-testes.com.br\/agazeta\/professores-de-brasileia-param-descontos-em-salario\/\",\"url\":\"https:\/\/nk7-testes.com.br\/agazeta\/professores-de-brasileia-param-descontos-em-salario\/\",\"name\":\"Professores de Brasileia param: descontos em sal\u00e1rio - Agazeta.net\",\"isPartOf\":{\"@id\":\"https:\/\/nk7-testes.com.br\/agazeta\/#website\"},\"primaryImageOfPage\":{\"@id\":\"https:\/\/nk7-testes.com.br\/agazeta\/professores-de-brasileia-param-descontos-em-salario\/#primaryimage\"},\"image\":{\"@id\":\"https:\/\/nk7-testes.com.br\/agazeta\/professores-de-brasileia-param-descontos-em-salario\/#primaryimage\"},\"thumbnailUrl\":\"https:\/\/nk7-testes.com.br\/agazeta\/wp-content\/uploads\/2015\/11\/061115-cotidiano-professoresbrasileia-almirandrade.jpg\",\"datePublished\":\"2015-11-06T14:59:37+00:00\",\"author\":{\"@id\":\"https:\/\/nk7-testes.com.br\/agazeta\/#\/schema\/person\/6d6e25cb0435eb4a02fd44d30b4e3020\"},\"breadcrumb\":{\"@id\":\"https:\/\/nk7-testes.com.br\/agazeta\/professores-de-brasileia-param-descontos-em-salario\/#breadcrumb\"},\"inLanguage\":\"pt-BR\",\"potentialAction\":[{\"@type\":\"ReadAction\",\"target\":[\"https:\/\/nk7-testes.com.br\/agazeta\/professores-de-brasileia-param-descontos-em-salario\/\"]}]},{\"@type\":\"ImageObject\",\"inLanguage\":\"pt-BR\",\"@id\":\"https:\/\/nk7-testes.com.br\/agazeta\/professores-de-brasileia-param-descontos-em-salario\/#primaryimage\",\"url\":\"https:\/\/nk7-testes.com.br\/agazeta\/wp-content\/uploads\/2015\/11\/061115-cotidiano-professoresbrasileia-almirandrade.jpg\",\"contentUrl\":\"https:\/\/nk7-testes.com.br\/agazeta\/wp-content\/uploads\/2015\/11\/061115-cotidiano-professoresbrasileia-almirandrade.jpg\",\"width\":458,\"height\":340,\"caption\":\"061115-cotidiano-professoresbrasileia-almirandrade\"},{\"@type\":\"BreadcrumbList\",\"@id\":\"https:\/\/nk7-testes.com.br\/agazeta\/professores-de-brasileia-param-descontos-em-salario\/#breadcrumb\",\"itemListElement\":[{\"@type\":\"ListItem\",\"position\":1,\"name\":\"In\u00edcio\",\"item\":\"https:\/\/nk7-testes.com.br\/agazeta\/\"},{\"@type\":\"ListItem\",\"position\":2,\"name\":\"Professores de Brasileia param: descontos em sal\u00e1rio\"}]},{\"@type\":\"WebSite\",\"@id\":\"https:\/\/nk7-testes.com.br\/agazeta\/#website\",\"url\":\"https:\/\/nk7-testes.com.br\/agazeta\/\",\"name\":\"Agazeta.net\",\"description\":\"Agazeta.net - Not\u00edcias de Rio Branco\/AC\",\"potentialAction\":[{\"@type\":\"SearchAction\",\"target\":{\"@type\":\"EntryPoint\",\"urlTemplate\":\"https:\/\/nk7-testes.com.br\/agazeta\/?s={search_term_string}\"},\"query-input\":{\"@type\":\"PropertyValueSpecification\",\"valueRequired\":true,\"valueName\":\"search_term_string\"}}],\"inLanguage\":\"pt-BR\"},{\"@type\":\"Person\",\"@id\":\"https:\/\/nk7-testes.com.br\/agazeta\/#\/schema\/person\/6d6e25cb0435eb4a02fd44d30b4e3020\",\"name\":\"Agazeta.Net\",\"url\":\"https:\/\/nk7-testes.com.br\/agazeta\/author\/agazeta\/\"}]}<\/script>\n<!-- \/ Yoast SEO plugin. -->","yoast_head_json":{"title":"Professores de Brasileia param: descontos em sal\u00e1rio - Agazeta.net","robots":{"index":"index","follow":"follow","max-snippet":"max-snippet:-1","max-image-preview":"max-image-preview:large","max-video-preview":"max-video-preview:-1"},"canonical":"https:\/\/nk7-testes.com.br\/agazeta\/professores-de-brasileia-param-descontos-em-salario\/","og_locale":"pt_BR","og_type":"article","og_title":"Professores de Brasileia param: descontos em sal\u00e1rio - Agazeta.net","og_description":"Rede municipal sem aula por causa de protesto","og_url":"https:\/\/nk7-testes.com.br\/agazeta\/professores-de-brasileia-param-descontos-em-salario\/","og_site_name":"Agazeta.net","article_published_time":"2015-11-06T14:59:37+00:00","og_image":[{"width":458,"height":340,"url":"https:\/\/nk7-testes.com.br\/agazeta\/wp-content\/uploads\/2015\/11\/061115-cotidiano-professoresbrasileia-almirandrade.jpg","type":"image\/jpeg"}],"author":"Agazeta.Net","twitter_card":"summary_large_image","twitter_misc":{"Escrito por":"Agazeta.Net","Est. tempo de leitura":"1 minuto"},"schema":{"@context":"https:\/\/schema.org","@graph":[{"@type":"WebPage","@id":"https:\/\/nk7-testes.com.br\/agazeta\/professores-de-brasileia-param-descontos-em-salario\/","url":"https:\/\/nk7-testes.com.br\/agazeta\/professores-de-brasileia-param-descontos-em-salario\/","name":"Professores de Brasileia param: descontos em sal\u00e1rio - Agazeta.net","isPartOf":{"@id":"https:\/\/nk7-testes.com.br\/agazeta\/#website"},"primaryImageOfPage":{"@id":"https:\/\/nk7-testes.com.br\/agazeta\/professores-de-brasileia-param-descontos-em-salario\/#primaryimage"},"image":{"@id":"https:\/\/nk7-testes.com.br\/agazeta\/professores-de-brasileia-param-descontos-em-salario\/#primaryimage"},"thumbnailUrl":"https:\/\/nk7-testes.com.br\/agazeta\/wp-content\/uploads\/2015\/11\/061115-cotidiano-professoresbrasileia-almirandrade.jpg","datePublished":"2015-11-06T14:59:37+00:00","author":{"@id":"https:\/\/nk7-testes.com.br\/agazeta\/#\/schema\/person\/6d6e25cb0435eb4a02fd44d30b4e3020"},"breadcrumb":{"@id":"https:\/\/nk7-testes.com.br\/agazeta\/professores-de-brasileia-param-descontos-em-salario\/#breadcrumb"},"inLanguage":"pt-BR","potentialAction":[{"@type":"ReadAction","target":["https:\/\/nk7-testes.com.br\/agazeta\/professores-de-brasileia-param-descontos-em-salario\/"]}]},{"@type":"ImageObject","inLanguage":"pt-BR","@id":"https:\/\/nk7-testes.com.br\/agazeta\/professores-de-brasileia-param-descontos-em-salario\/#primaryimage","url":"https:\/\/nk7-testes.com.br\/agazeta\/wp-content\/uploads\/2015\/11\/061115-cotidiano-professoresbrasileia-almirandrade.jpg","contentUrl":"https:\/\/nk7-testes.com.br\/agazeta\/wp-content\/uploads\/2015\/11\/061115-cotidiano-professoresbrasileia-almirandrade.jpg","width":458,"height":340,"caption":"061115-cotidiano-professoresbrasileia-almirandrade"},{"@type":"BreadcrumbList","@id":"https:\/\/nk7-testes.com.br\/agazeta\/professores-de-brasileia-param-descontos-em-salario\/#breadcrumb","itemListElement":[{"@type":"ListItem","position":1,"name":"In\u00edcio","item":"https:\/\/nk7-testes.com.br\/agazeta\/"},{"@type":"ListItem","position":2,"name":"Professores de Brasileia param: descontos em sal\u00e1rio"}]},{"@type":"WebSite","@id":"https:\/\/nk7-testes.com.br\/agazeta\/#website","url":"https:\/\/nk7-testes.com.br\/agazeta\/","name":"Agazeta.net","description":"Agazeta.net - Not\u00edcias de Rio Branco\/AC","potentialAction":[{"@type":"SearchAction","target":{"@type":"EntryPoint","urlTemplate":"https:\/\/nk7-testes.com.br\/agazeta\/?s={search_term_string}"},"query-input":{"@type":"PropertyValueSpecification","valueRequired":true,"valueName":"search_term_string"}}],"inLanguage":"pt-BR"},{"@type":"Person","@id":"https:\/\/nk7-testes.com.br\/agazeta\/#\/schema\/person\/6d6e25cb0435eb4a02fd44d30b4e3020","name":"Agazeta.Net","url":"https:\/\/nk7-testes.com.br\/agazeta\/author\/agazeta\/"}]}},"_links":{"self":[{"href":"https:\/\/nk7-testes.com.br\/agazeta\/wp-json\/wp\/v2\/posts\/19463","targetHints":{"allow":["GET"]}}],"collection":[{"href":"https:\/\/nk7-testes.com.br\/agazeta\/wp-json\/wp\/v2\/posts"}],"about":[{"href":"https:\/\/nk7-testes.com.br\/agazeta\/wp-json\/wp\/v2\/types\/post"}],"author":[{"embeddable":true,"href":"https:\/\/nk7-testes.com.br\/agazeta\/wp-json\/wp\/v2\/users\/4"}],"replies":[{"embeddable":true,"href":"https:\/\/nk7-testes.com.br\/agazeta\/wp-json\/wp\/v2\/comments?post=19463"}],"version-history":[{"count":0,"href":"https:\/\/nk7-testes.com.br\/agazeta\/wp-json\/wp\/v2\/posts\/19463\/revisions"}],"wp:featuredmedia":[{"embeddable":true,"href":"https:\/\/nk7-testes.com.br\/agazeta\/wp-json\/wp\/v2\/media\/19462"}],"wp:attachment":[{"href":"https:\/\/nk7-testes.com.br\/agazeta\/wp-json\/wp\/v2\/media?parent=19463"}],"wp:term":[{"taxonomy":"category","embeddable":true,"href":"https:\/\/nk7-testes.com.br\/agazeta\/wp-json\/wp\/v2\/categories?post=19463"},{"taxonomy":"post_tag","embeddable":true,"href":"https:\/\/nk7-testes.com.br\/agazeta\/wp-json\/wp\/v2\/tags?post=19463"}],"curies":[{"name":"wp","href":"https:\/\/api.w.org\/{rel}","templated":true}]}}