{"id":19444,"date":"2015-11-05T18:26:24","date_gmt":"2015-11-05T18:26:24","guid":{"rendered":"https:\/\/abarevegan.com.br\/index.php\/2015\/11\/05\/marcelo-bimbi-enfrenta-sua-primeira-roca-na-fazenda\/"},"modified":"2015-11-05T18:26:24","modified_gmt":"2015-11-05T18:26:24","slug":"marcelo-bimbi-enfrenta-sua-primeira-roca-na-fazenda","status":"publish","type":"post","link":"https:\/\/nk7-testes.com.br\/agazeta\/marcelo-bimbi-enfrenta-sua-primeira-roca-na-fazenda\/","title":{"rendered":"Marcelo Bimbi enfrenta sua primeira ro\u00e7a na Fazenda"},"content":{"rendered":"<p style=\"text-align: justify;\"><span style=\"font-size: 13.2px; line-height: 1.6;\">Votos do p\u00fablico definem sua perman\u00eancia no jogo<\/span><\/p>\n<p style=\"text-align: justify;\">O Acriano Marcelo Bimbi est\u00e1 pela primeira vez na \u201cRo\u00e7a\u201d. Participante da Fazenda 8, Bimbi enfrentou JP e Li Martins na prova do fazendeiro que garante a um participante uma semana a mais no jogo.<\/p>\n<p style=\"text-align: justify;\">JP ganhou a prova do fazendeiro e agora Marcelo e Li disputam a prefer\u00eancia do p\u00fablico. Os votos podem ser feitos atrav\u00e9s do portal R7.com, pelo aplicativo da fazenda ou enviando uma mensagem com o n\u00famero 1 para Li ficar ou o n\u00famero 2 para que Marcelo permane\u00e7a na disputa dos R$2 milh\u00f5es.<\/p>\n","protected":false},"excerpt":{"rendered":"<p style=\"text-align: justify;\"><span style=\"font-size: 13.2px; line-height: 1.6;\">Votos do p\u00fablico definem sua perman\u00eancia no jogo<\/span><\/p>\n","protected":false},"author":4,"featured_media":19443,"comment_status":"open","ping_status":"open","sticky":false,"template":"","format":"standard","meta":{"jnews-multi-image_gallery":[],"jnews_single_post":[],"jnews_primary_category":[],"jnews_social_meta":[],"jnews_review":[],"enable_review":"","type":"","name":"","summary":"","brand":"","sku":"","good":[],"bad":[],"score_override":"","override_value":"","rating":[],"price":[],"footnotes":""},"categories":[54],"tags":[],"class_list":["post-19444","post","type-post","status-publish","format-standard","has-post-thumbnail","hentry","category-cotidiano"],"yoast_head":"<!-- This site is optimized with the Yoast SEO plugin v26.5 - https:\/\/yoast.com\/wordpress\/plugins\/seo\/ -->\n<title>Marcelo Bimbi enfrenta sua primeira ro\u00e7a na Fazenda - Agazeta.net<\/title>\n<meta name=\"robots\" content=\"index, follow, max-snippet:-1, max-image-preview:large, max-video-preview:-1\" \/>\n<link rel=\"canonical\" href=\"https:\/\/nk7-testes.com.br\/agazeta\/marcelo-bimbi-enfrenta-sua-primeira-roca-na-fazenda\/\" \/>\n<meta property=\"og:locale\" content=\"pt_BR\" \/>\n<meta property=\"og:type\" content=\"article\" \/>\n<meta property=\"og:title\" content=\"Marcelo Bimbi enfrenta sua primeira ro\u00e7a na Fazenda - Agazeta.net\" \/>\n<meta property=\"og:description\" content=\"Votos do p\u00fablico definem sua perman\u00eancia no jogo\" \/>\n<meta property=\"og:url\" content=\"https:\/\/nk7-testes.com.br\/agazeta\/marcelo-bimbi-enfrenta-sua-primeira-roca-na-fazenda\/\" \/>\n<meta property=\"og:site_name\" content=\"Agazeta.net\" \/>\n<meta property=\"article:published_time\" content=\"2015-11-05T18:26:24+00:00\" \/>\n<meta property=\"og:image\" content=\"https:\/\/nk7-testes.com.br\/agazeta\/wp-content\/uploads\/2015\/11\/051115-cotidiano-afazenda.jpg\" \/>\n\t<meta property=\"og:image:width\" content=\"458\" \/>\n\t<meta property=\"og:image:height\" content=\"340\" \/>\n\t<meta property=\"og:image:type\" content=\"image\/jpeg\" \/>\n<meta name=\"author\" content=\"Agazeta.Net\" \/>\n<meta name=\"twitter:card\" content=\"summary_large_image\" \/>\n<meta name=\"twitter:label1\" content=\"Escrito por\" \/>\n\t<meta name=\"twitter:data1\" content=\"Agazeta.Net\" \/>\n\t<meta name=\"twitter:label2\" content=\"Est. tempo de leitura\" \/>\n\t<meta name=\"twitter:data2\" content=\"1 minuto\" \/>\n<script type=\"application\/ld+json\" class=\"yoast-schema-graph\">{\"@context\":\"https:\/\/schema.org\",\"@graph\":[{\"@type\":\"WebPage\",\"@id\":\"https:\/\/nk7-testes.com.br\/agazeta\/marcelo-bimbi-enfrenta-sua-primeira-roca-na-fazenda\/\",\"url\":\"https:\/\/nk7-testes.com.br\/agazeta\/marcelo-bimbi-enfrenta-sua-primeira-roca-na-fazenda\/\",\"name\":\"Marcelo Bimbi enfrenta sua primeira ro\u00e7a na Fazenda - Agazeta.net\",\"isPartOf\":{\"@id\":\"https:\/\/nk7-testes.com.br\/agazeta\/#website\"},\"primaryImageOfPage\":{\"@id\":\"https:\/\/nk7-testes.com.br\/agazeta\/marcelo-bimbi-enfrenta-sua-primeira-roca-na-fazenda\/#primaryimage\"},\"image\":{\"@id\":\"https:\/\/nk7-testes.com.br\/agazeta\/marcelo-bimbi-enfrenta-sua-primeira-roca-na-fazenda\/#primaryimage\"},\"thumbnailUrl\":\"https:\/\/nk7-testes.com.br\/agazeta\/wp-content\/uploads\/2015\/11\/051115-cotidiano-afazenda.jpg\",\"datePublished\":\"2015-11-05T18:26:24+00:00\",\"author\":{\"@id\":\"https:\/\/nk7-testes.com.br\/agazeta\/#\/schema\/person\/6d6e25cb0435eb4a02fd44d30b4e3020\"},\"breadcrumb\":{\"@id\":\"https:\/\/nk7-testes.com.br\/agazeta\/marcelo-bimbi-enfrenta-sua-primeira-roca-na-fazenda\/#breadcrumb\"},\"inLanguage\":\"pt-BR\",\"potentialAction\":[{\"@type\":\"ReadAction\",\"target\":[\"https:\/\/nk7-testes.com.br\/agazeta\/marcelo-bimbi-enfrenta-sua-primeira-roca-na-fazenda\/\"]}]},{\"@type\":\"ImageObject\",\"inLanguage\":\"pt-BR\",\"@id\":\"https:\/\/nk7-testes.com.br\/agazeta\/marcelo-bimbi-enfrenta-sua-primeira-roca-na-fazenda\/#primaryimage\",\"url\":\"https:\/\/nk7-testes.com.br\/agazeta\/wp-content\/uploads\/2015\/11\/051115-cotidiano-afazenda.jpg\",\"contentUrl\":\"https:\/\/nk7-testes.com.br\/agazeta\/wp-content\/uploads\/2015\/11\/051115-cotidiano-afazenda.jpg\",\"width\":458,\"height\":340,\"caption\":\"051115-cotidiano-afazenda\"},{\"@type\":\"BreadcrumbList\",\"@id\":\"https:\/\/nk7-testes.com.br\/agazeta\/marcelo-bimbi-enfrenta-sua-primeira-roca-na-fazenda\/#breadcrumb\",\"itemListElement\":[{\"@type\":\"ListItem\",\"position\":1,\"name\":\"In\u00edcio\",\"item\":\"https:\/\/nk7-testes.com.br\/agazeta\/\"},{\"@type\":\"ListItem\",\"position\":2,\"name\":\"Marcelo Bimbi enfrenta sua primeira ro\u00e7a na Fazenda\"}]},{\"@type\":\"WebSite\",\"@id\":\"https:\/\/nk7-testes.com.br\/agazeta\/#website\",\"url\":\"https:\/\/nk7-testes.com.br\/agazeta\/\",\"name\":\"Agazeta.net\",\"description\":\"Agazeta.net - Not\u00edcias de Rio Branco\/AC\",\"potentialAction\":[{\"@type\":\"SearchAction\",\"target\":{\"@type\":\"EntryPoint\",\"urlTemplate\":\"https:\/\/nk7-testes.com.br\/agazeta\/?s={search_term_string}\"},\"query-input\":{\"@type\":\"PropertyValueSpecification\",\"valueRequired\":true,\"valueName\":\"search_term_string\"}}],\"inLanguage\":\"pt-BR\"},{\"@type\":\"Person\",\"@id\":\"https:\/\/nk7-testes.com.br\/agazeta\/#\/schema\/person\/6d6e25cb0435eb4a02fd44d30b4e3020\",\"name\":\"Agazeta.Net\",\"url\":\"https:\/\/nk7-testes.com.br\/agazeta\/author\/agazeta\/\"}]}<\/script>\n<!-- \/ Yoast SEO plugin. -->","yoast_head_json":{"title":"Marcelo Bimbi enfrenta sua primeira ro\u00e7a na Fazenda - Agazeta.net","robots":{"index":"index","follow":"follow","max-snippet":"max-snippet:-1","max-image-preview":"max-image-preview:large","max-video-preview":"max-video-preview:-1"},"canonical":"https:\/\/nk7-testes.com.br\/agazeta\/marcelo-bimbi-enfrenta-sua-primeira-roca-na-fazenda\/","og_locale":"pt_BR","og_type":"article","og_title":"Marcelo Bimbi enfrenta sua primeira ro\u00e7a na Fazenda - Agazeta.net","og_description":"Votos do p\u00fablico definem sua perman\u00eancia no jogo","og_url":"https:\/\/nk7-testes.com.br\/agazeta\/marcelo-bimbi-enfrenta-sua-primeira-roca-na-fazenda\/","og_site_name":"Agazeta.net","article_published_time":"2015-11-05T18:26:24+00:00","og_image":[{"width":458,"height":340,"url":"https:\/\/nk7-testes.com.br\/agazeta\/wp-content\/uploads\/2015\/11\/051115-cotidiano-afazenda.jpg","type":"image\/jpeg"}],"author":"Agazeta.Net","twitter_card":"summary_large_image","twitter_misc":{"Escrito por":"Agazeta.Net","Est. tempo de leitura":"1 minuto"},"schema":{"@context":"https:\/\/schema.org","@graph":[{"@type":"WebPage","@id":"https:\/\/nk7-testes.com.br\/agazeta\/marcelo-bimbi-enfrenta-sua-primeira-roca-na-fazenda\/","url":"https:\/\/nk7-testes.com.br\/agazeta\/marcelo-bimbi-enfrenta-sua-primeira-roca-na-fazenda\/","name":"Marcelo Bimbi enfrenta sua primeira ro\u00e7a na Fazenda - Agazeta.net","isPartOf":{"@id":"https:\/\/nk7-testes.com.br\/agazeta\/#website"},"primaryImageOfPage":{"@id":"https:\/\/nk7-testes.com.br\/agazeta\/marcelo-bimbi-enfrenta-sua-primeira-roca-na-fazenda\/#primaryimage"},"image":{"@id":"https:\/\/nk7-testes.com.br\/agazeta\/marcelo-bimbi-enfrenta-sua-primeira-roca-na-fazenda\/#primaryimage"},"thumbnailUrl":"https:\/\/nk7-testes.com.br\/agazeta\/wp-content\/uploads\/2015\/11\/051115-cotidiano-afazenda.jpg","datePublished":"2015-11-05T18:26:24+00:00","author":{"@id":"https:\/\/nk7-testes.com.br\/agazeta\/#\/schema\/person\/6d6e25cb0435eb4a02fd44d30b4e3020"},"breadcrumb":{"@id":"https:\/\/nk7-testes.com.br\/agazeta\/marcelo-bimbi-enfrenta-sua-primeira-roca-na-fazenda\/#breadcrumb"},"inLanguage":"pt-BR","potentialAction":[{"@type":"ReadAction","target":["https:\/\/nk7-testes.com.br\/agazeta\/marcelo-bimbi-enfrenta-sua-primeira-roca-na-fazenda\/"]}]},{"@type":"ImageObject","inLanguage":"pt-BR","@id":"https:\/\/nk7-testes.com.br\/agazeta\/marcelo-bimbi-enfrenta-sua-primeira-roca-na-fazenda\/#primaryimage","url":"https:\/\/nk7-testes.com.br\/agazeta\/wp-content\/uploads\/2015\/11\/051115-cotidiano-afazenda.jpg","contentUrl":"https:\/\/nk7-testes.com.br\/agazeta\/wp-content\/uploads\/2015\/11\/051115-cotidiano-afazenda.jpg","width":458,"height":340,"caption":"051115-cotidiano-afazenda"},{"@type":"BreadcrumbList","@id":"https:\/\/nk7-testes.com.br\/agazeta\/marcelo-bimbi-enfrenta-sua-primeira-roca-na-fazenda\/#breadcrumb","itemListElement":[{"@type":"ListItem","position":1,"name":"In\u00edcio","item":"https:\/\/nk7-testes.com.br\/agazeta\/"},{"@type":"ListItem","position":2,"name":"Marcelo Bimbi enfrenta sua primeira ro\u00e7a na Fazenda"}]},{"@type":"WebSite","@id":"https:\/\/nk7-testes.com.br\/agazeta\/#website","url":"https:\/\/nk7-testes.com.br\/agazeta\/","name":"Agazeta.net","description":"Agazeta.net - Not\u00edcias de Rio Branco\/AC","potentialAction":[{"@type":"SearchAction","target":{"@type":"EntryPoint","urlTemplate":"https:\/\/nk7-testes.com.br\/agazeta\/?s={search_term_string}"},"query-input":{"@type":"PropertyValueSpecification","valueRequired":true,"valueName":"search_term_string"}}],"inLanguage":"pt-BR"},{"@type":"Person","@id":"https:\/\/nk7-testes.com.br\/agazeta\/#\/schema\/person\/6d6e25cb0435eb4a02fd44d30b4e3020","name":"Agazeta.Net","url":"https:\/\/nk7-testes.com.br\/agazeta\/author\/agazeta\/"}]}},"_links":{"self":[{"href":"https:\/\/nk7-testes.com.br\/agazeta\/wp-json\/wp\/v2\/posts\/19444","targetHints":{"allow":["GET"]}}],"collection":[{"href":"https:\/\/nk7-testes.com.br\/agazeta\/wp-json\/wp\/v2\/posts"}],"about":[{"href":"https:\/\/nk7-testes.com.br\/agazeta\/wp-json\/wp\/v2\/types\/post"}],"author":[{"embeddable":true,"href":"https:\/\/nk7-testes.com.br\/agazeta\/wp-json\/wp\/v2\/users\/4"}],"replies":[{"embeddable":true,"href":"https:\/\/nk7-testes.com.br\/agazeta\/wp-json\/wp\/v2\/comments?post=19444"}],"version-history":[{"count":0,"href":"https:\/\/nk7-testes.com.br\/agazeta\/wp-json\/wp\/v2\/posts\/19444\/revisions"}],"wp:featuredmedia":[{"embeddable":true,"href":"https:\/\/nk7-testes.com.br\/agazeta\/wp-json\/wp\/v2\/media\/19443"}],"wp:attachment":[{"href":"https:\/\/nk7-testes.com.br\/agazeta\/wp-json\/wp\/v2\/media?parent=19444"}],"wp:term":[{"taxonomy":"category","embeddable":true,"href":"https:\/\/nk7-testes.com.br\/agazeta\/wp-json\/wp\/v2\/categories?post=19444"},{"taxonomy":"post_tag","embeddable":true,"href":"https:\/\/nk7-testes.com.br\/agazeta\/wp-json\/wp\/v2\/tags?post=19444"}],"curies":[{"name":"wp","href":"https:\/\/api.w.org\/{rel}","templated":true}]}}