{"id":19382,"date":"2015-11-03T16:27:58","date_gmt":"2015-11-03T16:27:58","guid":{"rendered":"https:\/\/abarevegan.com.br\/index.php\/2015\/11\/03\/aneel-confirma-bandeira-vermelha-para-novembro\/"},"modified":"2015-11-03T16:27:58","modified_gmt":"2015-11-03T16:27:58","slug":"aneel-confirma-bandeira-vermelha-para-novembro","status":"publish","type":"post","link":"https:\/\/nk7-testes.com.br\/agazeta\/aneel-confirma-bandeira-vermelha-para-novembro\/","title":{"rendered":"Aneel confirma bandeira vermelha para novembro"},"content":{"rendered":"<p style=\"text-align: justify;\">Energia continua pesando no bolso do consumidor<\/p>\n<p style=\"text-align: justify;\">O pre\u00e7o da energia el\u00e9trica vai continuar pesando muito no bolso do consumidor. A Ag\u00eancia Nacional de Energia El\u00e9trica divulgou hoje (3) que a \u201cbandeira tarif\u00e1ria\u201d vai continuar com a cor vermelha. A cor significa, na pr\u00e1tica, pre\u00e7o mais caro a ser pago.<\/p>\n<p style=\"text-align: justify;\">De acordo com o texto da Aneel, isso \u201csignifica um acr\u00e9scimo de R$ 4,50 a cada 100 quilowatts-hora (kWh) consumidos\u201d.<\/p>\n<p style=\"text-align: justify;\">De acordo com a ag\u00eancia, \u201co valor da bandeira vermelha foi reduzido em 28\/8\/15 em Reuni\u00e3o P\u00fablica Extraordin\u00e1ria da Diretoria da ANEEL\u201d.<\/p>\n<p style=\"text-align: justify;\">As cores indicam:<\/p>\n<p style=\"text-align: justify;\">\u2022 Bandeira verde: condi\u00e7\u00f5es favor\u00e1veis de gera\u00e7\u00e3o de energia. A tarifa n\u00e3o sofre nenhum acr\u00e9scimo;<\/p>\n<p style=\"text-align: justify;\">\u2022 Bandeira amarela: condi\u00e7\u00f5es de gera\u00e7\u00e3o menos favor\u00e1veis. A tarifa sofre acr\u00e9scimo de R$ 2,50 para cada 100 quilowatts-hora consumidos;<\/p>\n<p style=\"text-align: justify;\">\u2022 Bandeira vermelha: condi\u00e7\u00f5es mais custosas de gera\u00e7\u00e3o. A tarifa sobre acr\u00e9scimo de R$ 4,50 para cada 100 kWh consumidos.<\/p>\n","protected":false},"excerpt":{"rendered":"<p style=\"text-align: justify;\">Energia continua pesando no bolso do consumidor<\/p>\n","protected":false},"author":4,"featured_media":12210,"comment_status":"open","ping_status":"open","sticky":false,"template":"","format":"standard","meta":{"jnews-multi-image_gallery":[],"jnews_single_post":[],"jnews_primary_category":[],"jnews_social_meta":[],"jnews_review":[],"enable_review":"","type":"","name":"","summary":"","brand":"","sku":"","good":[],"bad":[],"score_override":"","override_value":"","rating":[],"price":[],"footnotes":""},"categories":[54],"tags":[],"class_list":["post-19382","post","type-post","status-publish","format-standard","has-post-thumbnail","hentry","category-cotidiano"],"yoast_head":"<!-- This site is optimized with the Yoast SEO plugin v26.5 - https:\/\/yoast.com\/wordpress\/plugins\/seo\/ -->\n<title>Aneel confirma bandeira vermelha para novembro - Agazeta.net<\/title>\n<meta name=\"robots\" content=\"index, follow, max-snippet:-1, max-image-preview:large, max-video-preview:-1\" \/>\n<link rel=\"canonical\" href=\"https:\/\/nk7-testes.com.br\/agazeta\/aneel-confirma-bandeira-vermelha-para-novembro\/\" \/>\n<meta property=\"og:locale\" content=\"pt_BR\" \/>\n<meta property=\"og:type\" content=\"article\" \/>\n<meta property=\"og:title\" content=\"Aneel confirma bandeira vermelha para novembro - Agazeta.net\" \/>\n<meta property=\"og:description\" content=\"Energia continua pesando no bolso do consumidor\" \/>\n<meta property=\"og:url\" content=\"https:\/\/nk7-testes.com.br\/agazeta\/aneel-confirma-bandeira-vermelha-para-novembro\/\" \/>\n<meta property=\"og:site_name\" content=\"Agazeta.net\" \/>\n<meta property=\"article:published_time\" content=\"2015-11-03T16:27:58+00:00\" \/>\n<meta property=\"og:image\" content=\"https:\/\/nk7-testes.com.br\/agazeta\/wp-content\/uploads\/2014\/12\/2212-cotidiano-energiaeletrica-ambienteenergia.jpg\" \/>\n\t<meta property=\"og:image:width\" content=\"458\" \/>\n\t<meta property=\"og:image:height\" content=\"340\" \/>\n\t<meta property=\"og:image:type\" content=\"image\/jpeg\" \/>\n<meta name=\"author\" content=\"Agazeta.Net\" \/>\n<meta name=\"twitter:card\" content=\"summary_large_image\" \/>\n<meta name=\"twitter:label1\" content=\"Escrito por\" \/>\n\t<meta name=\"twitter:data1\" content=\"Agazeta.Net\" \/>\n\t<meta name=\"twitter:label2\" content=\"Est. tempo de leitura\" \/>\n\t<meta name=\"twitter:data2\" content=\"1 minuto\" \/>\n<script type=\"application\/ld+json\" class=\"yoast-schema-graph\">{\"@context\":\"https:\/\/schema.org\",\"@graph\":[{\"@type\":\"WebPage\",\"@id\":\"https:\/\/nk7-testes.com.br\/agazeta\/aneel-confirma-bandeira-vermelha-para-novembro\/\",\"url\":\"https:\/\/nk7-testes.com.br\/agazeta\/aneel-confirma-bandeira-vermelha-para-novembro\/\",\"name\":\"Aneel confirma bandeira vermelha para novembro - Agazeta.net\",\"isPartOf\":{\"@id\":\"https:\/\/nk7-testes.com.br\/agazeta\/#website\"},\"primaryImageOfPage\":{\"@id\":\"https:\/\/nk7-testes.com.br\/agazeta\/aneel-confirma-bandeira-vermelha-para-novembro\/#primaryimage\"},\"image\":{\"@id\":\"https:\/\/nk7-testes.com.br\/agazeta\/aneel-confirma-bandeira-vermelha-para-novembro\/#primaryimage\"},\"thumbnailUrl\":\"https:\/\/nk7-testes.com.br\/agazeta\/wp-content\/uploads\/2014\/12\/2212-cotidiano-energiaeletrica-ambienteenergia.jpg\",\"datePublished\":\"2015-11-03T16:27:58+00:00\",\"author\":{\"@id\":\"https:\/\/nk7-testes.com.br\/agazeta\/#\/schema\/person\/6d6e25cb0435eb4a02fd44d30b4e3020\"},\"breadcrumb\":{\"@id\":\"https:\/\/nk7-testes.com.br\/agazeta\/aneel-confirma-bandeira-vermelha-para-novembro\/#breadcrumb\"},\"inLanguage\":\"pt-BR\",\"potentialAction\":[{\"@type\":\"ReadAction\",\"target\":[\"https:\/\/nk7-testes.com.br\/agazeta\/aneel-confirma-bandeira-vermelha-para-novembro\/\"]}]},{\"@type\":\"ImageObject\",\"inLanguage\":\"pt-BR\",\"@id\":\"https:\/\/nk7-testes.com.br\/agazeta\/aneel-confirma-bandeira-vermelha-para-novembro\/#primaryimage\",\"url\":\"https:\/\/nk7-testes.com.br\/agazeta\/wp-content\/uploads\/2014\/12\/2212-cotidiano-energiaeletrica-ambienteenergia.jpg\",\"contentUrl\":\"https:\/\/nk7-testes.com.br\/agazeta\/wp-content\/uploads\/2014\/12\/2212-cotidiano-energiaeletrica-ambienteenergia.jpg\",\"width\":458,\"height\":340,\"caption\":\"2212-cotidiano-energiaeletrica-ambienteenergia\"},{\"@type\":\"BreadcrumbList\",\"@id\":\"https:\/\/nk7-testes.com.br\/agazeta\/aneel-confirma-bandeira-vermelha-para-novembro\/#breadcrumb\",\"itemListElement\":[{\"@type\":\"ListItem\",\"position\":1,\"name\":\"In\u00edcio\",\"item\":\"https:\/\/nk7-testes.com.br\/agazeta\/\"},{\"@type\":\"ListItem\",\"position\":2,\"name\":\"Aneel confirma bandeira vermelha para novembro\"}]},{\"@type\":\"WebSite\",\"@id\":\"https:\/\/nk7-testes.com.br\/agazeta\/#website\",\"url\":\"https:\/\/nk7-testes.com.br\/agazeta\/\",\"name\":\"Agazeta.net\",\"description\":\"Agazeta.net - Not\u00edcias de Rio Branco\/AC\",\"potentialAction\":[{\"@type\":\"SearchAction\",\"target\":{\"@type\":\"EntryPoint\",\"urlTemplate\":\"https:\/\/nk7-testes.com.br\/agazeta\/?s={search_term_string}\"},\"query-input\":{\"@type\":\"PropertyValueSpecification\",\"valueRequired\":true,\"valueName\":\"search_term_string\"}}],\"inLanguage\":\"pt-BR\"},{\"@type\":\"Person\",\"@id\":\"https:\/\/nk7-testes.com.br\/agazeta\/#\/schema\/person\/6d6e25cb0435eb4a02fd44d30b4e3020\",\"name\":\"Agazeta.Net\",\"url\":\"https:\/\/nk7-testes.com.br\/agazeta\/author\/agazeta\/\"}]}<\/script>\n<!-- \/ Yoast SEO plugin. -->","yoast_head_json":{"title":"Aneel confirma bandeira vermelha para novembro - Agazeta.net","robots":{"index":"index","follow":"follow","max-snippet":"max-snippet:-1","max-image-preview":"max-image-preview:large","max-video-preview":"max-video-preview:-1"},"canonical":"https:\/\/nk7-testes.com.br\/agazeta\/aneel-confirma-bandeira-vermelha-para-novembro\/","og_locale":"pt_BR","og_type":"article","og_title":"Aneel confirma bandeira vermelha para novembro - Agazeta.net","og_description":"Energia continua pesando no bolso do consumidor","og_url":"https:\/\/nk7-testes.com.br\/agazeta\/aneel-confirma-bandeira-vermelha-para-novembro\/","og_site_name":"Agazeta.net","article_published_time":"2015-11-03T16:27:58+00:00","og_image":[{"width":458,"height":340,"url":"https:\/\/nk7-testes.com.br\/agazeta\/wp-content\/uploads\/2014\/12\/2212-cotidiano-energiaeletrica-ambienteenergia.jpg","type":"image\/jpeg"}],"author":"Agazeta.Net","twitter_card":"summary_large_image","twitter_misc":{"Escrito por":"Agazeta.Net","Est. tempo de leitura":"1 minuto"},"schema":{"@context":"https:\/\/schema.org","@graph":[{"@type":"WebPage","@id":"https:\/\/nk7-testes.com.br\/agazeta\/aneel-confirma-bandeira-vermelha-para-novembro\/","url":"https:\/\/nk7-testes.com.br\/agazeta\/aneel-confirma-bandeira-vermelha-para-novembro\/","name":"Aneel confirma bandeira vermelha para novembro - Agazeta.net","isPartOf":{"@id":"https:\/\/nk7-testes.com.br\/agazeta\/#website"},"primaryImageOfPage":{"@id":"https:\/\/nk7-testes.com.br\/agazeta\/aneel-confirma-bandeira-vermelha-para-novembro\/#primaryimage"},"image":{"@id":"https:\/\/nk7-testes.com.br\/agazeta\/aneel-confirma-bandeira-vermelha-para-novembro\/#primaryimage"},"thumbnailUrl":"https:\/\/nk7-testes.com.br\/agazeta\/wp-content\/uploads\/2014\/12\/2212-cotidiano-energiaeletrica-ambienteenergia.jpg","datePublished":"2015-11-03T16:27:58+00:00","author":{"@id":"https:\/\/nk7-testes.com.br\/agazeta\/#\/schema\/person\/6d6e25cb0435eb4a02fd44d30b4e3020"},"breadcrumb":{"@id":"https:\/\/nk7-testes.com.br\/agazeta\/aneel-confirma-bandeira-vermelha-para-novembro\/#breadcrumb"},"inLanguage":"pt-BR","potentialAction":[{"@type":"ReadAction","target":["https:\/\/nk7-testes.com.br\/agazeta\/aneel-confirma-bandeira-vermelha-para-novembro\/"]}]},{"@type":"ImageObject","inLanguage":"pt-BR","@id":"https:\/\/nk7-testes.com.br\/agazeta\/aneel-confirma-bandeira-vermelha-para-novembro\/#primaryimage","url":"https:\/\/nk7-testes.com.br\/agazeta\/wp-content\/uploads\/2014\/12\/2212-cotidiano-energiaeletrica-ambienteenergia.jpg","contentUrl":"https:\/\/nk7-testes.com.br\/agazeta\/wp-content\/uploads\/2014\/12\/2212-cotidiano-energiaeletrica-ambienteenergia.jpg","width":458,"height":340,"caption":"2212-cotidiano-energiaeletrica-ambienteenergia"},{"@type":"BreadcrumbList","@id":"https:\/\/nk7-testes.com.br\/agazeta\/aneel-confirma-bandeira-vermelha-para-novembro\/#breadcrumb","itemListElement":[{"@type":"ListItem","position":1,"name":"In\u00edcio","item":"https:\/\/nk7-testes.com.br\/agazeta\/"},{"@type":"ListItem","position":2,"name":"Aneel confirma bandeira vermelha para novembro"}]},{"@type":"WebSite","@id":"https:\/\/nk7-testes.com.br\/agazeta\/#website","url":"https:\/\/nk7-testes.com.br\/agazeta\/","name":"Agazeta.net","description":"Agazeta.net - Not\u00edcias de Rio Branco\/AC","potentialAction":[{"@type":"SearchAction","target":{"@type":"EntryPoint","urlTemplate":"https:\/\/nk7-testes.com.br\/agazeta\/?s={search_term_string}"},"query-input":{"@type":"PropertyValueSpecification","valueRequired":true,"valueName":"search_term_string"}}],"inLanguage":"pt-BR"},{"@type":"Person","@id":"https:\/\/nk7-testes.com.br\/agazeta\/#\/schema\/person\/6d6e25cb0435eb4a02fd44d30b4e3020","name":"Agazeta.Net","url":"https:\/\/nk7-testes.com.br\/agazeta\/author\/agazeta\/"}]}},"_links":{"self":[{"href":"https:\/\/nk7-testes.com.br\/agazeta\/wp-json\/wp\/v2\/posts\/19382","targetHints":{"allow":["GET"]}}],"collection":[{"href":"https:\/\/nk7-testes.com.br\/agazeta\/wp-json\/wp\/v2\/posts"}],"about":[{"href":"https:\/\/nk7-testes.com.br\/agazeta\/wp-json\/wp\/v2\/types\/post"}],"author":[{"embeddable":true,"href":"https:\/\/nk7-testes.com.br\/agazeta\/wp-json\/wp\/v2\/users\/4"}],"replies":[{"embeddable":true,"href":"https:\/\/nk7-testes.com.br\/agazeta\/wp-json\/wp\/v2\/comments?post=19382"}],"version-history":[{"count":0,"href":"https:\/\/nk7-testes.com.br\/agazeta\/wp-json\/wp\/v2\/posts\/19382\/revisions"}],"wp:featuredmedia":[{"embeddable":true,"href":"https:\/\/nk7-testes.com.br\/agazeta\/wp-json\/wp\/v2\/media\/12210"}],"wp:attachment":[{"href":"https:\/\/nk7-testes.com.br\/agazeta\/wp-json\/wp\/v2\/media?parent=19382"}],"wp:term":[{"taxonomy":"category","embeddable":true,"href":"https:\/\/nk7-testes.com.br\/agazeta\/wp-json\/wp\/v2\/categories?post=19382"},{"taxonomy":"post_tag","embeddable":true,"href":"https:\/\/nk7-testes.com.br\/agazeta\/wp-json\/wp\/v2\/tags?post=19382"}],"curies":[{"name":"wp","href":"https:\/\/api.w.org\/{rel}","templated":true}]}}