{"id":19352,"date":"2015-10-30T21:14:41","date_gmt":"2015-10-30T21:14:41","guid":{"rendered":"https:\/\/abarevegan.com.br\/index.php\/2015\/10\/30\/familiares-se-antecipam-e-vao-a-cemiterios-antes-do-dia-de-finados\/"},"modified":"2015-10-30T21:14:41","modified_gmt":"2015-10-30T21:14:41","slug":"familiares-se-antecipam-e-vao-a-cemiterios-antes-do-dia-de-finados","status":"publish","type":"post","link":"https:\/\/nk7-testes.com.br\/agazeta\/familiares-se-antecipam-e-vao-a-cemiterios-antes-do-dia-de-finados\/","title":{"rendered":"Familiares se antecipam e v\u00e3o a cemit\u00e9rios antes do Dia de Finados"},"content":{"rendered":"<p style=\"text-align: justify;\">Inten\u00e7\u00e3o \u00e9 deixar tudo pronto para data<\/p>\n<p style=\"text-align: justify;\">Esta sexta-feira (30) foi um dia de correria nos cemit\u00e9rios de Rio Branco. As fam\u00edlias foram realizar a limpeza dos jazigos, t\u00famulos e capelas para o dia de finados, lembrado na pr\u00f3xima segunda-feira (2).<\/p>\n<p style=\"text-align: justify;\">Hoje a aposentada Maria Brasil acordou cedo para ir cuidar da capela onde est\u00e3o sepultados alguns familiares. \u201cEu n\u00e3o vou deixar abandonado, eu tenho que limpar porque sen\u00e3o fica abandonado\u201d.<\/p>\n<p style=\"text-align: justify;\">A funcion\u00e1ria p\u00fablica Joia Silva tamb\u00e9m se adiantou nos servi\u00e7os e foi nesta sexta limpar os t\u00famulos de seus familiares. \u201cA gente vem antes pra n\u00e3o fazer os servi\u00e7os em cima da hora e aqui t\u00e1 todo mundo trabalhando, t\u00e1 muito bonito\u201d.<\/p>\n<p style=\"text-align: justify;\">A expectativa de p\u00fablico para o Dia de Finados no cemit\u00e9rio S\u00e3o Jo\u00e3o Batista \u00e9 de aproximadamente 10 mil pessoas. \u00c9 o maior cemit\u00e9rio da Capital. A Secretaria Municipal de Servi\u00e7os Urbanos (Semsur) j\u00e1 terminou os trabalhos de manuten\u00e7\u00e3o dos quatro cemit\u00e9rios administrados pela prefeitura.<\/p>\n<p style=\"text-align: justify;\">\u201cN\u00f3s passamos a semana toda na limpeza com o pessoal da Semsur e hoje est\u00e3o comparecendo aos cemit\u00e9rios os familiares que est\u00e3o fazendo a limpeza do seu jazigo, seus t\u00famulos e tamb\u00e9m a pintura, at\u00e9 porque as constru\u00e7\u00f5es foram encerradas no dia 27,\u201d explicou.<\/p>\n<p style=\"text-align: justify;\">Durante todo o Dia de Finados, a prefeitura vai espalhar equipes da Semsur para auxiliar as pessoas que visitarem os cemit\u00e9rios.<\/p>\n","protected":false},"excerpt":{"rendered":"<p style=\"text-align: justify;\">Inten\u00e7\u00e3o \u00e9 deixar tudo pronto para data<\/p>\n","protected":false},"author":4,"featured_media":19351,"comment_status":"open","ping_status":"open","sticky":false,"template":"","format":"standard","meta":{"jnews-multi-image_gallery":[],"jnews_single_post":[],"jnews_primary_category":[],"jnews_social_meta":[],"jnews_review":[],"enable_review":"","type":"","name":"","summary":"","brand":"","sku":"","good":[],"bad":[],"score_override":"","override_value":"","rating":[],"price":[],"footnotes":""},"categories":[54],"tags":[],"class_list":["post-19352","post","type-post","status-publish","format-standard","has-post-thumbnail","hentry","category-cotidiano"],"yoast_head":"<!-- This site is optimized with the Yoast SEO plugin v26.5 - https:\/\/yoast.com\/wordpress\/plugins\/seo\/ -->\n<title>Familiares se antecipam e v\u00e3o a cemit\u00e9rios antes do Dia de Finados - Agazeta.net<\/title>\n<meta name=\"robots\" content=\"index, follow, max-snippet:-1, max-image-preview:large, max-video-preview:-1\" \/>\n<link rel=\"canonical\" href=\"https:\/\/nk7-testes.com.br\/agazeta\/familiares-se-antecipam-e-vao-a-cemiterios-antes-do-dia-de-finados\/\" \/>\n<meta property=\"og:locale\" content=\"pt_BR\" \/>\n<meta property=\"og:type\" content=\"article\" \/>\n<meta property=\"og:title\" content=\"Familiares se antecipam e v\u00e3o a cemit\u00e9rios antes do Dia de Finados - Agazeta.net\" \/>\n<meta property=\"og:description\" content=\"Inten\u00e7\u00e3o \u00e9 deixar tudo pronto para data\" \/>\n<meta property=\"og:url\" content=\"https:\/\/nk7-testes.com.br\/agazeta\/familiares-se-antecipam-e-vao-a-cemiterios-antes-do-dia-de-finados\/\" \/>\n<meta property=\"og:site_name\" content=\"Agazeta.net\" \/>\n<meta property=\"article:published_time\" content=\"2015-10-30T21:14:41+00:00\" \/>\n<meta property=\"og:image\" content=\"https:\/\/nk7-testes.com.br\/agazeta\/wp-content\/uploads\/2015\/10\/301015-cotidiano-cemiterio-tvgazeta4.jpg\" \/>\n\t<meta property=\"og:image:width\" content=\"458\" \/>\n\t<meta property=\"og:image:height\" content=\"340\" \/>\n\t<meta property=\"og:image:type\" content=\"image\/jpeg\" \/>\n<meta name=\"author\" content=\"Agazeta.Net\" \/>\n<meta name=\"twitter:card\" content=\"summary_large_image\" \/>\n<meta name=\"twitter:label1\" content=\"Escrito por\" \/>\n\t<meta name=\"twitter:data1\" content=\"Agazeta.Net\" \/>\n\t<meta name=\"twitter:label2\" content=\"Est. tempo de leitura\" \/>\n\t<meta name=\"twitter:data2\" content=\"1 minuto\" \/>\n<script type=\"application\/ld+json\" class=\"yoast-schema-graph\">{\"@context\":\"https:\/\/schema.org\",\"@graph\":[{\"@type\":\"WebPage\",\"@id\":\"https:\/\/nk7-testes.com.br\/agazeta\/familiares-se-antecipam-e-vao-a-cemiterios-antes-do-dia-de-finados\/\",\"url\":\"https:\/\/nk7-testes.com.br\/agazeta\/familiares-se-antecipam-e-vao-a-cemiterios-antes-do-dia-de-finados\/\",\"name\":\"Familiares se antecipam e v\u00e3o a cemit\u00e9rios antes do Dia de Finados - Agazeta.net\",\"isPartOf\":{\"@id\":\"https:\/\/nk7-testes.com.br\/agazeta\/#website\"},\"primaryImageOfPage\":{\"@id\":\"https:\/\/nk7-testes.com.br\/agazeta\/familiares-se-antecipam-e-vao-a-cemiterios-antes-do-dia-de-finados\/#primaryimage\"},\"image\":{\"@id\":\"https:\/\/nk7-testes.com.br\/agazeta\/familiares-se-antecipam-e-vao-a-cemiterios-antes-do-dia-de-finados\/#primaryimage\"},\"thumbnailUrl\":\"https:\/\/nk7-testes.com.br\/agazeta\/wp-content\/uploads\/2015\/10\/301015-cotidiano-cemiterio-tvgazeta4.jpg\",\"datePublished\":\"2015-10-30T21:14:41+00:00\",\"author\":{\"@id\":\"https:\/\/nk7-testes.com.br\/agazeta\/#\/schema\/person\/6d6e25cb0435eb4a02fd44d30b4e3020\"},\"breadcrumb\":{\"@id\":\"https:\/\/nk7-testes.com.br\/agazeta\/familiares-se-antecipam-e-vao-a-cemiterios-antes-do-dia-de-finados\/#breadcrumb\"},\"inLanguage\":\"pt-BR\",\"potentialAction\":[{\"@type\":\"ReadAction\",\"target\":[\"https:\/\/nk7-testes.com.br\/agazeta\/familiares-se-antecipam-e-vao-a-cemiterios-antes-do-dia-de-finados\/\"]}]},{\"@type\":\"ImageObject\",\"inLanguage\":\"pt-BR\",\"@id\":\"https:\/\/nk7-testes.com.br\/agazeta\/familiares-se-antecipam-e-vao-a-cemiterios-antes-do-dia-de-finados\/#primaryimage\",\"url\":\"https:\/\/nk7-testes.com.br\/agazeta\/wp-content\/uploads\/2015\/10\/301015-cotidiano-cemiterio-tvgazeta4.jpg\",\"contentUrl\":\"https:\/\/nk7-testes.com.br\/agazeta\/wp-content\/uploads\/2015\/10\/301015-cotidiano-cemiterio-tvgazeta4.jpg\",\"width\":458,\"height\":340,\"caption\":\"301015-cotidiano-cemiterio-tvgazeta4\"},{\"@type\":\"BreadcrumbList\",\"@id\":\"https:\/\/nk7-testes.com.br\/agazeta\/familiares-se-antecipam-e-vao-a-cemiterios-antes-do-dia-de-finados\/#breadcrumb\",\"itemListElement\":[{\"@type\":\"ListItem\",\"position\":1,\"name\":\"In\u00edcio\",\"item\":\"https:\/\/nk7-testes.com.br\/agazeta\/\"},{\"@type\":\"ListItem\",\"position\":2,\"name\":\"Familiares se antecipam e v\u00e3o a cemit\u00e9rios antes do Dia de Finados\"}]},{\"@type\":\"WebSite\",\"@id\":\"https:\/\/nk7-testes.com.br\/agazeta\/#website\",\"url\":\"https:\/\/nk7-testes.com.br\/agazeta\/\",\"name\":\"Agazeta.net\",\"description\":\"Agazeta.net - Not\u00edcias de Rio Branco\/AC\",\"potentialAction\":[{\"@type\":\"SearchAction\",\"target\":{\"@type\":\"EntryPoint\",\"urlTemplate\":\"https:\/\/nk7-testes.com.br\/agazeta\/?s={search_term_string}\"},\"query-input\":{\"@type\":\"PropertyValueSpecification\",\"valueRequired\":true,\"valueName\":\"search_term_string\"}}],\"inLanguage\":\"pt-BR\"},{\"@type\":\"Person\",\"@id\":\"https:\/\/nk7-testes.com.br\/agazeta\/#\/schema\/person\/6d6e25cb0435eb4a02fd44d30b4e3020\",\"name\":\"Agazeta.Net\",\"url\":\"https:\/\/nk7-testes.com.br\/agazeta\/author\/agazeta\/\"}]}<\/script>\n<!-- \/ Yoast SEO plugin. -->","yoast_head_json":{"title":"Familiares se antecipam e v\u00e3o a cemit\u00e9rios antes do Dia de Finados - Agazeta.net","robots":{"index":"index","follow":"follow","max-snippet":"max-snippet:-1","max-image-preview":"max-image-preview:large","max-video-preview":"max-video-preview:-1"},"canonical":"https:\/\/nk7-testes.com.br\/agazeta\/familiares-se-antecipam-e-vao-a-cemiterios-antes-do-dia-de-finados\/","og_locale":"pt_BR","og_type":"article","og_title":"Familiares se antecipam e v\u00e3o a cemit\u00e9rios antes do Dia de Finados - Agazeta.net","og_description":"Inten\u00e7\u00e3o \u00e9 deixar tudo pronto para data","og_url":"https:\/\/nk7-testes.com.br\/agazeta\/familiares-se-antecipam-e-vao-a-cemiterios-antes-do-dia-de-finados\/","og_site_name":"Agazeta.net","article_published_time":"2015-10-30T21:14:41+00:00","og_image":[{"width":458,"height":340,"url":"https:\/\/nk7-testes.com.br\/agazeta\/wp-content\/uploads\/2015\/10\/301015-cotidiano-cemiterio-tvgazeta4.jpg","type":"image\/jpeg"}],"author":"Agazeta.Net","twitter_card":"summary_large_image","twitter_misc":{"Escrito por":"Agazeta.Net","Est. tempo de leitura":"1 minuto"},"schema":{"@context":"https:\/\/schema.org","@graph":[{"@type":"WebPage","@id":"https:\/\/nk7-testes.com.br\/agazeta\/familiares-se-antecipam-e-vao-a-cemiterios-antes-do-dia-de-finados\/","url":"https:\/\/nk7-testes.com.br\/agazeta\/familiares-se-antecipam-e-vao-a-cemiterios-antes-do-dia-de-finados\/","name":"Familiares se antecipam e v\u00e3o a cemit\u00e9rios antes do Dia de Finados - Agazeta.net","isPartOf":{"@id":"https:\/\/nk7-testes.com.br\/agazeta\/#website"},"primaryImageOfPage":{"@id":"https:\/\/nk7-testes.com.br\/agazeta\/familiares-se-antecipam-e-vao-a-cemiterios-antes-do-dia-de-finados\/#primaryimage"},"image":{"@id":"https:\/\/nk7-testes.com.br\/agazeta\/familiares-se-antecipam-e-vao-a-cemiterios-antes-do-dia-de-finados\/#primaryimage"},"thumbnailUrl":"https:\/\/nk7-testes.com.br\/agazeta\/wp-content\/uploads\/2015\/10\/301015-cotidiano-cemiterio-tvgazeta4.jpg","datePublished":"2015-10-30T21:14:41+00:00","author":{"@id":"https:\/\/nk7-testes.com.br\/agazeta\/#\/schema\/person\/6d6e25cb0435eb4a02fd44d30b4e3020"},"breadcrumb":{"@id":"https:\/\/nk7-testes.com.br\/agazeta\/familiares-se-antecipam-e-vao-a-cemiterios-antes-do-dia-de-finados\/#breadcrumb"},"inLanguage":"pt-BR","potentialAction":[{"@type":"ReadAction","target":["https:\/\/nk7-testes.com.br\/agazeta\/familiares-se-antecipam-e-vao-a-cemiterios-antes-do-dia-de-finados\/"]}]},{"@type":"ImageObject","inLanguage":"pt-BR","@id":"https:\/\/nk7-testes.com.br\/agazeta\/familiares-se-antecipam-e-vao-a-cemiterios-antes-do-dia-de-finados\/#primaryimage","url":"https:\/\/nk7-testes.com.br\/agazeta\/wp-content\/uploads\/2015\/10\/301015-cotidiano-cemiterio-tvgazeta4.jpg","contentUrl":"https:\/\/nk7-testes.com.br\/agazeta\/wp-content\/uploads\/2015\/10\/301015-cotidiano-cemiterio-tvgazeta4.jpg","width":458,"height":340,"caption":"301015-cotidiano-cemiterio-tvgazeta4"},{"@type":"BreadcrumbList","@id":"https:\/\/nk7-testes.com.br\/agazeta\/familiares-se-antecipam-e-vao-a-cemiterios-antes-do-dia-de-finados\/#breadcrumb","itemListElement":[{"@type":"ListItem","position":1,"name":"In\u00edcio","item":"https:\/\/nk7-testes.com.br\/agazeta\/"},{"@type":"ListItem","position":2,"name":"Familiares se antecipam e v\u00e3o a cemit\u00e9rios antes do Dia de Finados"}]},{"@type":"WebSite","@id":"https:\/\/nk7-testes.com.br\/agazeta\/#website","url":"https:\/\/nk7-testes.com.br\/agazeta\/","name":"Agazeta.net","description":"Agazeta.net - Not\u00edcias de Rio Branco\/AC","potentialAction":[{"@type":"SearchAction","target":{"@type":"EntryPoint","urlTemplate":"https:\/\/nk7-testes.com.br\/agazeta\/?s={search_term_string}"},"query-input":{"@type":"PropertyValueSpecification","valueRequired":true,"valueName":"search_term_string"}}],"inLanguage":"pt-BR"},{"@type":"Person","@id":"https:\/\/nk7-testes.com.br\/agazeta\/#\/schema\/person\/6d6e25cb0435eb4a02fd44d30b4e3020","name":"Agazeta.Net","url":"https:\/\/nk7-testes.com.br\/agazeta\/author\/agazeta\/"}]}},"_links":{"self":[{"href":"https:\/\/nk7-testes.com.br\/agazeta\/wp-json\/wp\/v2\/posts\/19352","targetHints":{"allow":["GET"]}}],"collection":[{"href":"https:\/\/nk7-testes.com.br\/agazeta\/wp-json\/wp\/v2\/posts"}],"about":[{"href":"https:\/\/nk7-testes.com.br\/agazeta\/wp-json\/wp\/v2\/types\/post"}],"author":[{"embeddable":true,"href":"https:\/\/nk7-testes.com.br\/agazeta\/wp-json\/wp\/v2\/users\/4"}],"replies":[{"embeddable":true,"href":"https:\/\/nk7-testes.com.br\/agazeta\/wp-json\/wp\/v2\/comments?post=19352"}],"version-history":[{"count":0,"href":"https:\/\/nk7-testes.com.br\/agazeta\/wp-json\/wp\/v2\/posts\/19352\/revisions"}],"wp:featuredmedia":[{"embeddable":true,"href":"https:\/\/nk7-testes.com.br\/agazeta\/wp-json\/wp\/v2\/media\/19351"}],"wp:attachment":[{"href":"https:\/\/nk7-testes.com.br\/agazeta\/wp-json\/wp\/v2\/media?parent=19352"}],"wp:term":[{"taxonomy":"category","embeddable":true,"href":"https:\/\/nk7-testes.com.br\/agazeta\/wp-json\/wp\/v2\/categories?post=19352"},{"taxonomy":"post_tag","embeddable":true,"href":"https:\/\/nk7-testes.com.br\/agazeta\/wp-json\/wp\/v2\/tags?post=19352"}],"curies":[{"name":"wp","href":"https:\/\/api.w.org\/{rel}","templated":true}]}}