{"id":19335,"date":"2015-10-29T22:42:11","date_gmt":"2015-10-29T22:42:11","guid":{"rendered":"https:\/\/abarevegan.com.br\/index.php\/2015\/10\/29\/prefeitura-homenageia-servidores-publicos\/"},"modified":"2015-10-29T22:42:11","modified_gmt":"2015-10-29T22:42:11","slug":"prefeitura-homenageia-servidores-publicos","status":"publish","type":"post","link":"https:\/\/nk7-testes.com.br\/agazeta\/prefeitura-homenageia-servidores-publicos\/","title":{"rendered":"Prefeitura homenageia servidores p\u00fablicos"},"content":{"rendered":"<p style=\"text-align: justify;\">Representantes dos seis mil servidores recebem trof\u00e9us<\/p>\n<p style=\"text-align: justify;\">A Prefeitura de Rio Branco realizou nesta quinta-feira (29) a entrega de premia\u00e7\u00f5es alusivas ao Dia do Servidor P\u00fablico. Em clima de muita festa, em v\u00e9spera de ponto facultativo, os trabalhadores p\u00fablicos ganharam inclusive o resto do dia de folga.<\/p>\n<p style=\"text-align: justify;\">Rio Branco tem aproximadamente seis mil servidores p\u00fablicos incluindo efetivos. Todos os anos, em alus\u00e3o ao Dia do Servidor P\u00fablico, uma extensa programa\u00e7\u00e3o \u00e9 realizada como forma de homenagear todas as categorias que atendem ao cidad\u00e3o. <br \/>Este ano, a festa aconteceu no audit\u00f3rio da Ufac, com direito a bal\u00e3o, banda musical e muitas piadas.<\/p>\n<p style=\"text-align: justify;\">Segundo o secret\u00e1rio de Administra\u00e7\u00e3o, Cl\u00e1udio Ezequiel, as festividades come\u00e7aram semanas atr\u00e1s. Hoje foi o dia de premiar os vencedores de competi\u00e7\u00f5es esportivas e o servidor nota 10.<\/p>\n<p style=\"text-align: justify;\">\u201cS\u00e3o exatamente dois meses e meio de organiza\u00e7\u00e3o. Os servidores das 18 secretarias escolheram o servidor nota 10, depois se reuniram e escolheram os cinco que ser\u00e3o premiados hoje\u201d, disse. O cerimonial e a banda de m\u00fasica homenagearam os servidores da RB Trans.<\/p>\n<p style=\"text-align: justify;\">O prefeito Marcus Alexandre ressaltou o papel do servidor no dia a dia, inclusive em tempos de crise. \u201cPassamos quase 90 dias cuidando da alaga\u00e7\u00e3o, p\u00f3s-alaga\u00e7\u00e3o e recupera\u00e7\u00e3o da nossa cidade, tivemos um ano com desafios financeiros grandes e esses servidores est\u00e3o trabalhando e lutando para se dedicar cada vez mais a nossa cidade\u201d.<\/p>\n<p style=\"text-align: justify;\">Um dos favoritos ao pr\u00eamio de servidor nota 10, Ant\u00f4nio Moreira, explica as caracter\u00edsticas de um bom colega de trabalho e prestador de servi\u00e7o p\u00fablico. \u201cPrimeiro tratar bem o usu\u00e1rio, atender com carinho e ser amigo de todos os seus companheiros\u201d, disse.<\/p>\n<p style=\"text-align: justify;\">Para incentivar ainda mais o funcionalismo, al\u00e9m do feriado prolongado que come\u00e7a nesta sexta-feira, a prefeitura tamb\u00e9m ofereceu o resto do dia de folga aos servidores.<\/p>\n","protected":false},"excerpt":{"rendered":"<p style=\"text-align: justify;\">Representantes dos seis mil servidores recebem trof\u00e9us<\/p>\n","protected":false},"author":4,"featured_media":19334,"comment_status":"open","ping_status":"open","sticky":false,"template":"","format":"standard","meta":{"jnews-multi-image_gallery":[],"jnews_single_post":[],"jnews_primary_category":[],"jnews_social_meta":[],"jnews_review":[],"enable_review":"","type":"","name":"","summary":"","brand":"","sku":"","good":[],"bad":[],"score_override":"","override_value":"","rating":[],"price":[],"footnotes":""},"categories":[54],"tags":[],"class_list":["post-19335","post","type-post","status-publish","format-standard","has-post-thumbnail","hentry","category-cotidiano"],"yoast_head":"<!-- This site is optimized with the Yoast SEO plugin v26.5 - https:\/\/yoast.com\/wordpress\/plugins\/seo\/ -->\n<title>Prefeitura homenageia servidores p\u00fablicos - Agazeta.net<\/title>\n<meta name=\"robots\" content=\"index, follow, max-snippet:-1, max-image-preview:large, max-video-preview:-1\" \/>\n<link rel=\"canonical\" href=\"https:\/\/nk7-testes.com.br\/agazeta\/prefeitura-homenageia-servidores-publicos\/\" \/>\n<meta property=\"og:locale\" content=\"pt_BR\" \/>\n<meta property=\"og:type\" content=\"article\" \/>\n<meta property=\"og:title\" content=\"Prefeitura homenageia servidores p\u00fablicos - Agazeta.net\" \/>\n<meta property=\"og:description\" content=\"Representantes dos seis mil servidores recebem trof\u00e9us\" \/>\n<meta property=\"og:url\" content=\"https:\/\/nk7-testes.com.br\/agazeta\/prefeitura-homenageia-servidores-publicos\/\" \/>\n<meta property=\"og:site_name\" content=\"Agazeta.net\" \/>\n<meta property=\"article:published_time\" content=\"2015-10-29T22:42:11+00:00\" \/>\n<meta property=\"og:image\" content=\"https:\/\/nk7-testes.com.br\/agazeta\/wp-content\/uploads\/2015\/10\/291015-cotidiano-diadoservidor-tvgazeta.jpg\" \/>\n\t<meta property=\"og:image:width\" content=\"458\" \/>\n\t<meta property=\"og:image:height\" content=\"340\" \/>\n\t<meta property=\"og:image:type\" content=\"image\/jpeg\" \/>\n<meta name=\"author\" content=\"Agazeta.Net\" \/>\n<meta name=\"twitter:card\" content=\"summary_large_image\" \/>\n<meta name=\"twitter:label1\" content=\"Escrito por\" \/>\n\t<meta name=\"twitter:data1\" content=\"Agazeta.Net\" \/>\n\t<meta name=\"twitter:label2\" content=\"Est. tempo de leitura\" \/>\n\t<meta name=\"twitter:data2\" content=\"2 minutos\" \/>\n<script type=\"application\/ld+json\" class=\"yoast-schema-graph\">{\"@context\":\"https:\/\/schema.org\",\"@graph\":[{\"@type\":\"WebPage\",\"@id\":\"https:\/\/nk7-testes.com.br\/agazeta\/prefeitura-homenageia-servidores-publicos\/\",\"url\":\"https:\/\/nk7-testes.com.br\/agazeta\/prefeitura-homenageia-servidores-publicos\/\",\"name\":\"Prefeitura homenageia servidores p\u00fablicos - Agazeta.net\",\"isPartOf\":{\"@id\":\"https:\/\/nk7-testes.com.br\/agazeta\/#website\"},\"primaryImageOfPage\":{\"@id\":\"https:\/\/nk7-testes.com.br\/agazeta\/prefeitura-homenageia-servidores-publicos\/#primaryimage\"},\"image\":{\"@id\":\"https:\/\/nk7-testes.com.br\/agazeta\/prefeitura-homenageia-servidores-publicos\/#primaryimage\"},\"thumbnailUrl\":\"https:\/\/nk7-testes.com.br\/agazeta\/wp-content\/uploads\/2015\/10\/291015-cotidiano-diadoservidor-tvgazeta.jpg\",\"datePublished\":\"2015-10-29T22:42:11+00:00\",\"author\":{\"@id\":\"https:\/\/nk7-testes.com.br\/agazeta\/#\/schema\/person\/6d6e25cb0435eb4a02fd44d30b4e3020\"},\"breadcrumb\":{\"@id\":\"https:\/\/nk7-testes.com.br\/agazeta\/prefeitura-homenageia-servidores-publicos\/#breadcrumb\"},\"inLanguage\":\"pt-BR\",\"potentialAction\":[{\"@type\":\"ReadAction\",\"target\":[\"https:\/\/nk7-testes.com.br\/agazeta\/prefeitura-homenageia-servidores-publicos\/\"]}]},{\"@type\":\"ImageObject\",\"inLanguage\":\"pt-BR\",\"@id\":\"https:\/\/nk7-testes.com.br\/agazeta\/prefeitura-homenageia-servidores-publicos\/#primaryimage\",\"url\":\"https:\/\/nk7-testes.com.br\/agazeta\/wp-content\/uploads\/2015\/10\/291015-cotidiano-diadoservidor-tvgazeta.jpg\",\"contentUrl\":\"https:\/\/nk7-testes.com.br\/agazeta\/wp-content\/uploads\/2015\/10\/291015-cotidiano-diadoservidor-tvgazeta.jpg\",\"width\":458,\"height\":340,\"caption\":\"291015-cotidiano-diadoservidor-tvgazeta\"},{\"@type\":\"BreadcrumbList\",\"@id\":\"https:\/\/nk7-testes.com.br\/agazeta\/prefeitura-homenageia-servidores-publicos\/#breadcrumb\",\"itemListElement\":[{\"@type\":\"ListItem\",\"position\":1,\"name\":\"In\u00edcio\",\"item\":\"https:\/\/nk7-testes.com.br\/agazeta\/\"},{\"@type\":\"ListItem\",\"position\":2,\"name\":\"Prefeitura homenageia servidores p\u00fablicos\"}]},{\"@type\":\"WebSite\",\"@id\":\"https:\/\/nk7-testes.com.br\/agazeta\/#website\",\"url\":\"https:\/\/nk7-testes.com.br\/agazeta\/\",\"name\":\"Agazeta.net\",\"description\":\"Agazeta.net - Not\u00edcias de Rio Branco\/AC\",\"potentialAction\":[{\"@type\":\"SearchAction\",\"target\":{\"@type\":\"EntryPoint\",\"urlTemplate\":\"https:\/\/nk7-testes.com.br\/agazeta\/?s={search_term_string}\"},\"query-input\":{\"@type\":\"PropertyValueSpecification\",\"valueRequired\":true,\"valueName\":\"search_term_string\"}}],\"inLanguage\":\"pt-BR\"},{\"@type\":\"Person\",\"@id\":\"https:\/\/nk7-testes.com.br\/agazeta\/#\/schema\/person\/6d6e25cb0435eb4a02fd44d30b4e3020\",\"name\":\"Agazeta.Net\",\"url\":\"https:\/\/nk7-testes.com.br\/agazeta\/author\/agazeta\/\"}]}<\/script>\n<!-- \/ Yoast SEO plugin. -->","yoast_head_json":{"title":"Prefeitura homenageia servidores p\u00fablicos - Agazeta.net","robots":{"index":"index","follow":"follow","max-snippet":"max-snippet:-1","max-image-preview":"max-image-preview:large","max-video-preview":"max-video-preview:-1"},"canonical":"https:\/\/nk7-testes.com.br\/agazeta\/prefeitura-homenageia-servidores-publicos\/","og_locale":"pt_BR","og_type":"article","og_title":"Prefeitura homenageia servidores p\u00fablicos - Agazeta.net","og_description":"Representantes dos seis mil servidores recebem trof\u00e9us","og_url":"https:\/\/nk7-testes.com.br\/agazeta\/prefeitura-homenageia-servidores-publicos\/","og_site_name":"Agazeta.net","article_published_time":"2015-10-29T22:42:11+00:00","og_image":[{"width":458,"height":340,"url":"https:\/\/nk7-testes.com.br\/agazeta\/wp-content\/uploads\/2015\/10\/291015-cotidiano-diadoservidor-tvgazeta.jpg","type":"image\/jpeg"}],"author":"Agazeta.Net","twitter_card":"summary_large_image","twitter_misc":{"Escrito por":"Agazeta.Net","Est. tempo de leitura":"2 minutos"},"schema":{"@context":"https:\/\/schema.org","@graph":[{"@type":"WebPage","@id":"https:\/\/nk7-testes.com.br\/agazeta\/prefeitura-homenageia-servidores-publicos\/","url":"https:\/\/nk7-testes.com.br\/agazeta\/prefeitura-homenageia-servidores-publicos\/","name":"Prefeitura homenageia servidores p\u00fablicos - Agazeta.net","isPartOf":{"@id":"https:\/\/nk7-testes.com.br\/agazeta\/#website"},"primaryImageOfPage":{"@id":"https:\/\/nk7-testes.com.br\/agazeta\/prefeitura-homenageia-servidores-publicos\/#primaryimage"},"image":{"@id":"https:\/\/nk7-testes.com.br\/agazeta\/prefeitura-homenageia-servidores-publicos\/#primaryimage"},"thumbnailUrl":"https:\/\/nk7-testes.com.br\/agazeta\/wp-content\/uploads\/2015\/10\/291015-cotidiano-diadoservidor-tvgazeta.jpg","datePublished":"2015-10-29T22:42:11+00:00","author":{"@id":"https:\/\/nk7-testes.com.br\/agazeta\/#\/schema\/person\/6d6e25cb0435eb4a02fd44d30b4e3020"},"breadcrumb":{"@id":"https:\/\/nk7-testes.com.br\/agazeta\/prefeitura-homenageia-servidores-publicos\/#breadcrumb"},"inLanguage":"pt-BR","potentialAction":[{"@type":"ReadAction","target":["https:\/\/nk7-testes.com.br\/agazeta\/prefeitura-homenageia-servidores-publicos\/"]}]},{"@type":"ImageObject","inLanguage":"pt-BR","@id":"https:\/\/nk7-testes.com.br\/agazeta\/prefeitura-homenageia-servidores-publicos\/#primaryimage","url":"https:\/\/nk7-testes.com.br\/agazeta\/wp-content\/uploads\/2015\/10\/291015-cotidiano-diadoservidor-tvgazeta.jpg","contentUrl":"https:\/\/nk7-testes.com.br\/agazeta\/wp-content\/uploads\/2015\/10\/291015-cotidiano-diadoservidor-tvgazeta.jpg","width":458,"height":340,"caption":"291015-cotidiano-diadoservidor-tvgazeta"},{"@type":"BreadcrumbList","@id":"https:\/\/nk7-testes.com.br\/agazeta\/prefeitura-homenageia-servidores-publicos\/#breadcrumb","itemListElement":[{"@type":"ListItem","position":1,"name":"In\u00edcio","item":"https:\/\/nk7-testes.com.br\/agazeta\/"},{"@type":"ListItem","position":2,"name":"Prefeitura homenageia servidores p\u00fablicos"}]},{"@type":"WebSite","@id":"https:\/\/nk7-testes.com.br\/agazeta\/#website","url":"https:\/\/nk7-testes.com.br\/agazeta\/","name":"Agazeta.net","description":"Agazeta.net - Not\u00edcias de Rio Branco\/AC","potentialAction":[{"@type":"SearchAction","target":{"@type":"EntryPoint","urlTemplate":"https:\/\/nk7-testes.com.br\/agazeta\/?s={search_term_string}"},"query-input":{"@type":"PropertyValueSpecification","valueRequired":true,"valueName":"search_term_string"}}],"inLanguage":"pt-BR"},{"@type":"Person","@id":"https:\/\/nk7-testes.com.br\/agazeta\/#\/schema\/person\/6d6e25cb0435eb4a02fd44d30b4e3020","name":"Agazeta.Net","url":"https:\/\/nk7-testes.com.br\/agazeta\/author\/agazeta\/"}]}},"_links":{"self":[{"href":"https:\/\/nk7-testes.com.br\/agazeta\/wp-json\/wp\/v2\/posts\/19335","targetHints":{"allow":["GET"]}}],"collection":[{"href":"https:\/\/nk7-testes.com.br\/agazeta\/wp-json\/wp\/v2\/posts"}],"about":[{"href":"https:\/\/nk7-testes.com.br\/agazeta\/wp-json\/wp\/v2\/types\/post"}],"author":[{"embeddable":true,"href":"https:\/\/nk7-testes.com.br\/agazeta\/wp-json\/wp\/v2\/users\/4"}],"replies":[{"embeddable":true,"href":"https:\/\/nk7-testes.com.br\/agazeta\/wp-json\/wp\/v2\/comments?post=19335"}],"version-history":[{"count":0,"href":"https:\/\/nk7-testes.com.br\/agazeta\/wp-json\/wp\/v2\/posts\/19335\/revisions"}],"wp:featuredmedia":[{"embeddable":true,"href":"https:\/\/nk7-testes.com.br\/agazeta\/wp-json\/wp\/v2\/media\/19334"}],"wp:attachment":[{"href":"https:\/\/nk7-testes.com.br\/agazeta\/wp-json\/wp\/v2\/media?parent=19335"}],"wp:term":[{"taxonomy":"category","embeddable":true,"href":"https:\/\/nk7-testes.com.br\/agazeta\/wp-json\/wp\/v2\/categories?post=19335"},{"taxonomy":"post_tag","embeddable":true,"href":"https:\/\/nk7-testes.com.br\/agazeta\/wp-json\/wp\/v2\/tags?post=19335"}],"curies":[{"name":"wp","href":"https:\/\/api.w.org\/{rel}","templated":true}]}}