{"id":19269,"date":"2015-10-27T23:08:24","date_gmt":"2015-10-27T23:08:24","guid":{"rendered":"https:\/\/abarevegan.com.br\/index.php\/2015\/10\/27\/cartorio-recua-e-processo-contra-blogueiros-sera-extinto\/"},"modified":"2015-10-27T23:08:24","modified_gmt":"2015-10-27T23:08:24","slug":"cartorio-recua-e-processo-contra-blogueiros-sera-extinto","status":"publish","type":"post","link":"https:\/\/nk7-testes.com.br\/agazeta\/cartorio-recua-e-processo-contra-blogueiros-sera-extinto\/","title":{"rendered":"Cart\u00f3rio recua e processo contra blogueiros ser\u00e1 extinto"},"content":{"rendered":"<p style=\"text-align: justify;\">Informa\u00e7\u00e3o confirmada pela diretoria de Registros<\/p>\n<p style=\"text-align: justify;\">A regulariza\u00e7\u00e3o da situa\u00e7\u00e3o de 133 blogueiros do Acre junto \u00e0 Vara de Registros Civis n\u00e3o ser\u00e1 mais necess\u00e1ria. O cart\u00f3rio que havia requerido matr\u00edculas de todos os blogs assinados por pessoa jur\u00eddica solicitou a extin\u00e7\u00e3o do processo.<\/p>\n<p style=\"text-align: justify;\">O desgaste da imagem do judici\u00e1rio acriano, a repercuss\u00e3o negativa em redes sociais e na grande imprensa nacional foi grande logo ap\u00f3s o an\u00fancio da decis\u00e3o do juiz de Direito Marcelo Badar\u00f3, da Vara de Registros Civis.<\/p>\n<p style=\"text-align: justify;\">O jornalista Senildo Melo, ao atender \u00e0 intima\u00e7\u00e3o do juiz, foi at\u00e9 o F\u00f3rum Bar\u00e3o do Rio Branco para \u201cregularizar a situa\u00e7\u00e3o\u201d de um blog sobre Meio Ambiente que assinava e estava inativo h\u00e1 v\u00e1rios meses.<\/p>\n<p style=\"text-align: justify;\">\u201cFui informado pela diretora de registros Roseneide Silva que o processo ser\u00e1 extinto\u201d, afirmou o jornalista, sugerindo um tom de al\u00edvio.<\/p>\n<p style=\"text-align: justify;\">Os blogs atualizados regularmente e mantidos por pessoa jur\u00eddica teriam que desembolsar R$ 610,80 anualmente amparados em uma legisla\u00e7\u00e3o de 1973, quando nem havia internet popularizada.<\/p>\n","protected":false},"excerpt":{"rendered":"<p style=\"text-align: justify;\">Informa\u00e7\u00e3o confirmada pela diretoria de Registros<\/p>\n","protected":false},"author":4,"featured_media":19268,"comment_status":"open","ping_status":"open","sticky":false,"template":"","format":"standard","meta":{"jnews-multi-image_gallery":[],"jnews_single_post":[],"jnews_primary_category":[],"jnews_social_meta":[],"jnews_review":[],"enable_review":"","type":"","name":"","summary":"","brand":"","sku":"","good":[],"bad":[],"score_override":"","override_value":"","rating":[],"price":[],"footnotes":""},"categories":[54],"tags":[],"class_list":["post-19269","post","type-post","status-publish","format-standard","has-post-thumbnail","hentry","category-cotidiano"],"yoast_head":"<!-- This site is optimized with the Yoast SEO plugin v26.5 - https:\/\/yoast.com\/wordpress\/plugins\/seo\/ -->\n<title>Cart\u00f3rio recua e processo contra blogueiros ser\u00e1 extinto - Agazeta.net<\/title>\n<meta name=\"robots\" content=\"index, follow, max-snippet:-1, max-image-preview:large, max-video-preview:-1\" \/>\n<link rel=\"canonical\" href=\"https:\/\/nk7-testes.com.br\/agazeta\/cartorio-recua-e-processo-contra-blogueiros-sera-extinto\/\" \/>\n<meta property=\"og:locale\" content=\"pt_BR\" \/>\n<meta property=\"og:type\" content=\"article\" \/>\n<meta property=\"og:title\" content=\"Cart\u00f3rio recua e processo contra blogueiros ser\u00e1 extinto - Agazeta.net\" \/>\n<meta property=\"og:description\" content=\"Informa\u00e7\u00e3o confirmada pela diretoria de Registros\" \/>\n<meta property=\"og:url\" content=\"https:\/\/nk7-testes.com.br\/agazeta\/cartorio-recua-e-processo-contra-blogueiros-sera-extinto\/\" \/>\n<meta property=\"og:site_name\" content=\"Agazeta.net\" \/>\n<meta property=\"article:published_time\" content=\"2015-10-27T23:08:24+00:00\" \/>\n<meta property=\"og:image\" content=\"https:\/\/nk7-testes.com.br\/agazeta\/wp-content\/uploads\/2015\/10\/271015-cotidiano-forumbaraoriobranco-cleriston.jpg\" \/>\n\t<meta property=\"og:image:width\" content=\"458\" \/>\n\t<meta property=\"og:image:height\" content=\"340\" \/>\n\t<meta property=\"og:image:type\" content=\"image\/jpeg\" \/>\n<meta name=\"author\" content=\"Agazeta.Net\" \/>\n<meta name=\"twitter:card\" content=\"summary_large_image\" \/>\n<meta name=\"twitter:label1\" content=\"Escrito por\" \/>\n\t<meta name=\"twitter:data1\" content=\"Agazeta.Net\" \/>\n\t<meta name=\"twitter:label2\" content=\"Est. tempo de leitura\" \/>\n\t<meta name=\"twitter:data2\" content=\"1 minuto\" \/>\n<script type=\"application\/ld+json\" class=\"yoast-schema-graph\">{\"@context\":\"https:\/\/schema.org\",\"@graph\":[{\"@type\":\"WebPage\",\"@id\":\"https:\/\/nk7-testes.com.br\/agazeta\/cartorio-recua-e-processo-contra-blogueiros-sera-extinto\/\",\"url\":\"https:\/\/nk7-testes.com.br\/agazeta\/cartorio-recua-e-processo-contra-blogueiros-sera-extinto\/\",\"name\":\"Cart\u00f3rio recua e processo contra blogueiros ser\u00e1 extinto - Agazeta.net\",\"isPartOf\":{\"@id\":\"https:\/\/nk7-testes.com.br\/agazeta\/#website\"},\"primaryImageOfPage\":{\"@id\":\"https:\/\/nk7-testes.com.br\/agazeta\/cartorio-recua-e-processo-contra-blogueiros-sera-extinto\/#primaryimage\"},\"image\":{\"@id\":\"https:\/\/nk7-testes.com.br\/agazeta\/cartorio-recua-e-processo-contra-blogueiros-sera-extinto\/#primaryimage\"},\"thumbnailUrl\":\"https:\/\/nk7-testes.com.br\/agazeta\/wp-content\/uploads\/2015\/10\/271015-cotidiano-forumbaraoriobranco-cleriston.jpg\",\"datePublished\":\"2015-10-27T23:08:24+00:00\",\"author\":{\"@id\":\"https:\/\/nk7-testes.com.br\/agazeta\/#\/schema\/person\/6d6e25cb0435eb4a02fd44d30b4e3020\"},\"breadcrumb\":{\"@id\":\"https:\/\/nk7-testes.com.br\/agazeta\/cartorio-recua-e-processo-contra-blogueiros-sera-extinto\/#breadcrumb\"},\"inLanguage\":\"pt-BR\",\"potentialAction\":[{\"@type\":\"ReadAction\",\"target\":[\"https:\/\/nk7-testes.com.br\/agazeta\/cartorio-recua-e-processo-contra-blogueiros-sera-extinto\/\"]}]},{\"@type\":\"ImageObject\",\"inLanguage\":\"pt-BR\",\"@id\":\"https:\/\/nk7-testes.com.br\/agazeta\/cartorio-recua-e-processo-contra-blogueiros-sera-extinto\/#primaryimage\",\"url\":\"https:\/\/nk7-testes.com.br\/agazeta\/wp-content\/uploads\/2015\/10\/271015-cotidiano-forumbaraoriobranco-cleriston.jpg\",\"contentUrl\":\"https:\/\/nk7-testes.com.br\/agazeta\/wp-content\/uploads\/2015\/10\/271015-cotidiano-forumbaraoriobranco-cleriston.jpg\",\"width\":458,\"height\":340,\"caption\":\"271015-cotidiano-forumbaraoriobranco-cleriston\"},{\"@type\":\"BreadcrumbList\",\"@id\":\"https:\/\/nk7-testes.com.br\/agazeta\/cartorio-recua-e-processo-contra-blogueiros-sera-extinto\/#breadcrumb\",\"itemListElement\":[{\"@type\":\"ListItem\",\"position\":1,\"name\":\"In\u00edcio\",\"item\":\"https:\/\/nk7-testes.com.br\/agazeta\/\"},{\"@type\":\"ListItem\",\"position\":2,\"name\":\"Cart\u00f3rio recua e processo contra blogueiros ser\u00e1 extinto\"}]},{\"@type\":\"WebSite\",\"@id\":\"https:\/\/nk7-testes.com.br\/agazeta\/#website\",\"url\":\"https:\/\/nk7-testes.com.br\/agazeta\/\",\"name\":\"Agazeta.net\",\"description\":\"Agazeta.net - Not\u00edcias de Rio Branco\/AC\",\"potentialAction\":[{\"@type\":\"SearchAction\",\"target\":{\"@type\":\"EntryPoint\",\"urlTemplate\":\"https:\/\/nk7-testes.com.br\/agazeta\/?s={search_term_string}\"},\"query-input\":{\"@type\":\"PropertyValueSpecification\",\"valueRequired\":true,\"valueName\":\"search_term_string\"}}],\"inLanguage\":\"pt-BR\"},{\"@type\":\"Person\",\"@id\":\"https:\/\/nk7-testes.com.br\/agazeta\/#\/schema\/person\/6d6e25cb0435eb4a02fd44d30b4e3020\",\"name\":\"Agazeta.Net\",\"url\":\"https:\/\/nk7-testes.com.br\/agazeta\/author\/agazeta\/\"}]}<\/script>\n<!-- \/ Yoast SEO plugin. -->","yoast_head_json":{"title":"Cart\u00f3rio recua e processo contra blogueiros ser\u00e1 extinto - Agazeta.net","robots":{"index":"index","follow":"follow","max-snippet":"max-snippet:-1","max-image-preview":"max-image-preview:large","max-video-preview":"max-video-preview:-1"},"canonical":"https:\/\/nk7-testes.com.br\/agazeta\/cartorio-recua-e-processo-contra-blogueiros-sera-extinto\/","og_locale":"pt_BR","og_type":"article","og_title":"Cart\u00f3rio recua e processo contra blogueiros ser\u00e1 extinto - Agazeta.net","og_description":"Informa\u00e7\u00e3o confirmada pela diretoria de Registros","og_url":"https:\/\/nk7-testes.com.br\/agazeta\/cartorio-recua-e-processo-contra-blogueiros-sera-extinto\/","og_site_name":"Agazeta.net","article_published_time":"2015-10-27T23:08:24+00:00","og_image":[{"width":458,"height":340,"url":"https:\/\/nk7-testes.com.br\/agazeta\/wp-content\/uploads\/2015\/10\/271015-cotidiano-forumbaraoriobranco-cleriston.jpg","type":"image\/jpeg"}],"author":"Agazeta.Net","twitter_card":"summary_large_image","twitter_misc":{"Escrito por":"Agazeta.Net","Est. tempo de leitura":"1 minuto"},"schema":{"@context":"https:\/\/schema.org","@graph":[{"@type":"WebPage","@id":"https:\/\/nk7-testes.com.br\/agazeta\/cartorio-recua-e-processo-contra-blogueiros-sera-extinto\/","url":"https:\/\/nk7-testes.com.br\/agazeta\/cartorio-recua-e-processo-contra-blogueiros-sera-extinto\/","name":"Cart\u00f3rio recua e processo contra blogueiros ser\u00e1 extinto - Agazeta.net","isPartOf":{"@id":"https:\/\/nk7-testes.com.br\/agazeta\/#website"},"primaryImageOfPage":{"@id":"https:\/\/nk7-testes.com.br\/agazeta\/cartorio-recua-e-processo-contra-blogueiros-sera-extinto\/#primaryimage"},"image":{"@id":"https:\/\/nk7-testes.com.br\/agazeta\/cartorio-recua-e-processo-contra-blogueiros-sera-extinto\/#primaryimage"},"thumbnailUrl":"https:\/\/nk7-testes.com.br\/agazeta\/wp-content\/uploads\/2015\/10\/271015-cotidiano-forumbaraoriobranco-cleriston.jpg","datePublished":"2015-10-27T23:08:24+00:00","author":{"@id":"https:\/\/nk7-testes.com.br\/agazeta\/#\/schema\/person\/6d6e25cb0435eb4a02fd44d30b4e3020"},"breadcrumb":{"@id":"https:\/\/nk7-testes.com.br\/agazeta\/cartorio-recua-e-processo-contra-blogueiros-sera-extinto\/#breadcrumb"},"inLanguage":"pt-BR","potentialAction":[{"@type":"ReadAction","target":["https:\/\/nk7-testes.com.br\/agazeta\/cartorio-recua-e-processo-contra-blogueiros-sera-extinto\/"]}]},{"@type":"ImageObject","inLanguage":"pt-BR","@id":"https:\/\/nk7-testes.com.br\/agazeta\/cartorio-recua-e-processo-contra-blogueiros-sera-extinto\/#primaryimage","url":"https:\/\/nk7-testes.com.br\/agazeta\/wp-content\/uploads\/2015\/10\/271015-cotidiano-forumbaraoriobranco-cleriston.jpg","contentUrl":"https:\/\/nk7-testes.com.br\/agazeta\/wp-content\/uploads\/2015\/10\/271015-cotidiano-forumbaraoriobranco-cleriston.jpg","width":458,"height":340,"caption":"271015-cotidiano-forumbaraoriobranco-cleriston"},{"@type":"BreadcrumbList","@id":"https:\/\/nk7-testes.com.br\/agazeta\/cartorio-recua-e-processo-contra-blogueiros-sera-extinto\/#breadcrumb","itemListElement":[{"@type":"ListItem","position":1,"name":"In\u00edcio","item":"https:\/\/nk7-testes.com.br\/agazeta\/"},{"@type":"ListItem","position":2,"name":"Cart\u00f3rio recua e processo contra blogueiros ser\u00e1 extinto"}]},{"@type":"WebSite","@id":"https:\/\/nk7-testes.com.br\/agazeta\/#website","url":"https:\/\/nk7-testes.com.br\/agazeta\/","name":"Agazeta.net","description":"Agazeta.net - Not\u00edcias de Rio Branco\/AC","potentialAction":[{"@type":"SearchAction","target":{"@type":"EntryPoint","urlTemplate":"https:\/\/nk7-testes.com.br\/agazeta\/?s={search_term_string}"},"query-input":{"@type":"PropertyValueSpecification","valueRequired":true,"valueName":"search_term_string"}}],"inLanguage":"pt-BR"},{"@type":"Person","@id":"https:\/\/nk7-testes.com.br\/agazeta\/#\/schema\/person\/6d6e25cb0435eb4a02fd44d30b4e3020","name":"Agazeta.Net","url":"https:\/\/nk7-testes.com.br\/agazeta\/author\/agazeta\/"}]}},"_links":{"self":[{"href":"https:\/\/nk7-testes.com.br\/agazeta\/wp-json\/wp\/v2\/posts\/19269","targetHints":{"allow":["GET"]}}],"collection":[{"href":"https:\/\/nk7-testes.com.br\/agazeta\/wp-json\/wp\/v2\/posts"}],"about":[{"href":"https:\/\/nk7-testes.com.br\/agazeta\/wp-json\/wp\/v2\/types\/post"}],"author":[{"embeddable":true,"href":"https:\/\/nk7-testes.com.br\/agazeta\/wp-json\/wp\/v2\/users\/4"}],"replies":[{"embeddable":true,"href":"https:\/\/nk7-testes.com.br\/agazeta\/wp-json\/wp\/v2\/comments?post=19269"}],"version-history":[{"count":0,"href":"https:\/\/nk7-testes.com.br\/agazeta\/wp-json\/wp\/v2\/posts\/19269\/revisions"}],"wp:featuredmedia":[{"embeddable":true,"href":"https:\/\/nk7-testes.com.br\/agazeta\/wp-json\/wp\/v2\/media\/19268"}],"wp:attachment":[{"href":"https:\/\/nk7-testes.com.br\/agazeta\/wp-json\/wp\/v2\/media?parent=19269"}],"wp:term":[{"taxonomy":"category","embeddable":true,"href":"https:\/\/nk7-testes.com.br\/agazeta\/wp-json\/wp\/v2\/categories?post=19269"},{"taxonomy":"post_tag","embeddable":true,"href":"https:\/\/nk7-testes.com.br\/agazeta\/wp-json\/wp\/v2\/tags?post=19269"}],"curies":[{"name":"wp","href":"https:\/\/api.w.org\/{rel}","templated":true}]}}