{"id":19220,"date":"2015-10-24T15:53:23","date_gmt":"2015-10-24T15:53:23","guid":{"rendered":"https:\/\/abarevegan.com.br\/index.php\/2015\/10\/24\/poucos-retardatarios-na-edicao-2015-do-enem\/"},"modified":"2015-10-24T15:53:23","modified_gmt":"2015-10-24T15:53:23","slug":"poucos-retardatarios-na-edicao-2015-do-enem","status":"publish","type":"post","link":"https:\/\/nk7-testes.com.br\/agazeta\/poucos-retardatarios-na-edicao-2015-do-enem\/","title":{"rendered":"Poucos retardat\u00e1rios na edi\u00e7\u00e3o 2015 do Enem"},"content":{"rendered":"<p style=\"text-align: justify;\">Andr\u00e9ia empurrou moto, mas n\u00e3o chegou em tempo<\/p>\n<p style=\"text-align: justify;\">Andr\u00e9ia Peixe subiu parte da ladeira da Rodovia Dias Martins, pr\u00f3xima \u00e0 Firb\/Faao, empurrando uma moto Titan 125 vermelha. Ao estacionar o ve\u00edculo que teimou em dar problema mec\u00e2nico justamente hoje, j\u00e1 encontrou os fiscais do lado de dentro do pr\u00e9dio com os port\u00f5es fechados.<\/p>\n<p style=\"text-align: justify;\">Pela grande houve aquela tentativa ineficaz de convencimento. \u201c\u00c9 s\u00f3 um minuto n\u00e3o vai atrapalhar em nada\u201d, lamentou. \u201cN\u00e3o tive culpa, minha moto quebrou\u201d. Trabalhadora de uma padaria, come\u00e7a a rotina \u00e0s 4 horas da manh\u00e3 e s\u00f3 para \u00e0s 7 da noite.<\/p>\n<p style=\"text-align: justify;\">Em 2016 vai tentar novamente conciliar essa dura rotina com a disciplina dos estudos. Ela quer conseguir o certificado de conclus\u00e3o do Ensino M\u00e9dio.<br \/>Cristiane Coelho de Lima aprendeu a li\u00e7\u00e3o. Ano passado n\u00e3o conseguiu fazer prova porque foi uma retardat\u00e1ria: quando chegou os port\u00f5es j\u00e1 estavam fechados. \u201cEsse ano fiz diferente\u201d, afirmou.<\/p>\n<p style=\"text-align: justify;\">\u00c0s 8h50min, dez minutos antes de os port\u00f5es abrirem, ela j\u00e1 estava esperando para entrar no Col\u00e9gio Estadual Bar\u00e3o do Rio Branco (CEBRB). Ela tamb\u00e9m faz o exame para conseguir o certificado do Ensino M\u00e9dio.<\/p>\n<p style=\"text-align: justify;\">At\u00e9 o momento, n\u00e3o foi registrada nenhuma ocorr\u00eancia grave envolvendo alunos do Enem no Acre.<\/p>\n","protected":false},"excerpt":{"rendered":"<p style=\"text-align: justify;\">Andr\u00e9ia empurrou moto, mas n\u00e3o chegou em tempo<\/p>\n","protected":false},"author":4,"featured_media":19219,"comment_status":"open","ping_status":"open","sticky":false,"template":"","format":"standard","meta":{"jnews-multi-image_gallery":[],"jnews_single_post":[],"jnews_primary_category":[],"jnews_social_meta":[],"jnews_review":[],"enable_review":"","type":"","name":"","summary":"","brand":"","sku":"","good":[],"bad":[],"score_override":"","override_value":"","rating":[],"price":[],"footnotes":""},"categories":[54],"tags":[],"class_list":["post-19220","post","type-post","status-publish","format-standard","has-post-thumbnail","hentry","category-cotidiano"],"yoast_head":"<!-- This site is optimized with the Yoast SEO plugin v26.5 - https:\/\/yoast.com\/wordpress\/plugins\/seo\/ -->\n<title>Poucos retardat\u00e1rios na edi\u00e7\u00e3o 2015 do Enem - Agazeta.net<\/title>\n<meta name=\"robots\" content=\"index, follow, max-snippet:-1, max-image-preview:large, max-video-preview:-1\" \/>\n<link rel=\"canonical\" href=\"https:\/\/nk7-testes.com.br\/agazeta\/poucos-retardatarios-na-edicao-2015-do-enem\/\" \/>\n<meta property=\"og:locale\" content=\"pt_BR\" \/>\n<meta property=\"og:type\" content=\"article\" \/>\n<meta property=\"og:title\" content=\"Poucos retardat\u00e1rios na edi\u00e7\u00e3o 2015 do Enem - Agazeta.net\" \/>\n<meta property=\"og:description\" content=\"Andr\u00e9ia empurrou moto, mas n\u00e3o chegou em tempo\" \/>\n<meta property=\"og:url\" content=\"https:\/\/nk7-testes.com.br\/agazeta\/poucos-retardatarios-na-edicao-2015-do-enem\/\" \/>\n<meta property=\"og:site_name\" content=\"Agazeta.net\" \/>\n<meta property=\"article:published_time\" content=\"2015-10-24T15:53:23+00:00\" \/>\n<meta property=\"og:image\" content=\"https:\/\/nk7-testes.com.br\/agazeta\/wp-content\/uploads\/2015\/10\/241015-cotidiano-retardatario-selmomelo.jpg\" \/>\n\t<meta property=\"og:image:width\" content=\"458\" \/>\n\t<meta property=\"og:image:height\" content=\"340\" \/>\n\t<meta property=\"og:image:type\" content=\"image\/jpeg\" \/>\n<meta name=\"author\" content=\"Agazeta.Net\" \/>\n<meta name=\"twitter:card\" content=\"summary_large_image\" \/>\n<meta name=\"twitter:label1\" content=\"Escrito por\" \/>\n\t<meta name=\"twitter:data1\" content=\"Agazeta.Net\" \/>\n\t<meta name=\"twitter:label2\" content=\"Est. tempo de leitura\" \/>\n\t<meta name=\"twitter:data2\" content=\"1 minuto\" \/>\n<script type=\"application\/ld+json\" class=\"yoast-schema-graph\">{\"@context\":\"https:\/\/schema.org\",\"@graph\":[{\"@type\":\"WebPage\",\"@id\":\"https:\/\/nk7-testes.com.br\/agazeta\/poucos-retardatarios-na-edicao-2015-do-enem\/\",\"url\":\"https:\/\/nk7-testes.com.br\/agazeta\/poucos-retardatarios-na-edicao-2015-do-enem\/\",\"name\":\"Poucos retardat\u00e1rios na edi\u00e7\u00e3o 2015 do Enem - Agazeta.net\",\"isPartOf\":{\"@id\":\"https:\/\/nk7-testes.com.br\/agazeta\/#website\"},\"primaryImageOfPage\":{\"@id\":\"https:\/\/nk7-testes.com.br\/agazeta\/poucos-retardatarios-na-edicao-2015-do-enem\/#primaryimage\"},\"image\":{\"@id\":\"https:\/\/nk7-testes.com.br\/agazeta\/poucos-retardatarios-na-edicao-2015-do-enem\/#primaryimage\"},\"thumbnailUrl\":\"https:\/\/nk7-testes.com.br\/agazeta\/wp-content\/uploads\/2015\/10\/241015-cotidiano-retardatario-selmomelo.jpg\",\"datePublished\":\"2015-10-24T15:53:23+00:00\",\"author\":{\"@id\":\"https:\/\/nk7-testes.com.br\/agazeta\/#\/schema\/person\/6d6e25cb0435eb4a02fd44d30b4e3020\"},\"breadcrumb\":{\"@id\":\"https:\/\/nk7-testes.com.br\/agazeta\/poucos-retardatarios-na-edicao-2015-do-enem\/#breadcrumb\"},\"inLanguage\":\"pt-BR\",\"potentialAction\":[{\"@type\":\"ReadAction\",\"target\":[\"https:\/\/nk7-testes.com.br\/agazeta\/poucos-retardatarios-na-edicao-2015-do-enem\/\"]}]},{\"@type\":\"ImageObject\",\"inLanguage\":\"pt-BR\",\"@id\":\"https:\/\/nk7-testes.com.br\/agazeta\/poucos-retardatarios-na-edicao-2015-do-enem\/#primaryimage\",\"url\":\"https:\/\/nk7-testes.com.br\/agazeta\/wp-content\/uploads\/2015\/10\/241015-cotidiano-retardatario-selmomelo.jpg\",\"contentUrl\":\"https:\/\/nk7-testes.com.br\/agazeta\/wp-content\/uploads\/2015\/10\/241015-cotidiano-retardatario-selmomelo.jpg\",\"width\":458,\"height\":340,\"caption\":\"241015-cotidiano-retardatario-selmomelo\"},{\"@type\":\"BreadcrumbList\",\"@id\":\"https:\/\/nk7-testes.com.br\/agazeta\/poucos-retardatarios-na-edicao-2015-do-enem\/#breadcrumb\",\"itemListElement\":[{\"@type\":\"ListItem\",\"position\":1,\"name\":\"In\u00edcio\",\"item\":\"https:\/\/nk7-testes.com.br\/agazeta\/\"},{\"@type\":\"ListItem\",\"position\":2,\"name\":\"Poucos retardat\u00e1rios na edi\u00e7\u00e3o 2015 do Enem\"}]},{\"@type\":\"WebSite\",\"@id\":\"https:\/\/nk7-testes.com.br\/agazeta\/#website\",\"url\":\"https:\/\/nk7-testes.com.br\/agazeta\/\",\"name\":\"Agazeta.net\",\"description\":\"Agazeta.net - Not\u00edcias de Rio Branco\/AC\",\"potentialAction\":[{\"@type\":\"SearchAction\",\"target\":{\"@type\":\"EntryPoint\",\"urlTemplate\":\"https:\/\/nk7-testes.com.br\/agazeta\/?s={search_term_string}\"},\"query-input\":{\"@type\":\"PropertyValueSpecification\",\"valueRequired\":true,\"valueName\":\"search_term_string\"}}],\"inLanguage\":\"pt-BR\"},{\"@type\":\"Person\",\"@id\":\"https:\/\/nk7-testes.com.br\/agazeta\/#\/schema\/person\/6d6e25cb0435eb4a02fd44d30b4e3020\",\"name\":\"Agazeta.Net\",\"url\":\"https:\/\/nk7-testes.com.br\/agazeta\/author\/agazeta\/\"}]}<\/script>\n<!-- \/ Yoast SEO plugin. -->","yoast_head_json":{"title":"Poucos retardat\u00e1rios na edi\u00e7\u00e3o 2015 do Enem - Agazeta.net","robots":{"index":"index","follow":"follow","max-snippet":"max-snippet:-1","max-image-preview":"max-image-preview:large","max-video-preview":"max-video-preview:-1"},"canonical":"https:\/\/nk7-testes.com.br\/agazeta\/poucos-retardatarios-na-edicao-2015-do-enem\/","og_locale":"pt_BR","og_type":"article","og_title":"Poucos retardat\u00e1rios na edi\u00e7\u00e3o 2015 do Enem - Agazeta.net","og_description":"Andr\u00e9ia empurrou moto, mas n\u00e3o chegou em tempo","og_url":"https:\/\/nk7-testes.com.br\/agazeta\/poucos-retardatarios-na-edicao-2015-do-enem\/","og_site_name":"Agazeta.net","article_published_time":"2015-10-24T15:53:23+00:00","og_image":[{"width":458,"height":340,"url":"https:\/\/nk7-testes.com.br\/agazeta\/wp-content\/uploads\/2015\/10\/241015-cotidiano-retardatario-selmomelo.jpg","type":"image\/jpeg"}],"author":"Agazeta.Net","twitter_card":"summary_large_image","twitter_misc":{"Escrito por":"Agazeta.Net","Est. tempo de leitura":"1 minuto"},"schema":{"@context":"https:\/\/schema.org","@graph":[{"@type":"WebPage","@id":"https:\/\/nk7-testes.com.br\/agazeta\/poucos-retardatarios-na-edicao-2015-do-enem\/","url":"https:\/\/nk7-testes.com.br\/agazeta\/poucos-retardatarios-na-edicao-2015-do-enem\/","name":"Poucos retardat\u00e1rios na edi\u00e7\u00e3o 2015 do Enem - Agazeta.net","isPartOf":{"@id":"https:\/\/nk7-testes.com.br\/agazeta\/#website"},"primaryImageOfPage":{"@id":"https:\/\/nk7-testes.com.br\/agazeta\/poucos-retardatarios-na-edicao-2015-do-enem\/#primaryimage"},"image":{"@id":"https:\/\/nk7-testes.com.br\/agazeta\/poucos-retardatarios-na-edicao-2015-do-enem\/#primaryimage"},"thumbnailUrl":"https:\/\/nk7-testes.com.br\/agazeta\/wp-content\/uploads\/2015\/10\/241015-cotidiano-retardatario-selmomelo.jpg","datePublished":"2015-10-24T15:53:23+00:00","author":{"@id":"https:\/\/nk7-testes.com.br\/agazeta\/#\/schema\/person\/6d6e25cb0435eb4a02fd44d30b4e3020"},"breadcrumb":{"@id":"https:\/\/nk7-testes.com.br\/agazeta\/poucos-retardatarios-na-edicao-2015-do-enem\/#breadcrumb"},"inLanguage":"pt-BR","potentialAction":[{"@type":"ReadAction","target":["https:\/\/nk7-testes.com.br\/agazeta\/poucos-retardatarios-na-edicao-2015-do-enem\/"]}]},{"@type":"ImageObject","inLanguage":"pt-BR","@id":"https:\/\/nk7-testes.com.br\/agazeta\/poucos-retardatarios-na-edicao-2015-do-enem\/#primaryimage","url":"https:\/\/nk7-testes.com.br\/agazeta\/wp-content\/uploads\/2015\/10\/241015-cotidiano-retardatario-selmomelo.jpg","contentUrl":"https:\/\/nk7-testes.com.br\/agazeta\/wp-content\/uploads\/2015\/10\/241015-cotidiano-retardatario-selmomelo.jpg","width":458,"height":340,"caption":"241015-cotidiano-retardatario-selmomelo"},{"@type":"BreadcrumbList","@id":"https:\/\/nk7-testes.com.br\/agazeta\/poucos-retardatarios-na-edicao-2015-do-enem\/#breadcrumb","itemListElement":[{"@type":"ListItem","position":1,"name":"In\u00edcio","item":"https:\/\/nk7-testes.com.br\/agazeta\/"},{"@type":"ListItem","position":2,"name":"Poucos retardat\u00e1rios na edi\u00e7\u00e3o 2015 do Enem"}]},{"@type":"WebSite","@id":"https:\/\/nk7-testes.com.br\/agazeta\/#website","url":"https:\/\/nk7-testes.com.br\/agazeta\/","name":"Agazeta.net","description":"Agazeta.net - Not\u00edcias de Rio Branco\/AC","potentialAction":[{"@type":"SearchAction","target":{"@type":"EntryPoint","urlTemplate":"https:\/\/nk7-testes.com.br\/agazeta\/?s={search_term_string}"},"query-input":{"@type":"PropertyValueSpecification","valueRequired":true,"valueName":"search_term_string"}}],"inLanguage":"pt-BR"},{"@type":"Person","@id":"https:\/\/nk7-testes.com.br\/agazeta\/#\/schema\/person\/6d6e25cb0435eb4a02fd44d30b4e3020","name":"Agazeta.Net","url":"https:\/\/nk7-testes.com.br\/agazeta\/author\/agazeta\/"}]}},"_links":{"self":[{"href":"https:\/\/nk7-testes.com.br\/agazeta\/wp-json\/wp\/v2\/posts\/19220","targetHints":{"allow":["GET"]}}],"collection":[{"href":"https:\/\/nk7-testes.com.br\/agazeta\/wp-json\/wp\/v2\/posts"}],"about":[{"href":"https:\/\/nk7-testes.com.br\/agazeta\/wp-json\/wp\/v2\/types\/post"}],"author":[{"embeddable":true,"href":"https:\/\/nk7-testes.com.br\/agazeta\/wp-json\/wp\/v2\/users\/4"}],"replies":[{"embeddable":true,"href":"https:\/\/nk7-testes.com.br\/agazeta\/wp-json\/wp\/v2\/comments?post=19220"}],"version-history":[{"count":0,"href":"https:\/\/nk7-testes.com.br\/agazeta\/wp-json\/wp\/v2\/posts\/19220\/revisions"}],"wp:featuredmedia":[{"embeddable":true,"href":"https:\/\/nk7-testes.com.br\/agazeta\/wp-json\/wp\/v2\/media\/19219"}],"wp:attachment":[{"href":"https:\/\/nk7-testes.com.br\/agazeta\/wp-json\/wp\/v2\/media?parent=19220"}],"wp:term":[{"taxonomy":"category","embeddable":true,"href":"https:\/\/nk7-testes.com.br\/agazeta\/wp-json\/wp\/v2\/categories?post=19220"},{"taxonomy":"post_tag","embeddable":true,"href":"https:\/\/nk7-testes.com.br\/agazeta\/wp-json\/wp\/v2\/tags?post=19220"}],"curies":[{"name":"wp","href":"https:\/\/api.w.org\/{rel}","templated":true}]}}