{"id":19205,"date":"2015-10-23T16:39:41","date_gmt":"2015-10-23T16:39:41","guid":{"rendered":"https:\/\/abarevegan.com.br\/index.php\/2015\/10\/23\/acre-leva-3-lugar-em-premio-pronatec-empreendedor\/"},"modified":"2015-10-23T16:39:41","modified_gmt":"2015-10-23T16:39:41","slug":"acre-leva-3-lugar-em-premio-pronatec-empreendedor","status":"publish","type":"post","link":"https:\/\/nk7-testes.com.br\/agazeta\/acre-leva-3-lugar-em-premio-pronatec-empreendedor\/","title":{"rendered":"Acre leva 3\u00ba lugar em pr\u00eamio Pronatec Empreendedor"},"content":{"rendered":"<p style=\"text-align: justify;\">Projeto de A\u00e7a\u00ed do Cazumb\u00e1-Iracema<\/p>\n<p style=\"text-align: justify;\">O projeto de A\u00e7a\u00ed da Reserva Extrativista Cazumb\u00e1-Iracema levou o terceiro lugar do Pr\u00eamio Pronatec Empreendedor. A solenidade de entrega da premia\u00e7\u00e3o foi realizada na tarde desta quinta-feira (22), no audit\u00f3rio do Sebrae, em Brasil\u00eda.<\/p>\n<p style=\"text-align: justify;\">A premia\u00e7\u00e3o foi concedida ao projeto de agroind\u00fastria de beneficiamento da polpa do a\u00e7a\u00ed, implantado h\u00e1 cerca de dois meses na reserva. O projeto surgiu a partir do curso de a\u00e7aicultor, oferecido aos extrativistas pelo Instituto Federal do Acre (Ifac), por meio do Pronatec-Campo, e recebeu impulso dos gestores do ICMBio, que acreditaram na ideia de montar uma f\u00e1brica no interior da Resex.<\/p>\n<p style=\"text-align: justify;\">\u201cEsse pr\u00eamio vai para a nossa comunidade e para o ICMBio que nos deu importante apoio nesse projeto\u201d, afirmou Isa\u00edas Afonso, morador da Reserva Extrativista (Resex) Cazumb\u00e1-Iracema.<\/p>\n<p style=\"text-align: justify;\">Atualmente, o empreendimento emprega 50 pessoas nas v\u00e1rias etapas do processo de beneficiamento da polpa do a\u00e7a\u00ed \u2013 coleta, transporte e produ\u00e7\u00e3o. At\u00e9 o final do ano, a polpa, consumida basicamente pela comunidade da reserva, passar\u00e1 a ser vendida no mercado de Sena Madureira, munic\u00edpio que abriga a Resex, e de Rio Branco, capital do Estado.<\/p>\n<p style=\"text-align: justify;\"><strong>Sele\u00e7\u00e3o<\/strong><\/p>\n<p style=\"text-align: justify;\">Para ganhar o pr\u00eamio, o projeto dos extrativistas acreanos teve que passar por uma criteriosa sele\u00e7\u00e3o que levou em conta 120 iniciativas empreendedoras de destaque em todo o Pa\u00eds. Inicialmente, a experi\u00eancia de Cazumb\u00e1 ficou entre as dez finalistas.<\/p>\n<p style=\"text-align: justify;\">\u201cChegar \u00e0 final, para n\u00f3s, j\u00e1 era uma vit\u00f3ria. Imagina ganhar o terceiro lugar, estar entre os tr\u00eas melhores do Brasil!\u201d, comemorou Rayline Maia, moradora da reserva.<\/p>\n<p style=\"text-align: justify;\">A Reserva Extrativista Cazumb\u00e1-Iracema \u00e9 administrada pelo Instituto Chico Mendes de Conserva\u00e7\u00e3o da Biodiversidade (ICMBio), no munic\u00edpio de Sena Madureira, no Acre, uma das regi\u00f5es de mais baixo IDH do Pa\u00eds.<\/p>\n<p style=\"text-align: justify;\">Tem 750 mil hectares e abriga 340 fam\u00edlias que vivem exclusivamente do extrativismo. Com a entrada em funcionamento do projeto de beneficiamento do a\u00e7a\u00ed, os moradores sonham com dias melhores.<\/p>\n","protected":false},"excerpt":{"rendered":"<p style=\"text-align: justify;\">Projeto de A\u00e7a\u00ed do Cazumb\u00e1-Iracema<\/p>\n","protected":false},"author":4,"featured_media":19204,"comment_status":"open","ping_status":"open","sticky":false,"template":"","format":"standard","meta":{"jnews-multi-image_gallery":[],"jnews_single_post":[],"jnews_primary_category":[],"jnews_social_meta":[],"jnews_review":[],"enable_review":"","type":"","name":"","summary":"","brand":"","sku":"","good":[],"bad":[],"score_override":"","override_value":"","rating":[],"price":[],"footnotes":""},"categories":[54],"tags":[],"class_list":["post-19205","post","type-post","status-publish","format-standard","has-post-thumbnail","hentry","category-cotidiano"],"yoast_head":"<!-- This site is optimized with the Yoast SEO plugin v26.5 - https:\/\/yoast.com\/wordpress\/plugins\/seo\/ -->\n<title>Acre leva 3\u00ba lugar em pr\u00eamio Pronatec Empreendedor - Agazeta.net<\/title>\n<meta name=\"robots\" content=\"index, follow, max-snippet:-1, max-image-preview:large, max-video-preview:-1\" \/>\n<link rel=\"canonical\" href=\"https:\/\/nk7-testes.com.br\/agazeta\/acre-leva-3-lugar-em-premio-pronatec-empreendedor\/\" \/>\n<meta property=\"og:locale\" content=\"pt_BR\" \/>\n<meta property=\"og:type\" content=\"article\" \/>\n<meta property=\"og:title\" content=\"Acre leva 3\u00ba lugar em pr\u00eamio Pronatec Empreendedor - Agazeta.net\" \/>\n<meta property=\"og:description\" content=\"Projeto de A\u00e7a\u00ed do Cazumb\u00e1-Iracema\" \/>\n<meta property=\"og:url\" content=\"https:\/\/nk7-testes.com.br\/agazeta\/acre-leva-3-lugar-em-premio-pronatec-empreendedor\/\" \/>\n<meta property=\"og:site_name\" content=\"Agazeta.net\" \/>\n<meta property=\"article:published_time\" content=\"2015-10-23T16:39:41+00:00\" \/>\n<meta property=\"og:image\" content=\"https:\/\/nk7-testes.com.br\/agazeta\/wp-content\/uploads\/2015\/10\/231015-cotidiano-cazumbairacema-divulgacao.jpg\" \/>\n\t<meta property=\"og:image:width\" content=\"458\" \/>\n\t<meta property=\"og:image:height\" content=\"340\" \/>\n\t<meta property=\"og:image:type\" content=\"image\/jpeg\" \/>\n<meta name=\"author\" content=\"Agazeta.Net\" \/>\n<meta name=\"twitter:card\" content=\"summary_large_image\" \/>\n<meta name=\"twitter:label1\" content=\"Escrito por\" \/>\n\t<meta name=\"twitter:data1\" content=\"Agazeta.Net\" \/>\n\t<meta name=\"twitter:label2\" content=\"Est. tempo de leitura\" \/>\n\t<meta name=\"twitter:data2\" content=\"2 minutos\" \/>\n<script type=\"application\/ld+json\" class=\"yoast-schema-graph\">{\"@context\":\"https:\/\/schema.org\",\"@graph\":[{\"@type\":\"WebPage\",\"@id\":\"https:\/\/nk7-testes.com.br\/agazeta\/acre-leva-3-lugar-em-premio-pronatec-empreendedor\/\",\"url\":\"https:\/\/nk7-testes.com.br\/agazeta\/acre-leva-3-lugar-em-premio-pronatec-empreendedor\/\",\"name\":\"Acre leva 3\u00ba lugar em pr\u00eamio Pronatec Empreendedor - Agazeta.net\",\"isPartOf\":{\"@id\":\"https:\/\/nk7-testes.com.br\/agazeta\/#website\"},\"primaryImageOfPage\":{\"@id\":\"https:\/\/nk7-testes.com.br\/agazeta\/acre-leva-3-lugar-em-premio-pronatec-empreendedor\/#primaryimage\"},\"image\":{\"@id\":\"https:\/\/nk7-testes.com.br\/agazeta\/acre-leva-3-lugar-em-premio-pronatec-empreendedor\/#primaryimage\"},\"thumbnailUrl\":\"https:\/\/nk7-testes.com.br\/agazeta\/wp-content\/uploads\/2015\/10\/231015-cotidiano-cazumbairacema-divulgacao.jpg\",\"datePublished\":\"2015-10-23T16:39:41+00:00\",\"author\":{\"@id\":\"https:\/\/nk7-testes.com.br\/agazeta\/#\/schema\/person\/6d6e25cb0435eb4a02fd44d30b4e3020\"},\"breadcrumb\":{\"@id\":\"https:\/\/nk7-testes.com.br\/agazeta\/acre-leva-3-lugar-em-premio-pronatec-empreendedor\/#breadcrumb\"},\"inLanguage\":\"pt-BR\",\"potentialAction\":[{\"@type\":\"ReadAction\",\"target\":[\"https:\/\/nk7-testes.com.br\/agazeta\/acre-leva-3-lugar-em-premio-pronatec-empreendedor\/\"]}]},{\"@type\":\"ImageObject\",\"inLanguage\":\"pt-BR\",\"@id\":\"https:\/\/nk7-testes.com.br\/agazeta\/acre-leva-3-lugar-em-premio-pronatec-empreendedor\/#primaryimage\",\"url\":\"https:\/\/nk7-testes.com.br\/agazeta\/wp-content\/uploads\/2015\/10\/231015-cotidiano-cazumbairacema-divulgacao.jpg\",\"contentUrl\":\"https:\/\/nk7-testes.com.br\/agazeta\/wp-content\/uploads\/2015\/10\/231015-cotidiano-cazumbairacema-divulgacao.jpg\",\"width\":458,\"height\":340,\"caption\":\"231015-cotidiano-cazumbairacema-divulgacao\"},{\"@type\":\"BreadcrumbList\",\"@id\":\"https:\/\/nk7-testes.com.br\/agazeta\/acre-leva-3-lugar-em-premio-pronatec-empreendedor\/#breadcrumb\",\"itemListElement\":[{\"@type\":\"ListItem\",\"position\":1,\"name\":\"In\u00edcio\",\"item\":\"https:\/\/nk7-testes.com.br\/agazeta\/\"},{\"@type\":\"ListItem\",\"position\":2,\"name\":\"Acre leva 3\u00ba lugar em pr\u00eamio Pronatec Empreendedor\"}]},{\"@type\":\"WebSite\",\"@id\":\"https:\/\/nk7-testes.com.br\/agazeta\/#website\",\"url\":\"https:\/\/nk7-testes.com.br\/agazeta\/\",\"name\":\"Agazeta.net\",\"description\":\"Agazeta.net - Not\u00edcias de Rio Branco\/AC\",\"potentialAction\":[{\"@type\":\"SearchAction\",\"target\":{\"@type\":\"EntryPoint\",\"urlTemplate\":\"https:\/\/nk7-testes.com.br\/agazeta\/?s={search_term_string}\"},\"query-input\":{\"@type\":\"PropertyValueSpecification\",\"valueRequired\":true,\"valueName\":\"search_term_string\"}}],\"inLanguage\":\"pt-BR\"},{\"@type\":\"Person\",\"@id\":\"https:\/\/nk7-testes.com.br\/agazeta\/#\/schema\/person\/6d6e25cb0435eb4a02fd44d30b4e3020\",\"name\":\"Agazeta.Net\",\"url\":\"https:\/\/nk7-testes.com.br\/agazeta\/author\/agazeta\/\"}]}<\/script>\n<!-- \/ Yoast SEO plugin. -->","yoast_head_json":{"title":"Acre leva 3\u00ba lugar em pr\u00eamio Pronatec Empreendedor - Agazeta.net","robots":{"index":"index","follow":"follow","max-snippet":"max-snippet:-1","max-image-preview":"max-image-preview:large","max-video-preview":"max-video-preview:-1"},"canonical":"https:\/\/nk7-testes.com.br\/agazeta\/acre-leva-3-lugar-em-premio-pronatec-empreendedor\/","og_locale":"pt_BR","og_type":"article","og_title":"Acre leva 3\u00ba lugar em pr\u00eamio Pronatec Empreendedor - Agazeta.net","og_description":"Projeto de A\u00e7a\u00ed do Cazumb\u00e1-Iracema","og_url":"https:\/\/nk7-testes.com.br\/agazeta\/acre-leva-3-lugar-em-premio-pronatec-empreendedor\/","og_site_name":"Agazeta.net","article_published_time":"2015-10-23T16:39:41+00:00","og_image":[{"width":458,"height":340,"url":"https:\/\/nk7-testes.com.br\/agazeta\/wp-content\/uploads\/2015\/10\/231015-cotidiano-cazumbairacema-divulgacao.jpg","type":"image\/jpeg"}],"author":"Agazeta.Net","twitter_card":"summary_large_image","twitter_misc":{"Escrito por":"Agazeta.Net","Est. tempo de leitura":"2 minutos"},"schema":{"@context":"https:\/\/schema.org","@graph":[{"@type":"WebPage","@id":"https:\/\/nk7-testes.com.br\/agazeta\/acre-leva-3-lugar-em-premio-pronatec-empreendedor\/","url":"https:\/\/nk7-testes.com.br\/agazeta\/acre-leva-3-lugar-em-premio-pronatec-empreendedor\/","name":"Acre leva 3\u00ba lugar em pr\u00eamio Pronatec Empreendedor - Agazeta.net","isPartOf":{"@id":"https:\/\/nk7-testes.com.br\/agazeta\/#website"},"primaryImageOfPage":{"@id":"https:\/\/nk7-testes.com.br\/agazeta\/acre-leva-3-lugar-em-premio-pronatec-empreendedor\/#primaryimage"},"image":{"@id":"https:\/\/nk7-testes.com.br\/agazeta\/acre-leva-3-lugar-em-premio-pronatec-empreendedor\/#primaryimage"},"thumbnailUrl":"https:\/\/nk7-testes.com.br\/agazeta\/wp-content\/uploads\/2015\/10\/231015-cotidiano-cazumbairacema-divulgacao.jpg","datePublished":"2015-10-23T16:39:41+00:00","author":{"@id":"https:\/\/nk7-testes.com.br\/agazeta\/#\/schema\/person\/6d6e25cb0435eb4a02fd44d30b4e3020"},"breadcrumb":{"@id":"https:\/\/nk7-testes.com.br\/agazeta\/acre-leva-3-lugar-em-premio-pronatec-empreendedor\/#breadcrumb"},"inLanguage":"pt-BR","potentialAction":[{"@type":"ReadAction","target":["https:\/\/nk7-testes.com.br\/agazeta\/acre-leva-3-lugar-em-premio-pronatec-empreendedor\/"]}]},{"@type":"ImageObject","inLanguage":"pt-BR","@id":"https:\/\/nk7-testes.com.br\/agazeta\/acre-leva-3-lugar-em-premio-pronatec-empreendedor\/#primaryimage","url":"https:\/\/nk7-testes.com.br\/agazeta\/wp-content\/uploads\/2015\/10\/231015-cotidiano-cazumbairacema-divulgacao.jpg","contentUrl":"https:\/\/nk7-testes.com.br\/agazeta\/wp-content\/uploads\/2015\/10\/231015-cotidiano-cazumbairacema-divulgacao.jpg","width":458,"height":340,"caption":"231015-cotidiano-cazumbairacema-divulgacao"},{"@type":"BreadcrumbList","@id":"https:\/\/nk7-testes.com.br\/agazeta\/acre-leva-3-lugar-em-premio-pronatec-empreendedor\/#breadcrumb","itemListElement":[{"@type":"ListItem","position":1,"name":"In\u00edcio","item":"https:\/\/nk7-testes.com.br\/agazeta\/"},{"@type":"ListItem","position":2,"name":"Acre leva 3\u00ba lugar em pr\u00eamio Pronatec Empreendedor"}]},{"@type":"WebSite","@id":"https:\/\/nk7-testes.com.br\/agazeta\/#website","url":"https:\/\/nk7-testes.com.br\/agazeta\/","name":"Agazeta.net","description":"Agazeta.net - Not\u00edcias de Rio Branco\/AC","potentialAction":[{"@type":"SearchAction","target":{"@type":"EntryPoint","urlTemplate":"https:\/\/nk7-testes.com.br\/agazeta\/?s={search_term_string}"},"query-input":{"@type":"PropertyValueSpecification","valueRequired":true,"valueName":"search_term_string"}}],"inLanguage":"pt-BR"},{"@type":"Person","@id":"https:\/\/nk7-testes.com.br\/agazeta\/#\/schema\/person\/6d6e25cb0435eb4a02fd44d30b4e3020","name":"Agazeta.Net","url":"https:\/\/nk7-testes.com.br\/agazeta\/author\/agazeta\/"}]}},"_links":{"self":[{"href":"https:\/\/nk7-testes.com.br\/agazeta\/wp-json\/wp\/v2\/posts\/19205","targetHints":{"allow":["GET"]}}],"collection":[{"href":"https:\/\/nk7-testes.com.br\/agazeta\/wp-json\/wp\/v2\/posts"}],"about":[{"href":"https:\/\/nk7-testes.com.br\/agazeta\/wp-json\/wp\/v2\/types\/post"}],"author":[{"embeddable":true,"href":"https:\/\/nk7-testes.com.br\/agazeta\/wp-json\/wp\/v2\/users\/4"}],"replies":[{"embeddable":true,"href":"https:\/\/nk7-testes.com.br\/agazeta\/wp-json\/wp\/v2\/comments?post=19205"}],"version-history":[{"count":0,"href":"https:\/\/nk7-testes.com.br\/agazeta\/wp-json\/wp\/v2\/posts\/19205\/revisions"}],"wp:featuredmedia":[{"embeddable":true,"href":"https:\/\/nk7-testes.com.br\/agazeta\/wp-json\/wp\/v2\/media\/19204"}],"wp:attachment":[{"href":"https:\/\/nk7-testes.com.br\/agazeta\/wp-json\/wp\/v2\/media?parent=19205"}],"wp:term":[{"taxonomy":"category","embeddable":true,"href":"https:\/\/nk7-testes.com.br\/agazeta\/wp-json\/wp\/v2\/categories?post=19205"},{"taxonomy":"post_tag","embeddable":true,"href":"https:\/\/nk7-testes.com.br\/agazeta\/wp-json\/wp\/v2\/tags?post=19205"}],"curies":[{"name":"wp","href":"https:\/\/api.w.org\/{rel}","templated":true}]}}