{"id":19163,"date":"2015-10-21T20:20:13","date_gmt":"2015-10-21T20:20:13","guid":{"rendered":"https:\/\/abarevegan.com.br\/index.php\/2015\/10\/21\/familia-cria-pagina-no-facebook-para-ajudar-menino\/"},"modified":"2015-10-21T20:20:13","modified_gmt":"2015-10-21T20:20:13","slug":"familia-cria-pagina-no-facebook-para-ajudar-menino","status":"publish","type":"post","link":"https:\/\/nk7-testes.com.br\/agazeta\/familia-cria-pagina-no-facebook-para-ajudar-menino\/","title":{"rendered":"Fam\u00edlia cria p\u00e1gina no Facebook para ajudar menino"},"content":{"rendered":"<p>Tumor na coluna exige R$ 55 mil para cirurgia<\/p>\n<p style=\"text-align: justify;\">&nbsp;Christian necessita retirar um tumor da coluna. Segundo a m\u00e3e do menino, o sistema de sa\u00fade p\u00fablico do Acre n\u00e3o disp\u00f5e da cirurgia.<\/p>\n<p style=\"text-align: justify;\">&nbsp;O simples ato de andar \u00e9 uma grande dificuldade para o pequeno Chistian Negreiros Ferreira, 10. O garoto s\u00f3 conseguiu dar os primeiros passos aos quatro anos de idade, devido ao fato de sofrer de tr\u00eas tipos de doen\u00e7as na coluna. Desde o nascimento, os problemas afetam os movimentos e geram fortes dores.<\/p>\n<p style=\"text-align: justify;\">&nbsp;Christian nasceu com v\u00e1rios problemas na coluna. Ele sofre de lipomielomeningocele, cauda presa e espinha b\u00edfida oculta, e corre o risco de ficar parapl\u00e9gico se n\u00e3o fizer uma cirurgia que custa R$ 55 mil.<\/p>\n<p style=\"text-align: justify;\">&nbsp;Recentemente foi descoberto em sua coluna um tumor, e por conta disso ele precisa usar fraldas 24h. A fam\u00edlia de Christian criou uma p\u00e1gina no facebook, intitulada \u201cAjude o Christian\u201d, na qual tenta angariar fundos para a realiza\u00e7\u00e3o da cirurgia e para a manuten\u00e7\u00e3o das fraldas.<\/p>\n<p style=\"text-align: justify;\">&nbsp;\u201cEu sinto muitas dores, principalmente na cirurgia, n\u00e3o posso brincar. At\u00e9 para ir para escola \u00e9 muito ruim, pois meus colegas ficam me chamando de paral\u00edtico, e eu me sinto muito mal com isso. \u00c9 a dor da doen\u00e7a e dor da forma como meus colegas me tratam. Tenho esperan\u00e7a que vou ficar curado. Pe\u00e7o a ajuda de quem puder me ajudar\u201d, contou o pequeno Christian ao falar da dor da doen\u00e7a.<\/p>\n<p style=\"text-align: justify;\">&nbsp;<\/p>\n<p style=\"text-align: justify;\">A m\u00e3e Taiana de Souza Negreiros, 26, contou que o menino apresenta dores desde o nascimento. Mas, s\u00f3 conseguiu ter um diagn\u00f3stico preciso quando o garoto tinha oito anos de idade, em Rio Branco, e em 2014, em Manaus, foi descoberto um tumor benigno na coluna.<\/p>\n<p style=\"text-align: justify;\">&nbsp;O primeiro tratamento feito por Christian, em Manaus, e as despesas foram arcadas atrav\u00e9s da ajuda recebida na p\u00e1gina do facebook. De acordo com a m\u00e3e, o tumor descoberto na coluna do menino acaba afetando o intestino e a bexiga. Ele n\u00e3o tem controle de suas necessidades fisiol\u00f3gicas, necessitando usar fraldas constantemente.<\/p>\n<p style=\"text-align: justify;\">&nbsp;<\/p>\n<p style=\"text-align: justify;\">\u201cEm 2013, n\u00f3s conseguimos ir para Rio Branco fazer alguns exames l\u00e1, e ele s\u00f3 sofria aqui, sentindo dores e sem saber de nada antes. Mesmo assim, o Estado n\u00e3o tinha condi\u00e7\u00f5es de ajudar em nada, e n\u00f3s voltamos. E em 2014 fomos novamente. Foram feitos novos exames, e de l\u00e1 fomos para Manaus por conta pr\u00f3pria para fazer um estudo urodin\u00e2mico da bexiga dele. L\u00e1 os neurocirurgi\u00f5es estudaram a situa\u00e7\u00e3o dele e descobriram que ele tem um tumor na coluna, gra\u00e7as a Deus \u00e9 benigno\u201d, contou a m\u00e3e.<\/p>\n<p style=\"text-align: justify;\">De acordo com Irlene Bandeira, gerente do Tratamento Fora de Domic\u00edlio (TFD) de Cruzeiro do Sul, era necess\u00e1rio a m\u00e3e da crian\u00e7a dar entrada no pedido de retorno m\u00e9dico, o que ainda n\u00e3o tinha sido feito, para que o encaminhamento fosse realizado.<\/p>\n<p style=\"text-align: justify;\">\u201cEm junho o Christian viajou para Rio Branco para ser avaliado pelo neuro, e o m\u00e9dico solicitou que ele fosse avaliado por um especialista em Manaus, que foi quem fez a cirurgia. S\u00f3 que a m\u00e3e n\u00e3o deu entrada no laudo de TFD para fora do estado e quando chegou aqui tamb\u00e9m n\u00e3o deu entrada, ent\u00e3o para n\u00f3s \u00e9 como se ele ainda estivesse em Rio Branco, pois n\u00e3o foi dada entrada em relat\u00f3rio de alta. J\u00e1 a orientamos agora de como proceder. A m\u00e3e vai providenciar a documenta\u00e7\u00e3o e encaminharemos para Rio Branco para solicitar o Tratamento Fora do Estado\u201d, falou.<\/p>\n<p style=\"text-align: justify;\">O contato com o servi\u00e7o social tamb\u00e9m j\u00e1 foi realizado em rela\u00e7\u00e3o ao pedido de fraldas, que a crian\u00e7a necessita usar constantemente. As pessoas interessadas em realizar a doa\u00e7\u00e3o podem acessar a p\u00e1gina no facebook \u201cAjude o Christian\u201d, ou atrav\u00e9s da conta: Ag\u00eancia 1060-0<\/p>\n<p style=\"text-align: justify;\">&nbsp;Conta 0017167-0<\/p>\n<p style=\"text-align: justify;\">Thaiana de Souza negreiros<\/p>\n<p style=\"text-align: justify;\">&nbsp;CPF 997198272-20<\/p>\n<p style=\"text-align: justify;\">&nbsp;<\/p>\n<p style=\"text-align: justify;\">Conta poupan\u00e7a Bradesco<\/p>\n<p><span style=\"font-size: 12pt; line-height: 115%; font-family: 'Times New Roman', serif;\">&nbsp;<\/span><\/p>\n<p>&nbsp;<\/p>\n","protected":false},"excerpt":{"rendered":"<p>Tumor na coluna exige R$ 55 mil para cirurgia<\/p>\n","protected":false},"author":4,"featured_media":19162,"comment_status":"open","ping_status":"open","sticky":false,"template":"","format":"standard","meta":{"jnews-multi-image_gallery":[],"jnews_single_post":[],"jnews_primary_category":[],"jnews_social_meta":[],"jnews_review":[],"enable_review":"","type":"","name":"","summary":"","brand":"","sku":"","good":[],"bad":[],"score_override":"","override_value":"","rating":[],"price":[],"footnotes":""},"categories":[54],"tags":[],"class_list":["post-19163","post","type-post","status-publish","format-standard","has-post-thumbnail","hentry","category-cotidiano"],"yoast_head":"<!-- This site is optimized with the Yoast SEO plugin v26.5 - https:\/\/yoast.com\/wordpress\/plugins\/seo\/ -->\n<title>Fam\u00edlia cria p\u00e1gina no Facebook para ajudar menino - Agazeta.net<\/title>\n<meta name=\"robots\" content=\"index, follow, max-snippet:-1, max-image-preview:large, max-video-preview:-1\" \/>\n<link rel=\"canonical\" href=\"https:\/\/nk7-testes.com.br\/agazeta\/familia-cria-pagina-no-facebook-para-ajudar-menino\/\" \/>\n<meta property=\"og:locale\" content=\"pt_BR\" \/>\n<meta property=\"og:type\" content=\"article\" \/>\n<meta property=\"og:title\" content=\"Fam\u00edlia cria p\u00e1gina no Facebook para ajudar menino - Agazeta.net\" \/>\n<meta property=\"og:description\" content=\"Tumor na coluna exige R$ 55 mil para cirurgia\" \/>\n<meta property=\"og:url\" content=\"https:\/\/nk7-testes.com.br\/agazeta\/familia-cria-pagina-no-facebook-para-ajudar-menino\/\" \/>\n<meta property=\"og:site_name\" content=\"Agazeta.net\" \/>\n<meta property=\"article:published_time\" content=\"2015-10-21T20:20:13+00:00\" \/>\n<meta property=\"og:image\" content=\"https:\/\/nk7-testes.com.br\/agazeta\/wp-content\/uploads\/2015\/10\/211015-cotidiano-campanhafacebook-juruaonline.jpg\" \/>\n\t<meta property=\"og:image:width\" content=\"458\" \/>\n\t<meta property=\"og:image:height\" content=\"340\" \/>\n\t<meta property=\"og:image:type\" content=\"image\/jpeg\" \/>\n<meta name=\"author\" content=\"Agazeta.Net\" \/>\n<meta name=\"twitter:card\" content=\"summary_large_image\" \/>\n<meta name=\"twitter:label1\" content=\"Escrito por\" \/>\n\t<meta name=\"twitter:data1\" content=\"Agazeta.Net\" \/>\n\t<meta name=\"twitter:label2\" content=\"Est. tempo de leitura\" \/>\n\t<meta name=\"twitter:data2\" content=\"3 minutos\" \/>\n<script type=\"application\/ld+json\" class=\"yoast-schema-graph\">{\"@context\":\"https:\/\/schema.org\",\"@graph\":[{\"@type\":\"WebPage\",\"@id\":\"https:\/\/nk7-testes.com.br\/agazeta\/familia-cria-pagina-no-facebook-para-ajudar-menino\/\",\"url\":\"https:\/\/nk7-testes.com.br\/agazeta\/familia-cria-pagina-no-facebook-para-ajudar-menino\/\",\"name\":\"Fam\u00edlia cria p\u00e1gina no Facebook para ajudar menino - Agazeta.net\",\"isPartOf\":{\"@id\":\"https:\/\/nk7-testes.com.br\/agazeta\/#website\"},\"primaryImageOfPage\":{\"@id\":\"https:\/\/nk7-testes.com.br\/agazeta\/familia-cria-pagina-no-facebook-para-ajudar-menino\/#primaryimage\"},\"image\":{\"@id\":\"https:\/\/nk7-testes.com.br\/agazeta\/familia-cria-pagina-no-facebook-para-ajudar-menino\/#primaryimage\"},\"thumbnailUrl\":\"https:\/\/nk7-testes.com.br\/agazeta\/wp-content\/uploads\/2015\/10\/211015-cotidiano-campanhafacebook-juruaonline.jpg\",\"datePublished\":\"2015-10-21T20:20:13+00:00\",\"author\":{\"@id\":\"https:\/\/nk7-testes.com.br\/agazeta\/#\/schema\/person\/6d6e25cb0435eb4a02fd44d30b4e3020\"},\"breadcrumb\":{\"@id\":\"https:\/\/nk7-testes.com.br\/agazeta\/familia-cria-pagina-no-facebook-para-ajudar-menino\/#breadcrumb\"},\"inLanguage\":\"pt-BR\",\"potentialAction\":[{\"@type\":\"ReadAction\",\"target\":[\"https:\/\/nk7-testes.com.br\/agazeta\/familia-cria-pagina-no-facebook-para-ajudar-menino\/\"]}]},{\"@type\":\"ImageObject\",\"inLanguage\":\"pt-BR\",\"@id\":\"https:\/\/nk7-testes.com.br\/agazeta\/familia-cria-pagina-no-facebook-para-ajudar-menino\/#primaryimage\",\"url\":\"https:\/\/nk7-testes.com.br\/agazeta\/wp-content\/uploads\/2015\/10\/211015-cotidiano-campanhafacebook-juruaonline.jpg\",\"contentUrl\":\"https:\/\/nk7-testes.com.br\/agazeta\/wp-content\/uploads\/2015\/10\/211015-cotidiano-campanhafacebook-juruaonline.jpg\",\"width\":458,\"height\":340,\"caption\":\"211015-cotidiano-campanhafacebook-juruaonline\"},{\"@type\":\"BreadcrumbList\",\"@id\":\"https:\/\/nk7-testes.com.br\/agazeta\/familia-cria-pagina-no-facebook-para-ajudar-menino\/#breadcrumb\",\"itemListElement\":[{\"@type\":\"ListItem\",\"position\":1,\"name\":\"In\u00edcio\",\"item\":\"https:\/\/nk7-testes.com.br\/agazeta\/\"},{\"@type\":\"ListItem\",\"position\":2,\"name\":\"Fam\u00edlia cria p\u00e1gina no Facebook para ajudar menino\"}]},{\"@type\":\"WebSite\",\"@id\":\"https:\/\/nk7-testes.com.br\/agazeta\/#website\",\"url\":\"https:\/\/nk7-testes.com.br\/agazeta\/\",\"name\":\"Agazeta.net\",\"description\":\"Agazeta.net - Not\u00edcias de Rio Branco\/AC\",\"potentialAction\":[{\"@type\":\"SearchAction\",\"target\":{\"@type\":\"EntryPoint\",\"urlTemplate\":\"https:\/\/nk7-testes.com.br\/agazeta\/?s={search_term_string}\"},\"query-input\":{\"@type\":\"PropertyValueSpecification\",\"valueRequired\":true,\"valueName\":\"search_term_string\"}}],\"inLanguage\":\"pt-BR\"},{\"@type\":\"Person\",\"@id\":\"https:\/\/nk7-testes.com.br\/agazeta\/#\/schema\/person\/6d6e25cb0435eb4a02fd44d30b4e3020\",\"name\":\"Agazeta.Net\",\"url\":\"https:\/\/nk7-testes.com.br\/agazeta\/author\/agazeta\/\"}]}<\/script>\n<!-- \/ Yoast SEO plugin. -->","yoast_head_json":{"title":"Fam\u00edlia cria p\u00e1gina no Facebook para ajudar menino - Agazeta.net","robots":{"index":"index","follow":"follow","max-snippet":"max-snippet:-1","max-image-preview":"max-image-preview:large","max-video-preview":"max-video-preview:-1"},"canonical":"https:\/\/nk7-testes.com.br\/agazeta\/familia-cria-pagina-no-facebook-para-ajudar-menino\/","og_locale":"pt_BR","og_type":"article","og_title":"Fam\u00edlia cria p\u00e1gina no Facebook para ajudar menino - Agazeta.net","og_description":"Tumor na coluna exige R$ 55 mil para cirurgia","og_url":"https:\/\/nk7-testes.com.br\/agazeta\/familia-cria-pagina-no-facebook-para-ajudar-menino\/","og_site_name":"Agazeta.net","article_published_time":"2015-10-21T20:20:13+00:00","og_image":[{"width":458,"height":340,"url":"https:\/\/nk7-testes.com.br\/agazeta\/wp-content\/uploads\/2015\/10\/211015-cotidiano-campanhafacebook-juruaonline.jpg","type":"image\/jpeg"}],"author":"Agazeta.Net","twitter_card":"summary_large_image","twitter_misc":{"Escrito por":"Agazeta.Net","Est. tempo de leitura":"3 minutos"},"schema":{"@context":"https:\/\/schema.org","@graph":[{"@type":"WebPage","@id":"https:\/\/nk7-testes.com.br\/agazeta\/familia-cria-pagina-no-facebook-para-ajudar-menino\/","url":"https:\/\/nk7-testes.com.br\/agazeta\/familia-cria-pagina-no-facebook-para-ajudar-menino\/","name":"Fam\u00edlia cria p\u00e1gina no Facebook para ajudar menino - Agazeta.net","isPartOf":{"@id":"https:\/\/nk7-testes.com.br\/agazeta\/#website"},"primaryImageOfPage":{"@id":"https:\/\/nk7-testes.com.br\/agazeta\/familia-cria-pagina-no-facebook-para-ajudar-menino\/#primaryimage"},"image":{"@id":"https:\/\/nk7-testes.com.br\/agazeta\/familia-cria-pagina-no-facebook-para-ajudar-menino\/#primaryimage"},"thumbnailUrl":"https:\/\/nk7-testes.com.br\/agazeta\/wp-content\/uploads\/2015\/10\/211015-cotidiano-campanhafacebook-juruaonline.jpg","datePublished":"2015-10-21T20:20:13+00:00","author":{"@id":"https:\/\/nk7-testes.com.br\/agazeta\/#\/schema\/person\/6d6e25cb0435eb4a02fd44d30b4e3020"},"breadcrumb":{"@id":"https:\/\/nk7-testes.com.br\/agazeta\/familia-cria-pagina-no-facebook-para-ajudar-menino\/#breadcrumb"},"inLanguage":"pt-BR","potentialAction":[{"@type":"ReadAction","target":["https:\/\/nk7-testes.com.br\/agazeta\/familia-cria-pagina-no-facebook-para-ajudar-menino\/"]}]},{"@type":"ImageObject","inLanguage":"pt-BR","@id":"https:\/\/nk7-testes.com.br\/agazeta\/familia-cria-pagina-no-facebook-para-ajudar-menino\/#primaryimage","url":"https:\/\/nk7-testes.com.br\/agazeta\/wp-content\/uploads\/2015\/10\/211015-cotidiano-campanhafacebook-juruaonline.jpg","contentUrl":"https:\/\/nk7-testes.com.br\/agazeta\/wp-content\/uploads\/2015\/10\/211015-cotidiano-campanhafacebook-juruaonline.jpg","width":458,"height":340,"caption":"211015-cotidiano-campanhafacebook-juruaonline"},{"@type":"BreadcrumbList","@id":"https:\/\/nk7-testes.com.br\/agazeta\/familia-cria-pagina-no-facebook-para-ajudar-menino\/#breadcrumb","itemListElement":[{"@type":"ListItem","position":1,"name":"In\u00edcio","item":"https:\/\/nk7-testes.com.br\/agazeta\/"},{"@type":"ListItem","position":2,"name":"Fam\u00edlia cria p\u00e1gina no Facebook para ajudar menino"}]},{"@type":"WebSite","@id":"https:\/\/nk7-testes.com.br\/agazeta\/#website","url":"https:\/\/nk7-testes.com.br\/agazeta\/","name":"Agazeta.net","description":"Agazeta.net - Not\u00edcias de Rio Branco\/AC","potentialAction":[{"@type":"SearchAction","target":{"@type":"EntryPoint","urlTemplate":"https:\/\/nk7-testes.com.br\/agazeta\/?s={search_term_string}"},"query-input":{"@type":"PropertyValueSpecification","valueRequired":true,"valueName":"search_term_string"}}],"inLanguage":"pt-BR"},{"@type":"Person","@id":"https:\/\/nk7-testes.com.br\/agazeta\/#\/schema\/person\/6d6e25cb0435eb4a02fd44d30b4e3020","name":"Agazeta.Net","url":"https:\/\/nk7-testes.com.br\/agazeta\/author\/agazeta\/"}]}},"_links":{"self":[{"href":"https:\/\/nk7-testes.com.br\/agazeta\/wp-json\/wp\/v2\/posts\/19163","targetHints":{"allow":["GET"]}}],"collection":[{"href":"https:\/\/nk7-testes.com.br\/agazeta\/wp-json\/wp\/v2\/posts"}],"about":[{"href":"https:\/\/nk7-testes.com.br\/agazeta\/wp-json\/wp\/v2\/types\/post"}],"author":[{"embeddable":true,"href":"https:\/\/nk7-testes.com.br\/agazeta\/wp-json\/wp\/v2\/users\/4"}],"replies":[{"embeddable":true,"href":"https:\/\/nk7-testes.com.br\/agazeta\/wp-json\/wp\/v2\/comments?post=19163"}],"version-history":[{"count":0,"href":"https:\/\/nk7-testes.com.br\/agazeta\/wp-json\/wp\/v2\/posts\/19163\/revisions"}],"wp:featuredmedia":[{"embeddable":true,"href":"https:\/\/nk7-testes.com.br\/agazeta\/wp-json\/wp\/v2\/media\/19162"}],"wp:attachment":[{"href":"https:\/\/nk7-testes.com.br\/agazeta\/wp-json\/wp\/v2\/media?parent=19163"}],"wp:term":[{"taxonomy":"category","embeddable":true,"href":"https:\/\/nk7-testes.com.br\/agazeta\/wp-json\/wp\/v2\/categories?post=19163"},{"taxonomy":"post_tag","embeddable":true,"href":"https:\/\/nk7-testes.com.br\/agazeta\/wp-json\/wp\/v2\/tags?post=19163"}],"curies":[{"name":"wp","href":"https:\/\/api.w.org\/{rel}","templated":true}]}}