{"id":19158,"date":"2015-10-21T17:21:13","date_gmt":"2015-10-21T17:21:13","guid":{"rendered":"https:\/\/abarevegan.com.br\/index.php\/2015\/10\/21\/juiz-mantem-decisao-sobre-veiculos-de-comunicacao\/"},"modified":"2015-10-21T17:21:13","modified_gmt":"2015-10-21T17:21:13","slug":"juiz-mantem-decisao-sobre-veiculos-de-comunicacao","status":"publish","type":"post","link":"https:\/\/nk7-testes.com.br\/agazeta\/juiz-mantem-decisao-sobre-veiculos-de-comunicacao\/","title":{"rendered":"Juiz mant\u00e9m decis\u00e3o sobre ve\u00edculos de comunica\u00e7\u00e3o"},"content":{"rendered":"<p style=\"text-align: justify;\">Ele nega que queira cercear liberdade de express\u00e3o<\/p>\n<p style=\"text-align: justify;\">O juiz da Vara de Registros P\u00fablicos e de Cartas Precat\u00f3rias da Comarca de Rio Branco, Marcelo Badar\u00f3 Duarte, mant\u00e9m a decis\u00e3o de intimar e notificar 133 blogueiros da Capital do Acre, al\u00e9m de outros ve\u00edculos de comunica\u00e7\u00e3o a atender a Lei de Registros Civis 6015\/73.<\/p>\n<p style=\"text-align: justify;\">\u201cO que for considerado ve\u00edculo de comunica\u00e7\u00e3o de pessoa jur\u00eddica est\u00e1 sujeito ao registro\u201d, afirmou o juiz em coletiva de imprensa ap\u00f3s intensa e negativa repercuss\u00e3o em redes sociais e entre os profissionais da imprensa local.<\/p>\n<p style=\"text-align: justify;\"><strong>&#8220;Precedentes indesej\u00e1veis&#8221;_<\/strong> No despacho do juiz, em que atende ao pedido do delegat\u00e1rio do Of\u00edcio de Registro de T\u00edtulos e Documentos e Registro Civil das Pessoas Jur\u00eddicas, Gustavo Luz Gil, n\u00e3o est\u00e1 claro qual crit\u00e9rio para diferenciar os blogs que trabalham com informa\u00e7\u00e3o.<\/p>\n<p style=\"text-align: justify;\">Diante da pol\u00eamica, o juiz cria uma nova express\u00e3o para definir falta de liberdade de express\u00e3o. \u201cIsso n\u00e3o quer dizer que todos os blogs v\u00e3o estar sujeitos\u201d, ponderou o magistrado. \u201cN\u00f3s vamos fazer an\u00e1lise criteriosa para n\u00e3o ficar criando precedentes indesej\u00e1veis\u201d.<\/p>\n<p style=\"text-align: justify;\">O jornalista Altino Machado, que assina o blog de maior prest\u00edgio na regi\u00e3o, discorda da decis\u00e3o do juiz. \u201cIsso \u00e9 um absurdo\u201d, indignou-se. \u201cEu nunca ouvi falar dessa exig\u00eancia\u201d. Machado tem experi\u00eancia em grandes reda\u00e7\u00f5es e nos \u00faltimos anos atua praticamente com exclusividade na web.<\/p>\n<p style=\"text-align: justify;\">O Sindicato dos Jornalistas Profissionais do Acre tamb\u00e9m repudiou a medida. Em nota de desagravo, afirmou que o juiz tentou \u201ccercear e censurar o direito \u00e0 comunica\u00e7\u00e3o e \u00e0 livre express\u00e3o de jornalistas profissionais sindicalizados e independentes, propriet\u00e1rios de blogs pessoais e de sites de not\u00edcias\u201d. A Federa\u00e7\u00e3o Nacional dos Jornalistas (Fenaj) j\u00e1 foi informado sobre o problema.<\/p>\n<p style=\"text-align: justify;\">O juiz deu um prazo de 30 dias para que os blogueiros e representantes de meios de comunica\u00e7\u00e3o \u201cregularizem a situa\u00e7\u00e3o\u201d junto \u00e0 Vara de Registros Civis. Os 133 blogueiros e meios de comunica\u00e7\u00e3o que n\u00e3o forem &#8220;pessoa jur\u00eddica&#8221; t\u00eam que ir \u00e0 Vara de Registros para explicar esta condi\u00e7\u00e3o sem necessidade de fazer o registro.&nbsp;<\/p>\n<p style=\"text-align: justify;\">A medida j\u00e1 come\u00e7ou a intimidar a atua\u00e7\u00e3o do profissional de imprensa. \u201cEu n\u00e3o tenho interesse em manter o site. J\u00e1 usei o site com fins comerciais, mas h\u00e1 algum tempo n\u00e3o atualizo a p\u00e1gina. Essa exig\u00eancia legal, para mim, n\u00e3o tem sentido\u201d, afirmou o jornalista Senildo Melo, que assina um blog sobre Meio Ambiente e Turismo. \u201cVou excluir a p\u00e1gina, sem d\u00favida\u201d.<\/p>\n","protected":false},"excerpt":{"rendered":"<p style=\"text-align: justify;\">Ele nega que queira cercear liberdade de express\u00e3o<\/p>\n","protected":false},"author":4,"featured_media":19157,"comment_status":"open","ping_status":"open","sticky":false,"template":"","format":"standard","meta":{"jnews-multi-image_gallery":[],"jnews_single_post":[],"jnews_primary_category":[],"jnews_social_meta":[],"jnews_review":[],"enable_review":"","type":"","name":"","summary":"","brand":"","sku":"","good":[],"bad":[],"score_override":"","override_value":"","rating":[],"price":[],"footnotes":""},"categories":[54],"tags":[],"class_list":["post-19158","post","type-post","status-publish","format-standard","has-post-thumbnail","hentry","category-cotidiano"],"yoast_head":"<!-- This site is optimized with the Yoast SEO plugin v26.5 - https:\/\/yoast.com\/wordpress\/plugins\/seo\/ -->\n<title>Juiz mant\u00e9m decis\u00e3o sobre ve\u00edculos de comunica\u00e7\u00e3o - Agazeta.net<\/title>\n<meta name=\"robots\" content=\"index, follow, max-snippet:-1, max-image-preview:large, max-video-preview:-1\" \/>\n<link rel=\"canonical\" href=\"https:\/\/nk7-testes.com.br\/agazeta\/juiz-mantem-decisao-sobre-veiculos-de-comunicacao\/\" \/>\n<meta property=\"og:locale\" content=\"pt_BR\" \/>\n<meta property=\"og:type\" content=\"article\" \/>\n<meta property=\"og:title\" content=\"Juiz mant\u00e9m decis\u00e3o sobre ve\u00edculos de comunica\u00e7\u00e3o - Agazeta.net\" \/>\n<meta property=\"og:description\" content=\"Ele nega que queira cercear liberdade de express\u00e3o\" \/>\n<meta property=\"og:url\" content=\"https:\/\/nk7-testes.com.br\/agazeta\/juiz-mantem-decisao-sobre-veiculos-de-comunicacao\/\" \/>\n<meta property=\"og:site_name\" content=\"Agazeta.net\" \/>\n<meta property=\"article:published_time\" content=\"2015-10-21T17:21:13+00:00\" \/>\n<meta property=\"og:image\" content=\"https:\/\/nk7-testes.com.br\/agazeta\/wp-content\/uploads\/2015\/10\/211015-cotidiano-juizmarcelobadaro-tvgazeta.jpg\" \/>\n\t<meta property=\"og:image:width\" content=\"458\" \/>\n\t<meta property=\"og:image:height\" content=\"340\" \/>\n\t<meta property=\"og:image:type\" content=\"image\/jpeg\" \/>\n<meta name=\"author\" content=\"Agazeta.Net\" \/>\n<meta name=\"twitter:card\" content=\"summary_large_image\" \/>\n<meta name=\"twitter:label1\" content=\"Escrito por\" \/>\n\t<meta name=\"twitter:data1\" content=\"Agazeta.Net\" \/>\n\t<meta name=\"twitter:label2\" content=\"Est. tempo de leitura\" \/>\n\t<meta name=\"twitter:data2\" content=\"2 minutos\" \/>\n<script type=\"application\/ld+json\" class=\"yoast-schema-graph\">{\"@context\":\"https:\/\/schema.org\",\"@graph\":[{\"@type\":\"WebPage\",\"@id\":\"https:\/\/nk7-testes.com.br\/agazeta\/juiz-mantem-decisao-sobre-veiculos-de-comunicacao\/\",\"url\":\"https:\/\/nk7-testes.com.br\/agazeta\/juiz-mantem-decisao-sobre-veiculos-de-comunicacao\/\",\"name\":\"Juiz mant\u00e9m decis\u00e3o sobre ve\u00edculos de comunica\u00e7\u00e3o - Agazeta.net\",\"isPartOf\":{\"@id\":\"https:\/\/nk7-testes.com.br\/agazeta\/#website\"},\"primaryImageOfPage\":{\"@id\":\"https:\/\/nk7-testes.com.br\/agazeta\/juiz-mantem-decisao-sobre-veiculos-de-comunicacao\/#primaryimage\"},\"image\":{\"@id\":\"https:\/\/nk7-testes.com.br\/agazeta\/juiz-mantem-decisao-sobre-veiculos-de-comunicacao\/#primaryimage\"},\"thumbnailUrl\":\"https:\/\/nk7-testes.com.br\/agazeta\/wp-content\/uploads\/2015\/10\/211015-cotidiano-juizmarcelobadaro-tvgazeta.jpg\",\"datePublished\":\"2015-10-21T17:21:13+00:00\",\"author\":{\"@id\":\"https:\/\/nk7-testes.com.br\/agazeta\/#\/schema\/person\/6d6e25cb0435eb4a02fd44d30b4e3020\"},\"breadcrumb\":{\"@id\":\"https:\/\/nk7-testes.com.br\/agazeta\/juiz-mantem-decisao-sobre-veiculos-de-comunicacao\/#breadcrumb\"},\"inLanguage\":\"pt-BR\",\"potentialAction\":[{\"@type\":\"ReadAction\",\"target\":[\"https:\/\/nk7-testes.com.br\/agazeta\/juiz-mantem-decisao-sobre-veiculos-de-comunicacao\/\"]}]},{\"@type\":\"ImageObject\",\"inLanguage\":\"pt-BR\",\"@id\":\"https:\/\/nk7-testes.com.br\/agazeta\/juiz-mantem-decisao-sobre-veiculos-de-comunicacao\/#primaryimage\",\"url\":\"https:\/\/nk7-testes.com.br\/agazeta\/wp-content\/uploads\/2015\/10\/211015-cotidiano-juizmarcelobadaro-tvgazeta.jpg\",\"contentUrl\":\"https:\/\/nk7-testes.com.br\/agazeta\/wp-content\/uploads\/2015\/10\/211015-cotidiano-juizmarcelobadaro-tvgazeta.jpg\",\"width\":458,\"height\":340,\"caption\":\"211015-cotidiano-juizmarcelobadaro-tvgazeta\"},{\"@type\":\"BreadcrumbList\",\"@id\":\"https:\/\/nk7-testes.com.br\/agazeta\/juiz-mantem-decisao-sobre-veiculos-de-comunicacao\/#breadcrumb\",\"itemListElement\":[{\"@type\":\"ListItem\",\"position\":1,\"name\":\"In\u00edcio\",\"item\":\"https:\/\/nk7-testes.com.br\/agazeta\/\"},{\"@type\":\"ListItem\",\"position\":2,\"name\":\"Juiz mant\u00e9m decis\u00e3o sobre ve\u00edculos de comunica\u00e7\u00e3o\"}]},{\"@type\":\"WebSite\",\"@id\":\"https:\/\/nk7-testes.com.br\/agazeta\/#website\",\"url\":\"https:\/\/nk7-testes.com.br\/agazeta\/\",\"name\":\"Agazeta.net\",\"description\":\"Agazeta.net - Not\u00edcias de Rio Branco\/AC\",\"potentialAction\":[{\"@type\":\"SearchAction\",\"target\":{\"@type\":\"EntryPoint\",\"urlTemplate\":\"https:\/\/nk7-testes.com.br\/agazeta\/?s={search_term_string}\"},\"query-input\":{\"@type\":\"PropertyValueSpecification\",\"valueRequired\":true,\"valueName\":\"search_term_string\"}}],\"inLanguage\":\"pt-BR\"},{\"@type\":\"Person\",\"@id\":\"https:\/\/nk7-testes.com.br\/agazeta\/#\/schema\/person\/6d6e25cb0435eb4a02fd44d30b4e3020\",\"name\":\"Agazeta.Net\",\"url\":\"https:\/\/nk7-testes.com.br\/agazeta\/author\/agazeta\/\"}]}<\/script>\n<!-- \/ Yoast SEO plugin. -->","yoast_head_json":{"title":"Juiz mant\u00e9m decis\u00e3o sobre ve\u00edculos de comunica\u00e7\u00e3o - Agazeta.net","robots":{"index":"index","follow":"follow","max-snippet":"max-snippet:-1","max-image-preview":"max-image-preview:large","max-video-preview":"max-video-preview:-1"},"canonical":"https:\/\/nk7-testes.com.br\/agazeta\/juiz-mantem-decisao-sobre-veiculos-de-comunicacao\/","og_locale":"pt_BR","og_type":"article","og_title":"Juiz mant\u00e9m decis\u00e3o sobre ve\u00edculos de comunica\u00e7\u00e3o - Agazeta.net","og_description":"Ele nega que queira cercear liberdade de express\u00e3o","og_url":"https:\/\/nk7-testes.com.br\/agazeta\/juiz-mantem-decisao-sobre-veiculos-de-comunicacao\/","og_site_name":"Agazeta.net","article_published_time":"2015-10-21T17:21:13+00:00","og_image":[{"width":458,"height":340,"url":"https:\/\/nk7-testes.com.br\/agazeta\/wp-content\/uploads\/2015\/10\/211015-cotidiano-juizmarcelobadaro-tvgazeta.jpg","type":"image\/jpeg"}],"author":"Agazeta.Net","twitter_card":"summary_large_image","twitter_misc":{"Escrito por":"Agazeta.Net","Est. tempo de leitura":"2 minutos"},"schema":{"@context":"https:\/\/schema.org","@graph":[{"@type":"WebPage","@id":"https:\/\/nk7-testes.com.br\/agazeta\/juiz-mantem-decisao-sobre-veiculos-de-comunicacao\/","url":"https:\/\/nk7-testes.com.br\/agazeta\/juiz-mantem-decisao-sobre-veiculos-de-comunicacao\/","name":"Juiz mant\u00e9m decis\u00e3o sobre ve\u00edculos de comunica\u00e7\u00e3o - Agazeta.net","isPartOf":{"@id":"https:\/\/nk7-testes.com.br\/agazeta\/#website"},"primaryImageOfPage":{"@id":"https:\/\/nk7-testes.com.br\/agazeta\/juiz-mantem-decisao-sobre-veiculos-de-comunicacao\/#primaryimage"},"image":{"@id":"https:\/\/nk7-testes.com.br\/agazeta\/juiz-mantem-decisao-sobre-veiculos-de-comunicacao\/#primaryimage"},"thumbnailUrl":"https:\/\/nk7-testes.com.br\/agazeta\/wp-content\/uploads\/2015\/10\/211015-cotidiano-juizmarcelobadaro-tvgazeta.jpg","datePublished":"2015-10-21T17:21:13+00:00","author":{"@id":"https:\/\/nk7-testes.com.br\/agazeta\/#\/schema\/person\/6d6e25cb0435eb4a02fd44d30b4e3020"},"breadcrumb":{"@id":"https:\/\/nk7-testes.com.br\/agazeta\/juiz-mantem-decisao-sobre-veiculos-de-comunicacao\/#breadcrumb"},"inLanguage":"pt-BR","potentialAction":[{"@type":"ReadAction","target":["https:\/\/nk7-testes.com.br\/agazeta\/juiz-mantem-decisao-sobre-veiculos-de-comunicacao\/"]}]},{"@type":"ImageObject","inLanguage":"pt-BR","@id":"https:\/\/nk7-testes.com.br\/agazeta\/juiz-mantem-decisao-sobre-veiculos-de-comunicacao\/#primaryimage","url":"https:\/\/nk7-testes.com.br\/agazeta\/wp-content\/uploads\/2015\/10\/211015-cotidiano-juizmarcelobadaro-tvgazeta.jpg","contentUrl":"https:\/\/nk7-testes.com.br\/agazeta\/wp-content\/uploads\/2015\/10\/211015-cotidiano-juizmarcelobadaro-tvgazeta.jpg","width":458,"height":340,"caption":"211015-cotidiano-juizmarcelobadaro-tvgazeta"},{"@type":"BreadcrumbList","@id":"https:\/\/nk7-testes.com.br\/agazeta\/juiz-mantem-decisao-sobre-veiculos-de-comunicacao\/#breadcrumb","itemListElement":[{"@type":"ListItem","position":1,"name":"In\u00edcio","item":"https:\/\/nk7-testes.com.br\/agazeta\/"},{"@type":"ListItem","position":2,"name":"Juiz mant\u00e9m decis\u00e3o sobre ve\u00edculos de comunica\u00e7\u00e3o"}]},{"@type":"WebSite","@id":"https:\/\/nk7-testes.com.br\/agazeta\/#website","url":"https:\/\/nk7-testes.com.br\/agazeta\/","name":"Agazeta.net","description":"Agazeta.net - Not\u00edcias de Rio Branco\/AC","potentialAction":[{"@type":"SearchAction","target":{"@type":"EntryPoint","urlTemplate":"https:\/\/nk7-testes.com.br\/agazeta\/?s={search_term_string}"},"query-input":{"@type":"PropertyValueSpecification","valueRequired":true,"valueName":"search_term_string"}}],"inLanguage":"pt-BR"},{"@type":"Person","@id":"https:\/\/nk7-testes.com.br\/agazeta\/#\/schema\/person\/6d6e25cb0435eb4a02fd44d30b4e3020","name":"Agazeta.Net","url":"https:\/\/nk7-testes.com.br\/agazeta\/author\/agazeta\/"}]}},"_links":{"self":[{"href":"https:\/\/nk7-testes.com.br\/agazeta\/wp-json\/wp\/v2\/posts\/19158","targetHints":{"allow":["GET"]}}],"collection":[{"href":"https:\/\/nk7-testes.com.br\/agazeta\/wp-json\/wp\/v2\/posts"}],"about":[{"href":"https:\/\/nk7-testes.com.br\/agazeta\/wp-json\/wp\/v2\/types\/post"}],"author":[{"embeddable":true,"href":"https:\/\/nk7-testes.com.br\/agazeta\/wp-json\/wp\/v2\/users\/4"}],"replies":[{"embeddable":true,"href":"https:\/\/nk7-testes.com.br\/agazeta\/wp-json\/wp\/v2\/comments?post=19158"}],"version-history":[{"count":0,"href":"https:\/\/nk7-testes.com.br\/agazeta\/wp-json\/wp\/v2\/posts\/19158\/revisions"}],"wp:featuredmedia":[{"embeddable":true,"href":"https:\/\/nk7-testes.com.br\/agazeta\/wp-json\/wp\/v2\/media\/19157"}],"wp:attachment":[{"href":"https:\/\/nk7-testes.com.br\/agazeta\/wp-json\/wp\/v2\/media?parent=19158"}],"wp:term":[{"taxonomy":"category","embeddable":true,"href":"https:\/\/nk7-testes.com.br\/agazeta\/wp-json\/wp\/v2\/categories?post=19158"},{"taxonomy":"post_tag","embeddable":true,"href":"https:\/\/nk7-testes.com.br\/agazeta\/wp-json\/wp\/v2\/tags?post=19158"}],"curies":[{"name":"wp","href":"https:\/\/api.w.org\/{rel}","templated":true}]}}