{"id":19152,"date":"2015-10-21T14:22:31","date_gmt":"2015-10-21T14:22:31","guid":{"rendered":"https:\/\/abarevegan.com.br\/index.php\/2015\/10\/21\/jovens-criam-carregador-de-celular-a-energia-solar\/"},"modified":"2015-10-21T14:22:31","modified_gmt":"2015-10-21T14:22:31","slug":"jovens-criam-carregador-de-celular-a-energia-solar","status":"publish","type":"post","link":"https:\/\/nk7-testes.com.br\/agazeta\/jovens-criam-carregador-de-celular-a-energia-solar\/","title":{"rendered":"Jovens criam carregador de celular \u00e0 energia solar"},"content":{"rendered":"<p style=\"text-align: justify;\">Produto motiva educa\u00e7\u00e3o integral de adolescentes<\/p>\n<p style=\"text-align: justify;\">A equipe da empresa fict\u00edcia \u201cEnsore\u201d, composta por estudantes do 2\u00ba ano do Ensino M\u00e9dio, desenvolveram, al\u00e9m do produto pr\u00f3prio, um carregador para celular que funciona \u00e0 energia solar e uma miniempresa.<\/p>\n<p style=\"text-align: justify;\">O produto sustent\u00e1vel faz parte do projeto Mini Empresa, organizado pela Ong Junior Achivement, que visa despertar nos adolescentes o esp\u00edrito empreendedor. \u201cO principal objetivo \u00e9 levar esse mundo dos neg\u00f3cios do empreendedorismo, de ser empres\u00e1rio, para as escolas, para os alunos nas escolas\u201d, disse a coordenadora da Ong no Acre, Kesia Barroso.<\/p>\n<p style=\"text-align: justify;\">Material, criatividade e muito estudo foram elementos que a equipe de jovens precisou para desenvolver um produto pr\u00f3prio e uma miniempresa. \u201cNo in\u00edcio, a ideia era uma capa para celular. Vimos que n\u00e3o era vi\u00e1vel e, ap\u00f3s pesquisas, desenvolvemos o carregador port\u00e1til com placa solar e uma sa\u00edda usb\u201d, explicou o presidente da empresa, Matheus Henrique Guerra, 17.<\/p>\n<p style=\"text-align: justify;\">Como resultado, o orientador dos alunos, Raul Dias, falou da import\u00e2ncia da atividade no aux\u00edlio ao desenvolvimento dos jovens em v\u00e1rias \u00e1reas. \u201cEles exploraram v\u00e1rias \u00e1reas de conhecimento paralelamente ao projeto da empresa. Quer dizer, eles t\u00eam uma vis\u00e3o de mundo, uma vis\u00e3o do que \u00e9 o mercado l\u00e1 fora. De alguma outra forma, eles est\u00e3o aprendendo F\u00edsica, Matem\u00e1tica, como se expressar&#8230; at\u00e9 alguma coisa de legisla\u00e7\u00e3o. Tudo isso aderido \u00e0 escola traz um benef\u00edcio grande e uma mudan\u00e7a na educa\u00e7\u00e3o acriana\u201d.<\/p>\n<p style=\"text-align: justify;\">Al\u00e9m do carregador, outros produtos de outras miniempresas participantes do projeto ser\u00e3o apresentados e vendidos numa feira que ser\u00e1 realizada no Via Verde Shopping nos dias 31 de outubro e primeiro de novembro.<\/p>\n","protected":false},"excerpt":{"rendered":"<p style=\"text-align: justify;\">Produto motiva educa\u00e7\u00e3o integral de adolescentes<\/p>\n","protected":false},"author":4,"featured_media":19151,"comment_status":"open","ping_status":"open","sticky":false,"template":"","format":"standard","meta":{"jnews-multi-image_gallery":[],"jnews_single_post":[],"jnews_primary_category":[],"jnews_social_meta":[],"jnews_review":[],"enable_review":"","type":"","name":"","summary":"","brand":"","sku":"","good":[],"bad":[],"score_override":"","override_value":"","rating":[],"price":[],"footnotes":""},"categories":[54],"tags":[],"class_list":["post-19152","post","type-post","status-publish","format-standard","has-post-thumbnail","hentry","category-cotidiano"],"yoast_head":"<!-- This site is optimized with the Yoast SEO plugin v26.5 - https:\/\/yoast.com\/wordpress\/plugins\/seo\/ -->\n<title>Jovens criam carregador de celular \u00e0 energia solar - Agazeta.net<\/title>\n<meta name=\"robots\" content=\"index, follow, max-snippet:-1, max-image-preview:large, max-video-preview:-1\" \/>\n<link rel=\"canonical\" href=\"https:\/\/nk7-testes.com.br\/agazeta\/jovens-criam-carregador-de-celular-a-energia-solar\/\" \/>\n<meta property=\"og:locale\" content=\"pt_BR\" \/>\n<meta property=\"og:type\" content=\"article\" \/>\n<meta property=\"og:title\" content=\"Jovens criam carregador de celular \u00e0 energia solar - Agazeta.net\" \/>\n<meta property=\"og:description\" content=\"Produto motiva educa\u00e7\u00e3o integral de adolescentes\" \/>\n<meta property=\"og:url\" content=\"https:\/\/nk7-testes.com.br\/agazeta\/jovens-criam-carregador-de-celular-a-energia-solar\/\" \/>\n<meta property=\"og:site_name\" content=\"Agazeta.net\" \/>\n<meta property=\"article:published_time\" content=\"2015-10-21T14:22:31+00:00\" \/>\n<meta property=\"og:image\" content=\"https:\/\/nk7-testes.com.br\/agazeta\/wp-content\/uploads\/2015\/10\/211015-cotidiano-carregadordecelular-tvgazeta.jpg\" \/>\n\t<meta property=\"og:image:width\" content=\"458\" \/>\n\t<meta property=\"og:image:height\" content=\"340\" \/>\n\t<meta property=\"og:image:type\" content=\"image\/jpeg\" \/>\n<meta name=\"author\" content=\"Agazeta.Net\" \/>\n<meta name=\"twitter:card\" content=\"summary_large_image\" \/>\n<meta name=\"twitter:label1\" content=\"Escrito por\" \/>\n\t<meta name=\"twitter:data1\" content=\"Agazeta.Net\" \/>\n\t<meta name=\"twitter:label2\" content=\"Est. tempo de leitura\" \/>\n\t<meta name=\"twitter:data2\" content=\"1 minuto\" \/>\n<script type=\"application\/ld+json\" class=\"yoast-schema-graph\">{\"@context\":\"https:\/\/schema.org\",\"@graph\":[{\"@type\":\"WebPage\",\"@id\":\"https:\/\/nk7-testes.com.br\/agazeta\/jovens-criam-carregador-de-celular-a-energia-solar\/\",\"url\":\"https:\/\/nk7-testes.com.br\/agazeta\/jovens-criam-carregador-de-celular-a-energia-solar\/\",\"name\":\"Jovens criam carregador de celular \u00e0 energia solar - Agazeta.net\",\"isPartOf\":{\"@id\":\"https:\/\/nk7-testes.com.br\/agazeta\/#website\"},\"primaryImageOfPage\":{\"@id\":\"https:\/\/nk7-testes.com.br\/agazeta\/jovens-criam-carregador-de-celular-a-energia-solar\/#primaryimage\"},\"image\":{\"@id\":\"https:\/\/nk7-testes.com.br\/agazeta\/jovens-criam-carregador-de-celular-a-energia-solar\/#primaryimage\"},\"thumbnailUrl\":\"https:\/\/nk7-testes.com.br\/agazeta\/wp-content\/uploads\/2015\/10\/211015-cotidiano-carregadordecelular-tvgazeta.jpg\",\"datePublished\":\"2015-10-21T14:22:31+00:00\",\"author\":{\"@id\":\"https:\/\/nk7-testes.com.br\/agazeta\/#\/schema\/person\/6d6e25cb0435eb4a02fd44d30b4e3020\"},\"breadcrumb\":{\"@id\":\"https:\/\/nk7-testes.com.br\/agazeta\/jovens-criam-carregador-de-celular-a-energia-solar\/#breadcrumb\"},\"inLanguage\":\"pt-BR\",\"potentialAction\":[{\"@type\":\"ReadAction\",\"target\":[\"https:\/\/nk7-testes.com.br\/agazeta\/jovens-criam-carregador-de-celular-a-energia-solar\/\"]}]},{\"@type\":\"ImageObject\",\"inLanguage\":\"pt-BR\",\"@id\":\"https:\/\/nk7-testes.com.br\/agazeta\/jovens-criam-carregador-de-celular-a-energia-solar\/#primaryimage\",\"url\":\"https:\/\/nk7-testes.com.br\/agazeta\/wp-content\/uploads\/2015\/10\/211015-cotidiano-carregadordecelular-tvgazeta.jpg\",\"contentUrl\":\"https:\/\/nk7-testes.com.br\/agazeta\/wp-content\/uploads\/2015\/10\/211015-cotidiano-carregadordecelular-tvgazeta.jpg\",\"width\":458,\"height\":340,\"caption\":\"211015-cotidiano-carregadordecelular-tvgazeta\"},{\"@type\":\"BreadcrumbList\",\"@id\":\"https:\/\/nk7-testes.com.br\/agazeta\/jovens-criam-carregador-de-celular-a-energia-solar\/#breadcrumb\",\"itemListElement\":[{\"@type\":\"ListItem\",\"position\":1,\"name\":\"In\u00edcio\",\"item\":\"https:\/\/nk7-testes.com.br\/agazeta\/\"},{\"@type\":\"ListItem\",\"position\":2,\"name\":\"Jovens criam carregador de celular \u00e0 energia solar\"}]},{\"@type\":\"WebSite\",\"@id\":\"https:\/\/nk7-testes.com.br\/agazeta\/#website\",\"url\":\"https:\/\/nk7-testes.com.br\/agazeta\/\",\"name\":\"Agazeta.net\",\"description\":\"Agazeta.net - Not\u00edcias de Rio Branco\/AC\",\"potentialAction\":[{\"@type\":\"SearchAction\",\"target\":{\"@type\":\"EntryPoint\",\"urlTemplate\":\"https:\/\/nk7-testes.com.br\/agazeta\/?s={search_term_string}\"},\"query-input\":{\"@type\":\"PropertyValueSpecification\",\"valueRequired\":true,\"valueName\":\"search_term_string\"}}],\"inLanguage\":\"pt-BR\"},{\"@type\":\"Person\",\"@id\":\"https:\/\/nk7-testes.com.br\/agazeta\/#\/schema\/person\/6d6e25cb0435eb4a02fd44d30b4e3020\",\"name\":\"Agazeta.Net\",\"url\":\"https:\/\/nk7-testes.com.br\/agazeta\/author\/agazeta\/\"}]}<\/script>\n<!-- \/ Yoast SEO plugin. -->","yoast_head_json":{"title":"Jovens criam carregador de celular \u00e0 energia solar - Agazeta.net","robots":{"index":"index","follow":"follow","max-snippet":"max-snippet:-1","max-image-preview":"max-image-preview:large","max-video-preview":"max-video-preview:-1"},"canonical":"https:\/\/nk7-testes.com.br\/agazeta\/jovens-criam-carregador-de-celular-a-energia-solar\/","og_locale":"pt_BR","og_type":"article","og_title":"Jovens criam carregador de celular \u00e0 energia solar - Agazeta.net","og_description":"Produto motiva educa\u00e7\u00e3o integral de adolescentes","og_url":"https:\/\/nk7-testes.com.br\/agazeta\/jovens-criam-carregador-de-celular-a-energia-solar\/","og_site_name":"Agazeta.net","article_published_time":"2015-10-21T14:22:31+00:00","og_image":[{"width":458,"height":340,"url":"https:\/\/nk7-testes.com.br\/agazeta\/wp-content\/uploads\/2015\/10\/211015-cotidiano-carregadordecelular-tvgazeta.jpg","type":"image\/jpeg"}],"author":"Agazeta.Net","twitter_card":"summary_large_image","twitter_misc":{"Escrito por":"Agazeta.Net","Est. tempo de leitura":"1 minuto"},"schema":{"@context":"https:\/\/schema.org","@graph":[{"@type":"WebPage","@id":"https:\/\/nk7-testes.com.br\/agazeta\/jovens-criam-carregador-de-celular-a-energia-solar\/","url":"https:\/\/nk7-testes.com.br\/agazeta\/jovens-criam-carregador-de-celular-a-energia-solar\/","name":"Jovens criam carregador de celular \u00e0 energia solar - Agazeta.net","isPartOf":{"@id":"https:\/\/nk7-testes.com.br\/agazeta\/#website"},"primaryImageOfPage":{"@id":"https:\/\/nk7-testes.com.br\/agazeta\/jovens-criam-carregador-de-celular-a-energia-solar\/#primaryimage"},"image":{"@id":"https:\/\/nk7-testes.com.br\/agazeta\/jovens-criam-carregador-de-celular-a-energia-solar\/#primaryimage"},"thumbnailUrl":"https:\/\/nk7-testes.com.br\/agazeta\/wp-content\/uploads\/2015\/10\/211015-cotidiano-carregadordecelular-tvgazeta.jpg","datePublished":"2015-10-21T14:22:31+00:00","author":{"@id":"https:\/\/nk7-testes.com.br\/agazeta\/#\/schema\/person\/6d6e25cb0435eb4a02fd44d30b4e3020"},"breadcrumb":{"@id":"https:\/\/nk7-testes.com.br\/agazeta\/jovens-criam-carregador-de-celular-a-energia-solar\/#breadcrumb"},"inLanguage":"pt-BR","potentialAction":[{"@type":"ReadAction","target":["https:\/\/nk7-testes.com.br\/agazeta\/jovens-criam-carregador-de-celular-a-energia-solar\/"]}]},{"@type":"ImageObject","inLanguage":"pt-BR","@id":"https:\/\/nk7-testes.com.br\/agazeta\/jovens-criam-carregador-de-celular-a-energia-solar\/#primaryimage","url":"https:\/\/nk7-testes.com.br\/agazeta\/wp-content\/uploads\/2015\/10\/211015-cotidiano-carregadordecelular-tvgazeta.jpg","contentUrl":"https:\/\/nk7-testes.com.br\/agazeta\/wp-content\/uploads\/2015\/10\/211015-cotidiano-carregadordecelular-tvgazeta.jpg","width":458,"height":340,"caption":"211015-cotidiano-carregadordecelular-tvgazeta"},{"@type":"BreadcrumbList","@id":"https:\/\/nk7-testes.com.br\/agazeta\/jovens-criam-carregador-de-celular-a-energia-solar\/#breadcrumb","itemListElement":[{"@type":"ListItem","position":1,"name":"In\u00edcio","item":"https:\/\/nk7-testes.com.br\/agazeta\/"},{"@type":"ListItem","position":2,"name":"Jovens criam carregador de celular \u00e0 energia solar"}]},{"@type":"WebSite","@id":"https:\/\/nk7-testes.com.br\/agazeta\/#website","url":"https:\/\/nk7-testes.com.br\/agazeta\/","name":"Agazeta.net","description":"Agazeta.net - Not\u00edcias de Rio Branco\/AC","potentialAction":[{"@type":"SearchAction","target":{"@type":"EntryPoint","urlTemplate":"https:\/\/nk7-testes.com.br\/agazeta\/?s={search_term_string}"},"query-input":{"@type":"PropertyValueSpecification","valueRequired":true,"valueName":"search_term_string"}}],"inLanguage":"pt-BR"},{"@type":"Person","@id":"https:\/\/nk7-testes.com.br\/agazeta\/#\/schema\/person\/6d6e25cb0435eb4a02fd44d30b4e3020","name":"Agazeta.Net","url":"https:\/\/nk7-testes.com.br\/agazeta\/author\/agazeta\/"}]}},"_links":{"self":[{"href":"https:\/\/nk7-testes.com.br\/agazeta\/wp-json\/wp\/v2\/posts\/19152","targetHints":{"allow":["GET"]}}],"collection":[{"href":"https:\/\/nk7-testes.com.br\/agazeta\/wp-json\/wp\/v2\/posts"}],"about":[{"href":"https:\/\/nk7-testes.com.br\/agazeta\/wp-json\/wp\/v2\/types\/post"}],"author":[{"embeddable":true,"href":"https:\/\/nk7-testes.com.br\/agazeta\/wp-json\/wp\/v2\/users\/4"}],"replies":[{"embeddable":true,"href":"https:\/\/nk7-testes.com.br\/agazeta\/wp-json\/wp\/v2\/comments?post=19152"}],"version-history":[{"count":0,"href":"https:\/\/nk7-testes.com.br\/agazeta\/wp-json\/wp\/v2\/posts\/19152\/revisions"}],"wp:featuredmedia":[{"embeddable":true,"href":"https:\/\/nk7-testes.com.br\/agazeta\/wp-json\/wp\/v2\/media\/19151"}],"wp:attachment":[{"href":"https:\/\/nk7-testes.com.br\/agazeta\/wp-json\/wp\/v2\/media?parent=19152"}],"wp:term":[{"taxonomy":"category","embeddable":true,"href":"https:\/\/nk7-testes.com.br\/agazeta\/wp-json\/wp\/v2\/categories?post=19152"},{"taxonomy":"post_tag","embeddable":true,"href":"https:\/\/nk7-testes.com.br\/agazeta\/wp-json\/wp\/v2\/tags?post=19152"}],"curies":[{"name":"wp","href":"https:\/\/api.w.org\/{rel}","templated":true}]}}