{"id":19139,"date":"2015-10-20T20:18:07","date_gmt":"2015-10-20T20:18:07","guid":{"rendered":"https:\/\/abarevegan.com.br\/index.php\/2015\/10\/20\/enem-rbtrans-amplia-frota-de-onibus\/"},"modified":"2015-10-20T20:18:07","modified_gmt":"2015-10-20T20:18:07","slug":"enem-rbtrans-amplia-frota-de-onibus","status":"publish","type":"post","link":"https:\/\/nk7-testes.com.br\/agazeta\/enem-rbtrans-amplia-frota-de-onibus\/","title":{"rendered":"Enem: RBTrans amplia frota de \u00f4nibus"},"content":{"rendered":"<p style=\"text-align: justify;\">Escala de ve\u00edculos reservas para locais de prova<\/p>\n<p style=\"text-align: justify;\">A Superintend\u00eancia Municipal de Transportes e Tr\u00e2nsito de Rio Branco (RBTRANS) refor\u00e7ou as linhas de \u00f4nibus que fazem o Circuito Universidades para atender os estudantes que far\u00e3o a prova do Exame Nacional do Ensino M\u00e9dio (ENEM) neste s\u00e1bado e domingo, 24 e 25 de outubro.<\/p>\n<p style=\"text-align: justify;\">As linhas 302- UFAC e 306- UFAC\/Rodovi\u00e1ria, al\u00e9m da linha 707- IFAC\/Universidades -esta que faz parte da rota das principais universidades entre segunda e sexta-feira \u2013 ter\u00e1 opera\u00e7\u00e3o especial neste fim de semana para transportar os inscritos que far\u00e3o as provas em locais como a UFAC, FAAO, FAMETA e UNINORTE.<\/p>\n<p style=\"text-align: justify;\">O refor\u00e7o ocorrer\u00e1 preferencialmente nos hor\u00e1rios principais de opera\u00e7\u00e3o: das 8h \u00e0s 17h do dia 24 de outubro (s\u00e1bado) e das 8h \u00e0s 18h do dia 25 de outubro (domingo).<\/p>\n<p style=\"text-align: justify;\">A RBTrans tem tudo planejado: os usu\u00e1rios ser\u00e3o atendidos a partir da ordem de servi\u00e7o do hor\u00e1rio de pico do s\u00e1bado. O plano de opera\u00e7\u00e3o da autarquia ainda garante o refor\u00e7o da frota em linhas de grande demanda para que ningu\u00e9m fique desassistido do transporte p\u00fablico na data da realiza\u00e7\u00e3o das provas.<\/p>\n<p style=\"text-align: justify;\">\u201cA opera\u00e7\u00e3o especial visa atender todas as regionais da cidade a fim de oferecer maior comodidade aos usu\u00e1rios que ir\u00e3o participar do concurso\u201d, disse J\u00f4 Luiz, diretor de Transportes da RBTrans, que anunciou tamb\u00e9m fiscaliza\u00e7\u00e3o especial para que tudo corra dentro da programa\u00e7\u00e3o estabelecida pela Prefeitura de Rio Branco.<\/p>\n<p style=\"text-align: justify;\">Para garantir a efici\u00eancia operacional ser\u00e1 destacada uma equipe de fiscaliza\u00e7\u00e3o de transportes para acompanhar a opera\u00e7\u00e3o dos coletivos, de acordo com o superintendente da RBTrans, N\u00e9lio Anast\u00e1cio, o qual aproveitou para afirmar que as empresas concession\u00e1rias ir\u00e3o escalar uma frota reserva, objetivando atender situa\u00e7\u00f5es de falhas mec\u00e2nicas ou a uma demanda maior de passageiros.<\/p>\n","protected":false},"excerpt":{"rendered":"<p style=\"text-align: justify;\">Escala de ve\u00edculos reservas para locais de prova<\/p>\n","protected":false},"author":4,"featured_media":19138,"comment_status":"open","ping_status":"open","sticky":false,"template":"","format":"standard","meta":{"jnews-multi-image_gallery":[],"jnews_single_post":[],"jnews_primary_category":[],"jnews_social_meta":[],"jnews_review":[],"enable_review":"","type":"","name":"","summary":"","brand":"","sku":"","good":[],"bad":[],"score_override":"","override_value":"","rating":[],"price":[],"footnotes":""},"categories":[54],"tags":[],"class_list":["post-19139","post","type-post","status-publish","format-standard","has-post-thumbnail","hentry","category-cotidiano"],"yoast_head":"<!-- This site is optimized with the Yoast SEO plugin v26.5 - https:\/\/yoast.com\/wordpress\/plugins\/seo\/ -->\n<title>Enem: RBTrans amplia frota de \u00f4nibus - Agazeta.net<\/title>\n<meta name=\"robots\" content=\"index, follow, max-snippet:-1, max-image-preview:large, max-video-preview:-1\" \/>\n<link rel=\"canonical\" href=\"https:\/\/nk7-testes.com.br\/agazeta\/enem-rbtrans-amplia-frota-de-onibus\/\" \/>\n<meta property=\"og:locale\" content=\"pt_BR\" \/>\n<meta property=\"og:type\" content=\"article\" \/>\n<meta property=\"og:title\" content=\"Enem: RBTrans amplia frota de \u00f4nibus - Agazeta.net\" \/>\n<meta property=\"og:description\" content=\"Escala de ve\u00edculos reservas para locais de prova\" \/>\n<meta property=\"og:url\" content=\"https:\/\/nk7-testes.com.br\/agazeta\/enem-rbtrans-amplia-frota-de-onibus\/\" \/>\n<meta property=\"og:site_name\" content=\"Agazeta.net\" \/>\n<meta property=\"article:published_time\" content=\"2015-10-20T20:18:07+00:00\" \/>\n<meta property=\"og:image\" content=\"https:\/\/nk7-testes.com.br\/agazeta\/wp-content\/uploads\/2015\/10\/201015-cotidiano-onibusparaenem-ascomprefeitura.jpg\" \/>\n\t<meta property=\"og:image:width\" content=\"458\" \/>\n\t<meta property=\"og:image:height\" content=\"340\" \/>\n\t<meta property=\"og:image:type\" content=\"image\/jpeg\" \/>\n<meta name=\"author\" content=\"Agazeta.Net\" \/>\n<meta name=\"twitter:card\" content=\"summary_large_image\" \/>\n<meta name=\"twitter:label1\" content=\"Escrito por\" \/>\n\t<meta name=\"twitter:data1\" content=\"Agazeta.Net\" \/>\n\t<meta name=\"twitter:label2\" content=\"Est. tempo de leitura\" \/>\n\t<meta name=\"twitter:data2\" content=\"2 minutos\" \/>\n<script type=\"application\/ld+json\" class=\"yoast-schema-graph\">{\"@context\":\"https:\/\/schema.org\",\"@graph\":[{\"@type\":\"WebPage\",\"@id\":\"https:\/\/nk7-testes.com.br\/agazeta\/enem-rbtrans-amplia-frota-de-onibus\/\",\"url\":\"https:\/\/nk7-testes.com.br\/agazeta\/enem-rbtrans-amplia-frota-de-onibus\/\",\"name\":\"Enem: RBTrans amplia frota de \u00f4nibus - Agazeta.net\",\"isPartOf\":{\"@id\":\"https:\/\/nk7-testes.com.br\/agazeta\/#website\"},\"primaryImageOfPage\":{\"@id\":\"https:\/\/nk7-testes.com.br\/agazeta\/enem-rbtrans-amplia-frota-de-onibus\/#primaryimage\"},\"image\":{\"@id\":\"https:\/\/nk7-testes.com.br\/agazeta\/enem-rbtrans-amplia-frota-de-onibus\/#primaryimage\"},\"thumbnailUrl\":\"https:\/\/nk7-testes.com.br\/agazeta\/wp-content\/uploads\/2015\/10\/201015-cotidiano-onibusparaenem-ascomprefeitura.jpg\",\"datePublished\":\"2015-10-20T20:18:07+00:00\",\"author\":{\"@id\":\"https:\/\/nk7-testes.com.br\/agazeta\/#\/schema\/person\/6d6e25cb0435eb4a02fd44d30b4e3020\"},\"breadcrumb\":{\"@id\":\"https:\/\/nk7-testes.com.br\/agazeta\/enem-rbtrans-amplia-frota-de-onibus\/#breadcrumb\"},\"inLanguage\":\"pt-BR\",\"potentialAction\":[{\"@type\":\"ReadAction\",\"target\":[\"https:\/\/nk7-testes.com.br\/agazeta\/enem-rbtrans-amplia-frota-de-onibus\/\"]}]},{\"@type\":\"ImageObject\",\"inLanguage\":\"pt-BR\",\"@id\":\"https:\/\/nk7-testes.com.br\/agazeta\/enem-rbtrans-amplia-frota-de-onibus\/#primaryimage\",\"url\":\"https:\/\/nk7-testes.com.br\/agazeta\/wp-content\/uploads\/2015\/10\/201015-cotidiano-onibusparaenem-ascomprefeitura.jpg\",\"contentUrl\":\"https:\/\/nk7-testes.com.br\/agazeta\/wp-content\/uploads\/2015\/10\/201015-cotidiano-onibusparaenem-ascomprefeitura.jpg\",\"width\":458,\"height\":340,\"caption\":\"201015-cotidiano-onibusparaenem-ascomprefeitura\"},{\"@type\":\"BreadcrumbList\",\"@id\":\"https:\/\/nk7-testes.com.br\/agazeta\/enem-rbtrans-amplia-frota-de-onibus\/#breadcrumb\",\"itemListElement\":[{\"@type\":\"ListItem\",\"position\":1,\"name\":\"In\u00edcio\",\"item\":\"https:\/\/nk7-testes.com.br\/agazeta\/\"},{\"@type\":\"ListItem\",\"position\":2,\"name\":\"Enem: RBTrans amplia frota de \u00f4nibus\"}]},{\"@type\":\"WebSite\",\"@id\":\"https:\/\/nk7-testes.com.br\/agazeta\/#website\",\"url\":\"https:\/\/nk7-testes.com.br\/agazeta\/\",\"name\":\"Agazeta.net\",\"description\":\"Agazeta.net - Not\u00edcias de Rio Branco\/AC\",\"potentialAction\":[{\"@type\":\"SearchAction\",\"target\":{\"@type\":\"EntryPoint\",\"urlTemplate\":\"https:\/\/nk7-testes.com.br\/agazeta\/?s={search_term_string}\"},\"query-input\":{\"@type\":\"PropertyValueSpecification\",\"valueRequired\":true,\"valueName\":\"search_term_string\"}}],\"inLanguage\":\"pt-BR\"},{\"@type\":\"Person\",\"@id\":\"https:\/\/nk7-testes.com.br\/agazeta\/#\/schema\/person\/6d6e25cb0435eb4a02fd44d30b4e3020\",\"name\":\"Agazeta.Net\",\"url\":\"https:\/\/nk7-testes.com.br\/agazeta\/author\/agazeta\/\"}]}<\/script>\n<!-- \/ Yoast SEO plugin. -->","yoast_head_json":{"title":"Enem: RBTrans amplia frota de \u00f4nibus - Agazeta.net","robots":{"index":"index","follow":"follow","max-snippet":"max-snippet:-1","max-image-preview":"max-image-preview:large","max-video-preview":"max-video-preview:-1"},"canonical":"https:\/\/nk7-testes.com.br\/agazeta\/enem-rbtrans-amplia-frota-de-onibus\/","og_locale":"pt_BR","og_type":"article","og_title":"Enem: RBTrans amplia frota de \u00f4nibus - Agazeta.net","og_description":"Escala de ve\u00edculos reservas para locais de prova","og_url":"https:\/\/nk7-testes.com.br\/agazeta\/enem-rbtrans-amplia-frota-de-onibus\/","og_site_name":"Agazeta.net","article_published_time":"2015-10-20T20:18:07+00:00","og_image":[{"width":458,"height":340,"url":"https:\/\/nk7-testes.com.br\/agazeta\/wp-content\/uploads\/2015\/10\/201015-cotidiano-onibusparaenem-ascomprefeitura.jpg","type":"image\/jpeg"}],"author":"Agazeta.Net","twitter_card":"summary_large_image","twitter_misc":{"Escrito por":"Agazeta.Net","Est. tempo de leitura":"2 minutos"},"schema":{"@context":"https:\/\/schema.org","@graph":[{"@type":"WebPage","@id":"https:\/\/nk7-testes.com.br\/agazeta\/enem-rbtrans-amplia-frota-de-onibus\/","url":"https:\/\/nk7-testes.com.br\/agazeta\/enem-rbtrans-amplia-frota-de-onibus\/","name":"Enem: RBTrans amplia frota de \u00f4nibus - Agazeta.net","isPartOf":{"@id":"https:\/\/nk7-testes.com.br\/agazeta\/#website"},"primaryImageOfPage":{"@id":"https:\/\/nk7-testes.com.br\/agazeta\/enem-rbtrans-amplia-frota-de-onibus\/#primaryimage"},"image":{"@id":"https:\/\/nk7-testes.com.br\/agazeta\/enem-rbtrans-amplia-frota-de-onibus\/#primaryimage"},"thumbnailUrl":"https:\/\/nk7-testes.com.br\/agazeta\/wp-content\/uploads\/2015\/10\/201015-cotidiano-onibusparaenem-ascomprefeitura.jpg","datePublished":"2015-10-20T20:18:07+00:00","author":{"@id":"https:\/\/nk7-testes.com.br\/agazeta\/#\/schema\/person\/6d6e25cb0435eb4a02fd44d30b4e3020"},"breadcrumb":{"@id":"https:\/\/nk7-testes.com.br\/agazeta\/enem-rbtrans-amplia-frota-de-onibus\/#breadcrumb"},"inLanguage":"pt-BR","potentialAction":[{"@type":"ReadAction","target":["https:\/\/nk7-testes.com.br\/agazeta\/enem-rbtrans-amplia-frota-de-onibus\/"]}]},{"@type":"ImageObject","inLanguage":"pt-BR","@id":"https:\/\/nk7-testes.com.br\/agazeta\/enem-rbtrans-amplia-frota-de-onibus\/#primaryimage","url":"https:\/\/nk7-testes.com.br\/agazeta\/wp-content\/uploads\/2015\/10\/201015-cotidiano-onibusparaenem-ascomprefeitura.jpg","contentUrl":"https:\/\/nk7-testes.com.br\/agazeta\/wp-content\/uploads\/2015\/10\/201015-cotidiano-onibusparaenem-ascomprefeitura.jpg","width":458,"height":340,"caption":"201015-cotidiano-onibusparaenem-ascomprefeitura"},{"@type":"BreadcrumbList","@id":"https:\/\/nk7-testes.com.br\/agazeta\/enem-rbtrans-amplia-frota-de-onibus\/#breadcrumb","itemListElement":[{"@type":"ListItem","position":1,"name":"In\u00edcio","item":"https:\/\/nk7-testes.com.br\/agazeta\/"},{"@type":"ListItem","position":2,"name":"Enem: RBTrans amplia frota de \u00f4nibus"}]},{"@type":"WebSite","@id":"https:\/\/nk7-testes.com.br\/agazeta\/#website","url":"https:\/\/nk7-testes.com.br\/agazeta\/","name":"Agazeta.net","description":"Agazeta.net - Not\u00edcias de Rio Branco\/AC","potentialAction":[{"@type":"SearchAction","target":{"@type":"EntryPoint","urlTemplate":"https:\/\/nk7-testes.com.br\/agazeta\/?s={search_term_string}"},"query-input":{"@type":"PropertyValueSpecification","valueRequired":true,"valueName":"search_term_string"}}],"inLanguage":"pt-BR"},{"@type":"Person","@id":"https:\/\/nk7-testes.com.br\/agazeta\/#\/schema\/person\/6d6e25cb0435eb4a02fd44d30b4e3020","name":"Agazeta.Net","url":"https:\/\/nk7-testes.com.br\/agazeta\/author\/agazeta\/"}]}},"_links":{"self":[{"href":"https:\/\/nk7-testes.com.br\/agazeta\/wp-json\/wp\/v2\/posts\/19139","targetHints":{"allow":["GET"]}}],"collection":[{"href":"https:\/\/nk7-testes.com.br\/agazeta\/wp-json\/wp\/v2\/posts"}],"about":[{"href":"https:\/\/nk7-testes.com.br\/agazeta\/wp-json\/wp\/v2\/types\/post"}],"author":[{"embeddable":true,"href":"https:\/\/nk7-testes.com.br\/agazeta\/wp-json\/wp\/v2\/users\/4"}],"replies":[{"embeddable":true,"href":"https:\/\/nk7-testes.com.br\/agazeta\/wp-json\/wp\/v2\/comments?post=19139"}],"version-history":[{"count":0,"href":"https:\/\/nk7-testes.com.br\/agazeta\/wp-json\/wp\/v2\/posts\/19139\/revisions"}],"wp:featuredmedia":[{"embeddable":true,"href":"https:\/\/nk7-testes.com.br\/agazeta\/wp-json\/wp\/v2\/media\/19138"}],"wp:attachment":[{"href":"https:\/\/nk7-testes.com.br\/agazeta\/wp-json\/wp\/v2\/media?parent=19139"}],"wp:term":[{"taxonomy":"category","embeddable":true,"href":"https:\/\/nk7-testes.com.br\/agazeta\/wp-json\/wp\/v2\/categories?post=19139"},{"taxonomy":"post_tag","embeddable":true,"href":"https:\/\/nk7-testes.com.br\/agazeta\/wp-json\/wp\/v2\/tags?post=19139"}],"curies":[{"name":"wp","href":"https:\/\/api.w.org\/{rel}","templated":true}]}}