{"id":19137,"date":"2015-10-20T18:08:11","date_gmt":"2015-10-20T18:08:11","guid":{"rendered":"https:\/\/abarevegan.com.br\/index.php\/2015\/10\/20\/mae-de-marcelo-bimbi-da-entrevista-ao-portal-r7\/"},"modified":"2015-10-20T18:08:11","modified_gmt":"2015-10-20T18:08:11","slug":"mae-de-marcelo-bimbi-da-entrevista-ao-portal-r7","status":"publish","type":"post","link":"https:\/\/nk7-testes.com.br\/agazeta\/mae-de-marcelo-bimbi-da-entrevista-ao-portal-r7\/","title":{"rendered":"M\u00e3e de Marcelo Bimbi  d\u00e1 entrevista ao portal R7"},"content":{"rendered":"<p style=\"text-align: justify;\">Alia Ganum: &#8220;falta entrar mais pro jogo&#8221;<\/p>\n<p style=\"text-align: justify;\">Marcelo Bimbi \u00e9 um dos personagens mais emblem\u00e1ticos da A Fazenda. No come\u00e7o do jogo, o pe\u00e3o adotou uma postura s\u00e9ria e calculista, mas ao longo do tempo seu comportamento mudou de maneira significativa e ele mostra, cada vez mais, o seu lado emocional.<\/p>\n<p style=\"text-align: justify;\">O R7 conversou com Alia Ganum, a m\u00e3e do participante, para saber o que ela est\u00e1 achando do desempenho do filho no jogo. A m\u00e3e de Marcelo garantiu que est\u00e1 gostando das atitudes do pe\u00e3o dentro do confinamento. \u201cAgora acho que ele deu uma melhorada, mas ainda falta interagir e aparecer mais pro jogo. Na verdade, ele precisa se soltar.\u201d<\/p>\n<p style=\"text-align: justify;\">O pe\u00e3o se envolveu com Veridiana Freitas, que acabou sendo eliminada na semana passada. Quando a peoa colocou o p\u00e9 na estrada, Marcelo se mostrou bastante abalado, e chegou a chorar algumas vezes. \u201cEu acho que o sentimento dele \u00e9 verdadeiro, porque meu filho \u00e9 muito sens\u00edvel, e ele se apegou demais a ela. Quando ela saiu, ele se sentiu quase abandonado, at\u00e9 porque todo mundo ali est\u00e1 jogando contra ele, e ela era quem estava o apoiando.\u201d<\/p>\n<p style=\"text-align: justify;\">Alia declarou, ainda, que apoiaria um poss\u00edvel romance dele com Veridiana fora do reality show. \u201cEle \u00e9 quem sabe dos pr\u00f3prios relacionamentos, n\u00e3o cabe a mim ficar me metendo nestas quest\u00f5es. Mas eu apoio sim.\u201d<\/p>\n<p style=\"text-align: justify;\">Quando questionada a respeito de quem ela considera que est\u00e1 contra o filho na competi\u00e7\u00e3o, Alia foi categ\u00f3rica. \u201cNossa, olha se eu for citar nomes, acho que todos ali. Todo mundo quer o dinheiro e est\u00e1 jogando, mas infelizmente n\u00e3o \u00e9 um jogo limpo, digno. N\u00e3o adianta tentar jogar uns contra os outros. De qualquer forma, \u00e9 uma porta aberta para o meu filho e, s\u00f3 de estar ali, j\u00e1 \u00e9 uma vit\u00f3ria, porque milh\u00f5es de pessoas queriam estar ali no lugar dele\u201d<\/p>\n<p style=\"text-align: justify;\">Mas quem v\u00ea Marcelo Bimbi hoje pode nem imaginar que a fam\u00edlia do gal\u00e3 j\u00e1 passou por um drama. \u201cQuando ele tinha dois aninhos, ele pegou toxoplasmose. Gra\u00e7as a Deus ele se curou, mas ficou realmente entre a vida e a morte.\u201d<\/p>\n<p style=\"text-align: justify;\">Alia acredita que o filho ser\u00e1 indicado para a pr\u00f3xima Ro\u00e7a, e n\u00e3o se mostrou preocupada caso o filho seja eliminado. \u201cCom certeza ele vai ser indicado, porque eles [pe\u00f5es] est\u00e3o com muita sede de colocar meu filho para fora. O trio Luka, Thiago e Douglas est\u00e1 insuport\u00e1vel, e acredito que o pessoal de casa esteja percebendo\u2019\u2019.<\/p>\n<p style=\"text-align: justify;\">O normal \u00e9 que a fam\u00edlia tor\u00e7a para que o participante continue no jogo, mas Alia n\u00e3o compartilha deste pensamento. \u201cSe ele sa\u00edsse, eu ficaria aliviada. Eu n\u00e3o sei pelo o que ele est\u00e1 passando e sentindo, mas a gente fica muito triste ao ver que ele est\u00e1 triste. O Brasil chorou e se emocionou com ele quando ele mostrou sua sensibilidade, mas meu filho est\u00e1 sendo verdadeiro e jogando com dignidade, e como as outras pessoas n\u00e3o agem assim, acho que ele est\u00e1 incomodado com esta situa\u00e7\u00e3o.\u201d<\/p>\n<p style=\"text-align: justify;\">A m\u00e3e de Bimbi acredita que a sintonia de Mara com o filho esteja boa. \u201cComparando a rela\u00e7\u00e3o dela com os outros participantes, eles est\u00e3o bem. Ela j\u00e1 disse que respeita e admira meu filho. Olha, vou te dizer o que eu acho da Mara. Falando de jogo, eu acho que ela foi preparada pra isso, para desenvolver um papel. Eu n\u00e3o sou vidente para cravar, mas acredito que ela v\u00e1 ser campe\u00e3.\u201d<\/p>\n<p style=\"text-align: justify;\">Na apresenta\u00e7\u00e3o de Marcelo, logo na estreia do reality, o modelo garantiu que n\u00e3o sabia ouvir, e afirmou que n\u00e3o pedia desculpas mesmo quando estava errado. A m\u00e3e de Bimbi confessou ter ficado surpresa com essas declara\u00e7\u00f5es. \u201cA chamada dele me decepcionou um pouco. A fam\u00edlia e os amigos estavam juntos vendo, e todo mundo se olhou e ficou sem entender. Aquilo n\u00e3o era o Marcelo que estava falando, aquilo n\u00e3o condiz com quem ele \u00e9. Ele, ali\u00e1s, \u00e9 o oposto daquilo que falou. Eu acredito que ele queria interpretar um personagem, mas viu que n\u00e3o daria certo. Ele \u00e9 humilde, pede desculpas, chora e se emociona.\u201d<\/p>\n","protected":false},"excerpt":{"rendered":"<p style=\"text-align: justify;\">Alia Ganum: &#8220;falta entrar mais pro jogo&#8221;<\/p>\n","protected":false},"author":4,"featured_media":19136,"comment_status":"open","ping_status":"open","sticky":false,"template":"","format":"standard","meta":{"jnews-multi-image_gallery":[],"jnews_single_post":[],"jnews_primary_category":[],"jnews_social_meta":[],"jnews_review":[],"enable_review":"","type":"","name":"","summary":"","brand":"","sku":"","good":[],"bad":[],"score_override":"","override_value":"","rating":[],"price":[],"footnotes":""},"categories":[54],"tags":[],"class_list":["post-19137","post","type-post","status-publish","format-standard","has-post-thumbnail","hentry","category-cotidiano"],"yoast_head":"<!-- This site is optimized with the Yoast SEO plugin v26.5 - https:\/\/yoast.com\/wordpress\/plugins\/seo\/ -->\n<title>M\u00e3e de Marcelo Bimbi d\u00e1 entrevista ao portal R7 - Agazeta.net<\/title>\n<meta name=\"robots\" content=\"index, follow, max-snippet:-1, max-image-preview:large, max-video-preview:-1\" \/>\n<link rel=\"canonical\" href=\"https:\/\/nk7-testes.com.br\/agazeta\/mae-de-marcelo-bimbi-da-entrevista-ao-portal-r7\/\" \/>\n<meta property=\"og:locale\" content=\"pt_BR\" \/>\n<meta property=\"og:type\" content=\"article\" \/>\n<meta property=\"og:title\" content=\"M\u00e3e de Marcelo Bimbi d\u00e1 entrevista ao portal R7 - Agazeta.net\" \/>\n<meta property=\"og:description\" content=\"Alia Ganum: &quot;falta entrar mais pro jogo&quot;\" \/>\n<meta property=\"og:url\" content=\"https:\/\/nk7-testes.com.br\/agazeta\/mae-de-marcelo-bimbi-da-entrevista-ao-portal-r7\/\" \/>\n<meta property=\"og:site_name\" content=\"Agazeta.net\" \/>\n<meta property=\"article:published_time\" content=\"2015-10-20T18:08:11+00:00\" \/>\n<meta property=\"og:image\" content=\"https:\/\/nk7-testes.com.br\/agazeta\/wp-content\/uploads\/2015\/10\/201015-cotidiano-bimbi-fazenda.jpg\" \/>\n\t<meta property=\"og:image:width\" content=\"458\" \/>\n\t<meta property=\"og:image:height\" content=\"340\" \/>\n\t<meta property=\"og:image:type\" content=\"image\/jpeg\" \/>\n<meta name=\"author\" content=\"Agazeta.Net\" \/>\n<meta name=\"twitter:card\" content=\"summary_large_image\" \/>\n<meta name=\"twitter:label1\" content=\"Escrito por\" \/>\n\t<meta name=\"twitter:data1\" content=\"Agazeta.Net\" \/>\n\t<meta name=\"twitter:label2\" content=\"Est. tempo de leitura\" \/>\n\t<meta name=\"twitter:data2\" content=\"4 minutos\" \/>\n<script type=\"application\/ld+json\" class=\"yoast-schema-graph\">{\"@context\":\"https:\/\/schema.org\",\"@graph\":[{\"@type\":\"WebPage\",\"@id\":\"https:\/\/nk7-testes.com.br\/agazeta\/mae-de-marcelo-bimbi-da-entrevista-ao-portal-r7\/\",\"url\":\"https:\/\/nk7-testes.com.br\/agazeta\/mae-de-marcelo-bimbi-da-entrevista-ao-portal-r7\/\",\"name\":\"M\u00e3e de Marcelo Bimbi d\u00e1 entrevista ao portal R7 - Agazeta.net\",\"isPartOf\":{\"@id\":\"https:\/\/nk7-testes.com.br\/agazeta\/#website\"},\"primaryImageOfPage\":{\"@id\":\"https:\/\/nk7-testes.com.br\/agazeta\/mae-de-marcelo-bimbi-da-entrevista-ao-portal-r7\/#primaryimage\"},\"image\":{\"@id\":\"https:\/\/nk7-testes.com.br\/agazeta\/mae-de-marcelo-bimbi-da-entrevista-ao-portal-r7\/#primaryimage\"},\"thumbnailUrl\":\"https:\/\/nk7-testes.com.br\/agazeta\/wp-content\/uploads\/2015\/10\/201015-cotidiano-bimbi-fazenda.jpg\",\"datePublished\":\"2015-10-20T18:08:11+00:00\",\"author\":{\"@id\":\"https:\/\/nk7-testes.com.br\/agazeta\/#\/schema\/person\/6d6e25cb0435eb4a02fd44d30b4e3020\"},\"breadcrumb\":{\"@id\":\"https:\/\/nk7-testes.com.br\/agazeta\/mae-de-marcelo-bimbi-da-entrevista-ao-portal-r7\/#breadcrumb\"},\"inLanguage\":\"pt-BR\",\"potentialAction\":[{\"@type\":\"ReadAction\",\"target\":[\"https:\/\/nk7-testes.com.br\/agazeta\/mae-de-marcelo-bimbi-da-entrevista-ao-portal-r7\/\"]}]},{\"@type\":\"ImageObject\",\"inLanguage\":\"pt-BR\",\"@id\":\"https:\/\/nk7-testes.com.br\/agazeta\/mae-de-marcelo-bimbi-da-entrevista-ao-portal-r7\/#primaryimage\",\"url\":\"https:\/\/nk7-testes.com.br\/agazeta\/wp-content\/uploads\/2015\/10\/201015-cotidiano-bimbi-fazenda.jpg\",\"contentUrl\":\"https:\/\/nk7-testes.com.br\/agazeta\/wp-content\/uploads\/2015\/10\/201015-cotidiano-bimbi-fazenda.jpg\",\"width\":458,\"height\":340,\"caption\":\"201015-cotidiano-bimbi-fazenda\"},{\"@type\":\"BreadcrumbList\",\"@id\":\"https:\/\/nk7-testes.com.br\/agazeta\/mae-de-marcelo-bimbi-da-entrevista-ao-portal-r7\/#breadcrumb\",\"itemListElement\":[{\"@type\":\"ListItem\",\"position\":1,\"name\":\"In\u00edcio\",\"item\":\"https:\/\/nk7-testes.com.br\/agazeta\/\"},{\"@type\":\"ListItem\",\"position\":2,\"name\":\"M\u00e3e de Marcelo Bimbi d\u00e1 entrevista ao portal R7\"}]},{\"@type\":\"WebSite\",\"@id\":\"https:\/\/nk7-testes.com.br\/agazeta\/#website\",\"url\":\"https:\/\/nk7-testes.com.br\/agazeta\/\",\"name\":\"Agazeta.net\",\"description\":\"Agazeta.net - Not\u00edcias de Rio Branco\/AC\",\"potentialAction\":[{\"@type\":\"SearchAction\",\"target\":{\"@type\":\"EntryPoint\",\"urlTemplate\":\"https:\/\/nk7-testes.com.br\/agazeta\/?s={search_term_string}\"},\"query-input\":{\"@type\":\"PropertyValueSpecification\",\"valueRequired\":true,\"valueName\":\"search_term_string\"}}],\"inLanguage\":\"pt-BR\"},{\"@type\":\"Person\",\"@id\":\"https:\/\/nk7-testes.com.br\/agazeta\/#\/schema\/person\/6d6e25cb0435eb4a02fd44d30b4e3020\",\"name\":\"Agazeta.Net\",\"url\":\"https:\/\/nk7-testes.com.br\/agazeta\/author\/agazeta\/\"}]}<\/script>\n<!-- \/ Yoast SEO plugin. -->","yoast_head_json":{"title":"M\u00e3e de Marcelo Bimbi d\u00e1 entrevista ao portal R7 - Agazeta.net","robots":{"index":"index","follow":"follow","max-snippet":"max-snippet:-1","max-image-preview":"max-image-preview:large","max-video-preview":"max-video-preview:-1"},"canonical":"https:\/\/nk7-testes.com.br\/agazeta\/mae-de-marcelo-bimbi-da-entrevista-ao-portal-r7\/","og_locale":"pt_BR","og_type":"article","og_title":"M\u00e3e de Marcelo Bimbi d\u00e1 entrevista ao portal R7 - Agazeta.net","og_description":"Alia Ganum: \"falta entrar mais pro jogo\"","og_url":"https:\/\/nk7-testes.com.br\/agazeta\/mae-de-marcelo-bimbi-da-entrevista-ao-portal-r7\/","og_site_name":"Agazeta.net","article_published_time":"2015-10-20T18:08:11+00:00","og_image":[{"width":458,"height":340,"url":"https:\/\/nk7-testes.com.br\/agazeta\/wp-content\/uploads\/2015\/10\/201015-cotidiano-bimbi-fazenda.jpg","type":"image\/jpeg"}],"author":"Agazeta.Net","twitter_card":"summary_large_image","twitter_misc":{"Escrito por":"Agazeta.Net","Est. tempo de leitura":"4 minutos"},"schema":{"@context":"https:\/\/schema.org","@graph":[{"@type":"WebPage","@id":"https:\/\/nk7-testes.com.br\/agazeta\/mae-de-marcelo-bimbi-da-entrevista-ao-portal-r7\/","url":"https:\/\/nk7-testes.com.br\/agazeta\/mae-de-marcelo-bimbi-da-entrevista-ao-portal-r7\/","name":"M\u00e3e de Marcelo Bimbi d\u00e1 entrevista ao portal R7 - Agazeta.net","isPartOf":{"@id":"https:\/\/nk7-testes.com.br\/agazeta\/#website"},"primaryImageOfPage":{"@id":"https:\/\/nk7-testes.com.br\/agazeta\/mae-de-marcelo-bimbi-da-entrevista-ao-portal-r7\/#primaryimage"},"image":{"@id":"https:\/\/nk7-testes.com.br\/agazeta\/mae-de-marcelo-bimbi-da-entrevista-ao-portal-r7\/#primaryimage"},"thumbnailUrl":"https:\/\/nk7-testes.com.br\/agazeta\/wp-content\/uploads\/2015\/10\/201015-cotidiano-bimbi-fazenda.jpg","datePublished":"2015-10-20T18:08:11+00:00","author":{"@id":"https:\/\/nk7-testes.com.br\/agazeta\/#\/schema\/person\/6d6e25cb0435eb4a02fd44d30b4e3020"},"breadcrumb":{"@id":"https:\/\/nk7-testes.com.br\/agazeta\/mae-de-marcelo-bimbi-da-entrevista-ao-portal-r7\/#breadcrumb"},"inLanguage":"pt-BR","potentialAction":[{"@type":"ReadAction","target":["https:\/\/nk7-testes.com.br\/agazeta\/mae-de-marcelo-bimbi-da-entrevista-ao-portal-r7\/"]}]},{"@type":"ImageObject","inLanguage":"pt-BR","@id":"https:\/\/nk7-testes.com.br\/agazeta\/mae-de-marcelo-bimbi-da-entrevista-ao-portal-r7\/#primaryimage","url":"https:\/\/nk7-testes.com.br\/agazeta\/wp-content\/uploads\/2015\/10\/201015-cotidiano-bimbi-fazenda.jpg","contentUrl":"https:\/\/nk7-testes.com.br\/agazeta\/wp-content\/uploads\/2015\/10\/201015-cotidiano-bimbi-fazenda.jpg","width":458,"height":340,"caption":"201015-cotidiano-bimbi-fazenda"},{"@type":"BreadcrumbList","@id":"https:\/\/nk7-testes.com.br\/agazeta\/mae-de-marcelo-bimbi-da-entrevista-ao-portal-r7\/#breadcrumb","itemListElement":[{"@type":"ListItem","position":1,"name":"In\u00edcio","item":"https:\/\/nk7-testes.com.br\/agazeta\/"},{"@type":"ListItem","position":2,"name":"M\u00e3e de Marcelo Bimbi d\u00e1 entrevista ao portal R7"}]},{"@type":"WebSite","@id":"https:\/\/nk7-testes.com.br\/agazeta\/#website","url":"https:\/\/nk7-testes.com.br\/agazeta\/","name":"Agazeta.net","description":"Agazeta.net - Not\u00edcias de Rio Branco\/AC","potentialAction":[{"@type":"SearchAction","target":{"@type":"EntryPoint","urlTemplate":"https:\/\/nk7-testes.com.br\/agazeta\/?s={search_term_string}"},"query-input":{"@type":"PropertyValueSpecification","valueRequired":true,"valueName":"search_term_string"}}],"inLanguage":"pt-BR"},{"@type":"Person","@id":"https:\/\/nk7-testes.com.br\/agazeta\/#\/schema\/person\/6d6e25cb0435eb4a02fd44d30b4e3020","name":"Agazeta.Net","url":"https:\/\/nk7-testes.com.br\/agazeta\/author\/agazeta\/"}]}},"_links":{"self":[{"href":"https:\/\/nk7-testes.com.br\/agazeta\/wp-json\/wp\/v2\/posts\/19137","targetHints":{"allow":["GET"]}}],"collection":[{"href":"https:\/\/nk7-testes.com.br\/agazeta\/wp-json\/wp\/v2\/posts"}],"about":[{"href":"https:\/\/nk7-testes.com.br\/agazeta\/wp-json\/wp\/v2\/types\/post"}],"author":[{"embeddable":true,"href":"https:\/\/nk7-testes.com.br\/agazeta\/wp-json\/wp\/v2\/users\/4"}],"replies":[{"embeddable":true,"href":"https:\/\/nk7-testes.com.br\/agazeta\/wp-json\/wp\/v2\/comments?post=19137"}],"version-history":[{"count":0,"href":"https:\/\/nk7-testes.com.br\/agazeta\/wp-json\/wp\/v2\/posts\/19137\/revisions"}],"wp:featuredmedia":[{"embeddable":true,"href":"https:\/\/nk7-testes.com.br\/agazeta\/wp-json\/wp\/v2\/media\/19136"}],"wp:attachment":[{"href":"https:\/\/nk7-testes.com.br\/agazeta\/wp-json\/wp\/v2\/media?parent=19137"}],"wp:term":[{"taxonomy":"category","embeddable":true,"href":"https:\/\/nk7-testes.com.br\/agazeta\/wp-json\/wp\/v2\/categories?post=19137"},{"taxonomy":"post_tag","embeddable":true,"href":"https:\/\/nk7-testes.com.br\/agazeta\/wp-json\/wp\/v2\/tags?post=19137"}],"curies":[{"name":"wp","href":"https:\/\/api.w.org\/{rel}","templated":true}]}}