{"id":19130,"date":"2015-10-20T15:22:38","date_gmt":"2015-10-20T15:22:38","guid":{"rendered":"https:\/\/abarevegan.com.br\/index.php\/2015\/10\/20\/estudantes-acrianos-nao-acessam-cartao-do-enem\/"},"modified":"2015-10-20T15:22:38","modified_gmt":"2015-10-20T15:22:38","slug":"estudantes-acrianos-nao-acessam-cartao-do-enem","status":"publish","type":"post","link":"https:\/\/nk7-testes.com.br\/agazeta\/estudantes-acrianos-nao-acessam-cartao-do-enem\/","title":{"rendered":"Estudantes acrianos n\u00e3o acessam cart\u00e3o do Enem"},"content":{"rendered":"<p style=\"text-align: justify;\">25% dos inscritos daqui n\u00e3o acessaram confirma\u00e7\u00e3o<\/p>\n<p style=\"text-align: justify;\">\u00c0s 8h desta ter\u00e7a-feira, 20, exatos 6.064.012 (78%) participantes do Exame Nacional do Ensino M\u00e9dio (Enem) 2015 em todo o pa\u00eds haviam acessado o cart\u00e3o de confirma\u00e7\u00e3o na P\u00e1gina do Participante. As provas do Enem ocorrem no neste final de semana, dias 24 e 25 de outubro. Este ano, mais de 7,7 milh\u00f5es de pessoas est\u00e3o inscritas para o exame. O estado do Acre tem 55,5 mil inscritos e 25% deles ainda n\u00e3o sabem seu local de prova.<\/p>\n<p style=\"text-align: justify;\">O presidente do Instituto Nacional de Estudos e Pesquisas Educacionais An\u00edsio Teixeira, Chico Soares, reafirma a necessidade dos participantes n\u00e3o deixarem para verificar o local de prova na \u00faltima hora. \u201c\u00c9 fundamental que os de inscritos que ainda n\u00e3o acessaram o cart\u00e3o de confirma\u00e7\u00e3o fa\u00e7am esse procedimento ao longo da semana com tranquilidade\u201d, ressalta Soares.<\/p>\n<p style=\"text-align: justify;\">A regi\u00e3o Norte \u00e9 a com o menor n\u00famero de acessos ao cart\u00e3o proporcionalmente. Dos 816.295 inscritos da regi\u00e3o Norte, 597.880 (73%) acessaram o cart\u00e3o de confirma\u00e7\u00e3o. Por outro lado, a regi\u00e3o Nordeste lidera as consultas ao cart\u00e3o, com quase 80% de acessos, at\u00e9 o momento.<\/p>\n<p style=\"text-align: justify;\">Nesta edi\u00e7\u00e3o, os cart\u00f5es est\u00e3o disponibilizados exclusivamente pela internet. A medida permitiu economia de R$ 16,5 milh\u00f5es para os cofres p\u00fablicos.<\/p>\n<p style=\"text-align: justify;\">Para acessar o cart\u00e3o de confirma\u00e7\u00e3o, o participante deve informar CPF e senha para visualizar e imprimir o documento. Quem esqueceu a senha, deve entrar na P\u00e1gina do Participante para recuper\u00e1-la. Para isso, basta informar o CPF e a data de nascimento. Feito a solicita\u00e7\u00e3o de senha, \u00e9 necess\u00e1rio aguardar o encaminhamento por e-mail ou mensagem no celular (SMS) para realizar o novo acesso.<\/p>\n<p style=\"text-align: justify;\">O cart\u00e3o apresenta os dados do participante \u2013 data, hora e local de realiza\u00e7\u00e3o das provas; nome; CPF; n\u00famero de inscri\u00e7\u00e3o no Enem; op\u00e7\u00e3o de l\u00edngua estrangeira (ingl\u00eas ou espanhol); necessidade de atendimento especializado ou espec\u00edfico (quando houver); al\u00e9m de indica\u00e7\u00e3o de solicita\u00e7\u00e3o de certifica\u00e7\u00e3o do ensino m\u00e9dio (se for o caso).<\/p>\n","protected":false},"excerpt":{"rendered":"<p style=\"text-align: justify;\">25% dos inscritos daqui n\u00e3o acessaram confirma\u00e7\u00e3o<\/p>\n","protected":false},"author":4,"featured_media":11290,"comment_status":"open","ping_status":"open","sticky":false,"template":"","format":"standard","meta":{"jnews-multi-image_gallery":[],"jnews_single_post":[],"jnews_primary_category":[],"jnews_social_meta":[],"jnews_review":[],"enable_review":"","type":"","name":"","summary":"","brand":"","sku":"","good":[],"bad":[],"score_override":"","override_value":"","rating":[],"price":[],"footnotes":""},"categories":[54],"tags":[],"class_list":["post-19130","post","type-post","status-publish","format-standard","has-post-thumbnail","hentry","category-cotidiano"],"yoast_head":"<!-- This site is optimized with the Yoast SEO plugin v26.5 - https:\/\/yoast.com\/wordpress\/plugins\/seo\/ -->\n<title>Estudantes acrianos n\u00e3o acessam cart\u00e3o do Enem - Agazeta.net<\/title>\n<meta name=\"robots\" content=\"index, follow, max-snippet:-1, max-image-preview:large, max-video-preview:-1\" \/>\n<link rel=\"canonical\" href=\"https:\/\/nk7-testes.com.br\/agazeta\/estudantes-acrianos-nao-acessam-cartao-do-enem\/\" \/>\n<meta property=\"og:locale\" content=\"pt_BR\" \/>\n<meta property=\"og:type\" content=\"article\" \/>\n<meta property=\"og:title\" content=\"Estudantes acrianos n\u00e3o acessam cart\u00e3o do Enem - Agazeta.net\" \/>\n<meta property=\"og:description\" content=\"25% dos inscritos daqui n\u00e3o acessaram confirma\u00e7\u00e3o\" \/>\n<meta property=\"og:url\" content=\"https:\/\/nk7-testes.com.br\/agazeta\/estudantes-acrianos-nao-acessam-cartao-do-enem\/\" \/>\n<meta property=\"og:site_name\" content=\"Agazeta.net\" \/>\n<meta property=\"article:published_time\" content=\"2015-10-20T15:22:38+00:00\" \/>\n<meta property=\"og:image\" content=\"https:\/\/nk7-testes.com.br\/agazeta\/wp-content\/uploads\/2014\/11\/0711-cotidiano-enemaula-tvgazeta.jpg\" \/>\n\t<meta property=\"og:image:width\" content=\"458\" \/>\n\t<meta property=\"og:image:height\" content=\"340\" \/>\n\t<meta property=\"og:image:type\" content=\"image\/jpeg\" \/>\n<meta name=\"author\" content=\"Agazeta.Net\" \/>\n<meta name=\"twitter:card\" content=\"summary_large_image\" \/>\n<meta name=\"twitter:label1\" content=\"Escrito por\" \/>\n\t<meta name=\"twitter:data1\" content=\"Agazeta.Net\" \/>\n\t<meta name=\"twitter:label2\" content=\"Est. tempo de leitura\" \/>\n\t<meta name=\"twitter:data2\" content=\"2 minutos\" \/>\n<script type=\"application\/ld+json\" class=\"yoast-schema-graph\">{\"@context\":\"https:\/\/schema.org\",\"@graph\":[{\"@type\":\"WebPage\",\"@id\":\"https:\/\/nk7-testes.com.br\/agazeta\/estudantes-acrianos-nao-acessam-cartao-do-enem\/\",\"url\":\"https:\/\/nk7-testes.com.br\/agazeta\/estudantes-acrianos-nao-acessam-cartao-do-enem\/\",\"name\":\"Estudantes acrianos n\u00e3o acessam cart\u00e3o do Enem - Agazeta.net\",\"isPartOf\":{\"@id\":\"https:\/\/nk7-testes.com.br\/agazeta\/#website\"},\"primaryImageOfPage\":{\"@id\":\"https:\/\/nk7-testes.com.br\/agazeta\/estudantes-acrianos-nao-acessam-cartao-do-enem\/#primaryimage\"},\"image\":{\"@id\":\"https:\/\/nk7-testes.com.br\/agazeta\/estudantes-acrianos-nao-acessam-cartao-do-enem\/#primaryimage\"},\"thumbnailUrl\":\"https:\/\/nk7-testes.com.br\/agazeta\/wp-content\/uploads\/2014\/11\/0711-cotidiano-enemaula-tvgazeta.jpg\",\"datePublished\":\"2015-10-20T15:22:38+00:00\",\"author\":{\"@id\":\"https:\/\/nk7-testes.com.br\/agazeta\/#\/schema\/person\/6d6e25cb0435eb4a02fd44d30b4e3020\"},\"breadcrumb\":{\"@id\":\"https:\/\/nk7-testes.com.br\/agazeta\/estudantes-acrianos-nao-acessam-cartao-do-enem\/#breadcrumb\"},\"inLanguage\":\"pt-BR\",\"potentialAction\":[{\"@type\":\"ReadAction\",\"target\":[\"https:\/\/nk7-testes.com.br\/agazeta\/estudantes-acrianos-nao-acessam-cartao-do-enem\/\"]}]},{\"@type\":\"ImageObject\",\"inLanguage\":\"pt-BR\",\"@id\":\"https:\/\/nk7-testes.com.br\/agazeta\/estudantes-acrianos-nao-acessam-cartao-do-enem\/#primaryimage\",\"url\":\"https:\/\/nk7-testes.com.br\/agazeta\/wp-content\/uploads\/2014\/11\/0711-cotidiano-enemaula-tvgazeta.jpg\",\"contentUrl\":\"https:\/\/nk7-testes.com.br\/agazeta\/wp-content\/uploads\/2014\/11\/0711-cotidiano-enemaula-tvgazeta.jpg\",\"width\":458,\"height\":340,\"caption\":\"0711-cotidiano-enemaula-tvgazeta\"},{\"@type\":\"BreadcrumbList\",\"@id\":\"https:\/\/nk7-testes.com.br\/agazeta\/estudantes-acrianos-nao-acessam-cartao-do-enem\/#breadcrumb\",\"itemListElement\":[{\"@type\":\"ListItem\",\"position\":1,\"name\":\"In\u00edcio\",\"item\":\"https:\/\/nk7-testes.com.br\/agazeta\/\"},{\"@type\":\"ListItem\",\"position\":2,\"name\":\"Estudantes acrianos n\u00e3o acessam cart\u00e3o do Enem\"}]},{\"@type\":\"WebSite\",\"@id\":\"https:\/\/nk7-testes.com.br\/agazeta\/#website\",\"url\":\"https:\/\/nk7-testes.com.br\/agazeta\/\",\"name\":\"Agazeta.net\",\"description\":\"Agazeta.net - Not\u00edcias de Rio Branco\/AC\",\"potentialAction\":[{\"@type\":\"SearchAction\",\"target\":{\"@type\":\"EntryPoint\",\"urlTemplate\":\"https:\/\/nk7-testes.com.br\/agazeta\/?s={search_term_string}\"},\"query-input\":{\"@type\":\"PropertyValueSpecification\",\"valueRequired\":true,\"valueName\":\"search_term_string\"}}],\"inLanguage\":\"pt-BR\"},{\"@type\":\"Person\",\"@id\":\"https:\/\/nk7-testes.com.br\/agazeta\/#\/schema\/person\/6d6e25cb0435eb4a02fd44d30b4e3020\",\"name\":\"Agazeta.Net\",\"url\":\"https:\/\/nk7-testes.com.br\/agazeta\/author\/agazeta\/\"}]}<\/script>\n<!-- \/ Yoast SEO plugin. -->","yoast_head_json":{"title":"Estudantes acrianos n\u00e3o acessam cart\u00e3o do Enem - Agazeta.net","robots":{"index":"index","follow":"follow","max-snippet":"max-snippet:-1","max-image-preview":"max-image-preview:large","max-video-preview":"max-video-preview:-1"},"canonical":"https:\/\/nk7-testes.com.br\/agazeta\/estudantes-acrianos-nao-acessam-cartao-do-enem\/","og_locale":"pt_BR","og_type":"article","og_title":"Estudantes acrianos n\u00e3o acessam cart\u00e3o do Enem - Agazeta.net","og_description":"25% dos inscritos daqui n\u00e3o acessaram confirma\u00e7\u00e3o","og_url":"https:\/\/nk7-testes.com.br\/agazeta\/estudantes-acrianos-nao-acessam-cartao-do-enem\/","og_site_name":"Agazeta.net","article_published_time":"2015-10-20T15:22:38+00:00","og_image":[{"width":458,"height":340,"url":"https:\/\/nk7-testes.com.br\/agazeta\/wp-content\/uploads\/2014\/11\/0711-cotidiano-enemaula-tvgazeta.jpg","type":"image\/jpeg"}],"author":"Agazeta.Net","twitter_card":"summary_large_image","twitter_misc":{"Escrito por":"Agazeta.Net","Est. tempo de leitura":"2 minutos"},"schema":{"@context":"https:\/\/schema.org","@graph":[{"@type":"WebPage","@id":"https:\/\/nk7-testes.com.br\/agazeta\/estudantes-acrianos-nao-acessam-cartao-do-enem\/","url":"https:\/\/nk7-testes.com.br\/agazeta\/estudantes-acrianos-nao-acessam-cartao-do-enem\/","name":"Estudantes acrianos n\u00e3o acessam cart\u00e3o do Enem - Agazeta.net","isPartOf":{"@id":"https:\/\/nk7-testes.com.br\/agazeta\/#website"},"primaryImageOfPage":{"@id":"https:\/\/nk7-testes.com.br\/agazeta\/estudantes-acrianos-nao-acessam-cartao-do-enem\/#primaryimage"},"image":{"@id":"https:\/\/nk7-testes.com.br\/agazeta\/estudantes-acrianos-nao-acessam-cartao-do-enem\/#primaryimage"},"thumbnailUrl":"https:\/\/nk7-testes.com.br\/agazeta\/wp-content\/uploads\/2014\/11\/0711-cotidiano-enemaula-tvgazeta.jpg","datePublished":"2015-10-20T15:22:38+00:00","author":{"@id":"https:\/\/nk7-testes.com.br\/agazeta\/#\/schema\/person\/6d6e25cb0435eb4a02fd44d30b4e3020"},"breadcrumb":{"@id":"https:\/\/nk7-testes.com.br\/agazeta\/estudantes-acrianos-nao-acessam-cartao-do-enem\/#breadcrumb"},"inLanguage":"pt-BR","potentialAction":[{"@type":"ReadAction","target":["https:\/\/nk7-testes.com.br\/agazeta\/estudantes-acrianos-nao-acessam-cartao-do-enem\/"]}]},{"@type":"ImageObject","inLanguage":"pt-BR","@id":"https:\/\/nk7-testes.com.br\/agazeta\/estudantes-acrianos-nao-acessam-cartao-do-enem\/#primaryimage","url":"https:\/\/nk7-testes.com.br\/agazeta\/wp-content\/uploads\/2014\/11\/0711-cotidiano-enemaula-tvgazeta.jpg","contentUrl":"https:\/\/nk7-testes.com.br\/agazeta\/wp-content\/uploads\/2014\/11\/0711-cotidiano-enemaula-tvgazeta.jpg","width":458,"height":340,"caption":"0711-cotidiano-enemaula-tvgazeta"},{"@type":"BreadcrumbList","@id":"https:\/\/nk7-testes.com.br\/agazeta\/estudantes-acrianos-nao-acessam-cartao-do-enem\/#breadcrumb","itemListElement":[{"@type":"ListItem","position":1,"name":"In\u00edcio","item":"https:\/\/nk7-testes.com.br\/agazeta\/"},{"@type":"ListItem","position":2,"name":"Estudantes acrianos n\u00e3o acessam cart\u00e3o do Enem"}]},{"@type":"WebSite","@id":"https:\/\/nk7-testes.com.br\/agazeta\/#website","url":"https:\/\/nk7-testes.com.br\/agazeta\/","name":"Agazeta.net","description":"Agazeta.net - Not\u00edcias de Rio Branco\/AC","potentialAction":[{"@type":"SearchAction","target":{"@type":"EntryPoint","urlTemplate":"https:\/\/nk7-testes.com.br\/agazeta\/?s={search_term_string}"},"query-input":{"@type":"PropertyValueSpecification","valueRequired":true,"valueName":"search_term_string"}}],"inLanguage":"pt-BR"},{"@type":"Person","@id":"https:\/\/nk7-testes.com.br\/agazeta\/#\/schema\/person\/6d6e25cb0435eb4a02fd44d30b4e3020","name":"Agazeta.Net","url":"https:\/\/nk7-testes.com.br\/agazeta\/author\/agazeta\/"}]}},"_links":{"self":[{"href":"https:\/\/nk7-testes.com.br\/agazeta\/wp-json\/wp\/v2\/posts\/19130","targetHints":{"allow":["GET"]}}],"collection":[{"href":"https:\/\/nk7-testes.com.br\/agazeta\/wp-json\/wp\/v2\/posts"}],"about":[{"href":"https:\/\/nk7-testes.com.br\/agazeta\/wp-json\/wp\/v2\/types\/post"}],"author":[{"embeddable":true,"href":"https:\/\/nk7-testes.com.br\/agazeta\/wp-json\/wp\/v2\/users\/4"}],"replies":[{"embeddable":true,"href":"https:\/\/nk7-testes.com.br\/agazeta\/wp-json\/wp\/v2\/comments?post=19130"}],"version-history":[{"count":0,"href":"https:\/\/nk7-testes.com.br\/agazeta\/wp-json\/wp\/v2\/posts\/19130\/revisions"}],"wp:featuredmedia":[{"embeddable":true,"href":"https:\/\/nk7-testes.com.br\/agazeta\/wp-json\/wp\/v2\/media\/11290"}],"wp:attachment":[{"href":"https:\/\/nk7-testes.com.br\/agazeta\/wp-json\/wp\/v2\/media?parent=19130"}],"wp:term":[{"taxonomy":"category","embeddable":true,"href":"https:\/\/nk7-testes.com.br\/agazeta\/wp-json\/wp\/v2\/categories?post=19130"},{"taxonomy":"post_tag","embeddable":true,"href":"https:\/\/nk7-testes.com.br\/agazeta\/wp-json\/wp\/v2\/tags?post=19130"}],"curies":[{"name":"wp","href":"https:\/\/api.w.org\/{rel}","templated":true}]}}