{"id":19109,"date":"2015-10-19T21:41:47","date_gmt":"2015-10-19T21:41:47","guid":{"rendered":"https:\/\/abarevegan.com.br\/index.php\/2015\/10\/19\/blogueiros-da-capital-sao-notificados\/"},"modified":"2015-10-19T21:41:47","modified_gmt":"2015-10-19T21:41:47","slug":"blogueiros-da-capital-sao-notificados","status":"publish","type":"post","link":"https:\/\/nk7-testes.com.br\/agazeta\/blogueiros-da-capital-sao-notificados\/","title":{"rendered":"Blogueiros da Capital s\u00e3o notificados"},"content":{"rendered":"<p style=\"text-align: justify;\">Regulariza\u00e7\u00e3o pode ter custo de R$ 610,80<\/p>\n<p style=\"text-align: justify;\">A Vara de Registros P\u00fablicos e de Cartas Precat\u00f3rias da Comarca de Rio Branco intimou 133 blogueiros da Capital a comparecer ao F\u00f3rum Bar\u00e3o do rio Branco para \u201cregularizar a situa\u00e7\u00e3o de aus\u00eancia de matr\u00edculas\u201d. Traduzindo: a Justi\u00e7a do Acre precisa saber que o blog existe.<\/p>\n<p style=\"text-align: justify;\">\u201c\u00c9 preciso regularizar a situa\u00e7\u00e3o sob pena de estar atuando de forma clandestina\u201d, explica o Oficial de Registro de T\u00edtulos e Documentos, Gustavo Luiz Gil. \u201cO juiz vai avaliar caso a caso\u201d.<\/p>\n<p style=\"text-align: justify;\">O oficial pontua que \u00e9 poss\u00edvel que o blogueiro possa ter um custo de at\u00e9 R$ 610,80 para manter a situa\u00e7\u00e3o do meio de comunica\u00e7\u00e3o regularizada perante a Justi\u00e7a. Os blogueiros t\u00eam at\u00e9 30 dias para comparecer diante do juiz Marcelo Badar\u00f3 Duarte.<\/p>\n<p style=\"text-align: justify;\">O oficial Gustavo Gil pondera que os blogueiros que n\u00e3o t\u00eam regularidade na atualiza\u00e7\u00e3o da p\u00e1gina ou mesmo aqueles que, diante da intima\u00e7\u00e3o judicial e da possibilidade de gastos anuais, decidam excluir a p\u00e1gina da internet devem procurar a Justi\u00e7a e informar da inatividade do blog.<\/p>\n<p style=\"text-align: justify;\">N\u00e3o h\u00e1 refer\u00eancia dessa exig\u00eancia a blogueiros em outras regi\u00f5es do pa\u00eds. \u201cEu nunca ouvi falar dessa exig\u00eancia\u201d, surpreendeu-se o jornalista Altino Machado que assina um dos blogs de maior repercuss\u00e3o do Acre.<\/p>\n<p style=\"text-align: justify;\">\u201cEu n\u00e3o tenho interesse em manter o site. J\u00e1 usei o site com fins comerciais, mas h\u00e1 algum tempo n\u00e3o atualizo a p\u00e1gina. Essa exig\u00eancia legal, para mim, n\u00e3o tem sentido\u201d, afirmou o jornalista Senildo Melo, que assina um blog sobre Meio Ambiente e Turismo. \u201cVou exluir a p\u00e1gina, sem d\u00favida\u201d.<\/p>\n<p style=\"text-align: justify;\">O Sindicato dos Jornalistas Profissionais do Acre recha\u00e7a a exig\u00eancia e entende como uma forma de controle inaceit\u00e1vel. &#8220;Isso \u00e9 uma afronta tamb\u00e9m ao profissional da imprensa e fere o Direito \u00e0 livre express\u00e3o&#8221;, afirma o presidente do Sinjac, Victor Augusto. &#8220;A Justi\u00e7a deveria, antes, ter conversado. \u00c9 uma forma de controle, sim&#8221;.<\/p>\n<p style=\"text-align: justify;\">A Vara de Registros P\u00fabilcos garante que o juiz deve avaliar &#8220;caso a caso&#8221; a situa\u00e7\u00e3o dos blogs para que todos obede\u00e7am a legisla\u00e7\u00e3o.<\/p>\n<p style=\"text-align: justify;\"><strong>Leia o Artigo 122, da Lei de Registros Civis (6015\/73)<\/strong><\/p>\n<p style=\"text-align: justify;\">Art. 122. No registro civil das pessoas jur\u00eddicas ser\u00e3o matriculados: (Renumerado do art. 123 pela Lei n\u00ba 6.216, de 1975).<\/p>\n<p style=\"text-align: justify;\">I &#8211; os jornais e demais publica\u00e7\u00f5es peri\u00f3dicas;<br \/>II &#8211; as oficinas impressoras de quaisquer natureza, pertencentes a pessoas naturais ou jur\u00eddicas;<br \/>III &#8211; as empresas de radiodifus\u00e3o que mantenham servi\u00e7os de not\u00edcias, reportagens, coment\u00e1rios, debates e entrevistas;<br \/>IV &#8211; as empresas que tenham por objeto o agenciamento de not\u00edcias.<\/p>\n","protected":false},"excerpt":{"rendered":"<p style=\"text-align: justify;\">Regulariza\u00e7\u00e3o pode ter custo de R$ 610,80<\/p>\n","protected":false},"author":4,"featured_media":19108,"comment_status":"open","ping_status":"open","sticky":false,"template":"","format":"standard","meta":{"jnews-multi-image_gallery":[],"jnews_single_post":[],"jnews_primary_category":[],"jnews_social_meta":[],"jnews_review":[],"enable_review":"","type":"","name":"","summary":"","brand":"","sku":"","good":[],"bad":[],"score_override":"","override_value":"","rating":[],"price":[],"footnotes":""},"categories":[54],"tags":[],"class_list":["post-19109","post","type-post","status-publish","format-standard","has-post-thumbnail","hentry","category-cotidiano"],"yoast_head":"<!-- This site is optimized with the Yoast SEO plugin v26.5 - https:\/\/yoast.com\/wordpress\/plugins\/seo\/ -->\n<title>Blogueiros da Capital s\u00e3o notificados - Agazeta.net<\/title>\n<meta name=\"robots\" content=\"index, follow, max-snippet:-1, max-image-preview:large, max-video-preview:-1\" \/>\n<link rel=\"canonical\" href=\"https:\/\/nk7-testes.com.br\/agazeta\/blogueiros-da-capital-sao-notificados\/\" \/>\n<meta property=\"og:locale\" content=\"pt_BR\" \/>\n<meta property=\"og:type\" content=\"article\" \/>\n<meta property=\"og:title\" content=\"Blogueiros da Capital s\u00e3o notificados - Agazeta.net\" \/>\n<meta property=\"og:description\" content=\"Regulariza\u00e7\u00e3o pode ter custo de R$ 610,80\" \/>\n<meta property=\"og:url\" content=\"https:\/\/nk7-testes.com.br\/agazeta\/blogueiros-da-capital-sao-notificados\/\" \/>\n<meta property=\"og:site_name\" content=\"Agazeta.net\" \/>\n<meta property=\"article:published_time\" content=\"2015-10-19T21:41:47+00:00\" \/>\n<meta property=\"og:image\" content=\"https:\/\/nk7-testes.com.br\/agazeta\/wp-content\/uploads\/2015\/10\/191015-cotidiano-marcelobadaro-agenciatj.jpg\" \/>\n\t<meta property=\"og:image:width\" content=\"458\" \/>\n\t<meta property=\"og:image:height\" content=\"340\" \/>\n\t<meta property=\"og:image:type\" content=\"image\/jpeg\" \/>\n<meta name=\"author\" content=\"Agazeta.Net\" \/>\n<meta name=\"twitter:card\" content=\"summary_large_image\" \/>\n<meta name=\"twitter:label1\" content=\"Escrito por\" \/>\n\t<meta name=\"twitter:data1\" content=\"Agazeta.Net\" \/>\n\t<meta name=\"twitter:label2\" content=\"Est. tempo de leitura\" \/>\n\t<meta name=\"twitter:data2\" content=\"2 minutos\" \/>\n<script type=\"application\/ld+json\" class=\"yoast-schema-graph\">{\"@context\":\"https:\/\/schema.org\",\"@graph\":[{\"@type\":\"WebPage\",\"@id\":\"https:\/\/nk7-testes.com.br\/agazeta\/blogueiros-da-capital-sao-notificados\/\",\"url\":\"https:\/\/nk7-testes.com.br\/agazeta\/blogueiros-da-capital-sao-notificados\/\",\"name\":\"Blogueiros da Capital s\u00e3o notificados - Agazeta.net\",\"isPartOf\":{\"@id\":\"https:\/\/nk7-testes.com.br\/agazeta\/#website\"},\"primaryImageOfPage\":{\"@id\":\"https:\/\/nk7-testes.com.br\/agazeta\/blogueiros-da-capital-sao-notificados\/#primaryimage\"},\"image\":{\"@id\":\"https:\/\/nk7-testes.com.br\/agazeta\/blogueiros-da-capital-sao-notificados\/#primaryimage\"},\"thumbnailUrl\":\"https:\/\/nk7-testes.com.br\/agazeta\/wp-content\/uploads\/2015\/10\/191015-cotidiano-marcelobadaro-agenciatj.jpg\",\"datePublished\":\"2015-10-19T21:41:47+00:00\",\"author\":{\"@id\":\"https:\/\/nk7-testes.com.br\/agazeta\/#\/schema\/person\/6d6e25cb0435eb4a02fd44d30b4e3020\"},\"breadcrumb\":{\"@id\":\"https:\/\/nk7-testes.com.br\/agazeta\/blogueiros-da-capital-sao-notificados\/#breadcrumb\"},\"inLanguage\":\"pt-BR\",\"potentialAction\":[{\"@type\":\"ReadAction\",\"target\":[\"https:\/\/nk7-testes.com.br\/agazeta\/blogueiros-da-capital-sao-notificados\/\"]}]},{\"@type\":\"ImageObject\",\"inLanguage\":\"pt-BR\",\"@id\":\"https:\/\/nk7-testes.com.br\/agazeta\/blogueiros-da-capital-sao-notificados\/#primaryimage\",\"url\":\"https:\/\/nk7-testes.com.br\/agazeta\/wp-content\/uploads\/2015\/10\/191015-cotidiano-marcelobadaro-agenciatj.jpg\",\"contentUrl\":\"https:\/\/nk7-testes.com.br\/agazeta\/wp-content\/uploads\/2015\/10\/191015-cotidiano-marcelobadaro-agenciatj.jpg\",\"width\":458,\"height\":340,\"caption\":\"191015-cotidiano-marcelobadaro-agenciatj\"},{\"@type\":\"BreadcrumbList\",\"@id\":\"https:\/\/nk7-testes.com.br\/agazeta\/blogueiros-da-capital-sao-notificados\/#breadcrumb\",\"itemListElement\":[{\"@type\":\"ListItem\",\"position\":1,\"name\":\"In\u00edcio\",\"item\":\"https:\/\/nk7-testes.com.br\/agazeta\/\"},{\"@type\":\"ListItem\",\"position\":2,\"name\":\"Blogueiros da Capital s\u00e3o notificados\"}]},{\"@type\":\"WebSite\",\"@id\":\"https:\/\/nk7-testes.com.br\/agazeta\/#website\",\"url\":\"https:\/\/nk7-testes.com.br\/agazeta\/\",\"name\":\"Agazeta.net\",\"description\":\"Agazeta.net - Not\u00edcias de Rio Branco\/AC\",\"potentialAction\":[{\"@type\":\"SearchAction\",\"target\":{\"@type\":\"EntryPoint\",\"urlTemplate\":\"https:\/\/nk7-testes.com.br\/agazeta\/?s={search_term_string}\"},\"query-input\":{\"@type\":\"PropertyValueSpecification\",\"valueRequired\":true,\"valueName\":\"search_term_string\"}}],\"inLanguage\":\"pt-BR\"},{\"@type\":\"Person\",\"@id\":\"https:\/\/nk7-testes.com.br\/agazeta\/#\/schema\/person\/6d6e25cb0435eb4a02fd44d30b4e3020\",\"name\":\"Agazeta.Net\",\"url\":\"https:\/\/nk7-testes.com.br\/agazeta\/author\/agazeta\/\"}]}<\/script>\n<!-- \/ Yoast SEO plugin. -->","yoast_head_json":{"title":"Blogueiros da Capital s\u00e3o notificados - Agazeta.net","robots":{"index":"index","follow":"follow","max-snippet":"max-snippet:-1","max-image-preview":"max-image-preview:large","max-video-preview":"max-video-preview:-1"},"canonical":"https:\/\/nk7-testes.com.br\/agazeta\/blogueiros-da-capital-sao-notificados\/","og_locale":"pt_BR","og_type":"article","og_title":"Blogueiros da Capital s\u00e3o notificados - Agazeta.net","og_description":"Regulariza\u00e7\u00e3o pode ter custo de R$ 610,80","og_url":"https:\/\/nk7-testes.com.br\/agazeta\/blogueiros-da-capital-sao-notificados\/","og_site_name":"Agazeta.net","article_published_time":"2015-10-19T21:41:47+00:00","og_image":[{"width":458,"height":340,"url":"https:\/\/nk7-testes.com.br\/agazeta\/wp-content\/uploads\/2015\/10\/191015-cotidiano-marcelobadaro-agenciatj.jpg","type":"image\/jpeg"}],"author":"Agazeta.Net","twitter_card":"summary_large_image","twitter_misc":{"Escrito por":"Agazeta.Net","Est. tempo de leitura":"2 minutos"},"schema":{"@context":"https:\/\/schema.org","@graph":[{"@type":"WebPage","@id":"https:\/\/nk7-testes.com.br\/agazeta\/blogueiros-da-capital-sao-notificados\/","url":"https:\/\/nk7-testes.com.br\/agazeta\/blogueiros-da-capital-sao-notificados\/","name":"Blogueiros da Capital s\u00e3o notificados - Agazeta.net","isPartOf":{"@id":"https:\/\/nk7-testes.com.br\/agazeta\/#website"},"primaryImageOfPage":{"@id":"https:\/\/nk7-testes.com.br\/agazeta\/blogueiros-da-capital-sao-notificados\/#primaryimage"},"image":{"@id":"https:\/\/nk7-testes.com.br\/agazeta\/blogueiros-da-capital-sao-notificados\/#primaryimage"},"thumbnailUrl":"https:\/\/nk7-testes.com.br\/agazeta\/wp-content\/uploads\/2015\/10\/191015-cotidiano-marcelobadaro-agenciatj.jpg","datePublished":"2015-10-19T21:41:47+00:00","author":{"@id":"https:\/\/nk7-testes.com.br\/agazeta\/#\/schema\/person\/6d6e25cb0435eb4a02fd44d30b4e3020"},"breadcrumb":{"@id":"https:\/\/nk7-testes.com.br\/agazeta\/blogueiros-da-capital-sao-notificados\/#breadcrumb"},"inLanguage":"pt-BR","potentialAction":[{"@type":"ReadAction","target":["https:\/\/nk7-testes.com.br\/agazeta\/blogueiros-da-capital-sao-notificados\/"]}]},{"@type":"ImageObject","inLanguage":"pt-BR","@id":"https:\/\/nk7-testes.com.br\/agazeta\/blogueiros-da-capital-sao-notificados\/#primaryimage","url":"https:\/\/nk7-testes.com.br\/agazeta\/wp-content\/uploads\/2015\/10\/191015-cotidiano-marcelobadaro-agenciatj.jpg","contentUrl":"https:\/\/nk7-testes.com.br\/agazeta\/wp-content\/uploads\/2015\/10\/191015-cotidiano-marcelobadaro-agenciatj.jpg","width":458,"height":340,"caption":"191015-cotidiano-marcelobadaro-agenciatj"},{"@type":"BreadcrumbList","@id":"https:\/\/nk7-testes.com.br\/agazeta\/blogueiros-da-capital-sao-notificados\/#breadcrumb","itemListElement":[{"@type":"ListItem","position":1,"name":"In\u00edcio","item":"https:\/\/nk7-testes.com.br\/agazeta\/"},{"@type":"ListItem","position":2,"name":"Blogueiros da Capital s\u00e3o notificados"}]},{"@type":"WebSite","@id":"https:\/\/nk7-testes.com.br\/agazeta\/#website","url":"https:\/\/nk7-testes.com.br\/agazeta\/","name":"Agazeta.net","description":"Agazeta.net - Not\u00edcias de Rio Branco\/AC","potentialAction":[{"@type":"SearchAction","target":{"@type":"EntryPoint","urlTemplate":"https:\/\/nk7-testes.com.br\/agazeta\/?s={search_term_string}"},"query-input":{"@type":"PropertyValueSpecification","valueRequired":true,"valueName":"search_term_string"}}],"inLanguage":"pt-BR"},{"@type":"Person","@id":"https:\/\/nk7-testes.com.br\/agazeta\/#\/schema\/person\/6d6e25cb0435eb4a02fd44d30b4e3020","name":"Agazeta.Net","url":"https:\/\/nk7-testes.com.br\/agazeta\/author\/agazeta\/"}]}},"_links":{"self":[{"href":"https:\/\/nk7-testes.com.br\/agazeta\/wp-json\/wp\/v2\/posts\/19109","targetHints":{"allow":["GET"]}}],"collection":[{"href":"https:\/\/nk7-testes.com.br\/agazeta\/wp-json\/wp\/v2\/posts"}],"about":[{"href":"https:\/\/nk7-testes.com.br\/agazeta\/wp-json\/wp\/v2\/types\/post"}],"author":[{"embeddable":true,"href":"https:\/\/nk7-testes.com.br\/agazeta\/wp-json\/wp\/v2\/users\/4"}],"replies":[{"embeddable":true,"href":"https:\/\/nk7-testes.com.br\/agazeta\/wp-json\/wp\/v2\/comments?post=19109"}],"version-history":[{"count":0,"href":"https:\/\/nk7-testes.com.br\/agazeta\/wp-json\/wp\/v2\/posts\/19109\/revisions"}],"wp:featuredmedia":[{"embeddable":true,"href":"https:\/\/nk7-testes.com.br\/agazeta\/wp-json\/wp\/v2\/media\/19108"}],"wp:attachment":[{"href":"https:\/\/nk7-testes.com.br\/agazeta\/wp-json\/wp\/v2\/media?parent=19109"}],"wp:term":[{"taxonomy":"category","embeddable":true,"href":"https:\/\/nk7-testes.com.br\/agazeta\/wp-json\/wp\/v2\/categories?post=19109"},{"taxonomy":"post_tag","embeddable":true,"href":"https:\/\/nk7-testes.com.br\/agazeta\/wp-json\/wp\/v2\/tags?post=19109"}],"curies":[{"name":"wp","href":"https:\/\/api.w.org\/{rel}","templated":true}]}}