{"id":19061,"date":"2015-10-16T20:34:19","date_gmt":"2015-10-16T20:34:19","guid":{"rendered":"https:\/\/abarevegan.com.br\/index.php\/2015\/10\/16\/bebe-tem-o-braco-quebrado-na-hora-do-parto\/"},"modified":"2015-10-16T20:34:19","modified_gmt":"2015-10-16T20:34:19","slug":"bebe-tem-o-braco-quebrado-na-hora-do-parto","status":"publish","type":"post","link":"https:\/\/nk7-testes.com.br\/agazeta\/bebe-tem-o-braco-quebrado-na-hora-do-parto\/","title":{"rendered":"Beb\u00ea tem o bra\u00e7o quebrado na hora do parto"},"content":{"rendered":"<p style=\"text-align: justify;\">Estado ainda n\u00e3o tem resposta para o caso<\/p>\n<p style=\"text-align: justify;\">Jucineide Nogueira, moradora da zona rural do munic\u00edpio de Sena Madureira, estava gr\u00e1vida. O parto foi realizado no hospital da cidade Jo\u00e3o C\u00e2ncio Fernandes. Ela acusa dois m\u00e9dicos que fizeram o procedimento de ter lesionado o bra\u00e7o do beb\u00ea.<\/p>\n<p style=\"text-align: justify;\">Ela alega que os dois m\u00e9dicos for\u00e7aram para que o parto fosse normal. De forma brutal, \u201cpraticamente arrancaram a crian\u00e7a do meu \u00fatero\u201d. Isso resultou numa fratura no bra\u00e7o da crian\u00e7a. O garoto agora n\u00e3o tem mais o movimento do bra\u00e7o esquerdo.<\/p>\n<p style=\"text-align: justify;\">\u201cNa hora do parto eu mesma me lembro de pouca coisa, mas minha prima, que me acompanhava, viu tudo. Eu s\u00f3 lembro da \u00faltima pancada que recebi em cima do abdome pra for\u00e7ar a crian\u00e7a a nascer e eu desmaiei\u201d, contou ela sobre o momento que viveu.<\/p>\n<p style=\"text-align: justify;\">Na busca de uma solu\u00e7\u00e3o para o problema, a m\u00e3e da crian\u00e7a, desesperada, procurou o Minist\u00e9rio P\u00fablico que a encaminhou ao Instituto M\u00e9dico Legal de Rio Branco para realizar o exame de corpo de delito. O MP decretou ainda que o hospital disponibilize, em no m\u00e1ximo cinco dias, toda assist\u00eancia necess\u00e1ria tanto para a m\u00e3e quanto para o beb\u00ea.<\/p>\n<p style=\"text-align: justify;\">Jucineide disse ainda esperar que algo seja resolvido por parte do Estado e seu filho possa levar uma vida normal. \u201cEu espero que o Estado repare esse dano, porque ele vai ficar com sequela. Eu quero um tratamento pro meu filho pra que ele possa movimentar pelo menos um pouco o bra\u00e7o\u201d.<\/p>\n<p style=\"text-align: justify;\">A Diretoria de Aten\u00e7\u00e3o \u00e0 Sa\u00fade, vinculada \u00e0 Secretaria de Estado de Sa\u00fade, solicitou do Hospital Jo\u00e3o C\u00e2ncio Fernandes, no dia 5 de outubro, todos os prontu\u00e1rios relativos ao caso do parto do filho de Jucineide Nogueira. Ainda n\u00e3o h\u00e1 nenhuma defini\u00e7\u00e3o a respeito de solu\u00e7\u00f5es para o problema por parte do Estado.<\/p>\n","protected":false},"excerpt":{"rendered":"<p style=\"text-align: justify;\">Estado ainda n\u00e3o tem resposta para o caso<\/p>\n","protected":false},"author":4,"featured_media":19060,"comment_status":"open","ping_status":"open","sticky":false,"template":"","format":"standard","meta":{"jnews-multi-image_gallery":[],"jnews_single_post":[],"jnews_primary_category":[],"jnews_social_meta":[],"jnews_review":[],"enable_review":"","type":"","name":"","summary":"","brand":"","sku":"","good":[],"bad":[],"score_override":"","override_value":"","rating":[],"price":[],"footnotes":""},"categories":[54],"tags":[],"class_list":["post-19061","post","type-post","status-publish","format-standard","has-post-thumbnail","hentry","category-cotidiano"],"yoast_head":"<!-- This site is optimized with the Yoast SEO plugin v26.5 - https:\/\/yoast.com\/wordpress\/plugins\/seo\/ -->\n<title>Beb\u00ea tem o bra\u00e7o quebrado na hora do parto - Agazeta.net<\/title>\n<meta name=\"robots\" content=\"index, follow, max-snippet:-1, max-image-preview:large, max-video-preview:-1\" \/>\n<link rel=\"canonical\" href=\"https:\/\/nk7-testes.com.br\/agazeta\/bebe-tem-o-braco-quebrado-na-hora-do-parto\/\" \/>\n<meta property=\"og:locale\" content=\"pt_BR\" \/>\n<meta property=\"og:type\" content=\"article\" \/>\n<meta property=\"og:title\" content=\"Beb\u00ea tem o bra\u00e7o quebrado na hora do parto - Agazeta.net\" \/>\n<meta property=\"og:description\" content=\"Estado ainda n\u00e3o tem resposta para o caso\" \/>\n<meta property=\"og:url\" content=\"https:\/\/nk7-testes.com.br\/agazeta\/bebe-tem-o-braco-quebrado-na-hora-do-parto\/\" \/>\n<meta property=\"og:site_name\" content=\"Agazeta.net\" \/>\n<meta property=\"article:published_time\" content=\"2015-10-16T20:34:19+00:00\" \/>\n<meta property=\"og:image\" content=\"https:\/\/nk7-testes.com.br\/agazeta\/wp-content\/uploads\/2015\/10\/161015-cotidiano-crianca-cedida.jpg\" \/>\n\t<meta property=\"og:image:width\" content=\"458\" \/>\n\t<meta property=\"og:image:height\" content=\"340\" \/>\n\t<meta property=\"og:image:type\" content=\"image\/jpeg\" \/>\n<meta name=\"author\" content=\"Agazeta.Net\" \/>\n<meta name=\"twitter:card\" content=\"summary_large_image\" \/>\n<meta name=\"twitter:label1\" content=\"Escrito por\" \/>\n\t<meta name=\"twitter:data1\" content=\"Agazeta.Net\" \/>\n\t<meta name=\"twitter:label2\" content=\"Est. tempo de leitura\" \/>\n\t<meta name=\"twitter:data2\" content=\"2 minutos\" \/>\n<script type=\"application\/ld+json\" class=\"yoast-schema-graph\">{\"@context\":\"https:\/\/schema.org\",\"@graph\":[{\"@type\":\"WebPage\",\"@id\":\"https:\/\/nk7-testes.com.br\/agazeta\/bebe-tem-o-braco-quebrado-na-hora-do-parto\/\",\"url\":\"https:\/\/nk7-testes.com.br\/agazeta\/bebe-tem-o-braco-quebrado-na-hora-do-parto\/\",\"name\":\"Beb\u00ea tem o bra\u00e7o quebrado na hora do parto - Agazeta.net\",\"isPartOf\":{\"@id\":\"https:\/\/nk7-testes.com.br\/agazeta\/#website\"},\"primaryImageOfPage\":{\"@id\":\"https:\/\/nk7-testes.com.br\/agazeta\/bebe-tem-o-braco-quebrado-na-hora-do-parto\/#primaryimage\"},\"image\":{\"@id\":\"https:\/\/nk7-testes.com.br\/agazeta\/bebe-tem-o-braco-quebrado-na-hora-do-parto\/#primaryimage\"},\"thumbnailUrl\":\"https:\/\/nk7-testes.com.br\/agazeta\/wp-content\/uploads\/2015\/10\/161015-cotidiano-crianca-cedida.jpg\",\"datePublished\":\"2015-10-16T20:34:19+00:00\",\"author\":{\"@id\":\"https:\/\/nk7-testes.com.br\/agazeta\/#\/schema\/person\/6d6e25cb0435eb4a02fd44d30b4e3020\"},\"breadcrumb\":{\"@id\":\"https:\/\/nk7-testes.com.br\/agazeta\/bebe-tem-o-braco-quebrado-na-hora-do-parto\/#breadcrumb\"},\"inLanguage\":\"pt-BR\",\"potentialAction\":[{\"@type\":\"ReadAction\",\"target\":[\"https:\/\/nk7-testes.com.br\/agazeta\/bebe-tem-o-braco-quebrado-na-hora-do-parto\/\"]}]},{\"@type\":\"ImageObject\",\"inLanguage\":\"pt-BR\",\"@id\":\"https:\/\/nk7-testes.com.br\/agazeta\/bebe-tem-o-braco-quebrado-na-hora-do-parto\/#primaryimage\",\"url\":\"https:\/\/nk7-testes.com.br\/agazeta\/wp-content\/uploads\/2015\/10\/161015-cotidiano-crianca-cedida.jpg\",\"contentUrl\":\"https:\/\/nk7-testes.com.br\/agazeta\/wp-content\/uploads\/2015\/10\/161015-cotidiano-crianca-cedida.jpg\",\"width\":458,\"height\":340,\"caption\":\"161015-cotidiano-crianca-cedida\"},{\"@type\":\"BreadcrumbList\",\"@id\":\"https:\/\/nk7-testes.com.br\/agazeta\/bebe-tem-o-braco-quebrado-na-hora-do-parto\/#breadcrumb\",\"itemListElement\":[{\"@type\":\"ListItem\",\"position\":1,\"name\":\"In\u00edcio\",\"item\":\"https:\/\/nk7-testes.com.br\/agazeta\/\"},{\"@type\":\"ListItem\",\"position\":2,\"name\":\"Beb\u00ea tem o bra\u00e7o quebrado na hora do parto\"}]},{\"@type\":\"WebSite\",\"@id\":\"https:\/\/nk7-testes.com.br\/agazeta\/#website\",\"url\":\"https:\/\/nk7-testes.com.br\/agazeta\/\",\"name\":\"Agazeta.net\",\"description\":\"Agazeta.net - Not\u00edcias de Rio Branco\/AC\",\"potentialAction\":[{\"@type\":\"SearchAction\",\"target\":{\"@type\":\"EntryPoint\",\"urlTemplate\":\"https:\/\/nk7-testes.com.br\/agazeta\/?s={search_term_string}\"},\"query-input\":{\"@type\":\"PropertyValueSpecification\",\"valueRequired\":true,\"valueName\":\"search_term_string\"}}],\"inLanguage\":\"pt-BR\"},{\"@type\":\"Person\",\"@id\":\"https:\/\/nk7-testes.com.br\/agazeta\/#\/schema\/person\/6d6e25cb0435eb4a02fd44d30b4e3020\",\"name\":\"Agazeta.Net\",\"url\":\"https:\/\/nk7-testes.com.br\/agazeta\/author\/agazeta\/\"}]}<\/script>\n<!-- \/ Yoast SEO plugin. -->","yoast_head_json":{"title":"Beb\u00ea tem o bra\u00e7o quebrado na hora do parto - Agazeta.net","robots":{"index":"index","follow":"follow","max-snippet":"max-snippet:-1","max-image-preview":"max-image-preview:large","max-video-preview":"max-video-preview:-1"},"canonical":"https:\/\/nk7-testes.com.br\/agazeta\/bebe-tem-o-braco-quebrado-na-hora-do-parto\/","og_locale":"pt_BR","og_type":"article","og_title":"Beb\u00ea tem o bra\u00e7o quebrado na hora do parto - Agazeta.net","og_description":"Estado ainda n\u00e3o tem resposta para o caso","og_url":"https:\/\/nk7-testes.com.br\/agazeta\/bebe-tem-o-braco-quebrado-na-hora-do-parto\/","og_site_name":"Agazeta.net","article_published_time":"2015-10-16T20:34:19+00:00","og_image":[{"width":458,"height":340,"url":"https:\/\/nk7-testes.com.br\/agazeta\/wp-content\/uploads\/2015\/10\/161015-cotidiano-crianca-cedida.jpg","type":"image\/jpeg"}],"author":"Agazeta.Net","twitter_card":"summary_large_image","twitter_misc":{"Escrito por":"Agazeta.Net","Est. tempo de leitura":"2 minutos"},"schema":{"@context":"https:\/\/schema.org","@graph":[{"@type":"WebPage","@id":"https:\/\/nk7-testes.com.br\/agazeta\/bebe-tem-o-braco-quebrado-na-hora-do-parto\/","url":"https:\/\/nk7-testes.com.br\/agazeta\/bebe-tem-o-braco-quebrado-na-hora-do-parto\/","name":"Beb\u00ea tem o bra\u00e7o quebrado na hora do parto - Agazeta.net","isPartOf":{"@id":"https:\/\/nk7-testes.com.br\/agazeta\/#website"},"primaryImageOfPage":{"@id":"https:\/\/nk7-testes.com.br\/agazeta\/bebe-tem-o-braco-quebrado-na-hora-do-parto\/#primaryimage"},"image":{"@id":"https:\/\/nk7-testes.com.br\/agazeta\/bebe-tem-o-braco-quebrado-na-hora-do-parto\/#primaryimage"},"thumbnailUrl":"https:\/\/nk7-testes.com.br\/agazeta\/wp-content\/uploads\/2015\/10\/161015-cotidiano-crianca-cedida.jpg","datePublished":"2015-10-16T20:34:19+00:00","author":{"@id":"https:\/\/nk7-testes.com.br\/agazeta\/#\/schema\/person\/6d6e25cb0435eb4a02fd44d30b4e3020"},"breadcrumb":{"@id":"https:\/\/nk7-testes.com.br\/agazeta\/bebe-tem-o-braco-quebrado-na-hora-do-parto\/#breadcrumb"},"inLanguage":"pt-BR","potentialAction":[{"@type":"ReadAction","target":["https:\/\/nk7-testes.com.br\/agazeta\/bebe-tem-o-braco-quebrado-na-hora-do-parto\/"]}]},{"@type":"ImageObject","inLanguage":"pt-BR","@id":"https:\/\/nk7-testes.com.br\/agazeta\/bebe-tem-o-braco-quebrado-na-hora-do-parto\/#primaryimage","url":"https:\/\/nk7-testes.com.br\/agazeta\/wp-content\/uploads\/2015\/10\/161015-cotidiano-crianca-cedida.jpg","contentUrl":"https:\/\/nk7-testes.com.br\/agazeta\/wp-content\/uploads\/2015\/10\/161015-cotidiano-crianca-cedida.jpg","width":458,"height":340,"caption":"161015-cotidiano-crianca-cedida"},{"@type":"BreadcrumbList","@id":"https:\/\/nk7-testes.com.br\/agazeta\/bebe-tem-o-braco-quebrado-na-hora-do-parto\/#breadcrumb","itemListElement":[{"@type":"ListItem","position":1,"name":"In\u00edcio","item":"https:\/\/nk7-testes.com.br\/agazeta\/"},{"@type":"ListItem","position":2,"name":"Beb\u00ea tem o bra\u00e7o quebrado na hora do parto"}]},{"@type":"WebSite","@id":"https:\/\/nk7-testes.com.br\/agazeta\/#website","url":"https:\/\/nk7-testes.com.br\/agazeta\/","name":"Agazeta.net","description":"Agazeta.net - Not\u00edcias de Rio Branco\/AC","potentialAction":[{"@type":"SearchAction","target":{"@type":"EntryPoint","urlTemplate":"https:\/\/nk7-testes.com.br\/agazeta\/?s={search_term_string}"},"query-input":{"@type":"PropertyValueSpecification","valueRequired":true,"valueName":"search_term_string"}}],"inLanguage":"pt-BR"},{"@type":"Person","@id":"https:\/\/nk7-testes.com.br\/agazeta\/#\/schema\/person\/6d6e25cb0435eb4a02fd44d30b4e3020","name":"Agazeta.Net","url":"https:\/\/nk7-testes.com.br\/agazeta\/author\/agazeta\/"}]}},"_links":{"self":[{"href":"https:\/\/nk7-testes.com.br\/agazeta\/wp-json\/wp\/v2\/posts\/19061","targetHints":{"allow":["GET"]}}],"collection":[{"href":"https:\/\/nk7-testes.com.br\/agazeta\/wp-json\/wp\/v2\/posts"}],"about":[{"href":"https:\/\/nk7-testes.com.br\/agazeta\/wp-json\/wp\/v2\/types\/post"}],"author":[{"embeddable":true,"href":"https:\/\/nk7-testes.com.br\/agazeta\/wp-json\/wp\/v2\/users\/4"}],"replies":[{"embeddable":true,"href":"https:\/\/nk7-testes.com.br\/agazeta\/wp-json\/wp\/v2\/comments?post=19061"}],"version-history":[{"count":0,"href":"https:\/\/nk7-testes.com.br\/agazeta\/wp-json\/wp\/v2\/posts\/19061\/revisions"}],"wp:featuredmedia":[{"embeddable":true,"href":"https:\/\/nk7-testes.com.br\/agazeta\/wp-json\/wp\/v2\/media\/19060"}],"wp:attachment":[{"href":"https:\/\/nk7-testes.com.br\/agazeta\/wp-json\/wp\/v2\/media?parent=19061"}],"wp:term":[{"taxonomy":"category","embeddable":true,"href":"https:\/\/nk7-testes.com.br\/agazeta\/wp-json\/wp\/v2\/categories?post=19061"},{"taxonomy":"post_tag","embeddable":true,"href":"https:\/\/nk7-testes.com.br\/agazeta\/wp-json\/wp\/v2\/tags?post=19061"}],"curies":[{"name":"wp","href":"https:\/\/api.w.org\/{rel}","templated":true}]}}