{"id":19037,"date":"2015-10-15T21:45:55","date_gmt":"2015-10-15T21:45:55","guid":{"rendered":"https:\/\/abarevegan.com.br\/index.php\/2015\/10\/15\/comerciantes-confirmam-crise-no-setor\/"},"modified":"2015-10-15T21:45:55","modified_gmt":"2015-10-15T21:45:55","slug":"comerciantes-confirmam-crise-no-setor","status":"publish","type":"post","link":"https:\/\/nk7-testes.com.br\/agazeta\/comerciantes-confirmam-crise-no-setor\/","title":{"rendered":"Comerciantes confirmam crise no setor"},"content":{"rendered":"<p style=\"text-align: justify;\">Esperan\u00e7a de vendas at\u00e9 fim do m\u00eas<\/p>\n<p style=\"text-align: justify;\">O Dia das Crian\u00e7as registrou o pior resultado em vendas dos \u00faltimos anos em todo pa\u00eds. Em Rio Branco, os comerciantes est\u00e3o fechando o balan\u00e7o, mas j\u00e1 estimam queda no faturamento. Os mais otimistas acreditam que at\u00e9 o fim do m\u00eas ser\u00e1 poss\u00edvel recuperar o desempenho ruim j\u00e1 confirmado em outros estados.<\/p>\n<p style=\"text-align: justify;\">Segundo dados do Servi\u00e7o de Prote\u00e7\u00e3o ao Cr\u00e9dito (SPC Brasil) e da Confedera\u00e7\u00e3o Nacional de Dirigentes Lojistas, o com\u00e9rcio varejista registrou o pior resultado dos \u00faltimos seis anos nas vendas relativas ao Dia das Crian\u00e7as. As consultas \u00e0s entidades para vendas a prazo ca\u00edram 8,95% entre os dias 5 e 11 de outubro, em rela\u00e7\u00e3o ao mesmo per\u00edodo do ano passado.<\/p>\n<p style=\"text-align: justify;\">No com\u00e9rcio de Rio Branco, os empres\u00e1rios do ramo de brinquedos ainda contam com vendas at\u00e9 o final do m\u00eas, para fechar o balan\u00e7o. Mas, algumas lojas como uma especializada em presentes, que faz parte de uma rede, as vendas da v\u00e9spera, domingo e segunda-feira, no Dia das Crian\u00e7as, foram menos satisfat\u00f3rias. De acordo com o resumo de faturamento, a queda nas vendas nesse per\u00edodo em rela\u00e7\u00e3o ao ano passado foi de 30%.<\/p>\n<p style=\"text-align: justify;\">\u201cNossas expectativas s\u00e3o grandes, mas com a crise n\u00e3o podemos fazer nada. Afetou as vendas, mas estamos pra trabalhar e vender mais\u201d, disse a vendedora Luciana Batista.<\/p>\n<p style=\"text-align: justify;\">A empres\u00e1ria Iolanda Nascimento se considera otimista no ramo. At\u00e9 o fechamento do m\u00eas, quer ver bons resultados e, por isso, n\u00e3o parou de trabalhar para comparar as vendas deste ano com 2014.<\/p>\n<p style=\"text-align: justify;\">A loja de artigos infantis apostou em promo\u00e7\u00f5es para superar a tend\u00eancia de queda no consumo. \u201cA gente trabalha para que seja positivo, ainda tem 15 dias pra terminar o m\u00eas\u201d, comenta.<\/p>\n<p style=\"text-align: justify;\">O balan\u00e7o nacional dos Dirigentes Lojistas e SPC tamb\u00e9m apontou queda nas vendas em todas as datas comemorativas de 2015. O resultado foi negativo na P\u00e1scoa, dia das m\u00e3es, dia dos namorados e dia dos pais.<\/p>\n<p style=\"text-align: justify;\">Segundo a Associa\u00e7\u00e3o Comercial do Acre (Acisa), o resultado obtido no dia das crian\u00e7as projeta desempenho ruim tamb\u00e9m para o Natal.<\/p>\n","protected":false},"excerpt":{"rendered":"<p style=\"text-align: justify;\">Esperan\u00e7a de vendas at\u00e9 fim do m\u00eas<\/p>\n","protected":false},"author":4,"featured_media":19036,"comment_status":"open","ping_status":"open","sticky":false,"template":"","format":"standard","meta":{"jnews-multi-image_gallery":[],"jnews_single_post":[],"jnews_primary_category":[],"jnews_social_meta":[],"jnews_review":[],"enable_review":"","type":"","name":"","summary":"","brand":"","sku":"","good":[],"bad":[],"score_override":"","override_value":"","rating":[],"price":[],"footnotes":""},"categories":[54],"tags":[],"class_list":["post-19037","post","type-post","status-publish","format-standard","has-post-thumbnail","hentry","category-cotidiano"],"yoast_head":"<!-- This site is optimized with the Yoast SEO plugin v26.5 - https:\/\/yoast.com\/wordpress\/plugins\/seo\/ -->\n<title>Comerciantes confirmam crise no setor - Agazeta.net<\/title>\n<meta name=\"robots\" content=\"index, follow, max-snippet:-1, max-image-preview:large, max-video-preview:-1\" \/>\n<link rel=\"canonical\" href=\"https:\/\/nk7-testes.com.br\/agazeta\/comerciantes-confirmam-crise-no-setor\/\" \/>\n<meta property=\"og:locale\" content=\"pt_BR\" \/>\n<meta property=\"og:type\" content=\"article\" \/>\n<meta property=\"og:title\" content=\"Comerciantes confirmam crise no setor - Agazeta.net\" \/>\n<meta property=\"og:description\" content=\"Esperan\u00e7a de vendas at\u00e9 fim do m\u00eas\" \/>\n<meta property=\"og:url\" content=\"https:\/\/nk7-testes.com.br\/agazeta\/comerciantes-confirmam-crise-no-setor\/\" \/>\n<meta property=\"og:site_name\" content=\"Agazeta.net\" \/>\n<meta property=\"article:published_time\" content=\"2015-10-15T21:45:55+00:00\" \/>\n<meta property=\"og:image\" content=\"https:\/\/nk7-testes.com.br\/agazeta\/wp-content\/uploads\/2015\/10\/151015-cotidiano-diadascriancas-tvgazeta.jpg\" \/>\n\t<meta property=\"og:image:width\" content=\"458\" \/>\n\t<meta property=\"og:image:height\" content=\"340\" \/>\n\t<meta property=\"og:image:type\" content=\"image\/jpeg\" \/>\n<meta name=\"author\" content=\"Agazeta.Net\" \/>\n<meta name=\"twitter:card\" content=\"summary_large_image\" \/>\n<meta name=\"twitter:label1\" content=\"Escrito por\" \/>\n\t<meta name=\"twitter:data1\" content=\"Agazeta.Net\" \/>\n\t<meta name=\"twitter:label2\" content=\"Est. tempo de leitura\" \/>\n\t<meta name=\"twitter:data2\" content=\"2 minutos\" \/>\n<script type=\"application\/ld+json\" class=\"yoast-schema-graph\">{\"@context\":\"https:\/\/schema.org\",\"@graph\":[{\"@type\":\"WebPage\",\"@id\":\"https:\/\/nk7-testes.com.br\/agazeta\/comerciantes-confirmam-crise-no-setor\/\",\"url\":\"https:\/\/nk7-testes.com.br\/agazeta\/comerciantes-confirmam-crise-no-setor\/\",\"name\":\"Comerciantes confirmam crise no setor - Agazeta.net\",\"isPartOf\":{\"@id\":\"https:\/\/nk7-testes.com.br\/agazeta\/#website\"},\"primaryImageOfPage\":{\"@id\":\"https:\/\/nk7-testes.com.br\/agazeta\/comerciantes-confirmam-crise-no-setor\/#primaryimage\"},\"image\":{\"@id\":\"https:\/\/nk7-testes.com.br\/agazeta\/comerciantes-confirmam-crise-no-setor\/#primaryimage\"},\"thumbnailUrl\":\"https:\/\/nk7-testes.com.br\/agazeta\/wp-content\/uploads\/2015\/10\/151015-cotidiano-diadascriancas-tvgazeta.jpg\",\"datePublished\":\"2015-10-15T21:45:55+00:00\",\"author\":{\"@id\":\"https:\/\/nk7-testes.com.br\/agazeta\/#\/schema\/person\/6d6e25cb0435eb4a02fd44d30b4e3020\"},\"breadcrumb\":{\"@id\":\"https:\/\/nk7-testes.com.br\/agazeta\/comerciantes-confirmam-crise-no-setor\/#breadcrumb\"},\"inLanguage\":\"pt-BR\",\"potentialAction\":[{\"@type\":\"ReadAction\",\"target\":[\"https:\/\/nk7-testes.com.br\/agazeta\/comerciantes-confirmam-crise-no-setor\/\"]}]},{\"@type\":\"ImageObject\",\"inLanguage\":\"pt-BR\",\"@id\":\"https:\/\/nk7-testes.com.br\/agazeta\/comerciantes-confirmam-crise-no-setor\/#primaryimage\",\"url\":\"https:\/\/nk7-testes.com.br\/agazeta\/wp-content\/uploads\/2015\/10\/151015-cotidiano-diadascriancas-tvgazeta.jpg\",\"contentUrl\":\"https:\/\/nk7-testes.com.br\/agazeta\/wp-content\/uploads\/2015\/10\/151015-cotidiano-diadascriancas-tvgazeta.jpg\",\"width\":458,\"height\":340,\"caption\":\"151015-cotidiano-diadascriancas-tvgazeta\"},{\"@type\":\"BreadcrumbList\",\"@id\":\"https:\/\/nk7-testes.com.br\/agazeta\/comerciantes-confirmam-crise-no-setor\/#breadcrumb\",\"itemListElement\":[{\"@type\":\"ListItem\",\"position\":1,\"name\":\"In\u00edcio\",\"item\":\"https:\/\/nk7-testes.com.br\/agazeta\/\"},{\"@type\":\"ListItem\",\"position\":2,\"name\":\"Comerciantes confirmam crise no setor\"}]},{\"@type\":\"WebSite\",\"@id\":\"https:\/\/nk7-testes.com.br\/agazeta\/#website\",\"url\":\"https:\/\/nk7-testes.com.br\/agazeta\/\",\"name\":\"Agazeta.net\",\"description\":\"Agazeta.net - Not\u00edcias de Rio Branco\/AC\",\"potentialAction\":[{\"@type\":\"SearchAction\",\"target\":{\"@type\":\"EntryPoint\",\"urlTemplate\":\"https:\/\/nk7-testes.com.br\/agazeta\/?s={search_term_string}\"},\"query-input\":{\"@type\":\"PropertyValueSpecification\",\"valueRequired\":true,\"valueName\":\"search_term_string\"}}],\"inLanguage\":\"pt-BR\"},{\"@type\":\"Person\",\"@id\":\"https:\/\/nk7-testes.com.br\/agazeta\/#\/schema\/person\/6d6e25cb0435eb4a02fd44d30b4e3020\",\"name\":\"Agazeta.Net\",\"url\":\"https:\/\/nk7-testes.com.br\/agazeta\/author\/agazeta\/\"}]}<\/script>\n<!-- \/ Yoast SEO plugin. -->","yoast_head_json":{"title":"Comerciantes confirmam crise no setor - Agazeta.net","robots":{"index":"index","follow":"follow","max-snippet":"max-snippet:-1","max-image-preview":"max-image-preview:large","max-video-preview":"max-video-preview:-1"},"canonical":"https:\/\/nk7-testes.com.br\/agazeta\/comerciantes-confirmam-crise-no-setor\/","og_locale":"pt_BR","og_type":"article","og_title":"Comerciantes confirmam crise no setor - Agazeta.net","og_description":"Esperan\u00e7a de vendas at\u00e9 fim do m\u00eas","og_url":"https:\/\/nk7-testes.com.br\/agazeta\/comerciantes-confirmam-crise-no-setor\/","og_site_name":"Agazeta.net","article_published_time":"2015-10-15T21:45:55+00:00","og_image":[{"width":458,"height":340,"url":"https:\/\/nk7-testes.com.br\/agazeta\/wp-content\/uploads\/2015\/10\/151015-cotidiano-diadascriancas-tvgazeta.jpg","type":"image\/jpeg"}],"author":"Agazeta.Net","twitter_card":"summary_large_image","twitter_misc":{"Escrito por":"Agazeta.Net","Est. tempo de leitura":"2 minutos"},"schema":{"@context":"https:\/\/schema.org","@graph":[{"@type":"WebPage","@id":"https:\/\/nk7-testes.com.br\/agazeta\/comerciantes-confirmam-crise-no-setor\/","url":"https:\/\/nk7-testes.com.br\/agazeta\/comerciantes-confirmam-crise-no-setor\/","name":"Comerciantes confirmam crise no setor - Agazeta.net","isPartOf":{"@id":"https:\/\/nk7-testes.com.br\/agazeta\/#website"},"primaryImageOfPage":{"@id":"https:\/\/nk7-testes.com.br\/agazeta\/comerciantes-confirmam-crise-no-setor\/#primaryimage"},"image":{"@id":"https:\/\/nk7-testes.com.br\/agazeta\/comerciantes-confirmam-crise-no-setor\/#primaryimage"},"thumbnailUrl":"https:\/\/nk7-testes.com.br\/agazeta\/wp-content\/uploads\/2015\/10\/151015-cotidiano-diadascriancas-tvgazeta.jpg","datePublished":"2015-10-15T21:45:55+00:00","author":{"@id":"https:\/\/nk7-testes.com.br\/agazeta\/#\/schema\/person\/6d6e25cb0435eb4a02fd44d30b4e3020"},"breadcrumb":{"@id":"https:\/\/nk7-testes.com.br\/agazeta\/comerciantes-confirmam-crise-no-setor\/#breadcrumb"},"inLanguage":"pt-BR","potentialAction":[{"@type":"ReadAction","target":["https:\/\/nk7-testes.com.br\/agazeta\/comerciantes-confirmam-crise-no-setor\/"]}]},{"@type":"ImageObject","inLanguage":"pt-BR","@id":"https:\/\/nk7-testes.com.br\/agazeta\/comerciantes-confirmam-crise-no-setor\/#primaryimage","url":"https:\/\/nk7-testes.com.br\/agazeta\/wp-content\/uploads\/2015\/10\/151015-cotidiano-diadascriancas-tvgazeta.jpg","contentUrl":"https:\/\/nk7-testes.com.br\/agazeta\/wp-content\/uploads\/2015\/10\/151015-cotidiano-diadascriancas-tvgazeta.jpg","width":458,"height":340,"caption":"151015-cotidiano-diadascriancas-tvgazeta"},{"@type":"BreadcrumbList","@id":"https:\/\/nk7-testes.com.br\/agazeta\/comerciantes-confirmam-crise-no-setor\/#breadcrumb","itemListElement":[{"@type":"ListItem","position":1,"name":"In\u00edcio","item":"https:\/\/nk7-testes.com.br\/agazeta\/"},{"@type":"ListItem","position":2,"name":"Comerciantes confirmam crise no setor"}]},{"@type":"WebSite","@id":"https:\/\/nk7-testes.com.br\/agazeta\/#website","url":"https:\/\/nk7-testes.com.br\/agazeta\/","name":"Agazeta.net","description":"Agazeta.net - Not\u00edcias de Rio Branco\/AC","potentialAction":[{"@type":"SearchAction","target":{"@type":"EntryPoint","urlTemplate":"https:\/\/nk7-testes.com.br\/agazeta\/?s={search_term_string}"},"query-input":{"@type":"PropertyValueSpecification","valueRequired":true,"valueName":"search_term_string"}}],"inLanguage":"pt-BR"},{"@type":"Person","@id":"https:\/\/nk7-testes.com.br\/agazeta\/#\/schema\/person\/6d6e25cb0435eb4a02fd44d30b4e3020","name":"Agazeta.Net","url":"https:\/\/nk7-testes.com.br\/agazeta\/author\/agazeta\/"}]}},"_links":{"self":[{"href":"https:\/\/nk7-testes.com.br\/agazeta\/wp-json\/wp\/v2\/posts\/19037","targetHints":{"allow":["GET"]}}],"collection":[{"href":"https:\/\/nk7-testes.com.br\/agazeta\/wp-json\/wp\/v2\/posts"}],"about":[{"href":"https:\/\/nk7-testes.com.br\/agazeta\/wp-json\/wp\/v2\/types\/post"}],"author":[{"embeddable":true,"href":"https:\/\/nk7-testes.com.br\/agazeta\/wp-json\/wp\/v2\/users\/4"}],"replies":[{"embeddable":true,"href":"https:\/\/nk7-testes.com.br\/agazeta\/wp-json\/wp\/v2\/comments?post=19037"}],"version-history":[{"count":0,"href":"https:\/\/nk7-testes.com.br\/agazeta\/wp-json\/wp\/v2\/posts\/19037\/revisions"}],"wp:featuredmedia":[{"embeddable":true,"href":"https:\/\/nk7-testes.com.br\/agazeta\/wp-json\/wp\/v2\/media\/19036"}],"wp:attachment":[{"href":"https:\/\/nk7-testes.com.br\/agazeta\/wp-json\/wp\/v2\/media?parent=19037"}],"wp:term":[{"taxonomy":"category","embeddable":true,"href":"https:\/\/nk7-testes.com.br\/agazeta\/wp-json\/wp\/v2\/categories?post=19037"},{"taxonomy":"post_tag","embeddable":true,"href":"https:\/\/nk7-testes.com.br\/agazeta\/wp-json\/wp\/v2\/tags?post=19037"}],"curies":[{"name":"wp","href":"https:\/\/api.w.org\/{rel}","templated":true}]}}