{"id":19014,"date":"2015-10-14T21:08:40","date_gmt":"2015-10-14T21:08:40","guid":{"rendered":"https:\/\/abarevegan.com.br\/index.php\/2015\/10\/14\/br-364-e-desbloqueada-apos-28-horas-de-protesto\/"},"modified":"2015-10-14T21:08:40","modified_gmt":"2015-10-14T21:08:40","slug":"br-364-e-desbloqueada-apos-28-horas-de-protesto","status":"publish","type":"post","link":"https:\/\/nk7-testes.com.br\/agazeta\/br-364-e-desbloqueada-apos-28-horas-de-protesto\/","title":{"rendered":"BR-364 \u00e9 desbloqueada ap\u00f3s 28 horas de protesto"},"content":{"rendered":"<p style=\"text-align: justify;\">Momentos tensos expuseram falha na gest\u00e3o p\u00fablica<\/p>\n<p style=\"text-align: justify;\">Ap\u00f3s 28 horas, os agricultores dos assentamentos Porto Luiz e Campo Novo, na entrada do munic\u00edpio de Acrel\u00e2ndia, resolveram liberar os bloqueios da BR-364 e da AC- 475, a Estrada do Agricultor.<\/p>\n<p style=\"text-align: justify;\">Ainda na manh\u00e3 desta ter\u00e7a-feira (13), por volta das 9h da manh\u00e3, os manifestantes fecharam a BR-364 que faz a interliga\u00e7\u00e3o rodovi\u00e1ria do Acre ao restante do pa\u00eds. <br \/>Na manh\u00e3 desta quarta, com a presen\u00e7a de homens da Pol\u00edcia Rodovi\u00e1ria Federal, eles chegaram a liberar a estrada por cerca de uma hora, fechando logo em seguida.<\/p>\n<p style=\"text-align: justify;\">O caminhoneiro Jimmy Laura, da Bol\u00edvia, passou a noite no meio da estrada e ainda estava l\u00e1 quando a nossa equipe de reportagem chegou ao local. Segundo ele, a fila era t\u00e3o longa que n\u00e3o deu tempo de passar no momento em que abriram o bloqueio.<\/p>\n<p style=\"text-align: justify;\">\u201cA gente est\u00e1 aqui n\u00e3o tem nada pra comer. T\u00e1 ruim! Queremos passar. Temos fam\u00edlia nos esperando. N\u00e3o sei o que vamos fazer\u201d, afirmou Jimmy, que estava em viagem rumo a Guajar\u00e1 Mirim para pegar combust\u00edvel.<\/p>\n<p style=\"text-align: justify;\">Os agricultores reclamam da inefici\u00eancia do Incra para quest\u00f5es relacionadas \u00e0 distribui\u00e7\u00e3o de terras e \u00e0 resolu\u00e7\u00e3o dos problemas relacionados ao passivo ambiental. O Sindicato dos Trabalhadores Rurais de Acrel\u00e2ndia alega que o Incra concedeu 200 hectares a um s\u00f3 benefici\u00e1rio. Parte dessa terra j\u00e1 est\u00e1 ocupada (e produtiva) por cerca de 150 fam\u00edlias.<\/p>\n<p style=\"text-align: justify;\">As fam\u00edlias alegam que n\u00e3o v\u00e3o sair das terras onde limparam e plantaram para que apenas uma pessoa seja beneficiada e transforme todo o esfor\u00e7o dos agricultores em pasto. \u201cO Incra quer assentar um fazendeiro numa \u00e1rea que n\u00f3s estamos h\u00e1 tr\u00eas anos trabalhando, produzindo e colhendo, pra assentar um cidad\u00e3o que vai plantar capim numa \u00e1rea produtiva\u201d, denunciou o agricultor Marcos dos Santos Poklin.<\/p>\n<p style=\"text-align: justify;\">Outra reclama\u00e7\u00e3o dos manifestantes \u00e9 a condi\u00e7\u00e3o de trafegabilidade nos ramais para escoar a produ\u00e7\u00e3o. Neste per\u00edodo de ver\u00e3o, muita poeira e no inverno lama. \u201cVamos continuar aqui at\u00e9 chegar uma resposta, estamos l\u00e1 dentro h\u00e1 tr\u00eas anos, produzindo banana, apesar dos ramais que s\u00e3o muito ruins\u201d, relatou a agricultora Maria C\u00edcera.<\/p>\n<p style=\"text-align: justify;\">Por volta das 13 horas de hoje, os manifestantes decidiram pelo desbloqueio da BR ap\u00f3s. Eles receberem a informa\u00e7\u00e3o de que um dos representantes do movimento havia sido detido pela PRF e que s\u00f3 seria liberado ap\u00f3s o fim do protesto dos agricultores.<\/p>\n<p style=\"text-align: justify;\">Mas, na verdade, foi uma estrat\u00e9gia da Pol\u00edcia Rodovi\u00e1ria Federal para tentar o desbloqueio das estradas. Os representantes do movimento dos trabalhadores foram, inclusive, pressionar o parlamento estadual em busca de apoio pol\u00edtico. Na tarde desta quarta-feira, os representantes dos trabalhadores rurais est\u00e3o reunidos com deputados estaduais que integram a Comiss\u00e3o de Reforma Agr\u00e1ria da Aleac para encontrar uma solu\u00e7\u00e3o.<\/p>\n<p style=\"text-align: justify;\">Uma alternativa poss\u00edvel \u00e9 entrar com uma a\u00e7\u00e3o na Justi\u00e7a Federal para tentar reverter a decis\u00e3o em primeira inst\u00e2ncia que deu ganho de causa ao posseiro que foi beneficiado com 200 hectares de terra.<\/p>\n","protected":false},"excerpt":{"rendered":"<p style=\"text-align: justify;\">Momentos tensos expuseram falha na gest\u00e3o p\u00fablica<\/p>\n","protected":false},"author":4,"featured_media":19013,"comment_status":"open","ping_status":"open","sticky":false,"template":"","format":"standard","meta":{"jnews-multi-image_gallery":[],"jnews_single_post":[],"jnews_primary_category":[],"jnews_social_meta":[],"jnews_review":[],"enable_review":"","type":"","name":"","summary":"","brand":"","sku":"","good":[],"bad":[],"score_override":"","override_value":"","rating":[],"price":[],"footnotes":""},"categories":[54],"tags":[],"class_list":["post-19014","post","type-post","status-publish","format-standard","has-post-thumbnail","hentry","category-cotidiano"],"yoast_head":"<!-- This site is optimized with the Yoast SEO plugin v26.5 - https:\/\/yoast.com\/wordpress\/plugins\/seo\/ -->\n<title>BR-364 \u00e9 desbloqueada ap\u00f3s 28 horas de protesto - Agazeta.net<\/title>\n<meta name=\"robots\" content=\"index, follow, max-snippet:-1, max-image-preview:large, max-video-preview:-1\" \/>\n<link rel=\"canonical\" href=\"https:\/\/nk7-testes.com.br\/agazeta\/br-364-e-desbloqueada-apos-28-horas-de-protesto\/\" \/>\n<meta property=\"og:locale\" content=\"pt_BR\" \/>\n<meta property=\"og:type\" content=\"article\" \/>\n<meta property=\"og:title\" content=\"BR-364 \u00e9 desbloqueada ap\u00f3s 28 horas de protesto - Agazeta.net\" \/>\n<meta property=\"og:description\" content=\"Momentos tensos expuseram falha na gest\u00e3o p\u00fablica\" \/>\n<meta property=\"og:url\" content=\"https:\/\/nk7-testes.com.br\/agazeta\/br-364-e-desbloqueada-apos-28-horas-de-protesto\/\" \/>\n<meta property=\"og:site_name\" content=\"Agazeta.net\" \/>\n<meta property=\"article:published_time\" content=\"2015-10-14T21:08:40+00:00\" \/>\n<meta property=\"og:image\" content=\"https:\/\/nk7-testes.com.br\/agazeta\/wp-content\/uploads\/2015\/10\/141015-cotidiano-estradabloqueada-taianelima2.jpg\" \/>\n\t<meta property=\"og:image:width\" content=\"458\" \/>\n\t<meta property=\"og:image:height\" content=\"340\" \/>\n\t<meta property=\"og:image:type\" content=\"image\/jpeg\" \/>\n<meta name=\"author\" content=\"Agazeta.Net\" \/>\n<meta name=\"twitter:card\" content=\"summary_large_image\" \/>\n<meta name=\"twitter:label1\" content=\"Escrito por\" \/>\n\t<meta name=\"twitter:data1\" content=\"Agazeta.Net\" \/>\n\t<meta name=\"twitter:label2\" content=\"Est. tempo de leitura\" \/>\n\t<meta name=\"twitter:data2\" content=\"3 minutos\" \/>\n<script type=\"application\/ld+json\" class=\"yoast-schema-graph\">{\"@context\":\"https:\/\/schema.org\",\"@graph\":[{\"@type\":\"WebPage\",\"@id\":\"https:\/\/nk7-testes.com.br\/agazeta\/br-364-e-desbloqueada-apos-28-horas-de-protesto\/\",\"url\":\"https:\/\/nk7-testes.com.br\/agazeta\/br-364-e-desbloqueada-apos-28-horas-de-protesto\/\",\"name\":\"BR-364 \u00e9 desbloqueada ap\u00f3s 28 horas de protesto - Agazeta.net\",\"isPartOf\":{\"@id\":\"https:\/\/nk7-testes.com.br\/agazeta\/#website\"},\"primaryImageOfPage\":{\"@id\":\"https:\/\/nk7-testes.com.br\/agazeta\/br-364-e-desbloqueada-apos-28-horas-de-protesto\/#primaryimage\"},\"image\":{\"@id\":\"https:\/\/nk7-testes.com.br\/agazeta\/br-364-e-desbloqueada-apos-28-horas-de-protesto\/#primaryimage\"},\"thumbnailUrl\":\"https:\/\/nk7-testes.com.br\/agazeta\/wp-content\/uploads\/2015\/10\/141015-cotidiano-estradabloqueada-taianelima2.jpg\",\"datePublished\":\"2015-10-14T21:08:40+00:00\",\"author\":{\"@id\":\"https:\/\/nk7-testes.com.br\/agazeta\/#\/schema\/person\/6d6e25cb0435eb4a02fd44d30b4e3020\"},\"breadcrumb\":{\"@id\":\"https:\/\/nk7-testes.com.br\/agazeta\/br-364-e-desbloqueada-apos-28-horas-de-protesto\/#breadcrumb\"},\"inLanguage\":\"pt-BR\",\"potentialAction\":[{\"@type\":\"ReadAction\",\"target\":[\"https:\/\/nk7-testes.com.br\/agazeta\/br-364-e-desbloqueada-apos-28-horas-de-protesto\/\"]}]},{\"@type\":\"ImageObject\",\"inLanguage\":\"pt-BR\",\"@id\":\"https:\/\/nk7-testes.com.br\/agazeta\/br-364-e-desbloqueada-apos-28-horas-de-protesto\/#primaryimage\",\"url\":\"https:\/\/nk7-testes.com.br\/agazeta\/wp-content\/uploads\/2015\/10\/141015-cotidiano-estradabloqueada-taianelima2.jpg\",\"contentUrl\":\"https:\/\/nk7-testes.com.br\/agazeta\/wp-content\/uploads\/2015\/10\/141015-cotidiano-estradabloqueada-taianelima2.jpg\",\"width\":458,\"height\":340,\"caption\":\"141015-cotidiano-estradabloqueada-taianelima2\"},{\"@type\":\"BreadcrumbList\",\"@id\":\"https:\/\/nk7-testes.com.br\/agazeta\/br-364-e-desbloqueada-apos-28-horas-de-protesto\/#breadcrumb\",\"itemListElement\":[{\"@type\":\"ListItem\",\"position\":1,\"name\":\"In\u00edcio\",\"item\":\"https:\/\/nk7-testes.com.br\/agazeta\/\"},{\"@type\":\"ListItem\",\"position\":2,\"name\":\"BR-364 \u00e9 desbloqueada ap\u00f3s 28 horas de protesto\"}]},{\"@type\":\"WebSite\",\"@id\":\"https:\/\/nk7-testes.com.br\/agazeta\/#website\",\"url\":\"https:\/\/nk7-testes.com.br\/agazeta\/\",\"name\":\"Agazeta.net\",\"description\":\"Agazeta.net - Not\u00edcias de Rio Branco\/AC\",\"potentialAction\":[{\"@type\":\"SearchAction\",\"target\":{\"@type\":\"EntryPoint\",\"urlTemplate\":\"https:\/\/nk7-testes.com.br\/agazeta\/?s={search_term_string}\"},\"query-input\":{\"@type\":\"PropertyValueSpecification\",\"valueRequired\":true,\"valueName\":\"search_term_string\"}}],\"inLanguage\":\"pt-BR\"},{\"@type\":\"Person\",\"@id\":\"https:\/\/nk7-testes.com.br\/agazeta\/#\/schema\/person\/6d6e25cb0435eb4a02fd44d30b4e3020\",\"name\":\"Agazeta.Net\",\"url\":\"https:\/\/nk7-testes.com.br\/agazeta\/author\/agazeta\/\"}]}<\/script>\n<!-- \/ Yoast SEO plugin. -->","yoast_head_json":{"title":"BR-364 \u00e9 desbloqueada ap\u00f3s 28 horas de protesto - Agazeta.net","robots":{"index":"index","follow":"follow","max-snippet":"max-snippet:-1","max-image-preview":"max-image-preview:large","max-video-preview":"max-video-preview:-1"},"canonical":"https:\/\/nk7-testes.com.br\/agazeta\/br-364-e-desbloqueada-apos-28-horas-de-protesto\/","og_locale":"pt_BR","og_type":"article","og_title":"BR-364 \u00e9 desbloqueada ap\u00f3s 28 horas de protesto - Agazeta.net","og_description":"Momentos tensos expuseram falha na gest\u00e3o p\u00fablica","og_url":"https:\/\/nk7-testes.com.br\/agazeta\/br-364-e-desbloqueada-apos-28-horas-de-protesto\/","og_site_name":"Agazeta.net","article_published_time":"2015-10-14T21:08:40+00:00","og_image":[{"width":458,"height":340,"url":"https:\/\/nk7-testes.com.br\/agazeta\/wp-content\/uploads\/2015\/10\/141015-cotidiano-estradabloqueada-taianelima2.jpg","type":"image\/jpeg"}],"author":"Agazeta.Net","twitter_card":"summary_large_image","twitter_misc":{"Escrito por":"Agazeta.Net","Est. tempo de leitura":"3 minutos"},"schema":{"@context":"https:\/\/schema.org","@graph":[{"@type":"WebPage","@id":"https:\/\/nk7-testes.com.br\/agazeta\/br-364-e-desbloqueada-apos-28-horas-de-protesto\/","url":"https:\/\/nk7-testes.com.br\/agazeta\/br-364-e-desbloqueada-apos-28-horas-de-protesto\/","name":"BR-364 \u00e9 desbloqueada ap\u00f3s 28 horas de protesto - Agazeta.net","isPartOf":{"@id":"https:\/\/nk7-testes.com.br\/agazeta\/#website"},"primaryImageOfPage":{"@id":"https:\/\/nk7-testes.com.br\/agazeta\/br-364-e-desbloqueada-apos-28-horas-de-protesto\/#primaryimage"},"image":{"@id":"https:\/\/nk7-testes.com.br\/agazeta\/br-364-e-desbloqueada-apos-28-horas-de-protesto\/#primaryimage"},"thumbnailUrl":"https:\/\/nk7-testes.com.br\/agazeta\/wp-content\/uploads\/2015\/10\/141015-cotidiano-estradabloqueada-taianelima2.jpg","datePublished":"2015-10-14T21:08:40+00:00","author":{"@id":"https:\/\/nk7-testes.com.br\/agazeta\/#\/schema\/person\/6d6e25cb0435eb4a02fd44d30b4e3020"},"breadcrumb":{"@id":"https:\/\/nk7-testes.com.br\/agazeta\/br-364-e-desbloqueada-apos-28-horas-de-protesto\/#breadcrumb"},"inLanguage":"pt-BR","potentialAction":[{"@type":"ReadAction","target":["https:\/\/nk7-testes.com.br\/agazeta\/br-364-e-desbloqueada-apos-28-horas-de-protesto\/"]}]},{"@type":"ImageObject","inLanguage":"pt-BR","@id":"https:\/\/nk7-testes.com.br\/agazeta\/br-364-e-desbloqueada-apos-28-horas-de-protesto\/#primaryimage","url":"https:\/\/nk7-testes.com.br\/agazeta\/wp-content\/uploads\/2015\/10\/141015-cotidiano-estradabloqueada-taianelima2.jpg","contentUrl":"https:\/\/nk7-testes.com.br\/agazeta\/wp-content\/uploads\/2015\/10\/141015-cotidiano-estradabloqueada-taianelima2.jpg","width":458,"height":340,"caption":"141015-cotidiano-estradabloqueada-taianelima2"},{"@type":"BreadcrumbList","@id":"https:\/\/nk7-testes.com.br\/agazeta\/br-364-e-desbloqueada-apos-28-horas-de-protesto\/#breadcrumb","itemListElement":[{"@type":"ListItem","position":1,"name":"In\u00edcio","item":"https:\/\/nk7-testes.com.br\/agazeta\/"},{"@type":"ListItem","position":2,"name":"BR-364 \u00e9 desbloqueada ap\u00f3s 28 horas de protesto"}]},{"@type":"WebSite","@id":"https:\/\/nk7-testes.com.br\/agazeta\/#website","url":"https:\/\/nk7-testes.com.br\/agazeta\/","name":"Agazeta.net","description":"Agazeta.net - Not\u00edcias de Rio Branco\/AC","potentialAction":[{"@type":"SearchAction","target":{"@type":"EntryPoint","urlTemplate":"https:\/\/nk7-testes.com.br\/agazeta\/?s={search_term_string}"},"query-input":{"@type":"PropertyValueSpecification","valueRequired":true,"valueName":"search_term_string"}}],"inLanguage":"pt-BR"},{"@type":"Person","@id":"https:\/\/nk7-testes.com.br\/agazeta\/#\/schema\/person\/6d6e25cb0435eb4a02fd44d30b4e3020","name":"Agazeta.Net","url":"https:\/\/nk7-testes.com.br\/agazeta\/author\/agazeta\/"}]}},"_links":{"self":[{"href":"https:\/\/nk7-testes.com.br\/agazeta\/wp-json\/wp\/v2\/posts\/19014","targetHints":{"allow":["GET"]}}],"collection":[{"href":"https:\/\/nk7-testes.com.br\/agazeta\/wp-json\/wp\/v2\/posts"}],"about":[{"href":"https:\/\/nk7-testes.com.br\/agazeta\/wp-json\/wp\/v2\/types\/post"}],"author":[{"embeddable":true,"href":"https:\/\/nk7-testes.com.br\/agazeta\/wp-json\/wp\/v2\/users\/4"}],"replies":[{"embeddable":true,"href":"https:\/\/nk7-testes.com.br\/agazeta\/wp-json\/wp\/v2\/comments?post=19014"}],"version-history":[{"count":0,"href":"https:\/\/nk7-testes.com.br\/agazeta\/wp-json\/wp\/v2\/posts\/19014\/revisions"}],"wp:featuredmedia":[{"embeddable":true,"href":"https:\/\/nk7-testes.com.br\/agazeta\/wp-json\/wp\/v2\/media\/19013"}],"wp:attachment":[{"href":"https:\/\/nk7-testes.com.br\/agazeta\/wp-json\/wp\/v2\/media?parent=19014"}],"wp:term":[{"taxonomy":"category","embeddable":true,"href":"https:\/\/nk7-testes.com.br\/agazeta\/wp-json\/wp\/v2\/categories?post=19014"},{"taxonomy":"post_tag","embeddable":true,"href":"https:\/\/nk7-testes.com.br\/agazeta\/wp-json\/wp\/v2\/tags?post=19014"}],"curies":[{"name":"wp","href":"https:\/\/api.w.org\/{rel}","templated":true}]}}