{"id":19004,"date":"2015-10-14T14:14:06","date_gmt":"2015-10-14T14:14:06","guid":{"rendered":"https:\/\/abarevegan.com.br\/index.php\/2015\/10\/14\/dom-porquito-e-apresentado-a-empresarios-do-jurua\/"},"modified":"2015-10-14T14:14:06","modified_gmt":"2015-10-14T14:14:06","slug":"dom-porquito-e-apresentado-a-empresarios-do-jurua","status":"publish","type":"post","link":"https:\/\/nk7-testes.com.br\/agazeta\/dom-porquito-e-apresentado-a-empresarios-do-jurua\/","title":{"rendered":"Dom Porquito \u00e9 apresentado a empres\u00e1rios do Juru\u00e1"},"content":{"rendered":"<p style=\"text-align: justify;\">Processo de produ\u00e7\u00e3o \u00e9 detalhado por t\u00e9cnicos<\/p>\n<p style=\"text-align: justify;\">Investir no setor industrial, expandir a produ\u00e7\u00e3o e gerar oportunidade para o pequeno, m\u00e9dio e grande produtor, e ao setor empresarial, consolidam a marca de um novo momento para a hist\u00f3ria econ\u00f4mica e industrial do Alto Acre.<\/p>\n<p style=\"text-align: justify;\">Para mostrar os investimentos feitos na regi\u00e3o, o governador Ti\u00e3o Viana e o empres\u00e1rio Paulo Santoyo receberam na empresa Dom Porquito, em Brasileia, nesta ter\u00e7a-feira, 13, um grupo de 40 empres\u00e1rios do Juru\u00e1 e da capital, que foram conhecer a magnitude e a potencialidade desse novo modelo desenvolvido no estado.<\/p>\n<p style=\"text-align: justify;\">Os deputados estaduais Lourival Marques e Leila Galv\u00e3o acompanharam a agenda, assim como a vereadora Fernanda Assen. Representantes da Federa\u00e7\u00e3o do Com\u00e9rcio de Bens, Servi\u00e7os e Turismo do Estado do Acre (Fecom\u00e9rcio\/AC), da Associa\u00e7\u00e3o Comercial, Industrial, de Servi\u00e7o e Agr\u00edcola do Acre (Acisa) e da Caixa Econ\u00f4mica Federal tamb\u00e9m estiveram presentes.<\/p>\n<p style=\"text-align: justify;\">No local, os empres\u00e1rios conheceram toda a estrutura do frigor\u00edfico de su\u00ednos, apontado pela Associa\u00e7\u00e3o Brasileira de Suinocultura como um dos mais modernos em tecnologia do Brasil.<\/p>\n<p style=\"text-align: justify;\">Foram mais de R$ 68 milh\u00f5es em investimentos num ambiente que, funcionando em sua etapa plena, deve gerar uma receita anual de R$ 1 bilh\u00e3o, e mais de mil empregos diretos.<\/p>\n<p style=\"text-align: justify;\">\u201cEstamos unindo experi\u00eancias. Hoje esse grupo visitou a mais importante ind\u00fastria de tecnologia do Brasil na \u00e1rea de suinocultura. Ser\u00e1 uma mudan\u00e7a grande na vis\u00e3o de desenvolvimento na \u00e1rea industrial e na exporta\u00e7\u00e3o de alimentos para a regi\u00e3o andina, onde temos um mercado de mais de 80 milh\u00f5es de pessoas que v\u00e3o poder comprar esses alimentos\u201d, salientou Ti\u00e3o Viana.<\/p>\n<p style=\"text-align: justify;\">A consolida\u00e7\u00e3o de um novo modelo industrial<\/p>\n<p style=\"text-align: justify;\">O empres\u00e1rio Paulo Santoyo explicou ao grupo como se d\u00e1 a parceria p\u00fablico-privado comunit\u00e1ria, que envolve o pequeno e o m\u00e9dio produtor rural da regi\u00e3o. Ao todo, s\u00e3o 30 galp\u00f5es de engorda de su\u00ednos vinculados \u00e0 empresa, mas em breve esse n\u00famero deve chegar a 70.<\/p>\n<p style=\"text-align: justify;\">\u201cO Acre come\u00e7a a viver um novo momento na industrializa\u00e7\u00e3o. Aqui o governo vem mostrar aos produtores rurais, aos empres\u00e1rios que eles s\u00e3o capazes de produzir, e as oportunidades est\u00e3o a sua frente, basta acreditar e contar com o apoio do governo\u201d, afirma Santoyo.<\/p>\n<p style=\"text-align: justify;\">Com contratos de exporta\u00e7\u00e3o assinados com o Peru, o empres\u00e1rio conta que, por semana, tr\u00eas carretas devem ser enviadas a Lima exportando carne su\u00edna.<\/p>\n<p style=\"text-align: justify;\">O representante da Associa\u00e7\u00e3o Comercial de Rio Branco, George Pinheiro, considera que o Acre representa um grande exemplo de desenvolvimento, diante o cen\u00e1rio econ\u00f4mico nacional da atualidade. \u201cA gente v\u00ea o Acre desenvolver, crescer, e o apoio institucional do Estado \u00e9 fundamental para esse desenvolvimento\u201d, considera Pinheiro.<\/p>\n<p style=\"text-align: justify;\">A &#8220;pedalada fiscal&#8221; foi o nome dado \u00e0 pr\u00e1tica do Tesouro Nacional de atrasar de forma proposital o repasse de dinheiro para bancos (p\u00fablicos e tamb\u00e9m privados) e autarquias, como o INSS. O objetivo do Tesouro e do Minist\u00e9rio da Fazenda era melhorar artificialmente as contas federais.<\/p>\n<p style=\"text-align: justify;\">Ao deixar de transferir o dinheiro, o governo apresentava todos os meses despesas menores do que elas deveriam ser na pr\u00e1tica e, assim, ludibriava o mercado financeiro e especialistas em contas p\u00fablicas.<\/p>\n","protected":false},"excerpt":{"rendered":"<p style=\"text-align: justify;\">Processo de produ\u00e7\u00e3o \u00e9 detalhado por t\u00e9cnicos<\/p>\n","protected":false},"author":4,"featured_media":19003,"comment_status":"open","ping_status":"open","sticky":false,"template":"","format":"standard","meta":{"jnews-multi-image_gallery":[],"jnews_single_post":[],"jnews_primary_category":[],"jnews_social_meta":[],"jnews_review":[],"enable_review":"","type":"","name":"","summary":"","brand":"","sku":"","good":[],"bad":[],"score_override":"","override_value":"","rating":[],"price":[],"footnotes":""},"categories":[54],"tags":[],"class_list":["post-19004","post","type-post","status-publish","format-standard","has-post-thumbnail","hentry","category-cotidiano"],"yoast_head":"<!-- This site is optimized with the Yoast SEO plugin v26.5 - https:\/\/yoast.com\/wordpress\/plugins\/seo\/ -->\n<title>Dom Porquito \u00e9 apresentado a empres\u00e1rios do Juru\u00e1 - Agazeta.net<\/title>\n<meta name=\"robots\" content=\"index, follow, max-snippet:-1, max-image-preview:large, max-video-preview:-1\" \/>\n<link rel=\"canonical\" href=\"https:\/\/nk7-testes.com.br\/agazeta\/dom-porquito-e-apresentado-a-empresarios-do-jurua\/\" \/>\n<meta property=\"og:locale\" content=\"pt_BR\" \/>\n<meta property=\"og:type\" content=\"article\" \/>\n<meta property=\"og:title\" content=\"Dom Porquito \u00e9 apresentado a empres\u00e1rios do Juru\u00e1 - Agazeta.net\" \/>\n<meta property=\"og:description\" content=\"Processo de produ\u00e7\u00e3o \u00e9 detalhado por t\u00e9cnicos\" \/>\n<meta property=\"og:url\" content=\"https:\/\/nk7-testes.com.br\/agazeta\/dom-porquito-e-apresentado-a-empresarios-do-jurua\/\" \/>\n<meta property=\"og:site_name\" content=\"Agazeta.net\" \/>\n<meta property=\"article:published_time\" content=\"2015-10-14T14:14:06+00:00\" \/>\n<meta property=\"og:image\" content=\"https:\/\/nk7-testes.com.br\/agazeta\/wp-content\/uploads\/2015\/10\/141015-cotidiano-domporquito-gleilsonmirandaagenciadenoticiasdoacre.jpg\" \/>\n\t<meta property=\"og:image:width\" content=\"458\" \/>\n\t<meta property=\"og:image:height\" content=\"340\" \/>\n\t<meta property=\"og:image:type\" content=\"image\/jpeg\" \/>\n<meta name=\"author\" content=\"Agazeta.Net\" \/>\n<meta name=\"twitter:card\" content=\"summary_large_image\" \/>\n<meta name=\"twitter:label1\" content=\"Escrito por\" \/>\n\t<meta name=\"twitter:data1\" content=\"Agazeta.Net\" \/>\n\t<meta name=\"twitter:label2\" content=\"Est. tempo de leitura\" \/>\n\t<meta name=\"twitter:data2\" content=\"3 minutos\" \/>\n<script type=\"application\/ld+json\" class=\"yoast-schema-graph\">{\"@context\":\"https:\/\/schema.org\",\"@graph\":[{\"@type\":\"WebPage\",\"@id\":\"https:\/\/nk7-testes.com.br\/agazeta\/dom-porquito-e-apresentado-a-empresarios-do-jurua\/\",\"url\":\"https:\/\/nk7-testes.com.br\/agazeta\/dom-porquito-e-apresentado-a-empresarios-do-jurua\/\",\"name\":\"Dom Porquito \u00e9 apresentado a empres\u00e1rios do Juru\u00e1 - Agazeta.net\",\"isPartOf\":{\"@id\":\"https:\/\/nk7-testes.com.br\/agazeta\/#website\"},\"primaryImageOfPage\":{\"@id\":\"https:\/\/nk7-testes.com.br\/agazeta\/dom-porquito-e-apresentado-a-empresarios-do-jurua\/#primaryimage\"},\"image\":{\"@id\":\"https:\/\/nk7-testes.com.br\/agazeta\/dom-porquito-e-apresentado-a-empresarios-do-jurua\/#primaryimage\"},\"thumbnailUrl\":\"https:\/\/nk7-testes.com.br\/agazeta\/wp-content\/uploads\/2015\/10\/141015-cotidiano-domporquito-gleilsonmirandaagenciadenoticiasdoacre.jpg\",\"datePublished\":\"2015-10-14T14:14:06+00:00\",\"author\":{\"@id\":\"https:\/\/nk7-testes.com.br\/agazeta\/#\/schema\/person\/6d6e25cb0435eb4a02fd44d30b4e3020\"},\"breadcrumb\":{\"@id\":\"https:\/\/nk7-testes.com.br\/agazeta\/dom-porquito-e-apresentado-a-empresarios-do-jurua\/#breadcrumb\"},\"inLanguage\":\"pt-BR\",\"potentialAction\":[{\"@type\":\"ReadAction\",\"target\":[\"https:\/\/nk7-testes.com.br\/agazeta\/dom-porquito-e-apresentado-a-empresarios-do-jurua\/\"]}]},{\"@type\":\"ImageObject\",\"inLanguage\":\"pt-BR\",\"@id\":\"https:\/\/nk7-testes.com.br\/agazeta\/dom-porquito-e-apresentado-a-empresarios-do-jurua\/#primaryimage\",\"url\":\"https:\/\/nk7-testes.com.br\/agazeta\/wp-content\/uploads\/2015\/10\/141015-cotidiano-domporquito-gleilsonmirandaagenciadenoticiasdoacre.jpg\",\"contentUrl\":\"https:\/\/nk7-testes.com.br\/agazeta\/wp-content\/uploads\/2015\/10\/141015-cotidiano-domporquito-gleilsonmirandaagenciadenoticiasdoacre.jpg\",\"width\":458,\"height\":340,\"caption\":\"141015-cotidiano-domporquito-gleilsonmirandaagenciadenoticiasdoacre\"},{\"@type\":\"BreadcrumbList\",\"@id\":\"https:\/\/nk7-testes.com.br\/agazeta\/dom-porquito-e-apresentado-a-empresarios-do-jurua\/#breadcrumb\",\"itemListElement\":[{\"@type\":\"ListItem\",\"position\":1,\"name\":\"In\u00edcio\",\"item\":\"https:\/\/nk7-testes.com.br\/agazeta\/\"},{\"@type\":\"ListItem\",\"position\":2,\"name\":\"Dom Porquito \u00e9 apresentado a empres\u00e1rios do Juru\u00e1\"}]},{\"@type\":\"WebSite\",\"@id\":\"https:\/\/nk7-testes.com.br\/agazeta\/#website\",\"url\":\"https:\/\/nk7-testes.com.br\/agazeta\/\",\"name\":\"Agazeta.net\",\"description\":\"Agazeta.net - Not\u00edcias de Rio Branco\/AC\",\"potentialAction\":[{\"@type\":\"SearchAction\",\"target\":{\"@type\":\"EntryPoint\",\"urlTemplate\":\"https:\/\/nk7-testes.com.br\/agazeta\/?s={search_term_string}\"},\"query-input\":{\"@type\":\"PropertyValueSpecification\",\"valueRequired\":true,\"valueName\":\"search_term_string\"}}],\"inLanguage\":\"pt-BR\"},{\"@type\":\"Person\",\"@id\":\"https:\/\/nk7-testes.com.br\/agazeta\/#\/schema\/person\/6d6e25cb0435eb4a02fd44d30b4e3020\",\"name\":\"Agazeta.Net\",\"url\":\"https:\/\/nk7-testes.com.br\/agazeta\/author\/agazeta\/\"}]}<\/script>\n<!-- \/ Yoast SEO plugin. -->","yoast_head_json":{"title":"Dom Porquito \u00e9 apresentado a empres\u00e1rios do Juru\u00e1 - Agazeta.net","robots":{"index":"index","follow":"follow","max-snippet":"max-snippet:-1","max-image-preview":"max-image-preview:large","max-video-preview":"max-video-preview:-1"},"canonical":"https:\/\/nk7-testes.com.br\/agazeta\/dom-porquito-e-apresentado-a-empresarios-do-jurua\/","og_locale":"pt_BR","og_type":"article","og_title":"Dom Porquito \u00e9 apresentado a empres\u00e1rios do Juru\u00e1 - Agazeta.net","og_description":"Processo de produ\u00e7\u00e3o \u00e9 detalhado por t\u00e9cnicos","og_url":"https:\/\/nk7-testes.com.br\/agazeta\/dom-porquito-e-apresentado-a-empresarios-do-jurua\/","og_site_name":"Agazeta.net","article_published_time":"2015-10-14T14:14:06+00:00","og_image":[{"width":458,"height":340,"url":"https:\/\/nk7-testes.com.br\/agazeta\/wp-content\/uploads\/2015\/10\/141015-cotidiano-domporquito-gleilsonmirandaagenciadenoticiasdoacre.jpg","type":"image\/jpeg"}],"author":"Agazeta.Net","twitter_card":"summary_large_image","twitter_misc":{"Escrito por":"Agazeta.Net","Est. tempo de leitura":"3 minutos"},"schema":{"@context":"https:\/\/schema.org","@graph":[{"@type":"WebPage","@id":"https:\/\/nk7-testes.com.br\/agazeta\/dom-porquito-e-apresentado-a-empresarios-do-jurua\/","url":"https:\/\/nk7-testes.com.br\/agazeta\/dom-porquito-e-apresentado-a-empresarios-do-jurua\/","name":"Dom Porquito \u00e9 apresentado a empres\u00e1rios do Juru\u00e1 - Agazeta.net","isPartOf":{"@id":"https:\/\/nk7-testes.com.br\/agazeta\/#website"},"primaryImageOfPage":{"@id":"https:\/\/nk7-testes.com.br\/agazeta\/dom-porquito-e-apresentado-a-empresarios-do-jurua\/#primaryimage"},"image":{"@id":"https:\/\/nk7-testes.com.br\/agazeta\/dom-porquito-e-apresentado-a-empresarios-do-jurua\/#primaryimage"},"thumbnailUrl":"https:\/\/nk7-testes.com.br\/agazeta\/wp-content\/uploads\/2015\/10\/141015-cotidiano-domporquito-gleilsonmirandaagenciadenoticiasdoacre.jpg","datePublished":"2015-10-14T14:14:06+00:00","author":{"@id":"https:\/\/nk7-testes.com.br\/agazeta\/#\/schema\/person\/6d6e25cb0435eb4a02fd44d30b4e3020"},"breadcrumb":{"@id":"https:\/\/nk7-testes.com.br\/agazeta\/dom-porquito-e-apresentado-a-empresarios-do-jurua\/#breadcrumb"},"inLanguage":"pt-BR","potentialAction":[{"@type":"ReadAction","target":["https:\/\/nk7-testes.com.br\/agazeta\/dom-porquito-e-apresentado-a-empresarios-do-jurua\/"]}]},{"@type":"ImageObject","inLanguage":"pt-BR","@id":"https:\/\/nk7-testes.com.br\/agazeta\/dom-porquito-e-apresentado-a-empresarios-do-jurua\/#primaryimage","url":"https:\/\/nk7-testes.com.br\/agazeta\/wp-content\/uploads\/2015\/10\/141015-cotidiano-domporquito-gleilsonmirandaagenciadenoticiasdoacre.jpg","contentUrl":"https:\/\/nk7-testes.com.br\/agazeta\/wp-content\/uploads\/2015\/10\/141015-cotidiano-domporquito-gleilsonmirandaagenciadenoticiasdoacre.jpg","width":458,"height":340,"caption":"141015-cotidiano-domporquito-gleilsonmirandaagenciadenoticiasdoacre"},{"@type":"BreadcrumbList","@id":"https:\/\/nk7-testes.com.br\/agazeta\/dom-porquito-e-apresentado-a-empresarios-do-jurua\/#breadcrumb","itemListElement":[{"@type":"ListItem","position":1,"name":"In\u00edcio","item":"https:\/\/nk7-testes.com.br\/agazeta\/"},{"@type":"ListItem","position":2,"name":"Dom Porquito \u00e9 apresentado a empres\u00e1rios do Juru\u00e1"}]},{"@type":"WebSite","@id":"https:\/\/nk7-testes.com.br\/agazeta\/#website","url":"https:\/\/nk7-testes.com.br\/agazeta\/","name":"Agazeta.net","description":"Agazeta.net - Not\u00edcias de Rio Branco\/AC","potentialAction":[{"@type":"SearchAction","target":{"@type":"EntryPoint","urlTemplate":"https:\/\/nk7-testes.com.br\/agazeta\/?s={search_term_string}"},"query-input":{"@type":"PropertyValueSpecification","valueRequired":true,"valueName":"search_term_string"}}],"inLanguage":"pt-BR"},{"@type":"Person","@id":"https:\/\/nk7-testes.com.br\/agazeta\/#\/schema\/person\/6d6e25cb0435eb4a02fd44d30b4e3020","name":"Agazeta.Net","url":"https:\/\/nk7-testes.com.br\/agazeta\/author\/agazeta\/"}]}},"_links":{"self":[{"href":"https:\/\/nk7-testes.com.br\/agazeta\/wp-json\/wp\/v2\/posts\/19004","targetHints":{"allow":["GET"]}}],"collection":[{"href":"https:\/\/nk7-testes.com.br\/agazeta\/wp-json\/wp\/v2\/posts"}],"about":[{"href":"https:\/\/nk7-testes.com.br\/agazeta\/wp-json\/wp\/v2\/types\/post"}],"author":[{"embeddable":true,"href":"https:\/\/nk7-testes.com.br\/agazeta\/wp-json\/wp\/v2\/users\/4"}],"replies":[{"embeddable":true,"href":"https:\/\/nk7-testes.com.br\/agazeta\/wp-json\/wp\/v2\/comments?post=19004"}],"version-history":[{"count":0,"href":"https:\/\/nk7-testes.com.br\/agazeta\/wp-json\/wp\/v2\/posts\/19004\/revisions"}],"wp:featuredmedia":[{"embeddable":true,"href":"https:\/\/nk7-testes.com.br\/agazeta\/wp-json\/wp\/v2\/media\/19003"}],"wp:attachment":[{"href":"https:\/\/nk7-testes.com.br\/agazeta\/wp-json\/wp\/v2\/media?parent=19004"}],"wp:term":[{"taxonomy":"category","embeddable":true,"href":"https:\/\/nk7-testes.com.br\/agazeta\/wp-json\/wp\/v2\/categories?post=19004"},{"taxonomy":"post_tag","embeddable":true,"href":"https:\/\/nk7-testes.com.br\/agazeta\/wp-json\/wp\/v2\/tags?post=19004"}],"curies":[{"name":"wp","href":"https:\/\/api.w.org\/{rel}","templated":true}]}}