{"id":18998,"date":"2015-10-13T22:50:41","date_gmt":"2015-10-13T22:50:41","guid":{"rendered":"https:\/\/abarevegan.com.br\/index.php\/2015\/10\/13\/casamento-coletivo-e-sucesso-em-sena-madureira\/"},"modified":"2015-10-13T22:50:41","modified_gmt":"2015-10-13T22:50:41","slug":"casamento-coletivo-e-sucesso-em-sena-madureira","status":"publish","type":"post","link":"https:\/\/nk7-testes.com.br\/agazeta\/casamento-coletivo-e-sucesso-em-sena-madureira\/","title":{"rendered":"Casamento Coletivo \u00e9 sucesso em Sena Madureira"},"content":{"rendered":"<p style=\"text-align: justify;\">Edi\u00e7\u00e3o Especial j\u00e1 beneficiou mais de 1,7 mil casais<\/p>\n<p style=\"text-align: justify;\">\u201cA melhor defini\u00e7\u00e3o de amor n\u00e3o vale um beijo da mo\u00e7a namorada\u201d. A frase, do escritor e poeta brasileiro Machado de Assis foi lembrada pela ju\u00edza de Direito Isabelle Sacramento na edi\u00e7\u00e3o especial do Casamento Coletivo, realizada no \u00faltimo s\u00e1bado (10), no munic\u00edpio de Sena Madureira.<\/p>\n<p style=\"text-align: justify;\">A cita\u00e7\u00e3o talvez ajude a compreender os motivos pelos quais tantos casais t\u00eam buscado os servi\u00e7os do Projeto Cidad\u00e3o para se unir em matrim\u00f4nio ou mesmo regularizar sua situa\u00e7\u00e3o civil ap\u00f3s d\u00e9cadas de conv\u00edvio est\u00e1vel.<\/p>\n<p style=\"text-align: justify;\">Desde seu retorno, no \u00faltimo m\u00eas de junho, ap\u00f3s um per\u00edodo de recesso de atividades, o projeto, que pertence ao portf\u00f3lio de a\u00e7\u00f5es sociais do Poder Judici\u00e1rio Estadual, j\u00e1 beneficiou mais de 1,7 mil casais acrianos atrav\u00e9s de sua j\u00e1 conhecida cerim\u00f4nia matrimonial coletiva.<\/p>\n<p style=\"text-align: justify;\">Somente na edi\u00e7\u00e3o especial de Sena Madureira, que foi celebrada pela ju\u00edza de Direito Isabelle Sacramento, no Gin\u00e1sio Poliesportivo da Escola Municipal Messias Rodrigues de Souza, 164 casais puderam oficializar suas uni\u00f5es e comemorar ao lado de amigos e familiares a data especial. Ao conduzir a cerim\u00f4nia nupcial coletiva, que tamb\u00e9m contou com a presen\u00e7a do prefeito de Sena Madureira, Mano Rufino, bem como das secret\u00e1rias municipais de Sa\u00fade e Assist\u00eancia Social, Jocilda de Melo e Simone Matos, respectivamente, dentre outras autoridades, Isabelle Sacramento destacou a import\u00e2ncia da escolha pela vida conjugal e principalmente, dos valores a serem exercidos de maneira a tornar a rela\u00e7\u00e3o s\u00f3lida e duradoura.<\/p>\n<p>\u201cVoc\u00eas hoje deixam de ser duas pessoas para se tornarem uma s\u00f3. Essa decis\u00e3o exige muita maturidade. Isso para compreender que \u00e9 a pr\u00f3pria vida que est\u00e1 sendo compartilhada e que nem tudo ser\u00e3o flores. Esse sentimento t\u00e3o nobre, t\u00e3o pleno e t\u00e3o bom de ser vivido precisa antes de tudo ser compreendido e alimentado diariamente com carinho, afetividade, paci\u00eancia, sabedoria e perd\u00e3o. Existir\u00e3o diverg\u00eancias, mas se houver maturidade para administrar esses conflitos eu lhes garanto que tudo valer\u00e1 a pena\u201d, disse a magistrada aos nubentes antes de declar\u00e1-los oficialmente casados.<\/p>\n<p style=\"text-align: justify;\">Por sua vez, o prefeito de Sena Madureira, Mano Rufino, agradeceu ao TJAC pela realiza\u00e7\u00e3o da atividade no munic\u00edpio e parabenizou os casais pela oficializa\u00e7\u00e3o de suas uni\u00f5es \u201cem uma cerim\u00f4nia t\u00e3o especial para todos\u201d.<\/p>\n<p style=\"text-align: justify;\">\u201cTenho certeza que esse ser\u00e1 um momento inesquec\u00edvel para todos aqui. O maior projeto de Deus \u00e9 a fam\u00edlia e essa come\u00e7a com a regulariza\u00e7\u00e3o da uni\u00e3o de voc\u00eas. Eu mesmo casei com minha esposa atrav\u00e9s do Projeto Cidad\u00e3o e hoje n\u00f3s vivemos felizes e estamos aqui para desejar muitas felicidades e que Deus possa aben\u00e7oar e iluminar a vida de cada um de voc\u00eas\u201d, disse Mano Rufino.<\/p>\n<p style=\"text-align: justify;\">N\u00e3o faltaram declara\u00e7\u00f5es, juras de amor, al\u00e9m de infind\u00e1veis sorrisos \u2013 e suspiros, claro \u2013 dos noivos e noivas, enamorados que fizeram quest\u00e3o de lembrar que o amor, como j\u00e1 dizia o fil\u00f3sofo e matem\u00e1tico franc\u00eas Blaise Pascal, \u201cn\u00e3o tem idade, est\u00e1 sempre a nascer\u201d.<\/p>\n<p style=\"text-align: justify;\">O casal mais experiente a participar da cerim\u00f4nia coletiva, por exemplo, j\u00e1 convive em uni\u00e3o est\u00e1vel h\u00e1 mais de 40 anos, \u201cse amando a cada dia\u201d. Esbanjando simpatia, Hil\u00e1rio Gomes da Silva (72) e Maria de Nazar\u00e9 Soares de Lima (62), explicam que j\u00e1 tiveram 17 filhos e que decidiram oficializar a uni\u00e3o atrav\u00e9s do Projeto Cidad\u00e3o para garantir seus direitos civis e evitar poss\u00edveis transtornos no futuro.<\/p>\n<p style=\"text-align: justify;\">\u201c\u00c9 uma coisa muito interessante e boa. Evita que as pessoas tenham que pagar para se casar e isso \u00e9 uma maravilha para gente. Voc\u00ea sabe que tudo \u00e9 dif\u00edcil hoje em dia. Ent\u00e3o esse dinheiro (que serviria para pagar taxas e emolumentos) j\u00e1 fica para outra coisa\u201d, falou sorridente \u2018seu\u2019 Hil\u00e1rio, ex-soldado da borracha.<br \/>J\u00e1 \u2018Dona\u2019 Maria fez quest\u00e3o de ressaltar que o servi\u00e7o disponibilizado pela Justi\u00e7a Estadual \u00e9 tamb\u00e9m um ato de considera\u00e7\u00e3o aos acreanos, principalmente \u00e0s fam\u00edlias mais carentes, que nem sempre t\u00eam condi\u00e7\u00f5es financeiras para regularizar sua pr\u00f3pria condi\u00e7\u00e3o civil.<\/p>\n<p style=\"text-align: justify;\">\u201c\u00c9 uma coisa maravilhosa. Eu acho que \u00e9 um ato de considera\u00e7\u00e3o \u00e0s pessoas, n\u00e3o \u00e9 mesmo? Para n\u00f3s \u00e9 um momento muito feliz e a gente agradece de cora\u00e7\u00e3o \u00e0s pessoas que fizeram esse projeto. Foi muito bom mesmo\u201d, considerou.<\/p>\n<p style=\"text-align: justify;\">Tamb\u00e9m o casal mais jovem da cerim\u00f4nia \u2013 Ygor Albuquerque de Mendon\u00e7a (19) e Andrielle Dias de Farias (17) \u2013 elogiou a Cerim\u00f4nia Coletiva do Projeto em Sena Madureira e agradeceu pela \u201crealiza\u00e7\u00e3o de um sonho\u201d.<\/p>\n<p style=\"text-align: justify;\">\u201cHoje \u00e9 um dia especial para gente. Um dia que foi muito esperado. Eu acho muito bonita a iniciativa do projeto, j\u00e1 que \u00e0s vezes as pessoas, principalmente aquelas mais humildes, realmente n\u00e3o t\u00eam tempo muito dispon\u00edvel para correr atr\u00e1s de toda a papelada ou mesmo condi\u00e7\u00f5es para arcar com o pagamento de todas as taxas que s\u00e3o cobradas. Est\u00e1 de parab\u00e9ns o Tribunal\u201d, falou Ygor.<\/p>\n<p style=\"text-align: justify;\">Sobre o Projeto Cidad\u00e3o<\/p>\n<p style=\"text-align: justify;\">O Projeto Cidad\u00e3o \u00e9 uma iniciativa do Tribunal de Justi\u00e7a do Acre e teve, em princ\u00edpio, o objetivo primordial de garantir a emiss\u00e3o gratuita de documenta\u00e7\u00e3o \u00e0 popula\u00e7\u00e3o de baixa renda, de forma r\u00e1pida e desburocratizada.<\/p>\n<p style=\"text-align: justify;\">Ele surgiu da preocupa\u00e7\u00e3o em reverter um dado fornecido pelo IBGE, cujas estat\u00edsticas mostravam que, em 1995, ano de sua cria\u00e7\u00e3o, aproximadamente 68% dos habitantes do Estado n\u00e3o possu\u00edam nenhum tipo de registro legal.<\/p>\n<p style=\"text-align: justify;\">De l\u00e1 para c\u00e1, essa demanda reprimida foi sanada, o Projeto foi ampliado e incorporou outras a\u00e7\u00f5es, garantindo o acesso facilitado da comunidade a diversos servi\u00e7os. Sua finalidade primordial \u00e9 assegurar \u00e0 popula\u00e7\u00e3o de menor poder aquisitivo o direito \u00e0 documenta\u00e7\u00e3o b\u00e1sica, bem como o acesso r\u00e1pido e gratuito aos servi\u00e7os p\u00fablicos de sa\u00fade, educa\u00e7\u00e3o, trabalho, meio ambiente, seguran\u00e7a e o tradicional Casamento Coletivo.<\/p>\n<p style=\"text-align: justify;\">As a\u00e7\u00f5es alcan\u00e7am a perspectiva de alteridade (o \u201ccolocar-se no lugar do outro\u201d), humaniza\u00e7\u00e3o e de cidadania, bem como de inclus\u00e3o social no Estado, al\u00e9m de fazerem parte da vis\u00e3o do Tribunal, de garantir os direitos dos jurisdicionados acreanos, com justi\u00e7a e agilidade, promovendo o bem de toda a sociedade.<\/p>\n","protected":false},"excerpt":{"rendered":"<p style=\"text-align: justify;\">Edi\u00e7\u00e3o Especial j\u00e1 beneficiou mais de 1,7 mil casais<\/p>\n","protected":false},"author":4,"featured_media":18997,"comment_status":"open","ping_status":"open","sticky":false,"template":"","format":"standard","meta":{"jnews-multi-image_gallery":[],"jnews_single_post":[],"jnews_primary_category":[],"jnews_social_meta":[],"jnews_review":[],"enable_review":"","type":"","name":"","summary":"","brand":"","sku":"","good":[],"bad":[],"score_override":"","override_value":"","rating":[],"price":[],"footnotes":""},"categories":[54],"tags":[],"class_list":["post-18998","post","type-post","status-publish","format-standard","has-post-thumbnail","hentry","category-cotidiano"],"yoast_head":"<!-- This site is optimized with the Yoast SEO plugin v26.5 - https:\/\/yoast.com\/wordpress\/plugins\/seo\/ -->\n<title>Casamento Coletivo \u00e9 sucesso em Sena Madureira - Agazeta.net<\/title>\n<meta name=\"robots\" content=\"index, follow, max-snippet:-1, max-image-preview:large, max-video-preview:-1\" \/>\n<link rel=\"canonical\" href=\"https:\/\/nk7-testes.com.br\/agazeta\/casamento-coletivo-e-sucesso-em-sena-madureira\/\" \/>\n<meta property=\"og:locale\" content=\"pt_BR\" \/>\n<meta property=\"og:type\" content=\"article\" \/>\n<meta property=\"og:title\" content=\"Casamento Coletivo \u00e9 sucesso em Sena Madureira - Agazeta.net\" \/>\n<meta property=\"og:description\" content=\"Edi\u00e7\u00e3o Especial j\u00e1 beneficiou mais de 1,7 mil casais\" \/>\n<meta property=\"og:url\" content=\"https:\/\/nk7-testes.com.br\/agazeta\/casamento-coletivo-e-sucesso-em-sena-madureira\/\" \/>\n<meta property=\"og:site_name\" content=\"Agazeta.net\" \/>\n<meta property=\"article:published_time\" content=\"2015-10-13T22:50:41+00:00\" \/>\n<meta property=\"og:image\" content=\"https:\/\/nk7-testes.com.br\/agazeta\/wp-content\/uploads\/2015\/10\/131015-cotidiano-casamentocoletivo-agenciatj.jpg\" \/>\n\t<meta property=\"og:image:width\" content=\"458\" \/>\n\t<meta property=\"og:image:height\" content=\"340\" \/>\n\t<meta property=\"og:image:type\" content=\"image\/jpeg\" \/>\n<meta name=\"author\" content=\"Agazeta.Net\" \/>\n<meta name=\"twitter:card\" content=\"summary_large_image\" \/>\n<meta name=\"twitter:label1\" content=\"Escrito por\" \/>\n\t<meta name=\"twitter:data1\" content=\"Agazeta.Net\" \/>\n\t<meta name=\"twitter:label2\" content=\"Est. tempo de leitura\" \/>\n\t<meta name=\"twitter:data2\" content=\"5 minutos\" \/>\n<script type=\"application\/ld+json\" class=\"yoast-schema-graph\">{\"@context\":\"https:\/\/schema.org\",\"@graph\":[{\"@type\":\"WebPage\",\"@id\":\"https:\/\/nk7-testes.com.br\/agazeta\/casamento-coletivo-e-sucesso-em-sena-madureira\/\",\"url\":\"https:\/\/nk7-testes.com.br\/agazeta\/casamento-coletivo-e-sucesso-em-sena-madureira\/\",\"name\":\"Casamento Coletivo \u00e9 sucesso em Sena Madureira - Agazeta.net\",\"isPartOf\":{\"@id\":\"https:\/\/nk7-testes.com.br\/agazeta\/#website\"},\"primaryImageOfPage\":{\"@id\":\"https:\/\/nk7-testes.com.br\/agazeta\/casamento-coletivo-e-sucesso-em-sena-madureira\/#primaryimage\"},\"image\":{\"@id\":\"https:\/\/nk7-testes.com.br\/agazeta\/casamento-coletivo-e-sucesso-em-sena-madureira\/#primaryimage\"},\"thumbnailUrl\":\"https:\/\/nk7-testes.com.br\/agazeta\/wp-content\/uploads\/2015\/10\/131015-cotidiano-casamentocoletivo-agenciatj.jpg\",\"datePublished\":\"2015-10-13T22:50:41+00:00\",\"author\":{\"@id\":\"https:\/\/nk7-testes.com.br\/agazeta\/#\/schema\/person\/6d6e25cb0435eb4a02fd44d30b4e3020\"},\"breadcrumb\":{\"@id\":\"https:\/\/nk7-testes.com.br\/agazeta\/casamento-coletivo-e-sucesso-em-sena-madureira\/#breadcrumb\"},\"inLanguage\":\"pt-BR\",\"potentialAction\":[{\"@type\":\"ReadAction\",\"target\":[\"https:\/\/nk7-testes.com.br\/agazeta\/casamento-coletivo-e-sucesso-em-sena-madureira\/\"]}]},{\"@type\":\"ImageObject\",\"inLanguage\":\"pt-BR\",\"@id\":\"https:\/\/nk7-testes.com.br\/agazeta\/casamento-coletivo-e-sucesso-em-sena-madureira\/#primaryimage\",\"url\":\"https:\/\/nk7-testes.com.br\/agazeta\/wp-content\/uploads\/2015\/10\/131015-cotidiano-casamentocoletivo-agenciatj.jpg\",\"contentUrl\":\"https:\/\/nk7-testes.com.br\/agazeta\/wp-content\/uploads\/2015\/10\/131015-cotidiano-casamentocoletivo-agenciatj.jpg\",\"width\":458,\"height\":340,\"caption\":\"131015-cotidiano-casamentocoletivo-agenciatj\"},{\"@type\":\"BreadcrumbList\",\"@id\":\"https:\/\/nk7-testes.com.br\/agazeta\/casamento-coletivo-e-sucesso-em-sena-madureira\/#breadcrumb\",\"itemListElement\":[{\"@type\":\"ListItem\",\"position\":1,\"name\":\"In\u00edcio\",\"item\":\"https:\/\/nk7-testes.com.br\/agazeta\/\"},{\"@type\":\"ListItem\",\"position\":2,\"name\":\"Casamento Coletivo \u00e9 sucesso em Sena Madureira\"}]},{\"@type\":\"WebSite\",\"@id\":\"https:\/\/nk7-testes.com.br\/agazeta\/#website\",\"url\":\"https:\/\/nk7-testes.com.br\/agazeta\/\",\"name\":\"Agazeta.net\",\"description\":\"Agazeta.net - Not\u00edcias de Rio Branco\/AC\",\"potentialAction\":[{\"@type\":\"SearchAction\",\"target\":{\"@type\":\"EntryPoint\",\"urlTemplate\":\"https:\/\/nk7-testes.com.br\/agazeta\/?s={search_term_string}\"},\"query-input\":{\"@type\":\"PropertyValueSpecification\",\"valueRequired\":true,\"valueName\":\"search_term_string\"}}],\"inLanguage\":\"pt-BR\"},{\"@type\":\"Person\",\"@id\":\"https:\/\/nk7-testes.com.br\/agazeta\/#\/schema\/person\/6d6e25cb0435eb4a02fd44d30b4e3020\",\"name\":\"Agazeta.Net\",\"url\":\"https:\/\/nk7-testes.com.br\/agazeta\/author\/agazeta\/\"}]}<\/script>\n<!-- \/ Yoast SEO plugin. -->","yoast_head_json":{"title":"Casamento Coletivo \u00e9 sucesso em Sena Madureira - Agazeta.net","robots":{"index":"index","follow":"follow","max-snippet":"max-snippet:-1","max-image-preview":"max-image-preview:large","max-video-preview":"max-video-preview:-1"},"canonical":"https:\/\/nk7-testes.com.br\/agazeta\/casamento-coletivo-e-sucesso-em-sena-madureira\/","og_locale":"pt_BR","og_type":"article","og_title":"Casamento Coletivo \u00e9 sucesso em Sena Madureira - Agazeta.net","og_description":"Edi\u00e7\u00e3o Especial j\u00e1 beneficiou mais de 1,7 mil casais","og_url":"https:\/\/nk7-testes.com.br\/agazeta\/casamento-coletivo-e-sucesso-em-sena-madureira\/","og_site_name":"Agazeta.net","article_published_time":"2015-10-13T22:50:41+00:00","og_image":[{"width":458,"height":340,"url":"https:\/\/nk7-testes.com.br\/agazeta\/wp-content\/uploads\/2015\/10\/131015-cotidiano-casamentocoletivo-agenciatj.jpg","type":"image\/jpeg"}],"author":"Agazeta.Net","twitter_card":"summary_large_image","twitter_misc":{"Escrito por":"Agazeta.Net","Est. tempo de leitura":"5 minutos"},"schema":{"@context":"https:\/\/schema.org","@graph":[{"@type":"WebPage","@id":"https:\/\/nk7-testes.com.br\/agazeta\/casamento-coletivo-e-sucesso-em-sena-madureira\/","url":"https:\/\/nk7-testes.com.br\/agazeta\/casamento-coletivo-e-sucesso-em-sena-madureira\/","name":"Casamento Coletivo \u00e9 sucesso em Sena Madureira - Agazeta.net","isPartOf":{"@id":"https:\/\/nk7-testes.com.br\/agazeta\/#website"},"primaryImageOfPage":{"@id":"https:\/\/nk7-testes.com.br\/agazeta\/casamento-coletivo-e-sucesso-em-sena-madureira\/#primaryimage"},"image":{"@id":"https:\/\/nk7-testes.com.br\/agazeta\/casamento-coletivo-e-sucesso-em-sena-madureira\/#primaryimage"},"thumbnailUrl":"https:\/\/nk7-testes.com.br\/agazeta\/wp-content\/uploads\/2015\/10\/131015-cotidiano-casamentocoletivo-agenciatj.jpg","datePublished":"2015-10-13T22:50:41+00:00","author":{"@id":"https:\/\/nk7-testes.com.br\/agazeta\/#\/schema\/person\/6d6e25cb0435eb4a02fd44d30b4e3020"},"breadcrumb":{"@id":"https:\/\/nk7-testes.com.br\/agazeta\/casamento-coletivo-e-sucesso-em-sena-madureira\/#breadcrumb"},"inLanguage":"pt-BR","potentialAction":[{"@type":"ReadAction","target":["https:\/\/nk7-testes.com.br\/agazeta\/casamento-coletivo-e-sucesso-em-sena-madureira\/"]}]},{"@type":"ImageObject","inLanguage":"pt-BR","@id":"https:\/\/nk7-testes.com.br\/agazeta\/casamento-coletivo-e-sucesso-em-sena-madureira\/#primaryimage","url":"https:\/\/nk7-testes.com.br\/agazeta\/wp-content\/uploads\/2015\/10\/131015-cotidiano-casamentocoletivo-agenciatj.jpg","contentUrl":"https:\/\/nk7-testes.com.br\/agazeta\/wp-content\/uploads\/2015\/10\/131015-cotidiano-casamentocoletivo-agenciatj.jpg","width":458,"height":340,"caption":"131015-cotidiano-casamentocoletivo-agenciatj"},{"@type":"BreadcrumbList","@id":"https:\/\/nk7-testes.com.br\/agazeta\/casamento-coletivo-e-sucesso-em-sena-madureira\/#breadcrumb","itemListElement":[{"@type":"ListItem","position":1,"name":"In\u00edcio","item":"https:\/\/nk7-testes.com.br\/agazeta\/"},{"@type":"ListItem","position":2,"name":"Casamento Coletivo \u00e9 sucesso em Sena Madureira"}]},{"@type":"WebSite","@id":"https:\/\/nk7-testes.com.br\/agazeta\/#website","url":"https:\/\/nk7-testes.com.br\/agazeta\/","name":"Agazeta.net","description":"Agazeta.net - Not\u00edcias de Rio Branco\/AC","potentialAction":[{"@type":"SearchAction","target":{"@type":"EntryPoint","urlTemplate":"https:\/\/nk7-testes.com.br\/agazeta\/?s={search_term_string}"},"query-input":{"@type":"PropertyValueSpecification","valueRequired":true,"valueName":"search_term_string"}}],"inLanguage":"pt-BR"},{"@type":"Person","@id":"https:\/\/nk7-testes.com.br\/agazeta\/#\/schema\/person\/6d6e25cb0435eb4a02fd44d30b4e3020","name":"Agazeta.Net","url":"https:\/\/nk7-testes.com.br\/agazeta\/author\/agazeta\/"}]}},"_links":{"self":[{"href":"https:\/\/nk7-testes.com.br\/agazeta\/wp-json\/wp\/v2\/posts\/18998","targetHints":{"allow":["GET"]}}],"collection":[{"href":"https:\/\/nk7-testes.com.br\/agazeta\/wp-json\/wp\/v2\/posts"}],"about":[{"href":"https:\/\/nk7-testes.com.br\/agazeta\/wp-json\/wp\/v2\/types\/post"}],"author":[{"embeddable":true,"href":"https:\/\/nk7-testes.com.br\/agazeta\/wp-json\/wp\/v2\/users\/4"}],"replies":[{"embeddable":true,"href":"https:\/\/nk7-testes.com.br\/agazeta\/wp-json\/wp\/v2\/comments?post=18998"}],"version-history":[{"count":0,"href":"https:\/\/nk7-testes.com.br\/agazeta\/wp-json\/wp\/v2\/posts\/18998\/revisions"}],"wp:featuredmedia":[{"embeddable":true,"href":"https:\/\/nk7-testes.com.br\/agazeta\/wp-json\/wp\/v2\/media\/18997"}],"wp:attachment":[{"href":"https:\/\/nk7-testes.com.br\/agazeta\/wp-json\/wp\/v2\/media?parent=18998"}],"wp:term":[{"taxonomy":"category","embeddable":true,"href":"https:\/\/nk7-testes.com.br\/agazeta\/wp-json\/wp\/v2\/categories?post=18998"},{"taxonomy":"post_tag","embeddable":true,"href":"https:\/\/nk7-testes.com.br\/agazeta\/wp-json\/wp\/v2\/tags?post=18998"}],"curies":[{"name":"wp","href":"https:\/\/api.w.org\/{rel}","templated":true}]}}