{"id":18967,"date":"2015-10-12T19:56:47","date_gmt":"2015-10-12T19:56:47","guid":{"rendered":"https:\/\/abarevegan.com.br\/index.php\/2015\/10\/12\/gestores-acreditam-em-volta-a-normalidade\/"},"modified":"2015-10-12T19:56:47","modified_gmt":"2015-10-12T19:56:47","slug":"gestores-acreditam-em-volta-a-normalidade","status":"publish","type":"post","link":"https:\/\/nk7-testes.com.br\/agazeta\/gestores-acreditam-em-volta-a-normalidade\/","title":{"rendered":"Gestores acreditam em &#8220;volta \u00e0 normalidade&#8221;"},"content":{"rendered":"<p style=\"text-align: justify;\">Mas, alerta nas for\u00e7as de Seguran\u00e7a est\u00e1 mantido<\/p>\n<p style=\"text-align: justify;\">Com a transfer\u00eancia de mais cinco detentos para o pres\u00eddio de seguran\u00e7a m\u00e1xima em Catanduvas, Paran\u00e1, a secretaria de seguran\u00e7a acredita que acabou com a comunica\u00e7\u00e3o entre os l\u00edderes de fac\u00e7\u00f5es criminosas que estavam presos e as pessoas que praticavam os atentados nas ruas.<\/p>\n<p style=\"text-align: justify;\">A transfer\u00eancia come\u00e7ou as 5 horas da manh\u00e3 de domingo. Um a um os presos foram retirados do isolamento no pres\u00eddio Ant\u00f4nio Amaro. Um forte aparato policial levou os cinco detentos para o Aeroporto de Rio Branco, onde uma aeronave da Pol\u00edcia Federal j\u00e1 esperava o grupo.<\/p>\n<p style=\"text-align: justify;\">Os presos identificados como Raylan Wilian de lima, Deibson Cabral Nacimento, Benedito Tavares de Souza, Cleivisson da Costa Oliveira e Vanderberg Otaviano de Souza foram transferidos para uma pres\u00eddio de seguran\u00e7a m\u00e1xima de Catanduvas.<\/p>\n<p style=\"text-align: justify;\">De acordo com o secret\u00e1rio de Estado de Seguran\u00e7a P\u00fablica, Emylson Farias, os presos que j\u00e1 estavam isolados desde a semana passada. &#8220;Com esse isolamento nos estrangulamos a comunica\u00e7\u00e3o do pres\u00eddio para os membros que est\u00e3o nas ruas. Esses eram mais cinco acusados de dar ordens para os atentados ocorridos no Estado. Quem est\u00e1 aqui fora, ficou desarticulado\u201d, completou.<\/p>\n<p style=\"text-align: justify;\">Outros 15 presos j\u00e1 tinham sido transferidos para Campo Grande, no Mato Grosso do Sul, e para Mossor\u00f3, no Rio Grande do Norte. S\u00e3o l\u00edderes de tr\u00eas fac\u00e7\u00f5es criminosas, algumas com atua\u00e7\u00e3o em v\u00e1rios estados do pa\u00eds.<\/p>\n<p>A secretaria de Estado de Seguran\u00e7a P\u00fablica informou que vai manter o forte policiamento na rua para evitar novos atentados.<\/p>\n","protected":false},"excerpt":{"rendered":"<p style=\"text-align: justify;\">Mas, alerta nas for\u00e7as de Seguran\u00e7a est\u00e1 mantido<\/p>\n","protected":false},"author":4,"featured_media":18966,"comment_status":"open","ping_status":"open","sticky":false,"template":"","format":"standard","meta":{"jnews-multi-image_gallery":[],"jnews_single_post":[],"jnews_primary_category":[],"jnews_social_meta":[],"jnews_review":[],"enable_review":"","type":"","name":"","summary":"","brand":"","sku":"","good":[],"bad":[],"score_override":"","override_value":"","rating":[],"price":[],"footnotes":""},"categories":[44],"tags":[],"class_list":["post-18967","post","type-post","status-publish","format-standard","has-post-thumbnail","hentry","category-policia"],"yoast_head":"<!-- This site is optimized with the Yoast SEO plugin v26.5 - https:\/\/yoast.com\/wordpress\/plugins\/seo\/ -->\n<title>Gestores acreditam em &quot;volta \u00e0 normalidade&quot; - Agazeta.net<\/title>\n<meta name=\"robots\" content=\"index, follow, max-snippet:-1, max-image-preview:large, max-video-preview:-1\" \/>\n<link rel=\"canonical\" href=\"https:\/\/nk7-testes.com.br\/agazeta\/gestores-acreditam-em-volta-a-normalidade\/\" \/>\n<meta property=\"og:locale\" content=\"pt_BR\" \/>\n<meta property=\"og:type\" content=\"article\" \/>\n<meta property=\"og:title\" content=\"Gestores acreditam em &quot;volta \u00e0 normalidade&quot; - Agazeta.net\" \/>\n<meta property=\"og:description\" content=\"Mas, alerta nas for\u00e7as de Seguran\u00e7a est\u00e1 mantido\" \/>\n<meta property=\"og:url\" content=\"https:\/\/nk7-testes.com.br\/agazeta\/gestores-acreditam-em-volta-a-normalidade\/\" \/>\n<meta property=\"og:site_name\" content=\"Agazeta.net\" \/>\n<meta property=\"article:published_time\" content=\"2015-10-12T19:56:47+00:00\" \/>\n<meta property=\"og:image\" content=\"https:\/\/nk7-testes.com.br\/agazeta\/wp-content\/uploads\/2015\/10\/121015-policia-transferencia-sergiovalesecom.jpg\" \/>\n\t<meta property=\"og:image:width\" content=\"458\" \/>\n\t<meta property=\"og:image:height\" content=\"340\" \/>\n\t<meta property=\"og:image:type\" content=\"image\/jpeg\" \/>\n<meta name=\"author\" content=\"Agazeta.Net\" \/>\n<meta name=\"twitter:card\" content=\"summary_large_image\" \/>\n<meta name=\"twitter:label1\" content=\"Escrito por\" \/>\n\t<meta name=\"twitter:data1\" content=\"Agazeta.Net\" \/>\n\t<meta name=\"twitter:label2\" content=\"Est. tempo de leitura\" \/>\n\t<meta name=\"twitter:data2\" content=\"1 minuto\" \/>\n<script type=\"application\/ld+json\" class=\"yoast-schema-graph\">{\"@context\":\"https:\/\/schema.org\",\"@graph\":[{\"@type\":\"WebPage\",\"@id\":\"https:\/\/nk7-testes.com.br\/agazeta\/gestores-acreditam-em-volta-a-normalidade\/\",\"url\":\"https:\/\/nk7-testes.com.br\/agazeta\/gestores-acreditam-em-volta-a-normalidade\/\",\"name\":\"Gestores acreditam em \\\"volta \u00e0 normalidade\\\" - Agazeta.net\",\"isPartOf\":{\"@id\":\"https:\/\/nk7-testes.com.br\/agazeta\/#website\"},\"primaryImageOfPage\":{\"@id\":\"https:\/\/nk7-testes.com.br\/agazeta\/gestores-acreditam-em-volta-a-normalidade\/#primaryimage\"},\"image\":{\"@id\":\"https:\/\/nk7-testes.com.br\/agazeta\/gestores-acreditam-em-volta-a-normalidade\/#primaryimage\"},\"thumbnailUrl\":\"https:\/\/nk7-testes.com.br\/agazeta\/wp-content\/uploads\/2015\/10\/121015-policia-transferencia-sergiovalesecom.jpg\",\"datePublished\":\"2015-10-12T19:56:47+00:00\",\"author\":{\"@id\":\"https:\/\/nk7-testes.com.br\/agazeta\/#\/schema\/person\/6d6e25cb0435eb4a02fd44d30b4e3020\"},\"breadcrumb\":{\"@id\":\"https:\/\/nk7-testes.com.br\/agazeta\/gestores-acreditam-em-volta-a-normalidade\/#breadcrumb\"},\"inLanguage\":\"pt-BR\",\"potentialAction\":[{\"@type\":\"ReadAction\",\"target\":[\"https:\/\/nk7-testes.com.br\/agazeta\/gestores-acreditam-em-volta-a-normalidade\/\"]}]},{\"@type\":\"ImageObject\",\"inLanguage\":\"pt-BR\",\"@id\":\"https:\/\/nk7-testes.com.br\/agazeta\/gestores-acreditam-em-volta-a-normalidade\/#primaryimage\",\"url\":\"https:\/\/nk7-testes.com.br\/agazeta\/wp-content\/uploads\/2015\/10\/121015-policia-transferencia-sergiovalesecom.jpg\",\"contentUrl\":\"https:\/\/nk7-testes.com.br\/agazeta\/wp-content\/uploads\/2015\/10\/121015-policia-transferencia-sergiovalesecom.jpg\",\"width\":458,\"height\":340,\"caption\":\"121015-policia-transferencia-sergiovalesecom\"},{\"@type\":\"BreadcrumbList\",\"@id\":\"https:\/\/nk7-testes.com.br\/agazeta\/gestores-acreditam-em-volta-a-normalidade\/#breadcrumb\",\"itemListElement\":[{\"@type\":\"ListItem\",\"position\":1,\"name\":\"In\u00edcio\",\"item\":\"https:\/\/nk7-testes.com.br\/agazeta\/\"},{\"@type\":\"ListItem\",\"position\":2,\"name\":\"Gestores acreditam em &#8220;volta \u00e0 normalidade&#8221;\"}]},{\"@type\":\"WebSite\",\"@id\":\"https:\/\/nk7-testes.com.br\/agazeta\/#website\",\"url\":\"https:\/\/nk7-testes.com.br\/agazeta\/\",\"name\":\"Agazeta.net\",\"description\":\"Agazeta.net - Not\u00edcias de Rio Branco\/AC\",\"potentialAction\":[{\"@type\":\"SearchAction\",\"target\":{\"@type\":\"EntryPoint\",\"urlTemplate\":\"https:\/\/nk7-testes.com.br\/agazeta\/?s={search_term_string}\"},\"query-input\":{\"@type\":\"PropertyValueSpecification\",\"valueRequired\":true,\"valueName\":\"search_term_string\"}}],\"inLanguage\":\"pt-BR\"},{\"@type\":\"Person\",\"@id\":\"https:\/\/nk7-testes.com.br\/agazeta\/#\/schema\/person\/6d6e25cb0435eb4a02fd44d30b4e3020\",\"name\":\"Agazeta.Net\",\"url\":\"https:\/\/nk7-testes.com.br\/agazeta\/author\/agazeta\/\"}]}<\/script>\n<!-- \/ Yoast SEO plugin. -->","yoast_head_json":{"title":"Gestores acreditam em \"volta \u00e0 normalidade\" - Agazeta.net","robots":{"index":"index","follow":"follow","max-snippet":"max-snippet:-1","max-image-preview":"max-image-preview:large","max-video-preview":"max-video-preview:-1"},"canonical":"https:\/\/nk7-testes.com.br\/agazeta\/gestores-acreditam-em-volta-a-normalidade\/","og_locale":"pt_BR","og_type":"article","og_title":"Gestores acreditam em \"volta \u00e0 normalidade\" - Agazeta.net","og_description":"Mas, alerta nas for\u00e7as de Seguran\u00e7a est\u00e1 mantido","og_url":"https:\/\/nk7-testes.com.br\/agazeta\/gestores-acreditam-em-volta-a-normalidade\/","og_site_name":"Agazeta.net","article_published_time":"2015-10-12T19:56:47+00:00","og_image":[{"width":458,"height":340,"url":"https:\/\/nk7-testes.com.br\/agazeta\/wp-content\/uploads\/2015\/10\/121015-policia-transferencia-sergiovalesecom.jpg","type":"image\/jpeg"}],"author":"Agazeta.Net","twitter_card":"summary_large_image","twitter_misc":{"Escrito por":"Agazeta.Net","Est. tempo de leitura":"1 minuto"},"schema":{"@context":"https:\/\/schema.org","@graph":[{"@type":"WebPage","@id":"https:\/\/nk7-testes.com.br\/agazeta\/gestores-acreditam-em-volta-a-normalidade\/","url":"https:\/\/nk7-testes.com.br\/agazeta\/gestores-acreditam-em-volta-a-normalidade\/","name":"Gestores acreditam em \"volta \u00e0 normalidade\" - Agazeta.net","isPartOf":{"@id":"https:\/\/nk7-testes.com.br\/agazeta\/#website"},"primaryImageOfPage":{"@id":"https:\/\/nk7-testes.com.br\/agazeta\/gestores-acreditam-em-volta-a-normalidade\/#primaryimage"},"image":{"@id":"https:\/\/nk7-testes.com.br\/agazeta\/gestores-acreditam-em-volta-a-normalidade\/#primaryimage"},"thumbnailUrl":"https:\/\/nk7-testes.com.br\/agazeta\/wp-content\/uploads\/2015\/10\/121015-policia-transferencia-sergiovalesecom.jpg","datePublished":"2015-10-12T19:56:47+00:00","author":{"@id":"https:\/\/nk7-testes.com.br\/agazeta\/#\/schema\/person\/6d6e25cb0435eb4a02fd44d30b4e3020"},"breadcrumb":{"@id":"https:\/\/nk7-testes.com.br\/agazeta\/gestores-acreditam-em-volta-a-normalidade\/#breadcrumb"},"inLanguage":"pt-BR","potentialAction":[{"@type":"ReadAction","target":["https:\/\/nk7-testes.com.br\/agazeta\/gestores-acreditam-em-volta-a-normalidade\/"]}]},{"@type":"ImageObject","inLanguage":"pt-BR","@id":"https:\/\/nk7-testes.com.br\/agazeta\/gestores-acreditam-em-volta-a-normalidade\/#primaryimage","url":"https:\/\/nk7-testes.com.br\/agazeta\/wp-content\/uploads\/2015\/10\/121015-policia-transferencia-sergiovalesecom.jpg","contentUrl":"https:\/\/nk7-testes.com.br\/agazeta\/wp-content\/uploads\/2015\/10\/121015-policia-transferencia-sergiovalesecom.jpg","width":458,"height":340,"caption":"121015-policia-transferencia-sergiovalesecom"},{"@type":"BreadcrumbList","@id":"https:\/\/nk7-testes.com.br\/agazeta\/gestores-acreditam-em-volta-a-normalidade\/#breadcrumb","itemListElement":[{"@type":"ListItem","position":1,"name":"In\u00edcio","item":"https:\/\/nk7-testes.com.br\/agazeta\/"},{"@type":"ListItem","position":2,"name":"Gestores acreditam em &#8220;volta \u00e0 normalidade&#8221;"}]},{"@type":"WebSite","@id":"https:\/\/nk7-testes.com.br\/agazeta\/#website","url":"https:\/\/nk7-testes.com.br\/agazeta\/","name":"Agazeta.net","description":"Agazeta.net - Not\u00edcias de Rio Branco\/AC","potentialAction":[{"@type":"SearchAction","target":{"@type":"EntryPoint","urlTemplate":"https:\/\/nk7-testes.com.br\/agazeta\/?s={search_term_string}"},"query-input":{"@type":"PropertyValueSpecification","valueRequired":true,"valueName":"search_term_string"}}],"inLanguage":"pt-BR"},{"@type":"Person","@id":"https:\/\/nk7-testes.com.br\/agazeta\/#\/schema\/person\/6d6e25cb0435eb4a02fd44d30b4e3020","name":"Agazeta.Net","url":"https:\/\/nk7-testes.com.br\/agazeta\/author\/agazeta\/"}]}},"_links":{"self":[{"href":"https:\/\/nk7-testes.com.br\/agazeta\/wp-json\/wp\/v2\/posts\/18967","targetHints":{"allow":["GET"]}}],"collection":[{"href":"https:\/\/nk7-testes.com.br\/agazeta\/wp-json\/wp\/v2\/posts"}],"about":[{"href":"https:\/\/nk7-testes.com.br\/agazeta\/wp-json\/wp\/v2\/types\/post"}],"author":[{"embeddable":true,"href":"https:\/\/nk7-testes.com.br\/agazeta\/wp-json\/wp\/v2\/users\/4"}],"replies":[{"embeddable":true,"href":"https:\/\/nk7-testes.com.br\/agazeta\/wp-json\/wp\/v2\/comments?post=18967"}],"version-history":[{"count":0,"href":"https:\/\/nk7-testes.com.br\/agazeta\/wp-json\/wp\/v2\/posts\/18967\/revisions"}],"wp:featuredmedia":[{"embeddable":true,"href":"https:\/\/nk7-testes.com.br\/agazeta\/wp-json\/wp\/v2\/media\/18966"}],"wp:attachment":[{"href":"https:\/\/nk7-testes.com.br\/agazeta\/wp-json\/wp\/v2\/media?parent=18967"}],"wp:term":[{"taxonomy":"category","embeddable":true,"href":"https:\/\/nk7-testes.com.br\/agazeta\/wp-json\/wp\/v2\/categories?post=18967"},{"taxonomy":"post_tag","embeddable":true,"href":"https:\/\/nk7-testes.com.br\/agazeta\/wp-json\/wp\/v2\/tags?post=18967"}],"curies":[{"name":"wp","href":"https:\/\/api.w.org\/{rel}","templated":true}]}}