{"id":18854,"date":"2015-10-07T21:19:13","date_gmt":"2015-10-07T21:19:13","guid":{"rendered":"https:\/\/abarevegan.com.br\/index.php\/2015\/10\/07\/populacao-ainda-esta-com-medo-de-ataques\/"},"modified":"2015-10-07T21:19:13","modified_gmt":"2015-10-07T21:19:13","slug":"populacao-ainda-esta-com-medo-de-ataques","status":"publish","type":"post","link":"https:\/\/nk7-testes.com.br\/agazeta\/populacao-ainda-esta-com-medo-de-ataques\/","title":{"rendered":"Popula\u00e7\u00e3o ainda est\u00e1 com medo de ataques"},"content":{"rendered":"<p style=\"text-align: justify;\">Para alguns, p\u00e2nico foi alimentado pelas redes sociais<\/p>\n<p style=\"text-align: justify;\">Com ataques a ve\u00edculos e not\u00edcias falsas circulando nas redes sociais durante esta ter\u00e7a-feira (6), a popula\u00e7\u00e3o viveu momentos de p\u00e2nico com receio do que pudesse acontecer.<\/p>\n<p style=\"text-align: justify;\">Os boatos aterrorizaram as pessoas. O gerente de loja Francisco Lira disse que toda sua fam\u00edlia ficou com medo ao ouvir e ver as hist\u00f3rias que a sa\u00edam nos grupos do WhatsApp.<\/p>\n<p style=\"text-align: justify;\">\u201cAcho que \u00e9 um momento de tens\u00e3o, a gente passa a ter mais cuidado. A tens\u00e3o foi gerada ontem no transporte coletivo, que sab\u00edamos que era verdade, mas tamb\u00e9m nas redes sociais, as pessoas dizendo pra n\u00e3o sair de casa, o que causou um estado de medo\u201d.<\/p>\n<p style=\"text-align: justify;\">No com\u00e9rcio, a situa\u00e7\u00e3o tamb\u00e9m ainda \u00e9 de apreens\u00e3o. O comerciante Fran\u00e7a Ara\u00fajo contou que o medo permanece. \u201cEst\u00e3o barbarizando o Estado, falta de mais policiamento e mais seguran\u00e7a. Eu n\u00e3o tenho medo por mim. Temo por outras pessoas, pela fam\u00edlia. Ningu\u00e9m pode sair na rua, porque corre riscos. E quem meche com com\u00e9rcio. Todos temem\u201d.<\/p>\n<p style=\"text-align: justify;\">O empres\u00e1rio Ismael Oliveira, que mora no Acre h\u00e1 pouco tempo, lembra que o estado ainda \u00e9 pequeno e teme a expans\u00e3o. \u201cAqui \u00e9 ainda pequeno, imagina quando aqui chegar a ser uma capital como S\u00e3o Paulo? Com o pouco tempo que moro aqui eu percebo que as pessoas n\u00e3o t\u00eam mais respeito com o pr\u00f3ximo, se mata um como se fosse um animal\u201d.<\/p>\n<p style=\"text-align: justify;\">\u201cA gente n\u00e3o consegue ficar tranquilo realmente. N\u00e3o tem pol\u00edcia suficiente para que as pessoas se sintam seguras, eu acho. Eu n\u00e3o saio \u00e0 noite. Eu evito. Saio bem mais cedo pra n\u00e3o ter que sair a noite\u201d, disse a funcion\u00e1ria p\u00fablica, Rosangela Ferreira.<\/p>\n<p style=\"text-align: justify;\">O secret\u00e1rio de Seguran\u00e7a P\u00fablica, em entrevista ao vivo no Gazeta Alerta, garantiu que o policiamento foi refor\u00e7ado para garantir a ordem no Estado. \u201cO policiamento foi refor\u00e7ado. A for\u00e7a de Seguran\u00e7a do Estado, Federal e o Judici\u00e1rio est\u00e3o atuando em conjunto em in\u00fameras a\u00e7\u00f5es continuadas\u201d.<\/p>\n","protected":false},"excerpt":{"rendered":"<p style=\"text-align: justify;\">Para alguns, p\u00e2nico foi alimentado pelas redes sociais<\/p>\n","protected":false},"author":4,"featured_media":18853,"comment_status":"open","ping_status":"open","sticky":false,"template":"","format":"standard","meta":{"jnews-multi-image_gallery":[],"jnews_single_post":[],"jnews_primary_category":[],"jnews_social_meta":[],"jnews_review":[],"enable_review":"","type":"","name":"","summary":"","brand":"","sku":"","good":[],"bad":[],"score_override":"","override_value":"","rating":[],"price":[],"footnotes":""},"categories":[54],"tags":[],"class_list":["post-18854","post","type-post","status-publish","format-standard","has-post-thumbnail","hentry","category-cotidiano"],"yoast_head":"<!-- This site is optimized with the Yoast SEO plugin v26.5 - https:\/\/yoast.com\/wordpress\/plugins\/seo\/ -->\n<title>Popula\u00e7\u00e3o ainda est\u00e1 com medo de ataques - Agazeta.net<\/title>\n<meta name=\"robots\" content=\"index, follow, max-snippet:-1, max-image-preview:large, max-video-preview:-1\" \/>\n<link rel=\"canonical\" href=\"https:\/\/nk7-testes.com.br\/agazeta\/populacao-ainda-esta-com-medo-de-ataques\/\" \/>\n<meta property=\"og:locale\" content=\"pt_BR\" \/>\n<meta property=\"og:type\" content=\"article\" \/>\n<meta property=\"og:title\" content=\"Popula\u00e7\u00e3o ainda est\u00e1 com medo de ataques - Agazeta.net\" \/>\n<meta property=\"og:description\" content=\"Para alguns, p\u00e2nico foi alimentado pelas redes sociais\" \/>\n<meta property=\"og:url\" content=\"https:\/\/nk7-testes.com.br\/agazeta\/populacao-ainda-esta-com-medo-de-ataques\/\" \/>\n<meta property=\"og:site_name\" content=\"Agazeta.net\" \/>\n<meta property=\"article:published_time\" content=\"2015-10-07T21:19:13+00:00\" \/>\n<meta property=\"og:image\" content=\"https:\/\/nk7-testes.com.br\/agazeta\/wp-content\/uploads\/2015\/10\/071015-cotidiano-paniconasruas-taianelima.jpg\" \/>\n\t<meta property=\"og:image:width\" content=\"458\" \/>\n\t<meta property=\"og:image:height\" content=\"340\" \/>\n\t<meta property=\"og:image:type\" content=\"image\/jpeg\" \/>\n<meta name=\"author\" content=\"Agazeta.Net\" \/>\n<meta name=\"twitter:card\" content=\"summary_large_image\" \/>\n<meta name=\"twitter:label1\" content=\"Escrito por\" \/>\n\t<meta name=\"twitter:data1\" content=\"Agazeta.Net\" \/>\n\t<meta name=\"twitter:label2\" content=\"Est. tempo de leitura\" \/>\n\t<meta name=\"twitter:data2\" content=\"2 minutos\" \/>\n<script type=\"application\/ld+json\" class=\"yoast-schema-graph\">{\"@context\":\"https:\/\/schema.org\",\"@graph\":[{\"@type\":\"WebPage\",\"@id\":\"https:\/\/nk7-testes.com.br\/agazeta\/populacao-ainda-esta-com-medo-de-ataques\/\",\"url\":\"https:\/\/nk7-testes.com.br\/agazeta\/populacao-ainda-esta-com-medo-de-ataques\/\",\"name\":\"Popula\u00e7\u00e3o ainda est\u00e1 com medo de ataques - Agazeta.net\",\"isPartOf\":{\"@id\":\"https:\/\/nk7-testes.com.br\/agazeta\/#website\"},\"primaryImageOfPage\":{\"@id\":\"https:\/\/nk7-testes.com.br\/agazeta\/populacao-ainda-esta-com-medo-de-ataques\/#primaryimage\"},\"image\":{\"@id\":\"https:\/\/nk7-testes.com.br\/agazeta\/populacao-ainda-esta-com-medo-de-ataques\/#primaryimage\"},\"thumbnailUrl\":\"https:\/\/nk7-testes.com.br\/agazeta\/wp-content\/uploads\/2015\/10\/071015-cotidiano-paniconasruas-taianelima.jpg\",\"datePublished\":\"2015-10-07T21:19:13+00:00\",\"author\":{\"@id\":\"https:\/\/nk7-testes.com.br\/agazeta\/#\/schema\/person\/6d6e25cb0435eb4a02fd44d30b4e3020\"},\"breadcrumb\":{\"@id\":\"https:\/\/nk7-testes.com.br\/agazeta\/populacao-ainda-esta-com-medo-de-ataques\/#breadcrumb\"},\"inLanguage\":\"pt-BR\",\"potentialAction\":[{\"@type\":\"ReadAction\",\"target\":[\"https:\/\/nk7-testes.com.br\/agazeta\/populacao-ainda-esta-com-medo-de-ataques\/\"]}]},{\"@type\":\"ImageObject\",\"inLanguage\":\"pt-BR\",\"@id\":\"https:\/\/nk7-testes.com.br\/agazeta\/populacao-ainda-esta-com-medo-de-ataques\/#primaryimage\",\"url\":\"https:\/\/nk7-testes.com.br\/agazeta\/wp-content\/uploads\/2015\/10\/071015-cotidiano-paniconasruas-taianelima.jpg\",\"contentUrl\":\"https:\/\/nk7-testes.com.br\/agazeta\/wp-content\/uploads\/2015\/10\/071015-cotidiano-paniconasruas-taianelima.jpg\",\"width\":458,\"height\":340,\"caption\":\"071015-cotidiano-paniconasruas-taianelima\"},{\"@type\":\"BreadcrumbList\",\"@id\":\"https:\/\/nk7-testes.com.br\/agazeta\/populacao-ainda-esta-com-medo-de-ataques\/#breadcrumb\",\"itemListElement\":[{\"@type\":\"ListItem\",\"position\":1,\"name\":\"In\u00edcio\",\"item\":\"https:\/\/nk7-testes.com.br\/agazeta\/\"},{\"@type\":\"ListItem\",\"position\":2,\"name\":\"Popula\u00e7\u00e3o ainda est\u00e1 com medo de ataques\"}]},{\"@type\":\"WebSite\",\"@id\":\"https:\/\/nk7-testes.com.br\/agazeta\/#website\",\"url\":\"https:\/\/nk7-testes.com.br\/agazeta\/\",\"name\":\"Agazeta.net\",\"description\":\"Agazeta.net - Not\u00edcias de Rio Branco\/AC\",\"potentialAction\":[{\"@type\":\"SearchAction\",\"target\":{\"@type\":\"EntryPoint\",\"urlTemplate\":\"https:\/\/nk7-testes.com.br\/agazeta\/?s={search_term_string}\"},\"query-input\":{\"@type\":\"PropertyValueSpecification\",\"valueRequired\":true,\"valueName\":\"search_term_string\"}}],\"inLanguage\":\"pt-BR\"},{\"@type\":\"Person\",\"@id\":\"https:\/\/nk7-testes.com.br\/agazeta\/#\/schema\/person\/6d6e25cb0435eb4a02fd44d30b4e3020\",\"name\":\"Agazeta.Net\",\"url\":\"https:\/\/nk7-testes.com.br\/agazeta\/author\/agazeta\/\"}]}<\/script>\n<!-- \/ Yoast SEO plugin. -->","yoast_head_json":{"title":"Popula\u00e7\u00e3o ainda est\u00e1 com medo de ataques - Agazeta.net","robots":{"index":"index","follow":"follow","max-snippet":"max-snippet:-1","max-image-preview":"max-image-preview:large","max-video-preview":"max-video-preview:-1"},"canonical":"https:\/\/nk7-testes.com.br\/agazeta\/populacao-ainda-esta-com-medo-de-ataques\/","og_locale":"pt_BR","og_type":"article","og_title":"Popula\u00e7\u00e3o ainda est\u00e1 com medo de ataques - Agazeta.net","og_description":"Para alguns, p\u00e2nico foi alimentado pelas redes sociais","og_url":"https:\/\/nk7-testes.com.br\/agazeta\/populacao-ainda-esta-com-medo-de-ataques\/","og_site_name":"Agazeta.net","article_published_time":"2015-10-07T21:19:13+00:00","og_image":[{"width":458,"height":340,"url":"https:\/\/nk7-testes.com.br\/agazeta\/wp-content\/uploads\/2015\/10\/071015-cotidiano-paniconasruas-taianelima.jpg","type":"image\/jpeg"}],"author":"Agazeta.Net","twitter_card":"summary_large_image","twitter_misc":{"Escrito por":"Agazeta.Net","Est. tempo de leitura":"2 minutos"},"schema":{"@context":"https:\/\/schema.org","@graph":[{"@type":"WebPage","@id":"https:\/\/nk7-testes.com.br\/agazeta\/populacao-ainda-esta-com-medo-de-ataques\/","url":"https:\/\/nk7-testes.com.br\/agazeta\/populacao-ainda-esta-com-medo-de-ataques\/","name":"Popula\u00e7\u00e3o ainda est\u00e1 com medo de ataques - Agazeta.net","isPartOf":{"@id":"https:\/\/nk7-testes.com.br\/agazeta\/#website"},"primaryImageOfPage":{"@id":"https:\/\/nk7-testes.com.br\/agazeta\/populacao-ainda-esta-com-medo-de-ataques\/#primaryimage"},"image":{"@id":"https:\/\/nk7-testes.com.br\/agazeta\/populacao-ainda-esta-com-medo-de-ataques\/#primaryimage"},"thumbnailUrl":"https:\/\/nk7-testes.com.br\/agazeta\/wp-content\/uploads\/2015\/10\/071015-cotidiano-paniconasruas-taianelima.jpg","datePublished":"2015-10-07T21:19:13+00:00","author":{"@id":"https:\/\/nk7-testes.com.br\/agazeta\/#\/schema\/person\/6d6e25cb0435eb4a02fd44d30b4e3020"},"breadcrumb":{"@id":"https:\/\/nk7-testes.com.br\/agazeta\/populacao-ainda-esta-com-medo-de-ataques\/#breadcrumb"},"inLanguage":"pt-BR","potentialAction":[{"@type":"ReadAction","target":["https:\/\/nk7-testes.com.br\/agazeta\/populacao-ainda-esta-com-medo-de-ataques\/"]}]},{"@type":"ImageObject","inLanguage":"pt-BR","@id":"https:\/\/nk7-testes.com.br\/agazeta\/populacao-ainda-esta-com-medo-de-ataques\/#primaryimage","url":"https:\/\/nk7-testes.com.br\/agazeta\/wp-content\/uploads\/2015\/10\/071015-cotidiano-paniconasruas-taianelima.jpg","contentUrl":"https:\/\/nk7-testes.com.br\/agazeta\/wp-content\/uploads\/2015\/10\/071015-cotidiano-paniconasruas-taianelima.jpg","width":458,"height":340,"caption":"071015-cotidiano-paniconasruas-taianelima"},{"@type":"BreadcrumbList","@id":"https:\/\/nk7-testes.com.br\/agazeta\/populacao-ainda-esta-com-medo-de-ataques\/#breadcrumb","itemListElement":[{"@type":"ListItem","position":1,"name":"In\u00edcio","item":"https:\/\/nk7-testes.com.br\/agazeta\/"},{"@type":"ListItem","position":2,"name":"Popula\u00e7\u00e3o ainda est\u00e1 com medo de ataques"}]},{"@type":"WebSite","@id":"https:\/\/nk7-testes.com.br\/agazeta\/#website","url":"https:\/\/nk7-testes.com.br\/agazeta\/","name":"Agazeta.net","description":"Agazeta.net - Not\u00edcias de Rio Branco\/AC","potentialAction":[{"@type":"SearchAction","target":{"@type":"EntryPoint","urlTemplate":"https:\/\/nk7-testes.com.br\/agazeta\/?s={search_term_string}"},"query-input":{"@type":"PropertyValueSpecification","valueRequired":true,"valueName":"search_term_string"}}],"inLanguage":"pt-BR"},{"@type":"Person","@id":"https:\/\/nk7-testes.com.br\/agazeta\/#\/schema\/person\/6d6e25cb0435eb4a02fd44d30b4e3020","name":"Agazeta.Net","url":"https:\/\/nk7-testes.com.br\/agazeta\/author\/agazeta\/"}]}},"_links":{"self":[{"href":"https:\/\/nk7-testes.com.br\/agazeta\/wp-json\/wp\/v2\/posts\/18854","targetHints":{"allow":["GET"]}}],"collection":[{"href":"https:\/\/nk7-testes.com.br\/agazeta\/wp-json\/wp\/v2\/posts"}],"about":[{"href":"https:\/\/nk7-testes.com.br\/agazeta\/wp-json\/wp\/v2\/types\/post"}],"author":[{"embeddable":true,"href":"https:\/\/nk7-testes.com.br\/agazeta\/wp-json\/wp\/v2\/users\/4"}],"replies":[{"embeddable":true,"href":"https:\/\/nk7-testes.com.br\/agazeta\/wp-json\/wp\/v2\/comments?post=18854"}],"version-history":[{"count":0,"href":"https:\/\/nk7-testes.com.br\/agazeta\/wp-json\/wp\/v2\/posts\/18854\/revisions"}],"wp:featuredmedia":[{"embeddable":true,"href":"https:\/\/nk7-testes.com.br\/agazeta\/wp-json\/wp\/v2\/media\/18853"}],"wp:attachment":[{"href":"https:\/\/nk7-testes.com.br\/agazeta\/wp-json\/wp\/v2\/media?parent=18854"}],"wp:term":[{"taxonomy":"category","embeddable":true,"href":"https:\/\/nk7-testes.com.br\/agazeta\/wp-json\/wp\/v2\/categories?post=18854"},{"taxonomy":"post_tag","embeddable":true,"href":"https:\/\/nk7-testes.com.br\/agazeta\/wp-json\/wp\/v2\/tags?post=18854"}],"curies":[{"name":"wp","href":"https:\/\/api.w.org\/{rel}","templated":true}]}}