{"id":18731,"date":"2015-10-02T19:41:42","date_gmt":"2015-10-02T19:41:42","guid":{"rendered":"https:\/\/abarevegan.com.br\/index.php\/2015\/10\/02\/sociedade-literaria-acreana-realiza-sarau-poetico\/"},"modified":"2015-10-02T19:41:42","modified_gmt":"2015-10-02T19:41:42","slug":"sociedade-literaria-acreana-realiza-sarau-poetico","status":"publish","type":"post","link":"https:\/\/nk7-testes.com.br\/agazeta\/sociedade-literaria-acreana-realiza-sarau-poetico\/","title":{"rendered":"Sociedade Liter\u00e1ria Acreana realiza sarau po\u00e9tico"},"content":{"rendered":"<p style=\"text-align: justify;\">Artistas exp\u00f5em seus trabalhos neste domingo<\/p>\n<p style=\"text-align: justify;\">A Sociedade Liter\u00e1ria Acreana (SLA) realiza no pr\u00f3ximo domingo (04) o Sarau Po\u00e9tico, a partir das 18h na Pra\u00e7a da Revolu\u00e7\u00e3o, no centro de Rio Branco.<\/p>\n<p style=\"text-align: justify;\">O evento conta com a participa\u00e7\u00e3o de poetas, atrizes, desenhistas e m\u00fasicos do estado. De acordo com o presidente da SLA, o poeta Alessandro Borges, ser\u00e3o expostas durante o evento obras liter\u00e1rias de escritores do Acre, assim como ter\u00e3o performances, com m\u00fasica e pessoas caracterizadas de personagens de hist\u00f3rias infantis. \u201cNossa inten\u00e7\u00e3o \u00e9 difundir a literatura acreana.\u201d<\/p>\n<p style=\"text-align: justify;\">A Sociedade Liter\u00e1ria Acreana foi criada recentemente, cerca de dois meses, e j\u00e1 conta com a participa\u00e7\u00e3o de 20 pessoas. \u201cCriamos a Sociedade com a inten\u00e7\u00e3o de difundir a cultura acreana para popula\u00e7\u00e3o, mostrar e valorizar o trabalho de artistas locais, assim incentivar pessoas a serem escritores,\u201d disse Alessandro.<\/p>\n","protected":false},"excerpt":{"rendered":"<p style=\"text-align: justify;\">Artistas exp\u00f5em seus trabalhos neste domingo<\/p>\n","protected":false},"author":4,"featured_media":18730,"comment_status":"open","ping_status":"open","sticky":false,"template":"","format":"standard","meta":{"jnews-multi-image_gallery":[],"jnews_single_post":[],"jnews_primary_category":[],"jnews_social_meta":[],"jnews_review":[],"enable_review":"","type":"","name":"","summary":"","brand":"","sku":"","good":[],"bad":[],"score_override":"","override_value":"","rating":[],"price":[],"footnotes":""},"categories":[54],"tags":[],"class_list":["post-18731","post","type-post","status-publish","format-standard","has-post-thumbnail","hentry","category-cotidiano"],"yoast_head":"<!-- This site is optimized with the Yoast SEO plugin v26.5 - https:\/\/yoast.com\/wordpress\/plugins\/seo\/ -->\n<title>Sociedade Liter\u00e1ria Acreana realiza sarau po\u00e9tico - Agazeta.net<\/title>\n<meta name=\"robots\" content=\"index, follow, max-snippet:-1, max-image-preview:large, max-video-preview:-1\" \/>\n<link rel=\"canonical\" href=\"https:\/\/nk7-testes.com.br\/agazeta\/sociedade-literaria-acreana-realiza-sarau-poetico\/\" \/>\n<meta property=\"og:locale\" content=\"pt_BR\" \/>\n<meta property=\"og:type\" content=\"article\" \/>\n<meta property=\"og:title\" content=\"Sociedade Liter\u00e1ria Acreana realiza sarau po\u00e9tico - Agazeta.net\" \/>\n<meta property=\"og:description\" content=\"Artistas exp\u00f5em seus trabalhos neste domingo\" \/>\n<meta property=\"og:url\" content=\"https:\/\/nk7-testes.com.br\/agazeta\/sociedade-literaria-acreana-realiza-sarau-poetico\/\" \/>\n<meta property=\"og:site_name\" content=\"Agazeta.net\" \/>\n<meta property=\"article:published_time\" content=\"2015-10-02T19:41:42+00:00\" \/>\n<meta property=\"og:image\" content=\"https:\/\/nk7-testes.com.br\/agazeta\/wp-content\/uploads\/2015\/10\/021015-cotidiano-pautacultural.jpg\" \/>\n\t<meta property=\"og:image:width\" content=\"458\" \/>\n\t<meta property=\"og:image:height\" content=\"340\" \/>\n\t<meta property=\"og:image:type\" content=\"image\/jpeg\" \/>\n<meta name=\"author\" content=\"Agazeta.Net\" \/>\n<meta name=\"twitter:card\" content=\"summary_large_image\" \/>\n<meta name=\"twitter:label1\" content=\"Escrito por\" \/>\n\t<meta name=\"twitter:data1\" content=\"Agazeta.Net\" \/>\n\t<meta name=\"twitter:label2\" content=\"Est. tempo de leitura\" \/>\n\t<meta name=\"twitter:data2\" content=\"1 minuto\" \/>\n<script type=\"application\/ld+json\" class=\"yoast-schema-graph\">{\"@context\":\"https:\/\/schema.org\",\"@graph\":[{\"@type\":\"WebPage\",\"@id\":\"https:\/\/nk7-testes.com.br\/agazeta\/sociedade-literaria-acreana-realiza-sarau-poetico\/\",\"url\":\"https:\/\/nk7-testes.com.br\/agazeta\/sociedade-literaria-acreana-realiza-sarau-poetico\/\",\"name\":\"Sociedade Liter\u00e1ria Acreana realiza sarau po\u00e9tico - Agazeta.net\",\"isPartOf\":{\"@id\":\"https:\/\/nk7-testes.com.br\/agazeta\/#website\"},\"primaryImageOfPage\":{\"@id\":\"https:\/\/nk7-testes.com.br\/agazeta\/sociedade-literaria-acreana-realiza-sarau-poetico\/#primaryimage\"},\"image\":{\"@id\":\"https:\/\/nk7-testes.com.br\/agazeta\/sociedade-literaria-acreana-realiza-sarau-poetico\/#primaryimage\"},\"thumbnailUrl\":\"https:\/\/nk7-testes.com.br\/agazeta\/wp-content\/uploads\/2015\/10\/021015-cotidiano-pautacultural.jpg\",\"datePublished\":\"2015-10-02T19:41:42+00:00\",\"author\":{\"@id\":\"https:\/\/nk7-testes.com.br\/agazeta\/#\/schema\/person\/6d6e25cb0435eb4a02fd44d30b4e3020\"},\"breadcrumb\":{\"@id\":\"https:\/\/nk7-testes.com.br\/agazeta\/sociedade-literaria-acreana-realiza-sarau-poetico\/#breadcrumb\"},\"inLanguage\":\"pt-BR\",\"potentialAction\":[{\"@type\":\"ReadAction\",\"target\":[\"https:\/\/nk7-testes.com.br\/agazeta\/sociedade-literaria-acreana-realiza-sarau-poetico\/\"]}]},{\"@type\":\"ImageObject\",\"inLanguage\":\"pt-BR\",\"@id\":\"https:\/\/nk7-testes.com.br\/agazeta\/sociedade-literaria-acreana-realiza-sarau-poetico\/#primaryimage\",\"url\":\"https:\/\/nk7-testes.com.br\/agazeta\/wp-content\/uploads\/2015\/10\/021015-cotidiano-pautacultural.jpg\",\"contentUrl\":\"https:\/\/nk7-testes.com.br\/agazeta\/wp-content\/uploads\/2015\/10\/021015-cotidiano-pautacultural.jpg\",\"width\":458,\"height\":340,\"caption\":\"021015-cotidiano-pautacultural\"},{\"@type\":\"BreadcrumbList\",\"@id\":\"https:\/\/nk7-testes.com.br\/agazeta\/sociedade-literaria-acreana-realiza-sarau-poetico\/#breadcrumb\",\"itemListElement\":[{\"@type\":\"ListItem\",\"position\":1,\"name\":\"In\u00edcio\",\"item\":\"https:\/\/nk7-testes.com.br\/agazeta\/\"},{\"@type\":\"ListItem\",\"position\":2,\"name\":\"Sociedade Liter\u00e1ria Acreana realiza sarau po\u00e9tico\"}]},{\"@type\":\"WebSite\",\"@id\":\"https:\/\/nk7-testes.com.br\/agazeta\/#website\",\"url\":\"https:\/\/nk7-testes.com.br\/agazeta\/\",\"name\":\"Agazeta.net\",\"description\":\"Agazeta.net - Not\u00edcias de Rio Branco\/AC\",\"potentialAction\":[{\"@type\":\"SearchAction\",\"target\":{\"@type\":\"EntryPoint\",\"urlTemplate\":\"https:\/\/nk7-testes.com.br\/agazeta\/?s={search_term_string}\"},\"query-input\":{\"@type\":\"PropertyValueSpecification\",\"valueRequired\":true,\"valueName\":\"search_term_string\"}}],\"inLanguage\":\"pt-BR\"},{\"@type\":\"Person\",\"@id\":\"https:\/\/nk7-testes.com.br\/agazeta\/#\/schema\/person\/6d6e25cb0435eb4a02fd44d30b4e3020\",\"name\":\"Agazeta.Net\",\"url\":\"https:\/\/nk7-testes.com.br\/agazeta\/author\/agazeta\/\"}]}<\/script>\n<!-- \/ Yoast SEO plugin. -->","yoast_head_json":{"title":"Sociedade Liter\u00e1ria Acreana realiza sarau po\u00e9tico - Agazeta.net","robots":{"index":"index","follow":"follow","max-snippet":"max-snippet:-1","max-image-preview":"max-image-preview:large","max-video-preview":"max-video-preview:-1"},"canonical":"https:\/\/nk7-testes.com.br\/agazeta\/sociedade-literaria-acreana-realiza-sarau-poetico\/","og_locale":"pt_BR","og_type":"article","og_title":"Sociedade Liter\u00e1ria Acreana realiza sarau po\u00e9tico - Agazeta.net","og_description":"Artistas exp\u00f5em seus trabalhos neste domingo","og_url":"https:\/\/nk7-testes.com.br\/agazeta\/sociedade-literaria-acreana-realiza-sarau-poetico\/","og_site_name":"Agazeta.net","article_published_time":"2015-10-02T19:41:42+00:00","og_image":[{"width":458,"height":340,"url":"https:\/\/nk7-testes.com.br\/agazeta\/wp-content\/uploads\/2015\/10\/021015-cotidiano-pautacultural.jpg","type":"image\/jpeg"}],"author":"Agazeta.Net","twitter_card":"summary_large_image","twitter_misc":{"Escrito por":"Agazeta.Net","Est. tempo de leitura":"1 minuto"},"schema":{"@context":"https:\/\/schema.org","@graph":[{"@type":"WebPage","@id":"https:\/\/nk7-testes.com.br\/agazeta\/sociedade-literaria-acreana-realiza-sarau-poetico\/","url":"https:\/\/nk7-testes.com.br\/agazeta\/sociedade-literaria-acreana-realiza-sarau-poetico\/","name":"Sociedade Liter\u00e1ria Acreana realiza sarau po\u00e9tico - Agazeta.net","isPartOf":{"@id":"https:\/\/nk7-testes.com.br\/agazeta\/#website"},"primaryImageOfPage":{"@id":"https:\/\/nk7-testes.com.br\/agazeta\/sociedade-literaria-acreana-realiza-sarau-poetico\/#primaryimage"},"image":{"@id":"https:\/\/nk7-testes.com.br\/agazeta\/sociedade-literaria-acreana-realiza-sarau-poetico\/#primaryimage"},"thumbnailUrl":"https:\/\/nk7-testes.com.br\/agazeta\/wp-content\/uploads\/2015\/10\/021015-cotidiano-pautacultural.jpg","datePublished":"2015-10-02T19:41:42+00:00","author":{"@id":"https:\/\/nk7-testes.com.br\/agazeta\/#\/schema\/person\/6d6e25cb0435eb4a02fd44d30b4e3020"},"breadcrumb":{"@id":"https:\/\/nk7-testes.com.br\/agazeta\/sociedade-literaria-acreana-realiza-sarau-poetico\/#breadcrumb"},"inLanguage":"pt-BR","potentialAction":[{"@type":"ReadAction","target":["https:\/\/nk7-testes.com.br\/agazeta\/sociedade-literaria-acreana-realiza-sarau-poetico\/"]}]},{"@type":"ImageObject","inLanguage":"pt-BR","@id":"https:\/\/nk7-testes.com.br\/agazeta\/sociedade-literaria-acreana-realiza-sarau-poetico\/#primaryimage","url":"https:\/\/nk7-testes.com.br\/agazeta\/wp-content\/uploads\/2015\/10\/021015-cotidiano-pautacultural.jpg","contentUrl":"https:\/\/nk7-testes.com.br\/agazeta\/wp-content\/uploads\/2015\/10\/021015-cotidiano-pautacultural.jpg","width":458,"height":340,"caption":"021015-cotidiano-pautacultural"},{"@type":"BreadcrumbList","@id":"https:\/\/nk7-testes.com.br\/agazeta\/sociedade-literaria-acreana-realiza-sarau-poetico\/#breadcrumb","itemListElement":[{"@type":"ListItem","position":1,"name":"In\u00edcio","item":"https:\/\/nk7-testes.com.br\/agazeta\/"},{"@type":"ListItem","position":2,"name":"Sociedade Liter\u00e1ria Acreana realiza sarau po\u00e9tico"}]},{"@type":"WebSite","@id":"https:\/\/nk7-testes.com.br\/agazeta\/#website","url":"https:\/\/nk7-testes.com.br\/agazeta\/","name":"Agazeta.net","description":"Agazeta.net - Not\u00edcias de Rio Branco\/AC","potentialAction":[{"@type":"SearchAction","target":{"@type":"EntryPoint","urlTemplate":"https:\/\/nk7-testes.com.br\/agazeta\/?s={search_term_string}"},"query-input":{"@type":"PropertyValueSpecification","valueRequired":true,"valueName":"search_term_string"}}],"inLanguage":"pt-BR"},{"@type":"Person","@id":"https:\/\/nk7-testes.com.br\/agazeta\/#\/schema\/person\/6d6e25cb0435eb4a02fd44d30b4e3020","name":"Agazeta.Net","url":"https:\/\/nk7-testes.com.br\/agazeta\/author\/agazeta\/"}]}},"_links":{"self":[{"href":"https:\/\/nk7-testes.com.br\/agazeta\/wp-json\/wp\/v2\/posts\/18731","targetHints":{"allow":["GET"]}}],"collection":[{"href":"https:\/\/nk7-testes.com.br\/agazeta\/wp-json\/wp\/v2\/posts"}],"about":[{"href":"https:\/\/nk7-testes.com.br\/agazeta\/wp-json\/wp\/v2\/types\/post"}],"author":[{"embeddable":true,"href":"https:\/\/nk7-testes.com.br\/agazeta\/wp-json\/wp\/v2\/users\/4"}],"replies":[{"embeddable":true,"href":"https:\/\/nk7-testes.com.br\/agazeta\/wp-json\/wp\/v2\/comments?post=18731"}],"version-history":[{"count":0,"href":"https:\/\/nk7-testes.com.br\/agazeta\/wp-json\/wp\/v2\/posts\/18731\/revisions"}],"wp:featuredmedia":[{"embeddable":true,"href":"https:\/\/nk7-testes.com.br\/agazeta\/wp-json\/wp\/v2\/media\/18730"}],"wp:attachment":[{"href":"https:\/\/nk7-testes.com.br\/agazeta\/wp-json\/wp\/v2\/media?parent=18731"}],"wp:term":[{"taxonomy":"category","embeddable":true,"href":"https:\/\/nk7-testes.com.br\/agazeta\/wp-json\/wp\/v2\/categories?post=18731"},{"taxonomy":"post_tag","embeddable":true,"href":"https:\/\/nk7-testes.com.br\/agazeta\/wp-json\/wp\/v2\/tags?post=18731"}],"curies":[{"name":"wp","href":"https:\/\/api.w.org\/{rel}","templated":true}]}}