{"id":18719,"date":"2015-10-02T14:14:01","date_gmt":"2015-10-02T14:14:01","guid":{"rendered":"https:\/\/abarevegan.com.br\/index.php\/2015\/10\/02\/no-santa-helena-comunidade-denuncia-obra-inacabada\/"},"modified":"2015-10-02T14:14:01","modified_gmt":"2015-10-02T14:14:01","slug":"no-santa-helena-comunidade-denuncia-obra-inacabada","status":"publish","type":"post","link":"https:\/\/nk7-testes.com.br\/agazeta\/no-santa-helena-comunidade-denuncia-obra-inacabada\/","title":{"rendered":"No Santa Helena, comunidade denuncia obra inacabada"},"content":{"rendered":"<p style=\"text-align: justify;\">Buraco para passagem das galerias traz riscos<\/p>\n<p style=\"text-align: justify;\">Os moradores do bairro Santa Helena, localizado no bairro Vila Acre, reclamam das p\u00e9ssimas condi\u00e7\u00f5es em que as ruas do bairro est\u00e3o. Eles apontam as obras inacabadas do programa ruas do Povo.<\/p>\n<p style=\"text-align: justify;\">Segundo eles, quando chove, o bairro fica com ruas intransit\u00e1veis. \u201cDif\u00edcil sair de casa sem n\u00e3o se sentir desrespeitado\u201d, diz um dos moradores. A revolta dos moradores se baseia em uma den\u00fancia: desde junho, as empresas que est\u00e3o trabalhando no local n\u00e3o terminam a obra. Em v\u00e1rias ruas, as valas ainda est\u00e3o abertas.<\/p>\n<p style=\"text-align: justify;\">Foi tentado contato com a assessoria do Depasa. Uma resposta com explica\u00e7\u00f5es deve ser feita ainda pela manh\u00e3 de hoje.<\/p>\n","protected":false},"excerpt":{"rendered":"<p style=\"text-align: justify;\">Buraco para passagem das galerias traz riscos<\/p>\n","protected":false},"author":4,"featured_media":18718,"comment_status":"open","ping_status":"open","sticky":false,"template":"","format":"standard","meta":{"jnews-multi-image_gallery":[],"jnews_single_post":[],"jnews_primary_category":[],"jnews_social_meta":[],"jnews_review":[],"enable_review":"","type":"","name":"","summary":"","brand":"","sku":"","good":[],"bad":[],"score_override":"","override_value":"","rating":[],"price":[],"footnotes":""},"categories":[54],"tags":[],"class_list":["post-18719","post","type-post","status-publish","format-standard","has-post-thumbnail","hentry","category-cotidiano"],"yoast_head":"<!-- This site is optimized with the Yoast SEO plugin v26.5 - https:\/\/yoast.com\/wordpress\/plugins\/seo\/ -->\n<title>No Santa Helena, comunidade denuncia obra inacabada - Agazeta.net<\/title>\n<meta name=\"robots\" content=\"index, follow, max-snippet:-1, max-image-preview:large, max-video-preview:-1\" \/>\n<link rel=\"canonical\" href=\"https:\/\/nk7-testes.com.br\/agazeta\/no-santa-helena-comunidade-denuncia-obra-inacabada\/\" \/>\n<meta property=\"og:locale\" content=\"pt_BR\" \/>\n<meta property=\"og:type\" content=\"article\" \/>\n<meta property=\"og:title\" content=\"No Santa Helena, comunidade denuncia obra inacabada - Agazeta.net\" \/>\n<meta property=\"og:description\" content=\"Buraco para passagem das galerias traz riscos\" \/>\n<meta property=\"og:url\" content=\"https:\/\/nk7-testes.com.br\/agazeta\/no-santa-helena-comunidade-denuncia-obra-inacabada\/\" \/>\n<meta property=\"og:site_name\" content=\"Agazeta.net\" \/>\n<meta property=\"article:published_time\" content=\"2015-10-02T14:14:01+00:00\" \/>\n<meta property=\"og:image\" content=\"https:\/\/nk7-testes.com.br\/agazeta\/wp-content\/uploads\/2015\/10\/021015-cotidiano-obrainacabada-cleriston.jpg\" \/>\n\t<meta property=\"og:image:width\" content=\"458\" \/>\n\t<meta property=\"og:image:height\" content=\"340\" \/>\n\t<meta property=\"og:image:type\" content=\"image\/jpeg\" \/>\n<meta name=\"author\" content=\"Agazeta.Net\" \/>\n<meta name=\"twitter:card\" content=\"summary_large_image\" \/>\n<meta name=\"twitter:label1\" content=\"Escrito por\" \/>\n\t<meta name=\"twitter:data1\" content=\"Agazeta.Net\" \/>\n\t<meta name=\"twitter:label2\" content=\"Est. tempo de leitura\" \/>\n\t<meta name=\"twitter:data2\" content=\"1 minuto\" \/>\n<script type=\"application\/ld+json\" class=\"yoast-schema-graph\">{\"@context\":\"https:\/\/schema.org\",\"@graph\":[{\"@type\":\"WebPage\",\"@id\":\"https:\/\/nk7-testes.com.br\/agazeta\/no-santa-helena-comunidade-denuncia-obra-inacabada\/\",\"url\":\"https:\/\/nk7-testes.com.br\/agazeta\/no-santa-helena-comunidade-denuncia-obra-inacabada\/\",\"name\":\"No Santa Helena, comunidade denuncia obra inacabada - Agazeta.net\",\"isPartOf\":{\"@id\":\"https:\/\/nk7-testes.com.br\/agazeta\/#website\"},\"primaryImageOfPage\":{\"@id\":\"https:\/\/nk7-testes.com.br\/agazeta\/no-santa-helena-comunidade-denuncia-obra-inacabada\/#primaryimage\"},\"image\":{\"@id\":\"https:\/\/nk7-testes.com.br\/agazeta\/no-santa-helena-comunidade-denuncia-obra-inacabada\/#primaryimage\"},\"thumbnailUrl\":\"https:\/\/nk7-testes.com.br\/agazeta\/wp-content\/uploads\/2015\/10\/021015-cotidiano-obrainacabada-cleriston.jpg\",\"datePublished\":\"2015-10-02T14:14:01+00:00\",\"author\":{\"@id\":\"https:\/\/nk7-testes.com.br\/agazeta\/#\/schema\/person\/6d6e25cb0435eb4a02fd44d30b4e3020\"},\"breadcrumb\":{\"@id\":\"https:\/\/nk7-testes.com.br\/agazeta\/no-santa-helena-comunidade-denuncia-obra-inacabada\/#breadcrumb\"},\"inLanguage\":\"pt-BR\",\"potentialAction\":[{\"@type\":\"ReadAction\",\"target\":[\"https:\/\/nk7-testes.com.br\/agazeta\/no-santa-helena-comunidade-denuncia-obra-inacabada\/\"]}]},{\"@type\":\"ImageObject\",\"inLanguage\":\"pt-BR\",\"@id\":\"https:\/\/nk7-testes.com.br\/agazeta\/no-santa-helena-comunidade-denuncia-obra-inacabada\/#primaryimage\",\"url\":\"https:\/\/nk7-testes.com.br\/agazeta\/wp-content\/uploads\/2015\/10\/021015-cotidiano-obrainacabada-cleriston.jpg\",\"contentUrl\":\"https:\/\/nk7-testes.com.br\/agazeta\/wp-content\/uploads\/2015\/10\/021015-cotidiano-obrainacabada-cleriston.jpg\",\"width\":458,\"height\":340,\"caption\":\"021015-cotidiano-obrainacabada-cleriston\"},{\"@type\":\"BreadcrumbList\",\"@id\":\"https:\/\/nk7-testes.com.br\/agazeta\/no-santa-helena-comunidade-denuncia-obra-inacabada\/#breadcrumb\",\"itemListElement\":[{\"@type\":\"ListItem\",\"position\":1,\"name\":\"In\u00edcio\",\"item\":\"https:\/\/nk7-testes.com.br\/agazeta\/\"},{\"@type\":\"ListItem\",\"position\":2,\"name\":\"No Santa Helena, comunidade denuncia obra inacabada\"}]},{\"@type\":\"WebSite\",\"@id\":\"https:\/\/nk7-testes.com.br\/agazeta\/#website\",\"url\":\"https:\/\/nk7-testes.com.br\/agazeta\/\",\"name\":\"Agazeta.net\",\"description\":\"Agazeta.net - Not\u00edcias de Rio Branco\/AC\",\"potentialAction\":[{\"@type\":\"SearchAction\",\"target\":{\"@type\":\"EntryPoint\",\"urlTemplate\":\"https:\/\/nk7-testes.com.br\/agazeta\/?s={search_term_string}\"},\"query-input\":{\"@type\":\"PropertyValueSpecification\",\"valueRequired\":true,\"valueName\":\"search_term_string\"}}],\"inLanguage\":\"pt-BR\"},{\"@type\":\"Person\",\"@id\":\"https:\/\/nk7-testes.com.br\/agazeta\/#\/schema\/person\/6d6e25cb0435eb4a02fd44d30b4e3020\",\"name\":\"Agazeta.Net\",\"url\":\"https:\/\/nk7-testes.com.br\/agazeta\/author\/agazeta\/\"}]}<\/script>\n<!-- \/ Yoast SEO plugin. -->","yoast_head_json":{"title":"No Santa Helena, comunidade denuncia obra inacabada - Agazeta.net","robots":{"index":"index","follow":"follow","max-snippet":"max-snippet:-1","max-image-preview":"max-image-preview:large","max-video-preview":"max-video-preview:-1"},"canonical":"https:\/\/nk7-testes.com.br\/agazeta\/no-santa-helena-comunidade-denuncia-obra-inacabada\/","og_locale":"pt_BR","og_type":"article","og_title":"No Santa Helena, comunidade denuncia obra inacabada - Agazeta.net","og_description":"Buraco para passagem das galerias traz riscos","og_url":"https:\/\/nk7-testes.com.br\/agazeta\/no-santa-helena-comunidade-denuncia-obra-inacabada\/","og_site_name":"Agazeta.net","article_published_time":"2015-10-02T14:14:01+00:00","og_image":[{"width":458,"height":340,"url":"https:\/\/nk7-testes.com.br\/agazeta\/wp-content\/uploads\/2015\/10\/021015-cotidiano-obrainacabada-cleriston.jpg","type":"image\/jpeg"}],"author":"Agazeta.Net","twitter_card":"summary_large_image","twitter_misc":{"Escrito por":"Agazeta.Net","Est. tempo de leitura":"1 minuto"},"schema":{"@context":"https:\/\/schema.org","@graph":[{"@type":"WebPage","@id":"https:\/\/nk7-testes.com.br\/agazeta\/no-santa-helena-comunidade-denuncia-obra-inacabada\/","url":"https:\/\/nk7-testes.com.br\/agazeta\/no-santa-helena-comunidade-denuncia-obra-inacabada\/","name":"No Santa Helena, comunidade denuncia obra inacabada - Agazeta.net","isPartOf":{"@id":"https:\/\/nk7-testes.com.br\/agazeta\/#website"},"primaryImageOfPage":{"@id":"https:\/\/nk7-testes.com.br\/agazeta\/no-santa-helena-comunidade-denuncia-obra-inacabada\/#primaryimage"},"image":{"@id":"https:\/\/nk7-testes.com.br\/agazeta\/no-santa-helena-comunidade-denuncia-obra-inacabada\/#primaryimage"},"thumbnailUrl":"https:\/\/nk7-testes.com.br\/agazeta\/wp-content\/uploads\/2015\/10\/021015-cotidiano-obrainacabada-cleriston.jpg","datePublished":"2015-10-02T14:14:01+00:00","author":{"@id":"https:\/\/nk7-testes.com.br\/agazeta\/#\/schema\/person\/6d6e25cb0435eb4a02fd44d30b4e3020"},"breadcrumb":{"@id":"https:\/\/nk7-testes.com.br\/agazeta\/no-santa-helena-comunidade-denuncia-obra-inacabada\/#breadcrumb"},"inLanguage":"pt-BR","potentialAction":[{"@type":"ReadAction","target":["https:\/\/nk7-testes.com.br\/agazeta\/no-santa-helena-comunidade-denuncia-obra-inacabada\/"]}]},{"@type":"ImageObject","inLanguage":"pt-BR","@id":"https:\/\/nk7-testes.com.br\/agazeta\/no-santa-helena-comunidade-denuncia-obra-inacabada\/#primaryimage","url":"https:\/\/nk7-testes.com.br\/agazeta\/wp-content\/uploads\/2015\/10\/021015-cotidiano-obrainacabada-cleriston.jpg","contentUrl":"https:\/\/nk7-testes.com.br\/agazeta\/wp-content\/uploads\/2015\/10\/021015-cotidiano-obrainacabada-cleriston.jpg","width":458,"height":340,"caption":"021015-cotidiano-obrainacabada-cleriston"},{"@type":"BreadcrumbList","@id":"https:\/\/nk7-testes.com.br\/agazeta\/no-santa-helena-comunidade-denuncia-obra-inacabada\/#breadcrumb","itemListElement":[{"@type":"ListItem","position":1,"name":"In\u00edcio","item":"https:\/\/nk7-testes.com.br\/agazeta\/"},{"@type":"ListItem","position":2,"name":"No Santa Helena, comunidade denuncia obra inacabada"}]},{"@type":"WebSite","@id":"https:\/\/nk7-testes.com.br\/agazeta\/#website","url":"https:\/\/nk7-testes.com.br\/agazeta\/","name":"Agazeta.net","description":"Agazeta.net - Not\u00edcias de Rio Branco\/AC","potentialAction":[{"@type":"SearchAction","target":{"@type":"EntryPoint","urlTemplate":"https:\/\/nk7-testes.com.br\/agazeta\/?s={search_term_string}"},"query-input":{"@type":"PropertyValueSpecification","valueRequired":true,"valueName":"search_term_string"}}],"inLanguage":"pt-BR"},{"@type":"Person","@id":"https:\/\/nk7-testes.com.br\/agazeta\/#\/schema\/person\/6d6e25cb0435eb4a02fd44d30b4e3020","name":"Agazeta.Net","url":"https:\/\/nk7-testes.com.br\/agazeta\/author\/agazeta\/"}]}},"_links":{"self":[{"href":"https:\/\/nk7-testes.com.br\/agazeta\/wp-json\/wp\/v2\/posts\/18719","targetHints":{"allow":["GET"]}}],"collection":[{"href":"https:\/\/nk7-testes.com.br\/agazeta\/wp-json\/wp\/v2\/posts"}],"about":[{"href":"https:\/\/nk7-testes.com.br\/agazeta\/wp-json\/wp\/v2\/types\/post"}],"author":[{"embeddable":true,"href":"https:\/\/nk7-testes.com.br\/agazeta\/wp-json\/wp\/v2\/users\/4"}],"replies":[{"embeddable":true,"href":"https:\/\/nk7-testes.com.br\/agazeta\/wp-json\/wp\/v2\/comments?post=18719"}],"version-history":[{"count":0,"href":"https:\/\/nk7-testes.com.br\/agazeta\/wp-json\/wp\/v2\/posts\/18719\/revisions"}],"wp:featuredmedia":[{"embeddable":true,"href":"https:\/\/nk7-testes.com.br\/agazeta\/wp-json\/wp\/v2\/media\/18718"}],"wp:attachment":[{"href":"https:\/\/nk7-testes.com.br\/agazeta\/wp-json\/wp\/v2\/media?parent=18719"}],"wp:term":[{"taxonomy":"category","embeddable":true,"href":"https:\/\/nk7-testes.com.br\/agazeta\/wp-json\/wp\/v2\/categories?post=18719"},{"taxonomy":"post_tag","embeddable":true,"href":"https:\/\/nk7-testes.com.br\/agazeta\/wp-json\/wp\/v2\/tags?post=18719"}],"curies":[{"name":"wp","href":"https:\/\/api.w.org\/{rel}","templated":true}]}}