{"id":18703,"date":"2015-10-01T18:55:37","date_gmt":"2015-10-01T18:55:37","guid":{"rendered":"https:\/\/abarevegan.com.br\/index.php\/2015\/10\/01\/mpac-inicia-atendimento-na-oca\/"},"modified":"2015-10-01T18:55:37","modified_gmt":"2015-10-01T18:55:37","slug":"mpac-inicia-atendimento-na-oca","status":"publish","type":"post","link":"https:\/\/nk7-testes.com.br\/agazeta\/mpac-inicia-atendimento-na-oca\/","title":{"rendered":"Minist\u00e9rio P\u00fablico do Acre inicia atendimento na OCA"},"content":{"rendered":"<p style=\"text-align: justify;\">Conv\u00eanio permite atendimento a popula\u00e7\u00e3o<\/p>\n<p style=\"text-align: justify;\">O MPAC inicia a partir do dia 1\u00ba de outubro o atendimento na Organiza\u00e7\u00e3o de Centrais de Atendimento (OCA). O procurador-geral de Justi\u00e7a do Minist\u00e9rio P\u00fablico do Estado do Acre (MPAC), Oswaldo D\u00b4Albuquerque Lima Neto, assinou na \u00faltima quarta-feira (30) o conv\u00eanio que permite a instala\u00e7\u00e3o dos servi\u00e7os do Centro de Atendimento ao Cidad\u00e3o (CAC) e do seguro DPVAT na OCA de Rio Branco.<\/p>\n<p style=\"text-align: justify;\">O termo foi celebrado entre o MPAC com o Governo do Estado, sendo assinado pelo procurador-geral de Justi\u00e7a Oswaldo D\u2019Albuquerque Lima Neto, o governador Ti\u00e3o Viana e a secret\u00e1ria de Gest\u00e3o Administrativa Sawana Carvalho, no gabinete do governador do Estado. Na ocasi\u00e3o, Sawana explicou que o MP ter\u00e1 demanda de aproximadamente 120 atendimentos por dia.<\/p>\n<p style=\"text-align: justify;\">\u201cO Minist\u00e9rio P\u00fablico est\u00e1 chegando com novos servi\u00e7os para o cidad\u00e3o. A OCA j\u00e1 \u00e9 refer\u00eancia de atendimento, e agora, com a integra\u00e7\u00e3o ao Minist\u00e9rio P\u00fablico, ir\u00e1 realizar cada vez mais um melhor atendimento\u201d, destacou Sawana.<\/p>\n<p style=\"text-align: justify;\">A OCA \u00e9 um espa\u00e7o da cidadania que re\u00fane mais de 500 servi\u00e7os, distribu\u00eddos entre \u00f3rg\u00e3os das esferas municipal, estadual e federal. Ao levar o atendimento do MPAC para o local, pretende-se humanizar, ampliar e oportunizar o acesso do cidad\u00e3o ao Minist\u00e9rio P\u00fablico, democratizando o atendimento e favorecendo a aproxima\u00e7\u00e3o do MPAC com o cidad\u00e3o, al\u00e9m de inform\u00e1-lo sobre seus direitos e deveres.<\/p>\n<p style=\"text-align: justify;\">\u201c\u00c9 mais uma porta de entrada para o cidad\u00e3o ingressar no Minist\u00e9rio P\u00fablico. N\u00f3s estamos ampliando essa porta atrav\u00e9s do atendimento na OCA, e isso vai facilitar o acesso do cidad\u00e3o atrav\u00e9s do servi\u00e7o do seguro DPVAT e do CAC, consolidando cada vez essa proximidade com o cidad\u00e3o\u201d, ressaltou o procurador-geral de Justi\u00e7a, que ratificou a import\u00e2ncia de disponibilizar os servi\u00e7os do MPAC em um local de refer\u00eancia ao cidad\u00e3o.<\/p>\n<p style=\"text-align: justify;\">A OCA\/Rio Branco \u00e9 um espa\u00e7o de cidadania que visa a facilidade de acesso do cidad\u00e3o aos servi\u00e7os p\u00fablicos. Pela estrutura f\u00edsica e log\u00edstica de trabalho oferecida \u00e0 popula\u00e7\u00e3o acreana, \u00e9 uma das mais modernas do Brasil. Com sete mil atendimentos di\u00e1rios, a OCA oferece ao usu\u00e1rio de servi\u00e7os p\u00fablicos o Balc\u00e3o Multisservi\u00e7os, uma inova\u00e7\u00e3o que faz o cidad\u00e3o ganhar tempo, pois poder\u00e1 solicitar v\u00e1rios servi\u00e7os a um \u00fanico atendente. Outra novidade \u00e9 o cadastro \u00fanico, que serve de base para que todos os \u00f3rg\u00e3os possam agilizar o atendimento, diminuindo, dessa forma, a quantidade de vezes que o cidad\u00e3o presta a mesma informa\u00e7\u00e3o a diversos \u00f3rg\u00e3os.<\/p>\n","protected":false},"excerpt":{"rendered":"<p style=\"text-align: justify;\">Conv\u00eanio permite atendimento a popula\u00e7\u00e3o<\/p>\n","protected":false},"author":4,"featured_media":18702,"comment_status":"open","ping_status":"open","sticky":false,"template":"","format":"standard","meta":{"jnews-multi-image_gallery":[],"jnews_single_post":[],"jnews_primary_category":[],"jnews_social_meta":[],"jnews_review":[],"enable_review":"","type":"","name":"","summary":"","brand":"","sku":"","good":[],"bad":[],"score_override":"","override_value":"","rating":[],"price":[],"footnotes":""},"categories":[54],"tags":[],"class_list":["post-18703","post","type-post","status-publish","format-standard","has-post-thumbnail","hentry","category-cotidiano"],"yoast_head":"<!-- This site is optimized with the Yoast SEO plugin v26.5 - https:\/\/yoast.com\/wordpress\/plugins\/seo\/ -->\n<title>Minist\u00e9rio P\u00fablico do Acre inicia atendimento na OCA - Agazeta.net<\/title>\n<meta name=\"robots\" content=\"index, follow, max-snippet:-1, max-image-preview:large, max-video-preview:-1\" \/>\n<link rel=\"canonical\" href=\"https:\/\/nk7-testes.com.br\/agazeta\/mpac-inicia-atendimento-na-oca\/\" \/>\n<meta property=\"og:locale\" content=\"pt_BR\" \/>\n<meta property=\"og:type\" content=\"article\" \/>\n<meta property=\"og:title\" content=\"Minist\u00e9rio P\u00fablico do Acre inicia atendimento na OCA - Agazeta.net\" \/>\n<meta property=\"og:description\" content=\"Conv\u00eanio permite atendimento a popula\u00e7\u00e3o\" \/>\n<meta property=\"og:url\" content=\"https:\/\/nk7-testes.com.br\/agazeta\/mpac-inicia-atendimento-na-oca\/\" \/>\n<meta property=\"og:site_name\" content=\"Agazeta.net\" \/>\n<meta property=\"article:published_time\" content=\"2015-10-01T18:55:37+00:00\" \/>\n<meta property=\"og:image\" content=\"https:\/\/nk7-testes.com.br\/agazeta\/wp-content\/uploads\/2015\/10\/011015-cotidiano-mp.jpg\" \/>\n\t<meta property=\"og:image:width\" content=\"458\" \/>\n\t<meta property=\"og:image:height\" content=\"340\" \/>\n\t<meta property=\"og:image:type\" content=\"image\/jpeg\" \/>\n<meta name=\"author\" content=\"Agazeta.Net\" \/>\n<meta name=\"twitter:card\" content=\"summary_large_image\" \/>\n<meta name=\"twitter:label1\" content=\"Escrito por\" \/>\n\t<meta name=\"twitter:data1\" content=\"Agazeta.Net\" \/>\n\t<meta name=\"twitter:label2\" content=\"Est. tempo de leitura\" \/>\n\t<meta name=\"twitter:data2\" content=\"2 minutos\" \/>\n<script type=\"application\/ld+json\" class=\"yoast-schema-graph\">{\"@context\":\"https:\/\/schema.org\",\"@graph\":[{\"@type\":\"WebPage\",\"@id\":\"https:\/\/nk7-testes.com.br\/agazeta\/mpac-inicia-atendimento-na-oca\/\",\"url\":\"https:\/\/nk7-testes.com.br\/agazeta\/mpac-inicia-atendimento-na-oca\/\",\"name\":\"Minist\u00e9rio P\u00fablico do Acre inicia atendimento na OCA - Agazeta.net\",\"isPartOf\":{\"@id\":\"https:\/\/nk7-testes.com.br\/agazeta\/#website\"},\"primaryImageOfPage\":{\"@id\":\"https:\/\/nk7-testes.com.br\/agazeta\/mpac-inicia-atendimento-na-oca\/#primaryimage\"},\"image\":{\"@id\":\"https:\/\/nk7-testes.com.br\/agazeta\/mpac-inicia-atendimento-na-oca\/#primaryimage\"},\"thumbnailUrl\":\"https:\/\/nk7-testes.com.br\/agazeta\/wp-content\/uploads\/2015\/10\/011015-cotidiano-mp.jpg\",\"datePublished\":\"2015-10-01T18:55:37+00:00\",\"author\":{\"@id\":\"https:\/\/nk7-testes.com.br\/agazeta\/#\/schema\/person\/6d6e25cb0435eb4a02fd44d30b4e3020\"},\"breadcrumb\":{\"@id\":\"https:\/\/nk7-testes.com.br\/agazeta\/mpac-inicia-atendimento-na-oca\/#breadcrumb\"},\"inLanguage\":\"pt-BR\",\"potentialAction\":[{\"@type\":\"ReadAction\",\"target\":[\"https:\/\/nk7-testes.com.br\/agazeta\/mpac-inicia-atendimento-na-oca\/\"]}]},{\"@type\":\"ImageObject\",\"inLanguage\":\"pt-BR\",\"@id\":\"https:\/\/nk7-testes.com.br\/agazeta\/mpac-inicia-atendimento-na-oca\/#primaryimage\",\"url\":\"https:\/\/nk7-testes.com.br\/agazeta\/wp-content\/uploads\/2015\/10\/011015-cotidiano-mp.jpg\",\"contentUrl\":\"https:\/\/nk7-testes.com.br\/agazeta\/wp-content\/uploads\/2015\/10\/011015-cotidiano-mp.jpg\",\"width\":458,\"height\":340,\"caption\":\"011015-cotidiano-mp\"},{\"@type\":\"BreadcrumbList\",\"@id\":\"https:\/\/nk7-testes.com.br\/agazeta\/mpac-inicia-atendimento-na-oca\/#breadcrumb\",\"itemListElement\":[{\"@type\":\"ListItem\",\"position\":1,\"name\":\"In\u00edcio\",\"item\":\"https:\/\/nk7-testes.com.br\/agazeta\/\"},{\"@type\":\"ListItem\",\"position\":2,\"name\":\"Minist\u00e9rio P\u00fablico do Acre inicia atendimento na OCA\"}]},{\"@type\":\"WebSite\",\"@id\":\"https:\/\/nk7-testes.com.br\/agazeta\/#website\",\"url\":\"https:\/\/nk7-testes.com.br\/agazeta\/\",\"name\":\"Agazeta.net\",\"description\":\"Agazeta.net - Not\u00edcias de Rio Branco\/AC\",\"potentialAction\":[{\"@type\":\"SearchAction\",\"target\":{\"@type\":\"EntryPoint\",\"urlTemplate\":\"https:\/\/nk7-testes.com.br\/agazeta\/?s={search_term_string}\"},\"query-input\":{\"@type\":\"PropertyValueSpecification\",\"valueRequired\":true,\"valueName\":\"search_term_string\"}}],\"inLanguage\":\"pt-BR\"},{\"@type\":\"Person\",\"@id\":\"https:\/\/nk7-testes.com.br\/agazeta\/#\/schema\/person\/6d6e25cb0435eb4a02fd44d30b4e3020\",\"name\":\"Agazeta.Net\",\"url\":\"https:\/\/nk7-testes.com.br\/agazeta\/author\/agazeta\/\"}]}<\/script>\n<!-- \/ Yoast SEO plugin. -->","yoast_head_json":{"title":"Minist\u00e9rio P\u00fablico do Acre inicia atendimento na OCA - Agazeta.net","robots":{"index":"index","follow":"follow","max-snippet":"max-snippet:-1","max-image-preview":"max-image-preview:large","max-video-preview":"max-video-preview:-1"},"canonical":"https:\/\/nk7-testes.com.br\/agazeta\/mpac-inicia-atendimento-na-oca\/","og_locale":"pt_BR","og_type":"article","og_title":"Minist\u00e9rio P\u00fablico do Acre inicia atendimento na OCA - Agazeta.net","og_description":"Conv\u00eanio permite atendimento a popula\u00e7\u00e3o","og_url":"https:\/\/nk7-testes.com.br\/agazeta\/mpac-inicia-atendimento-na-oca\/","og_site_name":"Agazeta.net","article_published_time":"2015-10-01T18:55:37+00:00","og_image":[{"width":458,"height":340,"url":"https:\/\/nk7-testes.com.br\/agazeta\/wp-content\/uploads\/2015\/10\/011015-cotidiano-mp.jpg","type":"image\/jpeg"}],"author":"Agazeta.Net","twitter_card":"summary_large_image","twitter_misc":{"Escrito por":"Agazeta.Net","Est. tempo de leitura":"2 minutos"},"schema":{"@context":"https:\/\/schema.org","@graph":[{"@type":"WebPage","@id":"https:\/\/nk7-testes.com.br\/agazeta\/mpac-inicia-atendimento-na-oca\/","url":"https:\/\/nk7-testes.com.br\/agazeta\/mpac-inicia-atendimento-na-oca\/","name":"Minist\u00e9rio P\u00fablico do Acre inicia atendimento na OCA - Agazeta.net","isPartOf":{"@id":"https:\/\/nk7-testes.com.br\/agazeta\/#website"},"primaryImageOfPage":{"@id":"https:\/\/nk7-testes.com.br\/agazeta\/mpac-inicia-atendimento-na-oca\/#primaryimage"},"image":{"@id":"https:\/\/nk7-testes.com.br\/agazeta\/mpac-inicia-atendimento-na-oca\/#primaryimage"},"thumbnailUrl":"https:\/\/nk7-testes.com.br\/agazeta\/wp-content\/uploads\/2015\/10\/011015-cotidiano-mp.jpg","datePublished":"2015-10-01T18:55:37+00:00","author":{"@id":"https:\/\/nk7-testes.com.br\/agazeta\/#\/schema\/person\/6d6e25cb0435eb4a02fd44d30b4e3020"},"breadcrumb":{"@id":"https:\/\/nk7-testes.com.br\/agazeta\/mpac-inicia-atendimento-na-oca\/#breadcrumb"},"inLanguage":"pt-BR","potentialAction":[{"@type":"ReadAction","target":["https:\/\/nk7-testes.com.br\/agazeta\/mpac-inicia-atendimento-na-oca\/"]}]},{"@type":"ImageObject","inLanguage":"pt-BR","@id":"https:\/\/nk7-testes.com.br\/agazeta\/mpac-inicia-atendimento-na-oca\/#primaryimage","url":"https:\/\/nk7-testes.com.br\/agazeta\/wp-content\/uploads\/2015\/10\/011015-cotidiano-mp.jpg","contentUrl":"https:\/\/nk7-testes.com.br\/agazeta\/wp-content\/uploads\/2015\/10\/011015-cotidiano-mp.jpg","width":458,"height":340,"caption":"011015-cotidiano-mp"},{"@type":"BreadcrumbList","@id":"https:\/\/nk7-testes.com.br\/agazeta\/mpac-inicia-atendimento-na-oca\/#breadcrumb","itemListElement":[{"@type":"ListItem","position":1,"name":"In\u00edcio","item":"https:\/\/nk7-testes.com.br\/agazeta\/"},{"@type":"ListItem","position":2,"name":"Minist\u00e9rio P\u00fablico do Acre inicia atendimento na OCA"}]},{"@type":"WebSite","@id":"https:\/\/nk7-testes.com.br\/agazeta\/#website","url":"https:\/\/nk7-testes.com.br\/agazeta\/","name":"Agazeta.net","description":"Agazeta.net - Not\u00edcias de Rio Branco\/AC","potentialAction":[{"@type":"SearchAction","target":{"@type":"EntryPoint","urlTemplate":"https:\/\/nk7-testes.com.br\/agazeta\/?s={search_term_string}"},"query-input":{"@type":"PropertyValueSpecification","valueRequired":true,"valueName":"search_term_string"}}],"inLanguage":"pt-BR"},{"@type":"Person","@id":"https:\/\/nk7-testes.com.br\/agazeta\/#\/schema\/person\/6d6e25cb0435eb4a02fd44d30b4e3020","name":"Agazeta.Net","url":"https:\/\/nk7-testes.com.br\/agazeta\/author\/agazeta\/"}]}},"_links":{"self":[{"href":"https:\/\/nk7-testes.com.br\/agazeta\/wp-json\/wp\/v2\/posts\/18703","targetHints":{"allow":["GET"]}}],"collection":[{"href":"https:\/\/nk7-testes.com.br\/agazeta\/wp-json\/wp\/v2\/posts"}],"about":[{"href":"https:\/\/nk7-testes.com.br\/agazeta\/wp-json\/wp\/v2\/types\/post"}],"author":[{"embeddable":true,"href":"https:\/\/nk7-testes.com.br\/agazeta\/wp-json\/wp\/v2\/users\/4"}],"replies":[{"embeddable":true,"href":"https:\/\/nk7-testes.com.br\/agazeta\/wp-json\/wp\/v2\/comments?post=18703"}],"version-history":[{"count":0,"href":"https:\/\/nk7-testes.com.br\/agazeta\/wp-json\/wp\/v2\/posts\/18703\/revisions"}],"wp:featuredmedia":[{"embeddable":true,"href":"https:\/\/nk7-testes.com.br\/agazeta\/wp-json\/wp\/v2\/media\/18702"}],"wp:attachment":[{"href":"https:\/\/nk7-testes.com.br\/agazeta\/wp-json\/wp\/v2\/media?parent=18703"}],"wp:term":[{"taxonomy":"category","embeddable":true,"href":"https:\/\/nk7-testes.com.br\/agazeta\/wp-json\/wp\/v2\/categories?post=18703"},{"taxonomy":"post_tag","embeddable":true,"href":"https:\/\/nk7-testes.com.br\/agazeta\/wp-json\/wp\/v2\/tags?post=18703"}],"curies":[{"name":"wp","href":"https:\/\/api.w.org\/{rel}","templated":true}]}}