{"id":18695,"date":"2015-10-01T15:55:13","date_gmt":"2015-10-01T15:55:13","guid":{"rendered":"https:\/\/abarevegan.com.br\/index.php\/2015\/10\/01\/velorio-de-helano-moniz-e-marcado-por-muita-comocao\/"},"modified":"2015-10-01T15:55:13","modified_gmt":"2015-10-01T15:55:13","slug":"velorio-de-helano-moniz-e-marcado-por-muita-comocao","status":"publish","type":"post","link":"https:\/\/nk7-testes.com.br\/agazeta\/velorio-de-helano-moniz-e-marcado-por-muita-comocao\/","title":{"rendered":"Vel\u00f3rio de Helano Moniz \u00e9 marcado por muita como\u00e7\u00e3o"},"content":{"rendered":"<p style=\"text-align: justify;\">&#8220;Infelizmente aconteceu o que a gente n\u00e3o imaginava&#8221;<\/p>\n<p style=\"text-align: justify;\">No vel\u00f3rio do empres\u00e1rio de Helano Moniz, que acontece durante a manh\u00e3 desta quinta-feira (1\u00b0) na Ca\u00e9la S\u00e3o Jo\u00e3o Batista, muita como\u00e7\u00e3o entre os amigos e familiares. O corpo chegou ainda por volta da meia noite desta quarta na capital acriana.<\/p>\n<p style=\"text-align: justify;\">O tio de Helano, George Pinheiro, falou pela fam\u00edlia que ainda est\u00e1 muito abalada. \u201cInfelizmente aconteceu o que a gente n\u00e3o queria, n\u00e3o imaginava, dentro d eum procedimento que parecia normal, que hoje n\u00e3o tem os riscos de uma grande cirurgia. Infelizmente aconteceu o que todos n\u00f3s j\u00e1 sabemos e temos que confiar no que tem que ser feito, temos que saber o que aconteceu, porque aconteceu se realmente foi uma fatalidade ou n\u00e3o.\u201d<\/p>\n<p style=\"text-align: justify;\">O tamb\u00e9m empres\u00e1rio George, disse ter falado com o governador que garantiu que foi aberto um inqu\u00e9rito para apurar se houve neglig\u00eancia m\u00e9dica. \u201cTemos conhecimento que o Minist\u00e9rio P\u00fablico tamb\u00e9m pediu algum tipo de inqu\u00e9rito e o importante \u00e9 que estamos todos aqui dando apoio a fam\u00edlia, todos aqui vivendo esse momento dif\u00edcil, que infelizmente correto ou n\u00e3o aconteceu e agora temos que seguir a vida.\u201d<\/p>\n<p style=\"text-align: justify;\">Entenda o caso<\/p>\n<p style=\"text-align: justify;\">Helano Moniz entrou na sala de opera\u00e7\u00e3o no dia 2 de setembro para doar um dos rins ao irm\u00e3o. O p\u00f3s-operat\u00f3rio apresentou complica\u00e7\u00f5es e ele teve que ser transferido em uma UTI no ar para o hospital Benefic\u00eancia Portuguesa em S\u00e3o Paulo onde faleceu.<\/p>\n<p style=\"text-align: justify;\">As suspeitas s\u00e3o de erro m\u00e9dico, pois Helano teve perfura\u00e7\u00e3o no intestino e uretra. O Governo promete apurar, por meio de uma sindic\u00e2ncia e abrir procedimento administrativo.<\/p>\n","protected":false},"excerpt":{"rendered":"<p style=\"text-align: justify;\">&#8220;Infelizmente aconteceu o que a gente n\u00e3o imaginava&#8221;<\/p>\n","protected":false},"author":4,"featured_media":18694,"comment_status":"open","ping_status":"open","sticky":false,"template":"","format":"standard","meta":{"jnews-multi-image_gallery":[],"jnews_single_post":[],"jnews_primary_category":[],"jnews_social_meta":[],"jnews_review":[],"enable_review":"","type":"","name":"","summary":"","brand":"","sku":"","good":[],"bad":[],"score_override":"","override_value":"","rating":[],"price":[],"footnotes":""},"categories":[54],"tags":[],"class_list":["post-18695","post","type-post","status-publish","format-standard","has-post-thumbnail","hentry","category-cotidiano"],"yoast_head":"<!-- This site is optimized with the Yoast SEO plugin v26.5 - https:\/\/yoast.com\/wordpress\/plugins\/seo\/ -->\n<title>Vel\u00f3rio de Helano Moniz \u00e9 marcado por muita como\u00e7\u00e3o - Agazeta.net<\/title>\n<meta name=\"robots\" content=\"index, follow, max-snippet:-1, max-image-preview:large, max-video-preview:-1\" \/>\n<link rel=\"canonical\" href=\"https:\/\/nk7-testes.com.br\/agazeta\/velorio-de-helano-moniz-e-marcado-por-muita-comocao\/\" \/>\n<meta property=\"og:locale\" content=\"pt_BR\" \/>\n<meta property=\"og:type\" content=\"article\" \/>\n<meta property=\"og:title\" content=\"Vel\u00f3rio de Helano Moniz \u00e9 marcado por muita como\u00e7\u00e3o - Agazeta.net\" \/>\n<meta property=\"og:description\" content=\"&quot;Infelizmente aconteceu o que a gente n\u00e3o imaginava&quot;\" \/>\n<meta property=\"og:url\" content=\"https:\/\/nk7-testes.com.br\/agazeta\/velorio-de-helano-moniz-e-marcado-por-muita-comocao\/\" \/>\n<meta property=\"og:site_name\" content=\"Agazeta.net\" \/>\n<meta property=\"article:published_time\" content=\"2015-10-01T15:55:13+00:00\" \/>\n<meta property=\"og:image\" content=\"https:\/\/nk7-testes.com.br\/agazeta\/wp-content\/uploads\/2015\/10\/011015-cotidiano-veloriohelano.jpg\" \/>\n\t<meta property=\"og:image:width\" content=\"458\" \/>\n\t<meta property=\"og:image:height\" content=\"340\" \/>\n\t<meta property=\"og:image:type\" content=\"image\/jpeg\" \/>\n<meta name=\"author\" content=\"Agazeta.Net\" \/>\n<meta name=\"twitter:card\" content=\"summary_large_image\" \/>\n<meta name=\"twitter:label1\" content=\"Escrito por\" \/>\n\t<meta name=\"twitter:data1\" content=\"Agazeta.Net\" \/>\n\t<meta name=\"twitter:label2\" content=\"Est. tempo de leitura\" \/>\n\t<meta name=\"twitter:data2\" content=\"1 minuto\" \/>\n<script type=\"application\/ld+json\" class=\"yoast-schema-graph\">{\"@context\":\"https:\/\/schema.org\",\"@graph\":[{\"@type\":\"WebPage\",\"@id\":\"https:\/\/nk7-testes.com.br\/agazeta\/velorio-de-helano-moniz-e-marcado-por-muita-comocao\/\",\"url\":\"https:\/\/nk7-testes.com.br\/agazeta\/velorio-de-helano-moniz-e-marcado-por-muita-comocao\/\",\"name\":\"Vel\u00f3rio de Helano Moniz \u00e9 marcado por muita como\u00e7\u00e3o - Agazeta.net\",\"isPartOf\":{\"@id\":\"https:\/\/nk7-testes.com.br\/agazeta\/#website\"},\"primaryImageOfPage\":{\"@id\":\"https:\/\/nk7-testes.com.br\/agazeta\/velorio-de-helano-moniz-e-marcado-por-muita-comocao\/#primaryimage\"},\"image\":{\"@id\":\"https:\/\/nk7-testes.com.br\/agazeta\/velorio-de-helano-moniz-e-marcado-por-muita-comocao\/#primaryimage\"},\"thumbnailUrl\":\"https:\/\/nk7-testes.com.br\/agazeta\/wp-content\/uploads\/2015\/10\/011015-cotidiano-veloriohelano.jpg\",\"datePublished\":\"2015-10-01T15:55:13+00:00\",\"author\":{\"@id\":\"https:\/\/nk7-testes.com.br\/agazeta\/#\/schema\/person\/6d6e25cb0435eb4a02fd44d30b4e3020\"},\"breadcrumb\":{\"@id\":\"https:\/\/nk7-testes.com.br\/agazeta\/velorio-de-helano-moniz-e-marcado-por-muita-comocao\/#breadcrumb\"},\"inLanguage\":\"pt-BR\",\"potentialAction\":[{\"@type\":\"ReadAction\",\"target\":[\"https:\/\/nk7-testes.com.br\/agazeta\/velorio-de-helano-moniz-e-marcado-por-muita-comocao\/\"]}]},{\"@type\":\"ImageObject\",\"inLanguage\":\"pt-BR\",\"@id\":\"https:\/\/nk7-testes.com.br\/agazeta\/velorio-de-helano-moniz-e-marcado-por-muita-comocao\/#primaryimage\",\"url\":\"https:\/\/nk7-testes.com.br\/agazeta\/wp-content\/uploads\/2015\/10\/011015-cotidiano-veloriohelano.jpg\",\"contentUrl\":\"https:\/\/nk7-testes.com.br\/agazeta\/wp-content\/uploads\/2015\/10\/011015-cotidiano-veloriohelano.jpg\",\"width\":458,\"height\":340,\"caption\":\"011015-cotidiano-vel\u00f3riohelano\"},{\"@type\":\"BreadcrumbList\",\"@id\":\"https:\/\/nk7-testes.com.br\/agazeta\/velorio-de-helano-moniz-e-marcado-por-muita-comocao\/#breadcrumb\",\"itemListElement\":[{\"@type\":\"ListItem\",\"position\":1,\"name\":\"In\u00edcio\",\"item\":\"https:\/\/nk7-testes.com.br\/agazeta\/\"},{\"@type\":\"ListItem\",\"position\":2,\"name\":\"Vel\u00f3rio de Helano Moniz \u00e9 marcado por muita como\u00e7\u00e3o\"}]},{\"@type\":\"WebSite\",\"@id\":\"https:\/\/nk7-testes.com.br\/agazeta\/#website\",\"url\":\"https:\/\/nk7-testes.com.br\/agazeta\/\",\"name\":\"Agazeta.net\",\"description\":\"Agazeta.net - Not\u00edcias de Rio Branco\/AC\",\"potentialAction\":[{\"@type\":\"SearchAction\",\"target\":{\"@type\":\"EntryPoint\",\"urlTemplate\":\"https:\/\/nk7-testes.com.br\/agazeta\/?s={search_term_string}\"},\"query-input\":{\"@type\":\"PropertyValueSpecification\",\"valueRequired\":true,\"valueName\":\"search_term_string\"}}],\"inLanguage\":\"pt-BR\"},{\"@type\":\"Person\",\"@id\":\"https:\/\/nk7-testes.com.br\/agazeta\/#\/schema\/person\/6d6e25cb0435eb4a02fd44d30b4e3020\",\"name\":\"Agazeta.Net\",\"url\":\"https:\/\/nk7-testes.com.br\/agazeta\/author\/agazeta\/\"}]}<\/script>\n<!-- \/ Yoast SEO plugin. -->","yoast_head_json":{"title":"Vel\u00f3rio de Helano Moniz \u00e9 marcado por muita como\u00e7\u00e3o - Agazeta.net","robots":{"index":"index","follow":"follow","max-snippet":"max-snippet:-1","max-image-preview":"max-image-preview:large","max-video-preview":"max-video-preview:-1"},"canonical":"https:\/\/nk7-testes.com.br\/agazeta\/velorio-de-helano-moniz-e-marcado-por-muita-comocao\/","og_locale":"pt_BR","og_type":"article","og_title":"Vel\u00f3rio de Helano Moniz \u00e9 marcado por muita como\u00e7\u00e3o - Agazeta.net","og_description":"\"Infelizmente aconteceu o que a gente n\u00e3o imaginava\"","og_url":"https:\/\/nk7-testes.com.br\/agazeta\/velorio-de-helano-moniz-e-marcado-por-muita-comocao\/","og_site_name":"Agazeta.net","article_published_time":"2015-10-01T15:55:13+00:00","og_image":[{"width":458,"height":340,"url":"https:\/\/nk7-testes.com.br\/agazeta\/wp-content\/uploads\/2015\/10\/011015-cotidiano-veloriohelano.jpg","type":"image\/jpeg"}],"author":"Agazeta.Net","twitter_card":"summary_large_image","twitter_misc":{"Escrito por":"Agazeta.Net","Est. tempo de leitura":"1 minuto"},"schema":{"@context":"https:\/\/schema.org","@graph":[{"@type":"WebPage","@id":"https:\/\/nk7-testes.com.br\/agazeta\/velorio-de-helano-moniz-e-marcado-por-muita-comocao\/","url":"https:\/\/nk7-testes.com.br\/agazeta\/velorio-de-helano-moniz-e-marcado-por-muita-comocao\/","name":"Vel\u00f3rio de Helano Moniz \u00e9 marcado por muita como\u00e7\u00e3o - Agazeta.net","isPartOf":{"@id":"https:\/\/nk7-testes.com.br\/agazeta\/#website"},"primaryImageOfPage":{"@id":"https:\/\/nk7-testes.com.br\/agazeta\/velorio-de-helano-moniz-e-marcado-por-muita-comocao\/#primaryimage"},"image":{"@id":"https:\/\/nk7-testes.com.br\/agazeta\/velorio-de-helano-moniz-e-marcado-por-muita-comocao\/#primaryimage"},"thumbnailUrl":"https:\/\/nk7-testes.com.br\/agazeta\/wp-content\/uploads\/2015\/10\/011015-cotidiano-veloriohelano.jpg","datePublished":"2015-10-01T15:55:13+00:00","author":{"@id":"https:\/\/nk7-testes.com.br\/agazeta\/#\/schema\/person\/6d6e25cb0435eb4a02fd44d30b4e3020"},"breadcrumb":{"@id":"https:\/\/nk7-testes.com.br\/agazeta\/velorio-de-helano-moniz-e-marcado-por-muita-comocao\/#breadcrumb"},"inLanguage":"pt-BR","potentialAction":[{"@type":"ReadAction","target":["https:\/\/nk7-testes.com.br\/agazeta\/velorio-de-helano-moniz-e-marcado-por-muita-comocao\/"]}]},{"@type":"ImageObject","inLanguage":"pt-BR","@id":"https:\/\/nk7-testes.com.br\/agazeta\/velorio-de-helano-moniz-e-marcado-por-muita-comocao\/#primaryimage","url":"https:\/\/nk7-testes.com.br\/agazeta\/wp-content\/uploads\/2015\/10\/011015-cotidiano-veloriohelano.jpg","contentUrl":"https:\/\/nk7-testes.com.br\/agazeta\/wp-content\/uploads\/2015\/10\/011015-cotidiano-veloriohelano.jpg","width":458,"height":340,"caption":"011015-cotidiano-vel\u00f3riohelano"},{"@type":"BreadcrumbList","@id":"https:\/\/nk7-testes.com.br\/agazeta\/velorio-de-helano-moniz-e-marcado-por-muita-comocao\/#breadcrumb","itemListElement":[{"@type":"ListItem","position":1,"name":"In\u00edcio","item":"https:\/\/nk7-testes.com.br\/agazeta\/"},{"@type":"ListItem","position":2,"name":"Vel\u00f3rio de Helano Moniz \u00e9 marcado por muita como\u00e7\u00e3o"}]},{"@type":"WebSite","@id":"https:\/\/nk7-testes.com.br\/agazeta\/#website","url":"https:\/\/nk7-testes.com.br\/agazeta\/","name":"Agazeta.net","description":"Agazeta.net - Not\u00edcias de Rio Branco\/AC","potentialAction":[{"@type":"SearchAction","target":{"@type":"EntryPoint","urlTemplate":"https:\/\/nk7-testes.com.br\/agazeta\/?s={search_term_string}"},"query-input":{"@type":"PropertyValueSpecification","valueRequired":true,"valueName":"search_term_string"}}],"inLanguage":"pt-BR"},{"@type":"Person","@id":"https:\/\/nk7-testes.com.br\/agazeta\/#\/schema\/person\/6d6e25cb0435eb4a02fd44d30b4e3020","name":"Agazeta.Net","url":"https:\/\/nk7-testes.com.br\/agazeta\/author\/agazeta\/"}]}},"_links":{"self":[{"href":"https:\/\/nk7-testes.com.br\/agazeta\/wp-json\/wp\/v2\/posts\/18695","targetHints":{"allow":["GET"]}}],"collection":[{"href":"https:\/\/nk7-testes.com.br\/agazeta\/wp-json\/wp\/v2\/posts"}],"about":[{"href":"https:\/\/nk7-testes.com.br\/agazeta\/wp-json\/wp\/v2\/types\/post"}],"author":[{"embeddable":true,"href":"https:\/\/nk7-testes.com.br\/agazeta\/wp-json\/wp\/v2\/users\/4"}],"replies":[{"embeddable":true,"href":"https:\/\/nk7-testes.com.br\/agazeta\/wp-json\/wp\/v2\/comments?post=18695"}],"version-history":[{"count":0,"href":"https:\/\/nk7-testes.com.br\/agazeta\/wp-json\/wp\/v2\/posts\/18695\/revisions"}],"wp:featuredmedia":[{"embeddable":true,"href":"https:\/\/nk7-testes.com.br\/agazeta\/wp-json\/wp\/v2\/media\/18694"}],"wp:attachment":[{"href":"https:\/\/nk7-testes.com.br\/agazeta\/wp-json\/wp\/v2\/media?parent=18695"}],"wp:term":[{"taxonomy":"category","embeddable":true,"href":"https:\/\/nk7-testes.com.br\/agazeta\/wp-json\/wp\/v2\/categories?post=18695"},{"taxonomy":"post_tag","embeddable":true,"href":"https:\/\/nk7-testes.com.br\/agazeta\/wp-json\/wp\/v2\/tags?post=18695"}],"curies":[{"name":"wp","href":"https:\/\/api.w.org\/{rel}","templated":true}]}}