{"id":18685,"date":"2015-09-30T21:20:39","date_gmt":"2015-09-30T21:20:39","guid":{"rendered":"https:\/\/abarevegan.com.br\/index.php\/2015\/09\/30\/alta-do-combustivel-traz-efeito-cascata\/"},"modified":"2015-09-30T21:20:39","modified_gmt":"2015-09-30T21:20:39","slug":"alta-do-combustivel-traz-efeito-cascata","status":"publish","type":"post","link":"https:\/\/nk7-testes.com.br\/agazeta\/alta-do-combustivel-traz-efeito-cascata\/","title":{"rendered":"Alta do combust\u00edvel traz \u201cefeito cascata\u201d"},"content":{"rendered":"<p style=\"text-align: justify;\">Aumento pode encarecer produtos b\u00e1sicos<\/p>\n<p style=\"text-align: justify;\">O brasileiro acordou com mais um aumento que promete mexer com a economia. Dessa vez a Petrobras anunciou um reajuste no pre\u00e7o do combust\u00edvel. O novo valor equivale a 6% na gasolina e 4% no diesel e j\u00e1 entrou em vigor nas refinarias nesta quarta-feira (30). No Acre, os consumidores ficaram preocupados com mais esse preju\u00edzo no bolso.<\/p>\n<p style=\"text-align: justify;\">Delano Lima, presidente do Sindicato do Com\u00e9rcio Varejista de Combust\u00edveis do Acre (Sindepac), informou, durante coletiva de imprensa, que esse ajuste j\u00e1 foi repassado tamb\u00e9m para as distribuidoras.<\/p>\n<p style=\"text-align: justify;\">Assim, os postos de combust\u00edveis que compraram com o aumento j\u00e1 devem repassar o valor para o consumidor automaticamente. \u201cN\u00f3s sabemos que a economia do pa\u00eds n\u00e3o vai bem, o Governo Federal tem feito a\u00ed, constantemente, ajustes fiscais, o que afeta diretamente o consumidor\u201d.<\/p>\n<p style=\"text-align: justify;\">Delano explicou ainda que a gasolina pode ter um pre\u00e7o reajustado entre 17 e 20 centavos. J\u00e1 o diesel, entre 13 e 15 centavos.<\/p>\n<p style=\"text-align: justify;\">Esse \u00e9 o 2\u00ba aumento no pre\u00e7o do combust\u00edvel s\u00f3 este ano. Com mais este reajuste, vai acontecer o que os especialistas chamam de efeito cascata. Todos os produtos que dependem direta ou indiretamente do combust\u00edvel tendem a ficar com o valor mais elevado, \u00e9 o que esclarece o economista Alessandro Callil.<\/p>\n<p style=\"text-align: justify;\">O economista avalia que esse reajuste no pre\u00e7o ocorreu devido \u00e0 soma de alguns fatores. Entre eles, a instabilidade pol\u00edtica, a opera\u00e7\u00e3o lava jato, j\u00e1 que a investiga\u00e7\u00e3o de corrup\u00e7\u00e3o dentro da empresa fez com que o \u00edndice de investimentos ca\u00edsse e assim levou consigo a capta\u00e7\u00e3o de recursos no mercado exterior e, principalmente, a desvaloriza\u00e7\u00e3o do real e a valoriza\u00e7\u00e3o do d\u00f3lar, que ocasionou um estouro das d\u00edvidas da Petrobras, uma vez que a empresa possui d\u00e9bitos em moeda americana, cerca de US$ 500 bilh\u00f5es.<\/p>\n<p style=\"text-align: justify;\">Ele disse ainda que a expectativa para o pr\u00f3ximo ano n\u00e3o \u00e9 nada boa. \u201cEu acredito que provavelmente no in\u00edcio do ano que vem n\u00f3s tenhamos novamente outro aumento, porque o d\u00f3lar vai continuar flutuando entre cinco e seis reais, mas ele vai estabilizar pelo menos por tr\u00eas anos, eu acredito, em cinco reais\u201d.<\/p>\n","protected":false},"excerpt":{"rendered":"<p style=\"text-align: justify;\">Aumento pode encarecer produtos b\u00e1sicos<\/p>\n","protected":false},"author":4,"featured_media":18684,"comment_status":"open","ping_status":"open","sticky":false,"template":"","format":"standard","meta":{"jnews-multi-image_gallery":[],"jnews_single_post":[],"jnews_primary_category":[],"jnews_social_meta":[],"jnews_review":[],"enable_review":"","type":"","name":"","summary":"","brand":"","sku":"","good":[],"bad":[],"score_override":"","override_value":"","rating":[],"price":[],"footnotes":""},"categories":[54],"tags":[],"class_list":["post-18685","post","type-post","status-publish","format-standard","has-post-thumbnail","hentry","category-cotidiano"],"yoast_head":"<!-- This site is optimized with the Yoast SEO plugin v26.5 - https:\/\/yoast.com\/wordpress\/plugins\/seo\/ -->\n<title>Alta do combust\u00edvel traz \u201cefeito cascata\u201d - Agazeta.net<\/title>\n<meta name=\"robots\" content=\"index, follow, max-snippet:-1, max-image-preview:large, max-video-preview:-1\" \/>\n<link rel=\"canonical\" href=\"https:\/\/nk7-testes.com.br\/agazeta\/alta-do-combustivel-traz-efeito-cascata\/\" \/>\n<meta property=\"og:locale\" content=\"pt_BR\" \/>\n<meta property=\"og:type\" content=\"article\" \/>\n<meta property=\"og:title\" content=\"Alta do combust\u00edvel traz \u201cefeito cascata\u201d - Agazeta.net\" \/>\n<meta property=\"og:description\" content=\"Aumento pode encarecer produtos b\u00e1sicos\" \/>\n<meta property=\"og:url\" content=\"https:\/\/nk7-testes.com.br\/agazeta\/alta-do-combustivel-traz-efeito-cascata\/\" \/>\n<meta property=\"og:site_name\" content=\"Agazeta.net\" \/>\n<meta property=\"article:published_time\" content=\"2015-09-30T21:20:39+00:00\" \/>\n<meta property=\"og:image\" content=\"https:\/\/nk7-testes.com.br\/agazeta\/wp-content\/uploads\/2015\/09\/300915-cotidianoprecoporlitro-tvgazeta.jpg\" \/>\n\t<meta property=\"og:image:width\" content=\"458\" \/>\n\t<meta property=\"og:image:height\" content=\"340\" \/>\n\t<meta property=\"og:image:type\" content=\"image\/jpeg\" \/>\n<meta name=\"author\" content=\"Agazeta.Net\" \/>\n<meta name=\"twitter:card\" content=\"summary_large_image\" \/>\n<meta name=\"twitter:label1\" content=\"Escrito por\" \/>\n\t<meta name=\"twitter:data1\" content=\"Agazeta.Net\" \/>\n\t<meta name=\"twitter:label2\" content=\"Est. tempo de leitura\" \/>\n\t<meta name=\"twitter:data2\" content=\"2 minutos\" \/>\n<script type=\"application\/ld+json\" class=\"yoast-schema-graph\">{\"@context\":\"https:\/\/schema.org\",\"@graph\":[{\"@type\":\"WebPage\",\"@id\":\"https:\/\/nk7-testes.com.br\/agazeta\/alta-do-combustivel-traz-efeito-cascata\/\",\"url\":\"https:\/\/nk7-testes.com.br\/agazeta\/alta-do-combustivel-traz-efeito-cascata\/\",\"name\":\"Alta do combust\u00edvel traz \u201cefeito cascata\u201d - Agazeta.net\",\"isPartOf\":{\"@id\":\"https:\/\/nk7-testes.com.br\/agazeta\/#website\"},\"primaryImageOfPage\":{\"@id\":\"https:\/\/nk7-testes.com.br\/agazeta\/alta-do-combustivel-traz-efeito-cascata\/#primaryimage\"},\"image\":{\"@id\":\"https:\/\/nk7-testes.com.br\/agazeta\/alta-do-combustivel-traz-efeito-cascata\/#primaryimage\"},\"thumbnailUrl\":\"https:\/\/nk7-testes.com.br\/agazeta\/wp-content\/uploads\/2015\/09\/300915-cotidianoprecoporlitro-tvgazeta.jpg\",\"datePublished\":\"2015-09-30T21:20:39+00:00\",\"author\":{\"@id\":\"https:\/\/nk7-testes.com.br\/agazeta\/#\/schema\/person\/6d6e25cb0435eb4a02fd44d30b4e3020\"},\"breadcrumb\":{\"@id\":\"https:\/\/nk7-testes.com.br\/agazeta\/alta-do-combustivel-traz-efeito-cascata\/#breadcrumb\"},\"inLanguage\":\"pt-BR\",\"potentialAction\":[{\"@type\":\"ReadAction\",\"target\":[\"https:\/\/nk7-testes.com.br\/agazeta\/alta-do-combustivel-traz-efeito-cascata\/\"]}]},{\"@type\":\"ImageObject\",\"inLanguage\":\"pt-BR\",\"@id\":\"https:\/\/nk7-testes.com.br\/agazeta\/alta-do-combustivel-traz-efeito-cascata\/#primaryimage\",\"url\":\"https:\/\/nk7-testes.com.br\/agazeta\/wp-content\/uploads\/2015\/09\/300915-cotidianoprecoporlitro-tvgazeta.jpg\",\"contentUrl\":\"https:\/\/nk7-testes.com.br\/agazeta\/wp-content\/uploads\/2015\/09\/300915-cotidianoprecoporlitro-tvgazeta.jpg\",\"width\":458,\"height\":340,\"caption\":\"300915-cotidianoprecoporlitro-tvgazeta\"},{\"@type\":\"BreadcrumbList\",\"@id\":\"https:\/\/nk7-testes.com.br\/agazeta\/alta-do-combustivel-traz-efeito-cascata\/#breadcrumb\",\"itemListElement\":[{\"@type\":\"ListItem\",\"position\":1,\"name\":\"In\u00edcio\",\"item\":\"https:\/\/nk7-testes.com.br\/agazeta\/\"},{\"@type\":\"ListItem\",\"position\":2,\"name\":\"Alta do combust\u00edvel traz \u201cefeito cascata\u201d\"}]},{\"@type\":\"WebSite\",\"@id\":\"https:\/\/nk7-testes.com.br\/agazeta\/#website\",\"url\":\"https:\/\/nk7-testes.com.br\/agazeta\/\",\"name\":\"Agazeta.net\",\"description\":\"Agazeta.net - Not\u00edcias de Rio Branco\/AC\",\"potentialAction\":[{\"@type\":\"SearchAction\",\"target\":{\"@type\":\"EntryPoint\",\"urlTemplate\":\"https:\/\/nk7-testes.com.br\/agazeta\/?s={search_term_string}\"},\"query-input\":{\"@type\":\"PropertyValueSpecification\",\"valueRequired\":true,\"valueName\":\"search_term_string\"}}],\"inLanguage\":\"pt-BR\"},{\"@type\":\"Person\",\"@id\":\"https:\/\/nk7-testes.com.br\/agazeta\/#\/schema\/person\/6d6e25cb0435eb4a02fd44d30b4e3020\",\"name\":\"Agazeta.Net\",\"url\":\"https:\/\/nk7-testes.com.br\/agazeta\/author\/agazeta\/\"}]}<\/script>\n<!-- \/ Yoast SEO plugin. -->","yoast_head_json":{"title":"Alta do combust\u00edvel traz \u201cefeito cascata\u201d - Agazeta.net","robots":{"index":"index","follow":"follow","max-snippet":"max-snippet:-1","max-image-preview":"max-image-preview:large","max-video-preview":"max-video-preview:-1"},"canonical":"https:\/\/nk7-testes.com.br\/agazeta\/alta-do-combustivel-traz-efeito-cascata\/","og_locale":"pt_BR","og_type":"article","og_title":"Alta do combust\u00edvel traz \u201cefeito cascata\u201d - Agazeta.net","og_description":"Aumento pode encarecer produtos b\u00e1sicos","og_url":"https:\/\/nk7-testes.com.br\/agazeta\/alta-do-combustivel-traz-efeito-cascata\/","og_site_name":"Agazeta.net","article_published_time":"2015-09-30T21:20:39+00:00","og_image":[{"width":458,"height":340,"url":"https:\/\/nk7-testes.com.br\/agazeta\/wp-content\/uploads\/2015\/09\/300915-cotidianoprecoporlitro-tvgazeta.jpg","type":"image\/jpeg"}],"author":"Agazeta.Net","twitter_card":"summary_large_image","twitter_misc":{"Escrito por":"Agazeta.Net","Est. tempo de leitura":"2 minutos"},"schema":{"@context":"https:\/\/schema.org","@graph":[{"@type":"WebPage","@id":"https:\/\/nk7-testes.com.br\/agazeta\/alta-do-combustivel-traz-efeito-cascata\/","url":"https:\/\/nk7-testes.com.br\/agazeta\/alta-do-combustivel-traz-efeito-cascata\/","name":"Alta do combust\u00edvel traz \u201cefeito cascata\u201d - Agazeta.net","isPartOf":{"@id":"https:\/\/nk7-testes.com.br\/agazeta\/#website"},"primaryImageOfPage":{"@id":"https:\/\/nk7-testes.com.br\/agazeta\/alta-do-combustivel-traz-efeito-cascata\/#primaryimage"},"image":{"@id":"https:\/\/nk7-testes.com.br\/agazeta\/alta-do-combustivel-traz-efeito-cascata\/#primaryimage"},"thumbnailUrl":"https:\/\/nk7-testes.com.br\/agazeta\/wp-content\/uploads\/2015\/09\/300915-cotidianoprecoporlitro-tvgazeta.jpg","datePublished":"2015-09-30T21:20:39+00:00","author":{"@id":"https:\/\/nk7-testes.com.br\/agazeta\/#\/schema\/person\/6d6e25cb0435eb4a02fd44d30b4e3020"},"breadcrumb":{"@id":"https:\/\/nk7-testes.com.br\/agazeta\/alta-do-combustivel-traz-efeito-cascata\/#breadcrumb"},"inLanguage":"pt-BR","potentialAction":[{"@type":"ReadAction","target":["https:\/\/nk7-testes.com.br\/agazeta\/alta-do-combustivel-traz-efeito-cascata\/"]}]},{"@type":"ImageObject","inLanguage":"pt-BR","@id":"https:\/\/nk7-testes.com.br\/agazeta\/alta-do-combustivel-traz-efeito-cascata\/#primaryimage","url":"https:\/\/nk7-testes.com.br\/agazeta\/wp-content\/uploads\/2015\/09\/300915-cotidianoprecoporlitro-tvgazeta.jpg","contentUrl":"https:\/\/nk7-testes.com.br\/agazeta\/wp-content\/uploads\/2015\/09\/300915-cotidianoprecoporlitro-tvgazeta.jpg","width":458,"height":340,"caption":"300915-cotidianoprecoporlitro-tvgazeta"},{"@type":"BreadcrumbList","@id":"https:\/\/nk7-testes.com.br\/agazeta\/alta-do-combustivel-traz-efeito-cascata\/#breadcrumb","itemListElement":[{"@type":"ListItem","position":1,"name":"In\u00edcio","item":"https:\/\/nk7-testes.com.br\/agazeta\/"},{"@type":"ListItem","position":2,"name":"Alta do combust\u00edvel traz \u201cefeito cascata\u201d"}]},{"@type":"WebSite","@id":"https:\/\/nk7-testes.com.br\/agazeta\/#website","url":"https:\/\/nk7-testes.com.br\/agazeta\/","name":"Agazeta.net","description":"Agazeta.net - Not\u00edcias de Rio Branco\/AC","potentialAction":[{"@type":"SearchAction","target":{"@type":"EntryPoint","urlTemplate":"https:\/\/nk7-testes.com.br\/agazeta\/?s={search_term_string}"},"query-input":{"@type":"PropertyValueSpecification","valueRequired":true,"valueName":"search_term_string"}}],"inLanguage":"pt-BR"},{"@type":"Person","@id":"https:\/\/nk7-testes.com.br\/agazeta\/#\/schema\/person\/6d6e25cb0435eb4a02fd44d30b4e3020","name":"Agazeta.Net","url":"https:\/\/nk7-testes.com.br\/agazeta\/author\/agazeta\/"}]}},"_links":{"self":[{"href":"https:\/\/nk7-testes.com.br\/agazeta\/wp-json\/wp\/v2\/posts\/18685","targetHints":{"allow":["GET"]}}],"collection":[{"href":"https:\/\/nk7-testes.com.br\/agazeta\/wp-json\/wp\/v2\/posts"}],"about":[{"href":"https:\/\/nk7-testes.com.br\/agazeta\/wp-json\/wp\/v2\/types\/post"}],"author":[{"embeddable":true,"href":"https:\/\/nk7-testes.com.br\/agazeta\/wp-json\/wp\/v2\/users\/4"}],"replies":[{"embeddable":true,"href":"https:\/\/nk7-testes.com.br\/agazeta\/wp-json\/wp\/v2\/comments?post=18685"}],"version-history":[{"count":0,"href":"https:\/\/nk7-testes.com.br\/agazeta\/wp-json\/wp\/v2\/posts\/18685\/revisions"}],"wp:featuredmedia":[{"embeddable":true,"href":"https:\/\/nk7-testes.com.br\/agazeta\/wp-json\/wp\/v2\/media\/18684"}],"wp:attachment":[{"href":"https:\/\/nk7-testes.com.br\/agazeta\/wp-json\/wp\/v2\/media?parent=18685"}],"wp:term":[{"taxonomy":"category","embeddable":true,"href":"https:\/\/nk7-testes.com.br\/agazeta\/wp-json\/wp\/v2\/categories?post=18685"},{"taxonomy":"post_tag","embeddable":true,"href":"https:\/\/nk7-testes.com.br\/agazeta\/wp-json\/wp\/v2\/tags?post=18685"}],"curies":[{"name":"wp","href":"https:\/\/api.w.org\/{rel}","templated":true}]}}