{"id":18643,"date":"2015-09-29T14:14:41","date_gmt":"2015-09-29T14:14:41","guid":{"rendered":"https:\/\/abarevegan.com.br\/index.php\/2015\/09\/29\/professor-da-ufac-ganha-premio-em-concurso-nacional\/"},"modified":"2015-09-29T14:14:41","modified_gmt":"2015-09-29T14:14:41","slug":"professor-da-ufac-ganha-premio-em-concurso-nacional","status":"publish","type":"post","link":"https:\/\/nk7-testes.com.br\/agazeta\/professor-da-ufac-ganha-premio-em-concurso-nacional\/","title":{"rendered":"Professor da Ufac ganha pr\u00eamio em concurso nacional"},"content":{"rendered":"<p style=\"text-align: justify;\">Leonardo de Abreu \u00e9 professor de Direito<\/p>\n<p style=\"text-align: justify;\">Com o artigo &#8220;Representa\u00e7\u00f5es Sociais sobre Trabalho Escravo e Degrad\u00e2ncia&#8221;, o professor do curso de Direito da Universidade Federal do Acre (Ufac), Leonardo Lani de Abreu, venceu o concurso de Artigos Cient\u00edficos do 33\u00ba Encontro Nacional de Auditores Fiscais do Trabalho, em Jo\u00e3o Pessoa &#8211; PB, no dia 16 de setembro.<\/p>\n<p style=\"text-align: justify;\">O tema do encontro e do concurso foi \u201cO Protagonismo da Auditoria-Fiscal do Trabalho no Combate ao Trabalho Escravo e na Defesa do Trabalhador\u201d. Foram classificados os trabalhos de Leonardo Lani de Abreu, da Ufac, em primeiro lugar; Emerson Victor Hugo da Costa S\u00e1, do Amazonas; e Carlos Alberto de Oliveria, do Rio de Janeiro, que foi representado pelo Auditor-Fiscal do Trabalho, Daniel de Oliveira. Todos receberam pr\u00eamios simb\u00f3licos, no valor de R$ 3 mil, R$ 2 mil e R$ 1 mil. Os artigos ser\u00e3o publicados pelo Sindicato Nacional dos Auditores Fiscais do Trabalho (Sinait).<\/p>\n<p style=\"text-align: justify;\">Segundo Abreu, o trabalho \u00e9 resultado de reflex\u00f5es desenvolvidas em sala de aula e defende a ideia de que a liberdade \u00e9 um fen\u00f4meno amplo, que envolve a plena efetiva\u00e7\u00e3o dos direitos sociais de todos os cidad\u00e3os. \u201cMe sinto estimulado a produzir cada vez mais, e com as discuss\u00f5es, sempre voltadas \u00e0 melhoria das condi\u00e7\u00f5es de vida do trabalhador\u201d, ressalta.<\/p>\n","protected":false},"excerpt":{"rendered":"<p style=\"text-align: justify;\">Leonardo de Abreu \u00e9 professor de Direito<\/p>\n","protected":false},"author":4,"featured_media":18642,"comment_status":"open","ping_status":"open","sticky":false,"template":"","format":"standard","meta":{"jnews-multi-image_gallery":[],"jnews_single_post":[],"jnews_primary_category":[],"jnews_social_meta":[],"jnews_review":[],"enable_review":"","type":"","name":"","summary":"","brand":"","sku":"","good":[],"bad":[],"score_override":"","override_value":"","rating":[],"price":[],"footnotes":""},"categories":[54],"tags":[],"class_list":["post-18643","post","type-post","status-publish","format-standard","has-post-thumbnail","hentry","category-cotidiano"],"yoast_head":"<!-- This site is optimized with the Yoast SEO plugin v26.5 - https:\/\/yoast.com\/wordpress\/plugins\/seo\/ -->\n<title>Professor da Ufac ganha pr\u00eamio em concurso nacional - Agazeta.net<\/title>\n<meta name=\"robots\" content=\"index, follow, max-snippet:-1, max-image-preview:large, max-video-preview:-1\" \/>\n<link rel=\"canonical\" href=\"https:\/\/nk7-testes.com.br\/agazeta\/professor-da-ufac-ganha-premio-em-concurso-nacional\/\" \/>\n<meta property=\"og:locale\" content=\"pt_BR\" \/>\n<meta property=\"og:type\" content=\"article\" \/>\n<meta property=\"og:title\" content=\"Professor da Ufac ganha pr\u00eamio em concurso nacional - Agazeta.net\" \/>\n<meta property=\"og:description\" content=\"Leonardo de Abreu \u00e9 professor de Direito\" \/>\n<meta property=\"og:url\" content=\"https:\/\/nk7-testes.com.br\/agazeta\/professor-da-ufac-ganha-premio-em-concurso-nacional\/\" \/>\n<meta property=\"og:site_name\" content=\"Agazeta.net\" \/>\n<meta property=\"article:published_time\" content=\"2015-09-29T14:14:41+00:00\" \/>\n<meta property=\"og:image\" content=\"https:\/\/nk7-testes.com.br\/agazeta\/wp-content\/uploads\/2015\/09\/290915-cotidiano-premioprofessorufac-cedida.jpg\" \/>\n\t<meta property=\"og:image:width\" content=\"458\" \/>\n\t<meta property=\"og:image:height\" content=\"340\" \/>\n\t<meta property=\"og:image:type\" content=\"image\/jpeg\" \/>\n<meta name=\"author\" content=\"Agazeta.Net\" \/>\n<meta name=\"twitter:card\" content=\"summary_large_image\" \/>\n<meta name=\"twitter:label1\" content=\"Escrito por\" \/>\n\t<meta name=\"twitter:data1\" content=\"Agazeta.Net\" \/>\n\t<meta name=\"twitter:label2\" content=\"Est. tempo de leitura\" \/>\n\t<meta name=\"twitter:data2\" content=\"1 minuto\" \/>\n<script type=\"application\/ld+json\" class=\"yoast-schema-graph\">{\"@context\":\"https:\/\/schema.org\",\"@graph\":[{\"@type\":\"WebPage\",\"@id\":\"https:\/\/nk7-testes.com.br\/agazeta\/professor-da-ufac-ganha-premio-em-concurso-nacional\/\",\"url\":\"https:\/\/nk7-testes.com.br\/agazeta\/professor-da-ufac-ganha-premio-em-concurso-nacional\/\",\"name\":\"Professor da Ufac ganha pr\u00eamio em concurso nacional - Agazeta.net\",\"isPartOf\":{\"@id\":\"https:\/\/nk7-testes.com.br\/agazeta\/#website\"},\"primaryImageOfPage\":{\"@id\":\"https:\/\/nk7-testes.com.br\/agazeta\/professor-da-ufac-ganha-premio-em-concurso-nacional\/#primaryimage\"},\"image\":{\"@id\":\"https:\/\/nk7-testes.com.br\/agazeta\/professor-da-ufac-ganha-premio-em-concurso-nacional\/#primaryimage\"},\"thumbnailUrl\":\"https:\/\/nk7-testes.com.br\/agazeta\/wp-content\/uploads\/2015\/09\/290915-cotidiano-premioprofessorufac-cedida.jpg\",\"datePublished\":\"2015-09-29T14:14:41+00:00\",\"author\":{\"@id\":\"https:\/\/nk7-testes.com.br\/agazeta\/#\/schema\/person\/6d6e25cb0435eb4a02fd44d30b4e3020\"},\"breadcrumb\":{\"@id\":\"https:\/\/nk7-testes.com.br\/agazeta\/professor-da-ufac-ganha-premio-em-concurso-nacional\/#breadcrumb\"},\"inLanguage\":\"pt-BR\",\"potentialAction\":[{\"@type\":\"ReadAction\",\"target\":[\"https:\/\/nk7-testes.com.br\/agazeta\/professor-da-ufac-ganha-premio-em-concurso-nacional\/\"]}]},{\"@type\":\"ImageObject\",\"inLanguage\":\"pt-BR\",\"@id\":\"https:\/\/nk7-testes.com.br\/agazeta\/professor-da-ufac-ganha-premio-em-concurso-nacional\/#primaryimage\",\"url\":\"https:\/\/nk7-testes.com.br\/agazeta\/wp-content\/uploads\/2015\/09\/290915-cotidiano-premioprofessorufac-cedida.jpg\",\"contentUrl\":\"https:\/\/nk7-testes.com.br\/agazeta\/wp-content\/uploads\/2015\/09\/290915-cotidiano-premioprofessorufac-cedida.jpg\",\"width\":458,\"height\":340,\"caption\":\"290915-cotidiano-premioprofessorufac-cedida\"},{\"@type\":\"BreadcrumbList\",\"@id\":\"https:\/\/nk7-testes.com.br\/agazeta\/professor-da-ufac-ganha-premio-em-concurso-nacional\/#breadcrumb\",\"itemListElement\":[{\"@type\":\"ListItem\",\"position\":1,\"name\":\"In\u00edcio\",\"item\":\"https:\/\/nk7-testes.com.br\/agazeta\/\"},{\"@type\":\"ListItem\",\"position\":2,\"name\":\"Professor da Ufac ganha pr\u00eamio em concurso nacional\"}]},{\"@type\":\"WebSite\",\"@id\":\"https:\/\/nk7-testes.com.br\/agazeta\/#website\",\"url\":\"https:\/\/nk7-testes.com.br\/agazeta\/\",\"name\":\"Agazeta.net\",\"description\":\"Agazeta.net - Not\u00edcias de Rio Branco\/AC\",\"potentialAction\":[{\"@type\":\"SearchAction\",\"target\":{\"@type\":\"EntryPoint\",\"urlTemplate\":\"https:\/\/nk7-testes.com.br\/agazeta\/?s={search_term_string}\"},\"query-input\":{\"@type\":\"PropertyValueSpecification\",\"valueRequired\":true,\"valueName\":\"search_term_string\"}}],\"inLanguage\":\"pt-BR\"},{\"@type\":\"Person\",\"@id\":\"https:\/\/nk7-testes.com.br\/agazeta\/#\/schema\/person\/6d6e25cb0435eb4a02fd44d30b4e3020\",\"name\":\"Agazeta.Net\",\"url\":\"https:\/\/nk7-testes.com.br\/agazeta\/author\/agazeta\/\"}]}<\/script>\n<!-- \/ Yoast SEO plugin. -->","yoast_head_json":{"title":"Professor da Ufac ganha pr\u00eamio em concurso nacional - Agazeta.net","robots":{"index":"index","follow":"follow","max-snippet":"max-snippet:-1","max-image-preview":"max-image-preview:large","max-video-preview":"max-video-preview:-1"},"canonical":"https:\/\/nk7-testes.com.br\/agazeta\/professor-da-ufac-ganha-premio-em-concurso-nacional\/","og_locale":"pt_BR","og_type":"article","og_title":"Professor da Ufac ganha pr\u00eamio em concurso nacional - Agazeta.net","og_description":"Leonardo de Abreu \u00e9 professor de Direito","og_url":"https:\/\/nk7-testes.com.br\/agazeta\/professor-da-ufac-ganha-premio-em-concurso-nacional\/","og_site_name":"Agazeta.net","article_published_time":"2015-09-29T14:14:41+00:00","og_image":[{"width":458,"height":340,"url":"https:\/\/nk7-testes.com.br\/agazeta\/wp-content\/uploads\/2015\/09\/290915-cotidiano-premioprofessorufac-cedida.jpg","type":"image\/jpeg"}],"author":"Agazeta.Net","twitter_card":"summary_large_image","twitter_misc":{"Escrito por":"Agazeta.Net","Est. tempo de leitura":"1 minuto"},"schema":{"@context":"https:\/\/schema.org","@graph":[{"@type":"WebPage","@id":"https:\/\/nk7-testes.com.br\/agazeta\/professor-da-ufac-ganha-premio-em-concurso-nacional\/","url":"https:\/\/nk7-testes.com.br\/agazeta\/professor-da-ufac-ganha-premio-em-concurso-nacional\/","name":"Professor da Ufac ganha pr\u00eamio em concurso nacional - Agazeta.net","isPartOf":{"@id":"https:\/\/nk7-testes.com.br\/agazeta\/#website"},"primaryImageOfPage":{"@id":"https:\/\/nk7-testes.com.br\/agazeta\/professor-da-ufac-ganha-premio-em-concurso-nacional\/#primaryimage"},"image":{"@id":"https:\/\/nk7-testes.com.br\/agazeta\/professor-da-ufac-ganha-premio-em-concurso-nacional\/#primaryimage"},"thumbnailUrl":"https:\/\/nk7-testes.com.br\/agazeta\/wp-content\/uploads\/2015\/09\/290915-cotidiano-premioprofessorufac-cedida.jpg","datePublished":"2015-09-29T14:14:41+00:00","author":{"@id":"https:\/\/nk7-testes.com.br\/agazeta\/#\/schema\/person\/6d6e25cb0435eb4a02fd44d30b4e3020"},"breadcrumb":{"@id":"https:\/\/nk7-testes.com.br\/agazeta\/professor-da-ufac-ganha-premio-em-concurso-nacional\/#breadcrumb"},"inLanguage":"pt-BR","potentialAction":[{"@type":"ReadAction","target":["https:\/\/nk7-testes.com.br\/agazeta\/professor-da-ufac-ganha-premio-em-concurso-nacional\/"]}]},{"@type":"ImageObject","inLanguage":"pt-BR","@id":"https:\/\/nk7-testes.com.br\/agazeta\/professor-da-ufac-ganha-premio-em-concurso-nacional\/#primaryimage","url":"https:\/\/nk7-testes.com.br\/agazeta\/wp-content\/uploads\/2015\/09\/290915-cotidiano-premioprofessorufac-cedida.jpg","contentUrl":"https:\/\/nk7-testes.com.br\/agazeta\/wp-content\/uploads\/2015\/09\/290915-cotidiano-premioprofessorufac-cedida.jpg","width":458,"height":340,"caption":"290915-cotidiano-premioprofessorufac-cedida"},{"@type":"BreadcrumbList","@id":"https:\/\/nk7-testes.com.br\/agazeta\/professor-da-ufac-ganha-premio-em-concurso-nacional\/#breadcrumb","itemListElement":[{"@type":"ListItem","position":1,"name":"In\u00edcio","item":"https:\/\/nk7-testes.com.br\/agazeta\/"},{"@type":"ListItem","position":2,"name":"Professor da Ufac ganha pr\u00eamio em concurso nacional"}]},{"@type":"WebSite","@id":"https:\/\/nk7-testes.com.br\/agazeta\/#website","url":"https:\/\/nk7-testes.com.br\/agazeta\/","name":"Agazeta.net","description":"Agazeta.net - Not\u00edcias de Rio Branco\/AC","potentialAction":[{"@type":"SearchAction","target":{"@type":"EntryPoint","urlTemplate":"https:\/\/nk7-testes.com.br\/agazeta\/?s={search_term_string}"},"query-input":{"@type":"PropertyValueSpecification","valueRequired":true,"valueName":"search_term_string"}}],"inLanguage":"pt-BR"},{"@type":"Person","@id":"https:\/\/nk7-testes.com.br\/agazeta\/#\/schema\/person\/6d6e25cb0435eb4a02fd44d30b4e3020","name":"Agazeta.Net","url":"https:\/\/nk7-testes.com.br\/agazeta\/author\/agazeta\/"}]}},"_links":{"self":[{"href":"https:\/\/nk7-testes.com.br\/agazeta\/wp-json\/wp\/v2\/posts\/18643","targetHints":{"allow":["GET"]}}],"collection":[{"href":"https:\/\/nk7-testes.com.br\/agazeta\/wp-json\/wp\/v2\/posts"}],"about":[{"href":"https:\/\/nk7-testes.com.br\/agazeta\/wp-json\/wp\/v2\/types\/post"}],"author":[{"embeddable":true,"href":"https:\/\/nk7-testes.com.br\/agazeta\/wp-json\/wp\/v2\/users\/4"}],"replies":[{"embeddable":true,"href":"https:\/\/nk7-testes.com.br\/agazeta\/wp-json\/wp\/v2\/comments?post=18643"}],"version-history":[{"count":0,"href":"https:\/\/nk7-testes.com.br\/agazeta\/wp-json\/wp\/v2\/posts\/18643\/revisions"}],"wp:featuredmedia":[{"embeddable":true,"href":"https:\/\/nk7-testes.com.br\/agazeta\/wp-json\/wp\/v2\/media\/18642"}],"wp:attachment":[{"href":"https:\/\/nk7-testes.com.br\/agazeta\/wp-json\/wp\/v2\/media?parent=18643"}],"wp:term":[{"taxonomy":"category","embeddable":true,"href":"https:\/\/nk7-testes.com.br\/agazeta\/wp-json\/wp\/v2\/categories?post=18643"},{"taxonomy":"post_tag","embeddable":true,"href":"https:\/\/nk7-testes.com.br\/agazeta\/wp-json\/wp\/v2\/tags?post=18643"}],"curies":[{"name":"wp","href":"https:\/\/api.w.org\/{rel}","templated":true}]}}