{"id":18619,"date":"2015-09-28T13:51:43","date_gmt":"2015-09-28T13:51:43","guid":{"rendered":"https:\/\/abarevegan.com.br\/index.php\/2015\/09\/28\/prazo-para-parcelamento-de-icms-na-reta-final\/"},"modified":"2015-09-28T13:51:43","modified_gmt":"2015-09-28T13:51:43","slug":"prazo-para-parcelamento-de-icms-na-reta-final","status":"publish","type":"post","link":"https:\/\/nk7-testes.com.br\/agazeta\/prazo-para-parcelamento-de-icms-na-reta-final\/","title":{"rendered":"Prazo para parcelamento de ICMS na reta final"},"content":{"rendered":"<p style=\"text-align: justify;\">Contato da Procuradoria Fiscal \u00e9 o n\u00famero 3223-3714<\/p>\n<p style=\"text-align: justify;\">A Procuradoria-Geral do Estado do Acre (PGE) alerta que o prazo para ades\u00e3o ao Programa Especial de Parcelamento de D\u00e9bitos inscritos em d\u00edvida ativa de ICMS est\u00e1 na reta final.<\/p>\n<p style=\"text-align: justify;\">Autorizado pelo decreto estadual n\u00b0 2.884\/2015, o programa oferece condi\u00e7\u00f5es especiais para os contribuintes saldarem suas d\u00edvidas at\u00e9 a pr\u00f3xima quarta-feira, 30.<\/p>\n<p style=\"text-align: justify;\">\u201cEssa \u00e9 a oportunidade que o estado oferece para que o contribuinte fique adimplente com os d\u00e9bitos de ICMS. Simula\u00e7\u00f5es e busca de orienta\u00e7\u00e3o sobre como obter o benef\u00edcio podem ser efetuadas na Procuradoria Fiscal\u201d, afirma o procurador-chefe, Lu\u00eds Rafael.<\/p>\n<p style=\"text-align: justify;\">A vantagem da negocia\u00e7\u00e3o \u00e9 que os contribuintes que quitarem ou parcelarem sua d\u00edvida t\u00eam direito \u00e0 expedi\u00e7\u00e3o de certid\u00e3o conjunta negativa de d\u00e9bitos relativos a tributos federais e \u00e0 d\u00edvida ativa da Uni\u00e3o e \u00e9 suspensa a cobran\u00e7a judicial e administrativa.<\/p>\n<p style=\"text-align: justify;\">Esse documento \u00e9 solicitado, por exemplo, a pessoas que desejam obter financiamentos. Assim \u00e9 comprovada a condi\u00e7\u00e3o de regularidade junto \u00e0 Receita Federal.<\/p>\n<p style=\"text-align: justify;\">Para mais esclarecimentos, o contato da Procuradoria Fiscal \u00e9 o n\u00famero 3223-3714, ou por meio do atendimento presencial na sede da PGE, localizada na Avenida Get\u00falio Vargas, 2852, Bosque. Nos demais munic\u00edpios, a refer\u00eancia \u00e9 a Secretaria de Estado de Fazenda (Sefaz).<\/p>\n","protected":false},"excerpt":{"rendered":"<p style=\"text-align: justify;\">Contato da Procuradoria Fiscal \u00e9 o n\u00famero 3223-3714<\/p>\n","protected":false},"author":4,"featured_media":11763,"comment_status":"open","ping_status":"open","sticky":false,"template":"","format":"standard","meta":{"jnews-multi-image_gallery":[],"jnews_single_post":[],"jnews_primary_category":[],"jnews_social_meta":[],"jnews_review":[],"enable_review":"","type":"","name":"","summary":"","brand":"","sku":"","good":[],"bad":[],"score_override":"","override_value":"","rating":[],"price":[],"footnotes":""},"categories":[54],"tags":[],"class_list":["post-18619","post","type-post","status-publish","format-standard","has-post-thumbnail","hentry","category-cotidiano"],"yoast_head":"<!-- This site is optimized with the Yoast SEO plugin v26.5 - https:\/\/yoast.com\/wordpress\/plugins\/seo\/ -->\n<title>Prazo para parcelamento de ICMS na reta final - Agazeta.net<\/title>\n<meta name=\"robots\" content=\"index, follow, max-snippet:-1, max-image-preview:large, max-video-preview:-1\" \/>\n<link rel=\"canonical\" href=\"https:\/\/nk7-testes.com.br\/agazeta\/prazo-para-parcelamento-de-icms-na-reta-final\/\" \/>\n<meta property=\"og:locale\" content=\"pt_BR\" \/>\n<meta property=\"og:type\" content=\"article\" \/>\n<meta property=\"og:title\" content=\"Prazo para parcelamento de ICMS na reta final - Agazeta.net\" \/>\n<meta property=\"og:description\" content=\"Contato da Procuradoria Fiscal \u00e9 o n\u00famero 3223-3714\" \/>\n<meta property=\"og:url\" content=\"https:\/\/nk7-testes.com.br\/agazeta\/prazo-para-parcelamento-de-icms-na-reta-final\/\" \/>\n<meta property=\"og:site_name\" content=\"Agazeta.net\" \/>\n<meta property=\"article:published_time\" content=\"2015-09-28T13:51:43+00:00\" \/>\n<meta property=\"og:image\" content=\"https:\/\/nk7-testes.com.br\/agazeta\/wp-content\/uploads\/2014\/11\/3011-politica-sefaz-gleilsonmirandasecom.jpg\" \/>\n\t<meta property=\"og:image:width\" content=\"458\" \/>\n\t<meta property=\"og:image:height\" content=\"340\" \/>\n\t<meta property=\"og:image:type\" content=\"image\/jpeg\" \/>\n<meta name=\"author\" content=\"Agazeta.Net\" \/>\n<meta name=\"twitter:card\" content=\"summary_large_image\" \/>\n<meta name=\"twitter:label1\" content=\"Escrito por\" \/>\n\t<meta name=\"twitter:data1\" content=\"Agazeta.Net\" \/>\n\t<meta name=\"twitter:label2\" content=\"Est. tempo de leitura\" \/>\n\t<meta name=\"twitter:data2\" content=\"1 minuto\" \/>\n<script type=\"application\/ld+json\" class=\"yoast-schema-graph\">{\"@context\":\"https:\/\/schema.org\",\"@graph\":[{\"@type\":\"WebPage\",\"@id\":\"https:\/\/nk7-testes.com.br\/agazeta\/prazo-para-parcelamento-de-icms-na-reta-final\/\",\"url\":\"https:\/\/nk7-testes.com.br\/agazeta\/prazo-para-parcelamento-de-icms-na-reta-final\/\",\"name\":\"Prazo para parcelamento de ICMS na reta final - Agazeta.net\",\"isPartOf\":{\"@id\":\"https:\/\/nk7-testes.com.br\/agazeta\/#website\"},\"primaryImageOfPage\":{\"@id\":\"https:\/\/nk7-testes.com.br\/agazeta\/prazo-para-parcelamento-de-icms-na-reta-final\/#primaryimage\"},\"image\":{\"@id\":\"https:\/\/nk7-testes.com.br\/agazeta\/prazo-para-parcelamento-de-icms-na-reta-final\/#primaryimage\"},\"thumbnailUrl\":\"https:\/\/nk7-testes.com.br\/agazeta\/wp-content\/uploads\/2014\/11\/3011-politica-sefaz-gleilsonmirandasecom.jpg\",\"datePublished\":\"2015-09-28T13:51:43+00:00\",\"author\":{\"@id\":\"https:\/\/nk7-testes.com.br\/agazeta\/#\/schema\/person\/6d6e25cb0435eb4a02fd44d30b4e3020\"},\"breadcrumb\":{\"@id\":\"https:\/\/nk7-testes.com.br\/agazeta\/prazo-para-parcelamento-de-icms-na-reta-final\/#breadcrumb\"},\"inLanguage\":\"pt-BR\",\"potentialAction\":[{\"@type\":\"ReadAction\",\"target\":[\"https:\/\/nk7-testes.com.br\/agazeta\/prazo-para-parcelamento-de-icms-na-reta-final\/\"]}]},{\"@type\":\"ImageObject\",\"inLanguage\":\"pt-BR\",\"@id\":\"https:\/\/nk7-testes.com.br\/agazeta\/prazo-para-parcelamento-de-icms-na-reta-final\/#primaryimage\",\"url\":\"https:\/\/nk7-testes.com.br\/agazeta\/wp-content\/uploads\/2014\/11\/3011-politica-sefaz-gleilsonmirandasecom.jpg\",\"contentUrl\":\"https:\/\/nk7-testes.com.br\/agazeta\/wp-content\/uploads\/2014\/11\/3011-politica-sefaz-gleilsonmirandasecom.jpg\",\"width\":458,\"height\":340,\"caption\":\"3011-politica-sefaz-gleilsonmirandasecom\"},{\"@type\":\"BreadcrumbList\",\"@id\":\"https:\/\/nk7-testes.com.br\/agazeta\/prazo-para-parcelamento-de-icms-na-reta-final\/#breadcrumb\",\"itemListElement\":[{\"@type\":\"ListItem\",\"position\":1,\"name\":\"In\u00edcio\",\"item\":\"https:\/\/nk7-testes.com.br\/agazeta\/\"},{\"@type\":\"ListItem\",\"position\":2,\"name\":\"Prazo para parcelamento de ICMS na reta final\"}]},{\"@type\":\"WebSite\",\"@id\":\"https:\/\/nk7-testes.com.br\/agazeta\/#website\",\"url\":\"https:\/\/nk7-testes.com.br\/agazeta\/\",\"name\":\"Agazeta.net\",\"description\":\"Agazeta.net - Not\u00edcias de Rio Branco\/AC\",\"potentialAction\":[{\"@type\":\"SearchAction\",\"target\":{\"@type\":\"EntryPoint\",\"urlTemplate\":\"https:\/\/nk7-testes.com.br\/agazeta\/?s={search_term_string}\"},\"query-input\":{\"@type\":\"PropertyValueSpecification\",\"valueRequired\":true,\"valueName\":\"search_term_string\"}}],\"inLanguage\":\"pt-BR\"},{\"@type\":\"Person\",\"@id\":\"https:\/\/nk7-testes.com.br\/agazeta\/#\/schema\/person\/6d6e25cb0435eb4a02fd44d30b4e3020\",\"name\":\"Agazeta.Net\",\"url\":\"https:\/\/nk7-testes.com.br\/agazeta\/author\/agazeta\/\"}]}<\/script>\n<!-- \/ Yoast SEO plugin. -->","yoast_head_json":{"title":"Prazo para parcelamento de ICMS na reta final - Agazeta.net","robots":{"index":"index","follow":"follow","max-snippet":"max-snippet:-1","max-image-preview":"max-image-preview:large","max-video-preview":"max-video-preview:-1"},"canonical":"https:\/\/nk7-testes.com.br\/agazeta\/prazo-para-parcelamento-de-icms-na-reta-final\/","og_locale":"pt_BR","og_type":"article","og_title":"Prazo para parcelamento de ICMS na reta final - Agazeta.net","og_description":"Contato da Procuradoria Fiscal \u00e9 o n\u00famero 3223-3714","og_url":"https:\/\/nk7-testes.com.br\/agazeta\/prazo-para-parcelamento-de-icms-na-reta-final\/","og_site_name":"Agazeta.net","article_published_time":"2015-09-28T13:51:43+00:00","og_image":[{"width":458,"height":340,"url":"https:\/\/nk7-testes.com.br\/agazeta\/wp-content\/uploads\/2014\/11\/3011-politica-sefaz-gleilsonmirandasecom.jpg","type":"image\/jpeg"}],"author":"Agazeta.Net","twitter_card":"summary_large_image","twitter_misc":{"Escrito por":"Agazeta.Net","Est. tempo de leitura":"1 minuto"},"schema":{"@context":"https:\/\/schema.org","@graph":[{"@type":"WebPage","@id":"https:\/\/nk7-testes.com.br\/agazeta\/prazo-para-parcelamento-de-icms-na-reta-final\/","url":"https:\/\/nk7-testes.com.br\/agazeta\/prazo-para-parcelamento-de-icms-na-reta-final\/","name":"Prazo para parcelamento de ICMS na reta final - Agazeta.net","isPartOf":{"@id":"https:\/\/nk7-testes.com.br\/agazeta\/#website"},"primaryImageOfPage":{"@id":"https:\/\/nk7-testes.com.br\/agazeta\/prazo-para-parcelamento-de-icms-na-reta-final\/#primaryimage"},"image":{"@id":"https:\/\/nk7-testes.com.br\/agazeta\/prazo-para-parcelamento-de-icms-na-reta-final\/#primaryimage"},"thumbnailUrl":"https:\/\/nk7-testes.com.br\/agazeta\/wp-content\/uploads\/2014\/11\/3011-politica-sefaz-gleilsonmirandasecom.jpg","datePublished":"2015-09-28T13:51:43+00:00","author":{"@id":"https:\/\/nk7-testes.com.br\/agazeta\/#\/schema\/person\/6d6e25cb0435eb4a02fd44d30b4e3020"},"breadcrumb":{"@id":"https:\/\/nk7-testes.com.br\/agazeta\/prazo-para-parcelamento-de-icms-na-reta-final\/#breadcrumb"},"inLanguage":"pt-BR","potentialAction":[{"@type":"ReadAction","target":["https:\/\/nk7-testes.com.br\/agazeta\/prazo-para-parcelamento-de-icms-na-reta-final\/"]}]},{"@type":"ImageObject","inLanguage":"pt-BR","@id":"https:\/\/nk7-testes.com.br\/agazeta\/prazo-para-parcelamento-de-icms-na-reta-final\/#primaryimage","url":"https:\/\/nk7-testes.com.br\/agazeta\/wp-content\/uploads\/2014\/11\/3011-politica-sefaz-gleilsonmirandasecom.jpg","contentUrl":"https:\/\/nk7-testes.com.br\/agazeta\/wp-content\/uploads\/2014\/11\/3011-politica-sefaz-gleilsonmirandasecom.jpg","width":458,"height":340,"caption":"3011-politica-sefaz-gleilsonmirandasecom"},{"@type":"BreadcrumbList","@id":"https:\/\/nk7-testes.com.br\/agazeta\/prazo-para-parcelamento-de-icms-na-reta-final\/#breadcrumb","itemListElement":[{"@type":"ListItem","position":1,"name":"In\u00edcio","item":"https:\/\/nk7-testes.com.br\/agazeta\/"},{"@type":"ListItem","position":2,"name":"Prazo para parcelamento de ICMS na reta final"}]},{"@type":"WebSite","@id":"https:\/\/nk7-testes.com.br\/agazeta\/#website","url":"https:\/\/nk7-testes.com.br\/agazeta\/","name":"Agazeta.net","description":"Agazeta.net - Not\u00edcias de Rio Branco\/AC","potentialAction":[{"@type":"SearchAction","target":{"@type":"EntryPoint","urlTemplate":"https:\/\/nk7-testes.com.br\/agazeta\/?s={search_term_string}"},"query-input":{"@type":"PropertyValueSpecification","valueRequired":true,"valueName":"search_term_string"}}],"inLanguage":"pt-BR"},{"@type":"Person","@id":"https:\/\/nk7-testes.com.br\/agazeta\/#\/schema\/person\/6d6e25cb0435eb4a02fd44d30b4e3020","name":"Agazeta.Net","url":"https:\/\/nk7-testes.com.br\/agazeta\/author\/agazeta\/"}]}},"_links":{"self":[{"href":"https:\/\/nk7-testes.com.br\/agazeta\/wp-json\/wp\/v2\/posts\/18619","targetHints":{"allow":["GET"]}}],"collection":[{"href":"https:\/\/nk7-testes.com.br\/agazeta\/wp-json\/wp\/v2\/posts"}],"about":[{"href":"https:\/\/nk7-testes.com.br\/agazeta\/wp-json\/wp\/v2\/types\/post"}],"author":[{"embeddable":true,"href":"https:\/\/nk7-testes.com.br\/agazeta\/wp-json\/wp\/v2\/users\/4"}],"replies":[{"embeddable":true,"href":"https:\/\/nk7-testes.com.br\/agazeta\/wp-json\/wp\/v2\/comments?post=18619"}],"version-history":[{"count":0,"href":"https:\/\/nk7-testes.com.br\/agazeta\/wp-json\/wp\/v2\/posts\/18619\/revisions"}],"wp:featuredmedia":[{"embeddable":true,"href":"https:\/\/nk7-testes.com.br\/agazeta\/wp-json\/wp\/v2\/media\/11763"}],"wp:attachment":[{"href":"https:\/\/nk7-testes.com.br\/agazeta\/wp-json\/wp\/v2\/media?parent=18619"}],"wp:term":[{"taxonomy":"category","embeddable":true,"href":"https:\/\/nk7-testes.com.br\/agazeta\/wp-json\/wp\/v2\/categories?post=18619"},{"taxonomy":"post_tag","embeddable":true,"href":"https:\/\/nk7-testes.com.br\/agazeta\/wp-json\/wp\/v2\/tags?post=18619"}],"curies":[{"name":"wp","href":"https:\/\/api.w.org\/{rel}","templated":true}]}}