{"id":18564,"date":"2015-09-25T14:17:33","date_gmt":"2015-09-25T14:17:33","guid":{"rendered":"https:\/\/abarevegan.com.br\/index.php\/2015\/09\/25\/moradores-reclamam-de-obra-inacabada-no-conjunto-esperanca\/"},"modified":"2015-09-25T14:17:33","modified_gmt":"2015-09-25T14:17:33","slug":"moradores-reclamam-de-obra-inacabada-no-conjunto-esperanca","status":"publish","type":"post","link":"https:\/\/nk7-testes.com.br\/agazeta\/moradores-reclamam-de-obra-inacabada-no-conjunto-esperanca\/","title":{"rendered":"Moradores reclamam de obra inacabada no Conjunto Esperan\u00e7a"},"content":{"rendered":"<p style=\"text-align: justify;\">Muro em terrenos da prefeitura amea\u00e7a cair<\/p>\n<p style=\"text-align: justify;\">Os moradores da Rua Montreal Conjunto Esperan\u00e7a 3 est\u00e3o reclamando que a Prefeitura de Rio Branco come\u00e7ou uma obra na rua em junho deste ano e at\u00e9 hoje n\u00e3o acabou a obra. Mas, o que mais est\u00e1 preocupando os moradores \u00e9 um muro que est\u00e1 amea\u00e7ando cair.<\/p>\n<p style=\"text-align: justify;\">Segundo eles, o muro fica em um terreno que a prefeitura teria comprado para duplica\u00e7\u00e3o da rua. Come\u00e7aram as obras, mas at\u00e9 hoje n\u00e3o terminaram. Com isso, metade do muro que n\u00e3o foi demolido est\u00e1 quase caindo. Os moradores temem quando passam por perto.<\/p>\n<p style=\"text-align: justify;\">A assessoria da prefeitura se comprometeu a emitir uma nota explicando os motivos da interrup\u00e7\u00e3o das obras e quando os trabalhos ser\u00e3o reiniciados.<\/p>\n<p style=\"text-align: justify;\"><strong>Resposta<\/strong><\/p>\n<p style=\"text-align: justify;\">A assessoria da Prefeitura de Rio Branco informou quer a responsabilidade da obra na regi\u00e3o \u00e9 do Depasa. O \u00f3rg\u00e3o do estado deu a seguinte explica\u00e7\u00e3o para o problema:<\/p>\n<p>&#8220;A obra de constru\u00e7\u00e3o de uma rua dentro do projeto Ruas do Povo est\u00e1 em andamento. Segundo o engenheiro do \u00f3rg\u00e3o, est\u00e1 sendo constru\u00eddo um muro por dentro da cer\u00e2mica para uma demoli\u00e7\u00e3o de forma segura. Eles frisam que n\u00e3o h\u00e1 risco para os moradores&#8221;.<\/p>\n","protected":false},"excerpt":{"rendered":"<p style=\"text-align: justify;\">Muro em terrenos da prefeitura amea\u00e7a cair<\/p>\n","protected":false},"author":4,"featured_media":18563,"comment_status":"open","ping_status":"open","sticky":false,"template":"","format":"standard","meta":{"jnews-multi-image_gallery":[],"jnews_single_post":[],"jnews_primary_category":[],"jnews_social_meta":[],"jnews_review":[],"enable_review":"","type":"","name":"","summary":"","brand":"","sku":"","good":[],"bad":[],"score_override":"","override_value":"","rating":[],"price":[],"footnotes":""},"categories":[54],"tags":[],"class_list":["post-18564","post","type-post","status-publish","format-standard","has-post-thumbnail","hentry","category-cotidiano"],"yoast_head":"<!-- This site is optimized with the Yoast SEO plugin v26.5 - https:\/\/yoast.com\/wordpress\/plugins\/seo\/ -->\n<title>Moradores reclamam de obra inacabada no Conjunto Esperan\u00e7a - Agazeta.net<\/title>\n<meta name=\"robots\" content=\"index, follow, max-snippet:-1, max-image-preview:large, max-video-preview:-1\" \/>\n<link rel=\"canonical\" href=\"https:\/\/nk7-testes.com.br\/agazeta\/moradores-reclamam-de-obra-inacabada-no-conjunto-esperanca\/\" \/>\n<meta property=\"og:locale\" content=\"pt_BR\" \/>\n<meta property=\"og:type\" content=\"article\" \/>\n<meta property=\"og:title\" content=\"Moradores reclamam de obra inacabada no Conjunto Esperan\u00e7a - Agazeta.net\" \/>\n<meta property=\"og:description\" content=\"Muro em terrenos da prefeitura amea\u00e7a cair\" \/>\n<meta property=\"og:url\" content=\"https:\/\/nk7-testes.com.br\/agazeta\/moradores-reclamam-de-obra-inacabada-no-conjunto-esperanca\/\" \/>\n<meta property=\"og:site_name\" content=\"Agazeta.net\" \/>\n<meta property=\"article:published_time\" content=\"2015-09-25T14:17:33+00:00\" \/>\n<meta property=\"og:image\" content=\"https:\/\/nk7-testes.com.br\/agazeta\/wp-content\/uploads\/2015\/09\/250915-cotidiano-infranosbairros-cleriston.jpg\" \/>\n\t<meta property=\"og:image:width\" content=\"458\" \/>\n\t<meta property=\"og:image:height\" content=\"340\" \/>\n\t<meta property=\"og:image:type\" content=\"image\/jpeg\" \/>\n<meta name=\"author\" content=\"Agazeta.Net\" \/>\n<meta name=\"twitter:card\" content=\"summary_large_image\" \/>\n<meta name=\"twitter:label1\" content=\"Escrito por\" \/>\n\t<meta name=\"twitter:data1\" content=\"Agazeta.Net\" \/>\n\t<meta name=\"twitter:label2\" content=\"Est. tempo de leitura\" \/>\n\t<meta name=\"twitter:data2\" content=\"1 minuto\" \/>\n<script type=\"application\/ld+json\" class=\"yoast-schema-graph\">{\"@context\":\"https:\/\/schema.org\",\"@graph\":[{\"@type\":\"WebPage\",\"@id\":\"https:\/\/nk7-testes.com.br\/agazeta\/moradores-reclamam-de-obra-inacabada-no-conjunto-esperanca\/\",\"url\":\"https:\/\/nk7-testes.com.br\/agazeta\/moradores-reclamam-de-obra-inacabada-no-conjunto-esperanca\/\",\"name\":\"Moradores reclamam de obra inacabada no Conjunto Esperan\u00e7a - Agazeta.net\",\"isPartOf\":{\"@id\":\"https:\/\/nk7-testes.com.br\/agazeta\/#website\"},\"primaryImageOfPage\":{\"@id\":\"https:\/\/nk7-testes.com.br\/agazeta\/moradores-reclamam-de-obra-inacabada-no-conjunto-esperanca\/#primaryimage\"},\"image\":{\"@id\":\"https:\/\/nk7-testes.com.br\/agazeta\/moradores-reclamam-de-obra-inacabada-no-conjunto-esperanca\/#primaryimage\"},\"thumbnailUrl\":\"https:\/\/nk7-testes.com.br\/agazeta\/wp-content\/uploads\/2015\/09\/250915-cotidiano-infranosbairros-cleriston.jpg\",\"datePublished\":\"2015-09-25T14:17:33+00:00\",\"author\":{\"@id\":\"https:\/\/nk7-testes.com.br\/agazeta\/#\/schema\/person\/6d6e25cb0435eb4a02fd44d30b4e3020\"},\"breadcrumb\":{\"@id\":\"https:\/\/nk7-testes.com.br\/agazeta\/moradores-reclamam-de-obra-inacabada-no-conjunto-esperanca\/#breadcrumb\"},\"inLanguage\":\"pt-BR\",\"potentialAction\":[{\"@type\":\"ReadAction\",\"target\":[\"https:\/\/nk7-testes.com.br\/agazeta\/moradores-reclamam-de-obra-inacabada-no-conjunto-esperanca\/\"]}]},{\"@type\":\"ImageObject\",\"inLanguage\":\"pt-BR\",\"@id\":\"https:\/\/nk7-testes.com.br\/agazeta\/moradores-reclamam-de-obra-inacabada-no-conjunto-esperanca\/#primaryimage\",\"url\":\"https:\/\/nk7-testes.com.br\/agazeta\/wp-content\/uploads\/2015\/09\/250915-cotidiano-infranosbairros-cleriston.jpg\",\"contentUrl\":\"https:\/\/nk7-testes.com.br\/agazeta\/wp-content\/uploads\/2015\/09\/250915-cotidiano-infranosbairros-cleriston.jpg\",\"width\":458,\"height\":340,\"caption\":\"250915-cotidiano-infranosbairros-cleriston\"},{\"@type\":\"BreadcrumbList\",\"@id\":\"https:\/\/nk7-testes.com.br\/agazeta\/moradores-reclamam-de-obra-inacabada-no-conjunto-esperanca\/#breadcrumb\",\"itemListElement\":[{\"@type\":\"ListItem\",\"position\":1,\"name\":\"In\u00edcio\",\"item\":\"https:\/\/nk7-testes.com.br\/agazeta\/\"},{\"@type\":\"ListItem\",\"position\":2,\"name\":\"Moradores reclamam de obra inacabada no Conjunto Esperan\u00e7a\"}]},{\"@type\":\"WebSite\",\"@id\":\"https:\/\/nk7-testes.com.br\/agazeta\/#website\",\"url\":\"https:\/\/nk7-testes.com.br\/agazeta\/\",\"name\":\"Agazeta.net\",\"description\":\"Agazeta.net - Not\u00edcias de Rio Branco\/AC\",\"potentialAction\":[{\"@type\":\"SearchAction\",\"target\":{\"@type\":\"EntryPoint\",\"urlTemplate\":\"https:\/\/nk7-testes.com.br\/agazeta\/?s={search_term_string}\"},\"query-input\":{\"@type\":\"PropertyValueSpecification\",\"valueRequired\":true,\"valueName\":\"search_term_string\"}}],\"inLanguage\":\"pt-BR\"},{\"@type\":\"Person\",\"@id\":\"https:\/\/nk7-testes.com.br\/agazeta\/#\/schema\/person\/6d6e25cb0435eb4a02fd44d30b4e3020\",\"name\":\"Agazeta.Net\",\"url\":\"https:\/\/nk7-testes.com.br\/agazeta\/author\/agazeta\/\"}]}<\/script>\n<!-- \/ Yoast SEO plugin. -->","yoast_head_json":{"title":"Moradores reclamam de obra inacabada no Conjunto Esperan\u00e7a - Agazeta.net","robots":{"index":"index","follow":"follow","max-snippet":"max-snippet:-1","max-image-preview":"max-image-preview:large","max-video-preview":"max-video-preview:-1"},"canonical":"https:\/\/nk7-testes.com.br\/agazeta\/moradores-reclamam-de-obra-inacabada-no-conjunto-esperanca\/","og_locale":"pt_BR","og_type":"article","og_title":"Moradores reclamam de obra inacabada no Conjunto Esperan\u00e7a - Agazeta.net","og_description":"Muro em terrenos da prefeitura amea\u00e7a cair","og_url":"https:\/\/nk7-testes.com.br\/agazeta\/moradores-reclamam-de-obra-inacabada-no-conjunto-esperanca\/","og_site_name":"Agazeta.net","article_published_time":"2015-09-25T14:17:33+00:00","og_image":[{"width":458,"height":340,"url":"https:\/\/nk7-testes.com.br\/agazeta\/wp-content\/uploads\/2015\/09\/250915-cotidiano-infranosbairros-cleriston.jpg","type":"image\/jpeg"}],"author":"Agazeta.Net","twitter_card":"summary_large_image","twitter_misc":{"Escrito por":"Agazeta.Net","Est. tempo de leitura":"1 minuto"},"schema":{"@context":"https:\/\/schema.org","@graph":[{"@type":"WebPage","@id":"https:\/\/nk7-testes.com.br\/agazeta\/moradores-reclamam-de-obra-inacabada-no-conjunto-esperanca\/","url":"https:\/\/nk7-testes.com.br\/agazeta\/moradores-reclamam-de-obra-inacabada-no-conjunto-esperanca\/","name":"Moradores reclamam de obra inacabada no Conjunto Esperan\u00e7a - Agazeta.net","isPartOf":{"@id":"https:\/\/nk7-testes.com.br\/agazeta\/#website"},"primaryImageOfPage":{"@id":"https:\/\/nk7-testes.com.br\/agazeta\/moradores-reclamam-de-obra-inacabada-no-conjunto-esperanca\/#primaryimage"},"image":{"@id":"https:\/\/nk7-testes.com.br\/agazeta\/moradores-reclamam-de-obra-inacabada-no-conjunto-esperanca\/#primaryimage"},"thumbnailUrl":"https:\/\/nk7-testes.com.br\/agazeta\/wp-content\/uploads\/2015\/09\/250915-cotidiano-infranosbairros-cleriston.jpg","datePublished":"2015-09-25T14:17:33+00:00","author":{"@id":"https:\/\/nk7-testes.com.br\/agazeta\/#\/schema\/person\/6d6e25cb0435eb4a02fd44d30b4e3020"},"breadcrumb":{"@id":"https:\/\/nk7-testes.com.br\/agazeta\/moradores-reclamam-de-obra-inacabada-no-conjunto-esperanca\/#breadcrumb"},"inLanguage":"pt-BR","potentialAction":[{"@type":"ReadAction","target":["https:\/\/nk7-testes.com.br\/agazeta\/moradores-reclamam-de-obra-inacabada-no-conjunto-esperanca\/"]}]},{"@type":"ImageObject","inLanguage":"pt-BR","@id":"https:\/\/nk7-testes.com.br\/agazeta\/moradores-reclamam-de-obra-inacabada-no-conjunto-esperanca\/#primaryimage","url":"https:\/\/nk7-testes.com.br\/agazeta\/wp-content\/uploads\/2015\/09\/250915-cotidiano-infranosbairros-cleriston.jpg","contentUrl":"https:\/\/nk7-testes.com.br\/agazeta\/wp-content\/uploads\/2015\/09\/250915-cotidiano-infranosbairros-cleriston.jpg","width":458,"height":340,"caption":"250915-cotidiano-infranosbairros-cleriston"},{"@type":"BreadcrumbList","@id":"https:\/\/nk7-testes.com.br\/agazeta\/moradores-reclamam-de-obra-inacabada-no-conjunto-esperanca\/#breadcrumb","itemListElement":[{"@type":"ListItem","position":1,"name":"In\u00edcio","item":"https:\/\/nk7-testes.com.br\/agazeta\/"},{"@type":"ListItem","position":2,"name":"Moradores reclamam de obra inacabada no Conjunto Esperan\u00e7a"}]},{"@type":"WebSite","@id":"https:\/\/nk7-testes.com.br\/agazeta\/#website","url":"https:\/\/nk7-testes.com.br\/agazeta\/","name":"Agazeta.net","description":"Agazeta.net - Not\u00edcias de Rio Branco\/AC","potentialAction":[{"@type":"SearchAction","target":{"@type":"EntryPoint","urlTemplate":"https:\/\/nk7-testes.com.br\/agazeta\/?s={search_term_string}"},"query-input":{"@type":"PropertyValueSpecification","valueRequired":true,"valueName":"search_term_string"}}],"inLanguage":"pt-BR"},{"@type":"Person","@id":"https:\/\/nk7-testes.com.br\/agazeta\/#\/schema\/person\/6d6e25cb0435eb4a02fd44d30b4e3020","name":"Agazeta.Net","url":"https:\/\/nk7-testes.com.br\/agazeta\/author\/agazeta\/"}]}},"_links":{"self":[{"href":"https:\/\/nk7-testes.com.br\/agazeta\/wp-json\/wp\/v2\/posts\/18564","targetHints":{"allow":["GET"]}}],"collection":[{"href":"https:\/\/nk7-testes.com.br\/agazeta\/wp-json\/wp\/v2\/posts"}],"about":[{"href":"https:\/\/nk7-testes.com.br\/agazeta\/wp-json\/wp\/v2\/types\/post"}],"author":[{"embeddable":true,"href":"https:\/\/nk7-testes.com.br\/agazeta\/wp-json\/wp\/v2\/users\/4"}],"replies":[{"embeddable":true,"href":"https:\/\/nk7-testes.com.br\/agazeta\/wp-json\/wp\/v2\/comments?post=18564"}],"version-history":[{"count":0,"href":"https:\/\/nk7-testes.com.br\/agazeta\/wp-json\/wp\/v2\/posts\/18564\/revisions"}],"wp:featuredmedia":[{"embeddable":true,"href":"https:\/\/nk7-testes.com.br\/agazeta\/wp-json\/wp\/v2\/media\/18563"}],"wp:attachment":[{"href":"https:\/\/nk7-testes.com.br\/agazeta\/wp-json\/wp\/v2\/media?parent=18564"}],"wp:term":[{"taxonomy":"category","embeddable":true,"href":"https:\/\/nk7-testes.com.br\/agazeta\/wp-json\/wp\/v2\/categories?post=18564"},{"taxonomy":"post_tag","embeddable":true,"href":"https:\/\/nk7-testes.com.br\/agazeta\/wp-json\/wp\/v2\/tags?post=18564"}],"curies":[{"name":"wp","href":"https:\/\/api.w.org\/{rel}","templated":true}]}}