{"id":18562,"date":"2015-09-24T22:31:44","date_gmt":"2015-09-24T22:31:44","guid":{"rendered":"https:\/\/abarevegan.com.br\/index.php\/2015\/09\/24\/do-apresentador-ao-cenario-tudo-novo\/"},"modified":"2015-09-24T22:31:44","modified_gmt":"2015-09-24T22:31:44","slug":"do-apresentador-ao-cenario-tudo-novo","status":"publish","type":"post","link":"https:\/\/nk7-testes.com.br\/agazeta\/do-apresentador-ao-cenario-tudo-novo\/","title":{"rendered":"Do apresentador ao cen\u00e1rio: tudo novo"},"content":{"rendered":"<p style=\"text-align: justify;\">Oitava edi\u00e7\u00e3o de A Fazenda encanta pela renova\u00e7\u00e3o<\/p>\n<p style=\"text-align: justify;\">A oitava temporada de A Fazenda estreou na noite desta quarta-feira, dia 23. Entre as novidades, a sede d\u2019A Fazenda em Itu (interior de SP) ganhou nova decora\u00e7\u00e3o. <br \/>Tudo novo para receber os 16 participantes desta edi\u00e7\u00e3o. Destaque para a cozinha, quarto, banheiro, varanda e a \u00e1rea zen em volta da piscina. Os participantes cuidar\u00e3o da rotina da casa e tamb\u00e9m da alimenta\u00e7\u00e3o dos bichos diariamente.<\/p>\n<p style=\"text-align: justify;\">Na estreia de Marcelo Bimbi, a pol\u00eamica entrevista de apresenta\u00e7\u00e3o que mostrou ao Brasil inteiro quem \u00e9 o acriano que \u201cest\u00e1 focado no jogo\u201d. Nas redes sociais, a fala do participante do Acre repercutiu muito. Vamos conhecer quem s\u00e3o todos os participantes do reality show da Record que vai tirar da rotina o brasileiro que gosta de uma programa\u00e7\u00e3o com qualidade.<\/p>\n<p style=\"text-align: justify;\">Na estreia do reality show A Fazenda, na noite desta quarta-feira, dia 23\/9, foram revelados os 16 participantes que concorrem ao pr\u00eamio de R$ 2 milh\u00f5es.<\/p>\n<p style=\"text-align: justify;\"><strong>EDU K<\/strong><\/p>\n<p style=\"text-align: justify;\"><em>M\u00daSICO, APRESENTADOR E PRODUTOR MUSICAL<\/em><\/p>\n<p style=\"text-align: justify;\"><strong><em>46 anos \/ Solteiro<\/em><\/strong><\/p>\n<p style=\"text-align: justify;\">Nasceu e mora em Porto Alegre (RS)<br \/>Vocalista da banda DeFalla, que, em 2000, emplacou o hit \u201cPopozuda Rock\u2019n Roll\u201d, Edu K tamb\u00e9m atua com apresentador. O document\u00e1rio \u201cSobre Amanh\u00e3\u201d narra a trajet\u00f3ria de sua banda. <\/p>\n<p><strong>THIAGO SERVO<\/strong><\/p>\n<p style=\"text-align: justify;\">CANTOR SERTANEJO<\/p>\n<p style=\"text-align: justify;\"><strong><em>29 anos \/ Solteiro, tem 2 filhos<\/em><\/strong><\/p>\n<p style=\"text-align: justify;\">Nasceu em Maring\u00e1 (PR) e mora em S\u00e3o Paulo (SP)<br \/>Ficou conhecido nacionalmente ao fazer parte da dupla \u201cThaeme e Thiago\u201d e lan\u00e7ar os hits \u201cAi que D\u00f3\u201d e \u201cPerdeu\u201d. Com o fim da parceria, quase foi \u00e0 fal\u00eancia. Atualmente, segue em carreira solo com repert\u00f3rio rom\u00e2ntico.<\/p>\n<p><strong>OVELHA<\/strong><\/p>\n<p style=\"text-align: justify;\">CANTOR<\/p>\n<p style=\"text-align: justify;\"><strong><em>60 anos\/ Casado, tem 5 filhos<\/em><\/strong><\/p>\n<p style=\"text-align: justify;\">Nasceu em Recife (PE) e mora em S\u00e3o Paulo (SP)<br \/>Chegou ao sucesso nos anos 1980 com o hit \u201cTe Amo, o que Mais Posso Dizer?\u201d, tornando-se uma presen\u00e7a constante nos programas de audit\u00f3rio da \u00e9poca. Vaidoso, gosta de falar de suas conquistas amorosas.<\/p>\n<p><strong>MARCELO BIMBI<\/strong><\/p>\n<p style=\"text-align: justify;\">MODELO E ATOR<\/p>\n<p style=\"text-align: justify;\"><strong><em>30 anos\/ Solteiro, tem 1 filho<\/em><\/strong><\/p>\n<p style=\"text-align: justify;\">Nasceu em Rio Branco (AC) e mora no Rio de Janeiro (RJ)<br \/>O modelo, que ganhou o concurso de moda Tic Tac Mega Models e foi jogador de futebol, atualmente estuda teatro. J\u00e1 estampou campanhas publicit\u00e1rias de importantes marcas brasileiras.<\/p>\n<p><strong>DOUGLAS SAMPAIO<\/strong><\/p>\n<p style=\"text-align: justify;\">ATOR E CANTOR<\/p>\n<p style=\"text-align: justify;\"><strong><em>22 anos\/Solteiro, tem 1 filho<\/em><\/strong><\/p>\n<p style=\"text-align: justify;\">Nasceu e mora no Rio de Janeiro (RJ)<br \/>O ator j\u00e1 participou de algumas novelas e faz parte de uma dupla sertaneja. Al\u00e9m disso, o rapaz, que \u00e9 pai de um menino de 5 anos, j\u00e1 namorou a atriz Camila Camargo, filha de Zez\u00e9 Di Camargo.<\/p>\n<p><strong>JO\u00c3O PAULO MANTOVANI<\/strong><\/p>\n<p style=\"text-align: justify;\">MODELO E ATOR<\/p>\n<p style=\"text-align: justify;\"><em><strong>36 ANOS\/ Solteiro<\/strong><\/em><\/p>\n<p style=\"text-align: justify;\">Nasceu e mora em S\u00e3o Paulo (SP)<br \/>Formado em Direito, o ator e modelo j\u00e1 morou na It\u00e1lia e em Portugal. No Brasil, ele j\u00e1 participou de diversas campanhas publicit\u00e1rias. Fora isso, tem uma empresa de embalagens descart\u00e1veis e uma produtora audiovisual.<\/p>\n<p><strong>AMARAL<\/strong><\/p>\n<p style=\"text-align: justify;\">EX-JOGADOR DE FUTEBOL<\/p>\n<p style=\"text-align: justify;\"><strong><em>42 anos \/ Solteiro, tem 2 filhos<\/em><\/strong><\/p>\n<p style=\"text-align: justify;\">Nasceu e mora em Capivari (SP)<br \/>O ex-volante atuou em importantes clubes como Palmeiras, Corinthians, Vasco, Benfica e Fiorentina. Encerrou carreira em 2013, mas atuou no Capivariano de sua cidade natal no come\u00e7o de 2015. Durante sua carreira, foi sempre descrito como folcl\u00f3rico e divertido: ficou famosa a hist\u00f3ria de que foi coveiro antes de emplacar no futebol.<\/p>\n<p><strong>LUKA RIBEIRO<\/strong><\/p>\n<p style=\"text-align: justify;\">ATOR<\/p>\n<p style=\"text-align: justify;\"><strong><em>44 anos\/ Solteiro, tem 1 filha<\/em><\/strong><\/p>\n<p style=\"text-align: justify;\">Nasceu e mora no Rio de Janeiro (RJ)<\/p>\n<p style=\"text-align: justify;\">O ator participou de uma s\u00e9rie de novelas da Record. Al\u00e9m disso, tem uma banda de pop-rock, que costuma se apresentar em bares do Rio de Janeiro.<\/p>\n<p><strong>REBECA GUSM\u00c3O<\/strong><\/p>\n<p style=\"text-align: justify;\">EX-NADADORA E MODELO FITNESS<\/p>\n<p style=\"text-align: justify;\"><strong><em>31 anos\/ Solteira<\/em><\/strong><\/p>\n<p style=\"text-align: justify;\">Nasceu e mora em Bras\u00edlia (DF)<\/p>\n<p style=\"text-align: justify;\">Chocou o mundo esportivo ao, em 2007, ser pega em um exame antidoping no Pan-Americano do Rio de Janeiro. O teste positivo fez com que ela perdesse as quatro medalhas que conquistara na competi\u00e7\u00e3o. Atualmente, \u00e9 modelo fitness e personal trainer.<\/p>\n<p><strong>LI MARTINS<\/strong><\/p>\n<p style=\"text-align: justify;\">CANTORA E ATRIZ<\/p>\n<p style=\"text-align: justify;\"><strong><em>31 anos\/ Casada<\/em><\/strong><\/p>\n<p style=\"text-align: justify;\">Nasceu em Sertan\u00f3polis (PR) e mora em S\u00e3o Paulo (SP)<\/p>\n<p style=\"text-align: justify;\">Revelada em um reality show, fez parte do grupo Rouge no in\u00edcio dos anos 2000. Com o fim da banda, participou de uma s\u00e9rie de musicais, como \u201cMiss Saigon\u201d e \u201cA Bela e a Fera\u201d.<\/p>\n<p><strong>VERIDIANA FREITAS<\/strong><\/p>\n<p style=\"text-align: justify;\">MODELO<\/p>\n<p style=\"text-align: justify;\"><strong><em>27 anos\/ Solteira<\/em><\/strong><\/p>\n<p style=\"text-align: justify;\">Nasceu em Porto Uni\u00e3o (SC) e mora no Rio de Janeiro (RJ)<\/p>\n<p style=\"text-align: justify;\">Ficou famosa por ter se envolvido com Enzo Celulari e Ricardo Macchi em um mesmo camarote no Carnaval de 2014. A modelo, que diz tido um affair com o jogador Emerson Sheik, j\u00e1 foi capa da revista \u201cPlayboy\u201d.<\/p>\n<p><strong>ANA PAULA MINERATO<\/strong><\/p>\n<p style=\"text-align: justify;\">MODELO<\/p>\n<p style=\"text-align: justify;\"><strong><em>24 anos\/ Solteira<\/em><\/strong><\/p>\n<p style=\"text-align: justify;\">Nasceu e mora em S\u00e3o Paulo (SP)<\/p>\n<p style=\"text-align: justify;\">A modelo, que j\u00e1 posou nua para a revista \u201cSexy\u201d, \u00e9 musa da escola de samba Gavi\u00f5es da Fiel e j\u00e1 foi assistente de palco de uma atra\u00e7\u00e3o de humor da TV. Atualmente, apresenta um programa de r\u00e1dio.<\/p>\n<p><strong>RAYANNE MORAIS<\/strong><\/p>\n<p style=\"text-align: justify;\">MODELO, ATRIZ E MISS<\/p>\n<p style=\"text-align: justify;\"><strong><em>27 anos \/ Separada<\/em><\/strong><\/p>\n<p style=\"text-align: justify;\">Nasceu em Jeceaba (MG) e mora entre S\u00e3o Paulo e Rio de Janeiro.<\/p>\n<p style=\"text-align: justify;\">A atriz e modelo alcan\u00e7ou a fama nacional ao se casar com o cantor Latino. O durou um pouco mais de um ano. Foi eleita Miss Brasil Internacional em 2009 e Miss Rio de Janeiro em 2012. Foi musa da escola de samba Grande Rio no Carnaval carioca de 2015.<\/p>\n<p><strong>QUELYNAH<\/strong><\/p>\n<p style=\"text-align: justify;\">ATRIZ E CANTORA<\/p>\n<p style=\"text-align: justify;\"><strong><em>33 anos\/Solteira<\/em><\/strong><\/p>\n<p style=\"text-align: justify;\">Protagonista do filme \u201cAnt\u00f4nia\u201d, de Tata Amaral, destaca-se no universo do hip-hop. Ao se afastar dos holofotes, entrou em depress\u00e3o. Tem uma filha de 10 anos com o rapper Tha\u00edde e atualmente est\u00e1 retomando a carreira de cantora.<\/p>\n<p style=\"text-align: justify;\"><strong>CARLA PRATA<\/strong><\/p>\n<p style=\"text-align: justify;\">BAILARINA, REP\u00d3RTER E MODELO<\/p>\n<p style=\"text-align: justify;\"><strong><em>31 anos\/ Tem namorado<\/em><\/strong><\/p>\n<p style=\"text-align: justify;\">Nasceu e mora no Rio de Janeiro (RJ)<\/p>\n<p style=\"text-align: justify;\">Foi dan\u00e7arina de um programa de audit\u00f3rio e musa da escola de samba Uni\u00e3o da Ilha no Carnaval carioca de 2015. Al\u00e9m de dan\u00e7ar, Carla j\u00e1 trabalhou como rep\u00f3rter de programas de TV.<\/p>\n<p><strong>MARA MARAVILHA<\/strong><\/p>\n<p style=\"text-align: justify;\">CANTORA E APRESENTADORA<\/p>\n<p style=\"text-align: justify;\"><strong><em>47 anos\/ Solteira<\/em><\/strong><\/p>\n<p style=\"text-align: justify;\">Nasceu em Itapetininga (BA) e mora em Alphaville (SP)<\/p>\n<p style=\"text-align: justify;\">Famosa apresentadora infantil, viveu o auge do sucesso em meados dos anos 1980. Com mais de 30 anos de carreira e 29 discos lan\u00e7ados, estreou na TV em 1982 com o \u201cShow Maravilha\u201d. Em 1990 posou nua para a revista \u201cPlayboy\u201d. Atualmente, dedica-se \u00e0 carreira gospel.<\/p>\n","protected":false},"excerpt":{"rendered":"<p style=\"text-align: justify;\">Oitava edi\u00e7\u00e3o de A Fazenda encanta pela renova\u00e7\u00e3o<\/p>\n","protected":false},"author":4,"featured_media":18561,"comment_status":"open","ping_status":"open","sticky":false,"template":"","format":"standard","meta":{"jnews-multi-image_gallery":[],"jnews_single_post":[],"jnews_primary_category":[],"jnews_social_meta":[],"jnews_review":[],"enable_review":"","type":"","name":"","summary":"","brand":"","sku":"","good":[],"bad":[],"score_override":"","override_value":"","rating":[],"price":[],"footnotes":""},"categories":[54],"tags":[],"class_list":["post-18562","post","type-post","status-publish","format-standard","has-post-thumbnail","hentry","category-cotidiano"],"yoast_head":"<!-- This site is optimized with the Yoast SEO plugin v26.5 - https:\/\/yoast.com\/wordpress\/plugins\/seo\/ -->\n<title>Do apresentador ao cen\u00e1rio: tudo novo - Agazeta.net<\/title>\n<meta name=\"robots\" content=\"index, follow, max-snippet:-1, max-image-preview:large, max-video-preview:-1\" \/>\n<link rel=\"canonical\" href=\"https:\/\/nk7-testes.com.br\/agazeta\/do-apresentador-ao-cenario-tudo-novo\/\" \/>\n<meta property=\"og:locale\" content=\"pt_BR\" \/>\n<meta property=\"og:type\" content=\"article\" \/>\n<meta property=\"og:title\" content=\"Do apresentador ao cen\u00e1rio: tudo novo - Agazeta.net\" \/>\n<meta property=\"og:description\" content=\"Oitava edi\u00e7\u00e3o de A Fazenda encanta pela renova\u00e7\u00e3o\" \/>\n<meta property=\"og:url\" content=\"https:\/\/nk7-testes.com.br\/agazeta\/do-apresentador-ao-cenario-tudo-novo\/\" \/>\n<meta property=\"og:site_name\" content=\"Agazeta.net\" \/>\n<meta property=\"article:published_time\" content=\"2015-09-24T22:31:44+00:00\" \/>\n<meta property=\"og:image\" content=\"https:\/\/nk7-testes.com.br\/agazeta\/wp-content\/uploads\/2015\/09\/240915-cotidiano-afazenda-tvgazeta.jpg\" \/>\n\t<meta property=\"og:image:width\" content=\"458\" \/>\n\t<meta property=\"og:image:height\" content=\"340\" \/>\n\t<meta property=\"og:image:type\" content=\"image\/jpeg\" \/>\n<meta name=\"author\" content=\"Agazeta.Net\" \/>\n<meta name=\"twitter:card\" content=\"summary_large_image\" \/>\n<meta name=\"twitter:label1\" content=\"Escrito por\" \/>\n\t<meta name=\"twitter:data1\" content=\"Agazeta.Net\" \/>\n\t<meta name=\"twitter:label2\" content=\"Est. tempo de leitura\" \/>\n\t<meta name=\"twitter:data2\" content=\"5 minutos\" \/>\n<script type=\"application\/ld+json\" class=\"yoast-schema-graph\">{\"@context\":\"https:\/\/schema.org\",\"@graph\":[{\"@type\":\"WebPage\",\"@id\":\"https:\/\/nk7-testes.com.br\/agazeta\/do-apresentador-ao-cenario-tudo-novo\/\",\"url\":\"https:\/\/nk7-testes.com.br\/agazeta\/do-apresentador-ao-cenario-tudo-novo\/\",\"name\":\"Do apresentador ao cen\u00e1rio: tudo novo - Agazeta.net\",\"isPartOf\":{\"@id\":\"https:\/\/nk7-testes.com.br\/agazeta\/#website\"},\"primaryImageOfPage\":{\"@id\":\"https:\/\/nk7-testes.com.br\/agazeta\/do-apresentador-ao-cenario-tudo-novo\/#primaryimage\"},\"image\":{\"@id\":\"https:\/\/nk7-testes.com.br\/agazeta\/do-apresentador-ao-cenario-tudo-novo\/#primaryimage\"},\"thumbnailUrl\":\"https:\/\/nk7-testes.com.br\/agazeta\/wp-content\/uploads\/2015\/09\/240915-cotidiano-afazenda-tvgazeta.jpg\",\"datePublished\":\"2015-09-24T22:31:44+00:00\",\"author\":{\"@id\":\"https:\/\/nk7-testes.com.br\/agazeta\/#\/schema\/person\/6d6e25cb0435eb4a02fd44d30b4e3020\"},\"breadcrumb\":{\"@id\":\"https:\/\/nk7-testes.com.br\/agazeta\/do-apresentador-ao-cenario-tudo-novo\/#breadcrumb\"},\"inLanguage\":\"pt-BR\",\"potentialAction\":[{\"@type\":\"ReadAction\",\"target\":[\"https:\/\/nk7-testes.com.br\/agazeta\/do-apresentador-ao-cenario-tudo-novo\/\"]}]},{\"@type\":\"ImageObject\",\"inLanguage\":\"pt-BR\",\"@id\":\"https:\/\/nk7-testes.com.br\/agazeta\/do-apresentador-ao-cenario-tudo-novo\/#primaryimage\",\"url\":\"https:\/\/nk7-testes.com.br\/agazeta\/wp-content\/uploads\/2015\/09\/240915-cotidiano-afazenda-tvgazeta.jpg\",\"contentUrl\":\"https:\/\/nk7-testes.com.br\/agazeta\/wp-content\/uploads\/2015\/09\/240915-cotidiano-afazenda-tvgazeta.jpg\",\"width\":458,\"height\":340,\"caption\":\"240915-cotidiano-afazenda-tvgazeta\"},{\"@type\":\"BreadcrumbList\",\"@id\":\"https:\/\/nk7-testes.com.br\/agazeta\/do-apresentador-ao-cenario-tudo-novo\/#breadcrumb\",\"itemListElement\":[{\"@type\":\"ListItem\",\"position\":1,\"name\":\"In\u00edcio\",\"item\":\"https:\/\/nk7-testes.com.br\/agazeta\/\"},{\"@type\":\"ListItem\",\"position\":2,\"name\":\"Do apresentador ao cen\u00e1rio: tudo novo\"}]},{\"@type\":\"WebSite\",\"@id\":\"https:\/\/nk7-testes.com.br\/agazeta\/#website\",\"url\":\"https:\/\/nk7-testes.com.br\/agazeta\/\",\"name\":\"Agazeta.net\",\"description\":\"Agazeta.net - Not\u00edcias de Rio Branco\/AC\",\"potentialAction\":[{\"@type\":\"SearchAction\",\"target\":{\"@type\":\"EntryPoint\",\"urlTemplate\":\"https:\/\/nk7-testes.com.br\/agazeta\/?s={search_term_string}\"},\"query-input\":{\"@type\":\"PropertyValueSpecification\",\"valueRequired\":true,\"valueName\":\"search_term_string\"}}],\"inLanguage\":\"pt-BR\"},{\"@type\":\"Person\",\"@id\":\"https:\/\/nk7-testes.com.br\/agazeta\/#\/schema\/person\/6d6e25cb0435eb4a02fd44d30b4e3020\",\"name\":\"Agazeta.Net\",\"url\":\"https:\/\/nk7-testes.com.br\/agazeta\/author\/agazeta\/\"}]}<\/script>\n<!-- \/ Yoast SEO plugin. -->","yoast_head_json":{"title":"Do apresentador ao cen\u00e1rio: tudo novo - Agazeta.net","robots":{"index":"index","follow":"follow","max-snippet":"max-snippet:-1","max-image-preview":"max-image-preview:large","max-video-preview":"max-video-preview:-1"},"canonical":"https:\/\/nk7-testes.com.br\/agazeta\/do-apresentador-ao-cenario-tudo-novo\/","og_locale":"pt_BR","og_type":"article","og_title":"Do apresentador ao cen\u00e1rio: tudo novo - Agazeta.net","og_description":"Oitava edi\u00e7\u00e3o de A Fazenda encanta pela renova\u00e7\u00e3o","og_url":"https:\/\/nk7-testes.com.br\/agazeta\/do-apresentador-ao-cenario-tudo-novo\/","og_site_name":"Agazeta.net","article_published_time":"2015-09-24T22:31:44+00:00","og_image":[{"width":458,"height":340,"url":"https:\/\/nk7-testes.com.br\/agazeta\/wp-content\/uploads\/2015\/09\/240915-cotidiano-afazenda-tvgazeta.jpg","type":"image\/jpeg"}],"author":"Agazeta.Net","twitter_card":"summary_large_image","twitter_misc":{"Escrito por":"Agazeta.Net","Est. tempo de leitura":"5 minutos"},"schema":{"@context":"https:\/\/schema.org","@graph":[{"@type":"WebPage","@id":"https:\/\/nk7-testes.com.br\/agazeta\/do-apresentador-ao-cenario-tudo-novo\/","url":"https:\/\/nk7-testes.com.br\/agazeta\/do-apresentador-ao-cenario-tudo-novo\/","name":"Do apresentador ao cen\u00e1rio: tudo novo - Agazeta.net","isPartOf":{"@id":"https:\/\/nk7-testes.com.br\/agazeta\/#website"},"primaryImageOfPage":{"@id":"https:\/\/nk7-testes.com.br\/agazeta\/do-apresentador-ao-cenario-tudo-novo\/#primaryimage"},"image":{"@id":"https:\/\/nk7-testes.com.br\/agazeta\/do-apresentador-ao-cenario-tudo-novo\/#primaryimage"},"thumbnailUrl":"https:\/\/nk7-testes.com.br\/agazeta\/wp-content\/uploads\/2015\/09\/240915-cotidiano-afazenda-tvgazeta.jpg","datePublished":"2015-09-24T22:31:44+00:00","author":{"@id":"https:\/\/nk7-testes.com.br\/agazeta\/#\/schema\/person\/6d6e25cb0435eb4a02fd44d30b4e3020"},"breadcrumb":{"@id":"https:\/\/nk7-testes.com.br\/agazeta\/do-apresentador-ao-cenario-tudo-novo\/#breadcrumb"},"inLanguage":"pt-BR","potentialAction":[{"@type":"ReadAction","target":["https:\/\/nk7-testes.com.br\/agazeta\/do-apresentador-ao-cenario-tudo-novo\/"]}]},{"@type":"ImageObject","inLanguage":"pt-BR","@id":"https:\/\/nk7-testes.com.br\/agazeta\/do-apresentador-ao-cenario-tudo-novo\/#primaryimage","url":"https:\/\/nk7-testes.com.br\/agazeta\/wp-content\/uploads\/2015\/09\/240915-cotidiano-afazenda-tvgazeta.jpg","contentUrl":"https:\/\/nk7-testes.com.br\/agazeta\/wp-content\/uploads\/2015\/09\/240915-cotidiano-afazenda-tvgazeta.jpg","width":458,"height":340,"caption":"240915-cotidiano-afazenda-tvgazeta"},{"@type":"BreadcrumbList","@id":"https:\/\/nk7-testes.com.br\/agazeta\/do-apresentador-ao-cenario-tudo-novo\/#breadcrumb","itemListElement":[{"@type":"ListItem","position":1,"name":"In\u00edcio","item":"https:\/\/nk7-testes.com.br\/agazeta\/"},{"@type":"ListItem","position":2,"name":"Do apresentador ao cen\u00e1rio: tudo novo"}]},{"@type":"WebSite","@id":"https:\/\/nk7-testes.com.br\/agazeta\/#website","url":"https:\/\/nk7-testes.com.br\/agazeta\/","name":"Agazeta.net","description":"Agazeta.net - Not\u00edcias de Rio Branco\/AC","potentialAction":[{"@type":"SearchAction","target":{"@type":"EntryPoint","urlTemplate":"https:\/\/nk7-testes.com.br\/agazeta\/?s={search_term_string}"},"query-input":{"@type":"PropertyValueSpecification","valueRequired":true,"valueName":"search_term_string"}}],"inLanguage":"pt-BR"},{"@type":"Person","@id":"https:\/\/nk7-testes.com.br\/agazeta\/#\/schema\/person\/6d6e25cb0435eb4a02fd44d30b4e3020","name":"Agazeta.Net","url":"https:\/\/nk7-testes.com.br\/agazeta\/author\/agazeta\/"}]}},"_links":{"self":[{"href":"https:\/\/nk7-testes.com.br\/agazeta\/wp-json\/wp\/v2\/posts\/18562","targetHints":{"allow":["GET"]}}],"collection":[{"href":"https:\/\/nk7-testes.com.br\/agazeta\/wp-json\/wp\/v2\/posts"}],"about":[{"href":"https:\/\/nk7-testes.com.br\/agazeta\/wp-json\/wp\/v2\/types\/post"}],"author":[{"embeddable":true,"href":"https:\/\/nk7-testes.com.br\/agazeta\/wp-json\/wp\/v2\/users\/4"}],"replies":[{"embeddable":true,"href":"https:\/\/nk7-testes.com.br\/agazeta\/wp-json\/wp\/v2\/comments?post=18562"}],"version-history":[{"count":0,"href":"https:\/\/nk7-testes.com.br\/agazeta\/wp-json\/wp\/v2\/posts\/18562\/revisions"}],"wp:featuredmedia":[{"embeddable":true,"href":"https:\/\/nk7-testes.com.br\/agazeta\/wp-json\/wp\/v2\/media\/18561"}],"wp:attachment":[{"href":"https:\/\/nk7-testes.com.br\/agazeta\/wp-json\/wp\/v2\/media?parent=18562"}],"wp:term":[{"taxonomy":"category","embeddable":true,"href":"https:\/\/nk7-testes.com.br\/agazeta\/wp-json\/wp\/v2\/categories?post=18562"},{"taxonomy":"post_tag","embeddable":true,"href":"https:\/\/nk7-testes.com.br\/agazeta\/wp-json\/wp\/v2\/tags?post=18562"}],"curies":[{"name":"wp","href":"https:\/\/api.w.org\/{rel}","templated":true}]}}