{"id":18537,"date":"2015-09-24T14:55:57","date_gmt":"2015-09-24T14:55:57","guid":{"rendered":"https:\/\/abarevegan.com.br\/index.php\/2015\/09\/24\/primeira-noite-d-a-fazenda-foi-sucesso\/"},"modified":"2015-09-24T14:55:57","modified_gmt":"2015-09-24T14:55:57","slug":"primeira-noite-d-a-fazenda-foi-sucesso","status":"publish","type":"post","link":"https:\/\/nk7-testes.com.br\/agazeta\/primeira-noite-d-a-fazenda-foi-sucesso\/","title":{"rendered":"Primeira noite d\u2019A Fazenda apresentou os &#8220;personagens&#8221;"},"content":{"rendered":"<p style=\"text-align: justify;\">M\u00e3e de Marcelo (de verde) acompanhou tudo<\/p>\n<p style=\"text-align: justify;\">A senhora \u00c1lia Ganum, m\u00e3e de Marcelo Bimbi, n\u00e3o estava em casa no in\u00edcio do programa. Acompanhou toda movimenta\u00e7\u00e3o na casa de uma amiga, onde participava de uma \u201cc\u00e9lula\u201d (grupo de evangeliza\u00e7\u00e3o) no Tropical, bairro de classe m\u00e9dia de Rio Branco.<\/p>\n<p style=\"text-align: justify;\">Na apresenta\u00e7\u00e3o dos integrantes do reality show da Record, A Fazenda, o acriano Marcelo Bimbi \u201cpartiu pra cima\u201d. J\u00e1 construiu uma determinada imagem para o p\u00fablico. \u201cO que tiver que acontecer, vai acontecer e eu n\u00e3o pe\u00e7o desculpas\u201d.<\/p>\n<p style=\"text-align: justify;\">Sobre o talento para conquistas, deixou longe a mod\u00e9stia. \u201cSe eu gostar de alguma mulher eu vou pra cima e eu consigo\u201d. E sobre a determina\u00e7\u00e3o em participar, avisou. \u201cEu estou aqui para jogar e determinado a ganhar o reality\u201d.<\/p>\n<p style=\"text-align: justify;\">\u00c1lia Ganum observava tudo. Cada movimento. Cada detalhe, era objeto de um coment\u00e1rio e muitas lembran\u00e7as. \u201cEle \u00e9 um filho muito dedicado, muito atencioso. Eu estou muito emocionada pelo fato de ele estar participando\u201d, emocionou-se. \u201cEle \u00e9 uma pessoa que gosta muito do Acre, \u00e9 muito humilde\u201d.<\/p>\n<p style=\"text-align: justify;\">Sobre o fato de \u201cgostar muito do Acre\u201d, Bimbi deixou isso registrado para sempre. Em uma das pernas, tatuou uma seringueira (\u00e1rvores s\u00edmbolo do Estado).<\/p>\n","protected":false},"excerpt":{"rendered":"<p style=\"text-align: justify;\">M\u00e3e de Marcelo (de verde) acompanhou tudo<\/p>\n","protected":false},"author":4,"featured_media":18536,"comment_status":"open","ping_status":"open","sticky":false,"template":"","format":"standard","meta":{"jnews-multi-image_gallery":[],"jnews_single_post":[],"jnews_primary_category":[],"jnews_social_meta":[],"jnews_review":[],"enable_review":"","type":"","name":"","summary":"","brand":"","sku":"","good":[],"bad":[],"score_override":"","override_value":"","rating":[],"price":[],"footnotes":""},"categories":[54],"tags":[],"class_list":["post-18537","post","type-post","status-publish","format-standard","has-post-thumbnail","hentry","category-cotidiano"],"yoast_head":"<!-- This site is optimized with the Yoast SEO plugin v26.5 - https:\/\/yoast.com\/wordpress\/plugins\/seo\/ -->\n<title>Primeira noite d\u2019A Fazenda apresentou os &quot;personagens&quot; - Agazeta.net<\/title>\n<meta name=\"robots\" content=\"index, follow, max-snippet:-1, max-image-preview:large, max-video-preview:-1\" \/>\n<link rel=\"canonical\" href=\"https:\/\/nk7-testes.com.br\/agazeta\/primeira-noite-d-a-fazenda-foi-sucesso\/\" \/>\n<meta property=\"og:locale\" content=\"pt_BR\" \/>\n<meta property=\"og:type\" content=\"article\" \/>\n<meta property=\"og:title\" content=\"Primeira noite d\u2019A Fazenda apresentou os &quot;personagens&quot; - Agazeta.net\" \/>\n<meta property=\"og:description\" content=\"M\u00e3e de Marcelo (de verde) acompanhou tudo\" \/>\n<meta property=\"og:url\" content=\"https:\/\/nk7-testes.com.br\/agazeta\/primeira-noite-d-a-fazenda-foi-sucesso\/\" \/>\n<meta property=\"og:site_name\" content=\"Agazeta.net\" \/>\n<meta property=\"article:published_time\" content=\"2015-09-24T14:55:57+00:00\" \/>\n<meta property=\"og:image\" content=\"https:\/\/nk7-testes.com.br\/agazeta\/wp-content\/uploads\/2015\/09\/240915-cotidiano-marcelobimbi-divulgacao2.jpg\" \/>\n\t<meta property=\"og:image:width\" content=\"458\" \/>\n\t<meta property=\"og:image:height\" content=\"340\" \/>\n\t<meta property=\"og:image:type\" content=\"image\/jpeg\" \/>\n<meta name=\"author\" content=\"Agazeta.Net\" \/>\n<meta name=\"twitter:card\" content=\"summary_large_image\" \/>\n<meta name=\"twitter:label1\" content=\"Escrito por\" \/>\n\t<meta name=\"twitter:data1\" content=\"Agazeta.Net\" \/>\n\t<meta name=\"twitter:label2\" content=\"Est. tempo de leitura\" \/>\n\t<meta name=\"twitter:data2\" content=\"1 minuto\" \/>\n<script type=\"application\/ld+json\" class=\"yoast-schema-graph\">{\"@context\":\"https:\/\/schema.org\",\"@graph\":[{\"@type\":\"WebPage\",\"@id\":\"https:\/\/nk7-testes.com.br\/agazeta\/primeira-noite-d-a-fazenda-foi-sucesso\/\",\"url\":\"https:\/\/nk7-testes.com.br\/agazeta\/primeira-noite-d-a-fazenda-foi-sucesso\/\",\"name\":\"Primeira noite d\u2019A Fazenda apresentou os \\\"personagens\\\" - Agazeta.net\",\"isPartOf\":{\"@id\":\"https:\/\/nk7-testes.com.br\/agazeta\/#website\"},\"primaryImageOfPage\":{\"@id\":\"https:\/\/nk7-testes.com.br\/agazeta\/primeira-noite-d-a-fazenda-foi-sucesso\/#primaryimage\"},\"image\":{\"@id\":\"https:\/\/nk7-testes.com.br\/agazeta\/primeira-noite-d-a-fazenda-foi-sucesso\/#primaryimage\"},\"thumbnailUrl\":\"https:\/\/nk7-testes.com.br\/agazeta\/wp-content\/uploads\/2015\/09\/240915-cotidiano-marcelobimbi-divulgacao2.jpg\",\"datePublished\":\"2015-09-24T14:55:57+00:00\",\"author\":{\"@id\":\"https:\/\/nk7-testes.com.br\/agazeta\/#\/schema\/person\/6d6e25cb0435eb4a02fd44d30b4e3020\"},\"breadcrumb\":{\"@id\":\"https:\/\/nk7-testes.com.br\/agazeta\/primeira-noite-d-a-fazenda-foi-sucesso\/#breadcrumb\"},\"inLanguage\":\"pt-BR\",\"potentialAction\":[{\"@type\":\"ReadAction\",\"target\":[\"https:\/\/nk7-testes.com.br\/agazeta\/primeira-noite-d-a-fazenda-foi-sucesso\/\"]}]},{\"@type\":\"ImageObject\",\"inLanguage\":\"pt-BR\",\"@id\":\"https:\/\/nk7-testes.com.br\/agazeta\/primeira-noite-d-a-fazenda-foi-sucesso\/#primaryimage\",\"url\":\"https:\/\/nk7-testes.com.br\/agazeta\/wp-content\/uploads\/2015\/09\/240915-cotidiano-marcelobimbi-divulgacao2.jpg\",\"contentUrl\":\"https:\/\/nk7-testes.com.br\/agazeta\/wp-content\/uploads\/2015\/09\/240915-cotidiano-marcelobimbi-divulgacao2.jpg\",\"width\":458,\"height\":340,\"caption\":\"240915-cotidiano-marcelobimbi-divulgacao2\"},{\"@type\":\"BreadcrumbList\",\"@id\":\"https:\/\/nk7-testes.com.br\/agazeta\/primeira-noite-d-a-fazenda-foi-sucesso\/#breadcrumb\",\"itemListElement\":[{\"@type\":\"ListItem\",\"position\":1,\"name\":\"In\u00edcio\",\"item\":\"https:\/\/nk7-testes.com.br\/agazeta\/\"},{\"@type\":\"ListItem\",\"position\":2,\"name\":\"Primeira noite d\u2019A Fazenda apresentou os &#8220;personagens&#8221;\"}]},{\"@type\":\"WebSite\",\"@id\":\"https:\/\/nk7-testes.com.br\/agazeta\/#website\",\"url\":\"https:\/\/nk7-testes.com.br\/agazeta\/\",\"name\":\"Agazeta.net\",\"description\":\"Agazeta.net - Not\u00edcias de Rio Branco\/AC\",\"potentialAction\":[{\"@type\":\"SearchAction\",\"target\":{\"@type\":\"EntryPoint\",\"urlTemplate\":\"https:\/\/nk7-testes.com.br\/agazeta\/?s={search_term_string}\"},\"query-input\":{\"@type\":\"PropertyValueSpecification\",\"valueRequired\":true,\"valueName\":\"search_term_string\"}}],\"inLanguage\":\"pt-BR\"},{\"@type\":\"Person\",\"@id\":\"https:\/\/nk7-testes.com.br\/agazeta\/#\/schema\/person\/6d6e25cb0435eb4a02fd44d30b4e3020\",\"name\":\"Agazeta.Net\",\"url\":\"https:\/\/nk7-testes.com.br\/agazeta\/author\/agazeta\/\"}]}<\/script>\n<!-- \/ Yoast SEO plugin. -->","yoast_head_json":{"title":"Primeira noite d\u2019A Fazenda apresentou os \"personagens\" - Agazeta.net","robots":{"index":"index","follow":"follow","max-snippet":"max-snippet:-1","max-image-preview":"max-image-preview:large","max-video-preview":"max-video-preview:-1"},"canonical":"https:\/\/nk7-testes.com.br\/agazeta\/primeira-noite-d-a-fazenda-foi-sucesso\/","og_locale":"pt_BR","og_type":"article","og_title":"Primeira noite d\u2019A Fazenda apresentou os \"personagens\" - Agazeta.net","og_description":"M\u00e3e de Marcelo (de verde) acompanhou tudo","og_url":"https:\/\/nk7-testes.com.br\/agazeta\/primeira-noite-d-a-fazenda-foi-sucesso\/","og_site_name":"Agazeta.net","article_published_time":"2015-09-24T14:55:57+00:00","og_image":[{"width":458,"height":340,"url":"https:\/\/nk7-testes.com.br\/agazeta\/wp-content\/uploads\/2015\/09\/240915-cotidiano-marcelobimbi-divulgacao2.jpg","type":"image\/jpeg"}],"author":"Agazeta.Net","twitter_card":"summary_large_image","twitter_misc":{"Escrito por":"Agazeta.Net","Est. tempo de leitura":"1 minuto"},"schema":{"@context":"https:\/\/schema.org","@graph":[{"@type":"WebPage","@id":"https:\/\/nk7-testes.com.br\/agazeta\/primeira-noite-d-a-fazenda-foi-sucesso\/","url":"https:\/\/nk7-testes.com.br\/agazeta\/primeira-noite-d-a-fazenda-foi-sucesso\/","name":"Primeira noite d\u2019A Fazenda apresentou os \"personagens\" - Agazeta.net","isPartOf":{"@id":"https:\/\/nk7-testes.com.br\/agazeta\/#website"},"primaryImageOfPage":{"@id":"https:\/\/nk7-testes.com.br\/agazeta\/primeira-noite-d-a-fazenda-foi-sucesso\/#primaryimage"},"image":{"@id":"https:\/\/nk7-testes.com.br\/agazeta\/primeira-noite-d-a-fazenda-foi-sucesso\/#primaryimage"},"thumbnailUrl":"https:\/\/nk7-testes.com.br\/agazeta\/wp-content\/uploads\/2015\/09\/240915-cotidiano-marcelobimbi-divulgacao2.jpg","datePublished":"2015-09-24T14:55:57+00:00","author":{"@id":"https:\/\/nk7-testes.com.br\/agazeta\/#\/schema\/person\/6d6e25cb0435eb4a02fd44d30b4e3020"},"breadcrumb":{"@id":"https:\/\/nk7-testes.com.br\/agazeta\/primeira-noite-d-a-fazenda-foi-sucesso\/#breadcrumb"},"inLanguage":"pt-BR","potentialAction":[{"@type":"ReadAction","target":["https:\/\/nk7-testes.com.br\/agazeta\/primeira-noite-d-a-fazenda-foi-sucesso\/"]}]},{"@type":"ImageObject","inLanguage":"pt-BR","@id":"https:\/\/nk7-testes.com.br\/agazeta\/primeira-noite-d-a-fazenda-foi-sucesso\/#primaryimage","url":"https:\/\/nk7-testes.com.br\/agazeta\/wp-content\/uploads\/2015\/09\/240915-cotidiano-marcelobimbi-divulgacao2.jpg","contentUrl":"https:\/\/nk7-testes.com.br\/agazeta\/wp-content\/uploads\/2015\/09\/240915-cotidiano-marcelobimbi-divulgacao2.jpg","width":458,"height":340,"caption":"240915-cotidiano-marcelobimbi-divulgacao2"},{"@type":"BreadcrumbList","@id":"https:\/\/nk7-testes.com.br\/agazeta\/primeira-noite-d-a-fazenda-foi-sucesso\/#breadcrumb","itemListElement":[{"@type":"ListItem","position":1,"name":"In\u00edcio","item":"https:\/\/nk7-testes.com.br\/agazeta\/"},{"@type":"ListItem","position":2,"name":"Primeira noite d\u2019A Fazenda apresentou os &#8220;personagens&#8221;"}]},{"@type":"WebSite","@id":"https:\/\/nk7-testes.com.br\/agazeta\/#website","url":"https:\/\/nk7-testes.com.br\/agazeta\/","name":"Agazeta.net","description":"Agazeta.net - Not\u00edcias de Rio Branco\/AC","potentialAction":[{"@type":"SearchAction","target":{"@type":"EntryPoint","urlTemplate":"https:\/\/nk7-testes.com.br\/agazeta\/?s={search_term_string}"},"query-input":{"@type":"PropertyValueSpecification","valueRequired":true,"valueName":"search_term_string"}}],"inLanguage":"pt-BR"},{"@type":"Person","@id":"https:\/\/nk7-testes.com.br\/agazeta\/#\/schema\/person\/6d6e25cb0435eb4a02fd44d30b4e3020","name":"Agazeta.Net","url":"https:\/\/nk7-testes.com.br\/agazeta\/author\/agazeta\/"}]}},"_links":{"self":[{"href":"https:\/\/nk7-testes.com.br\/agazeta\/wp-json\/wp\/v2\/posts\/18537","targetHints":{"allow":["GET"]}}],"collection":[{"href":"https:\/\/nk7-testes.com.br\/agazeta\/wp-json\/wp\/v2\/posts"}],"about":[{"href":"https:\/\/nk7-testes.com.br\/agazeta\/wp-json\/wp\/v2\/types\/post"}],"author":[{"embeddable":true,"href":"https:\/\/nk7-testes.com.br\/agazeta\/wp-json\/wp\/v2\/users\/4"}],"replies":[{"embeddable":true,"href":"https:\/\/nk7-testes.com.br\/agazeta\/wp-json\/wp\/v2\/comments?post=18537"}],"version-history":[{"count":0,"href":"https:\/\/nk7-testes.com.br\/agazeta\/wp-json\/wp\/v2\/posts\/18537\/revisions"}],"wp:featuredmedia":[{"embeddable":true,"href":"https:\/\/nk7-testes.com.br\/agazeta\/wp-json\/wp\/v2\/media\/18536"}],"wp:attachment":[{"href":"https:\/\/nk7-testes.com.br\/agazeta\/wp-json\/wp\/v2\/media?parent=18537"}],"wp:term":[{"taxonomy":"category","embeddable":true,"href":"https:\/\/nk7-testes.com.br\/agazeta\/wp-json\/wp\/v2\/categories?post=18537"},{"taxonomy":"post_tag","embeddable":true,"href":"https:\/\/nk7-testes.com.br\/agazeta\/wp-json\/wp\/v2\/tags?post=18537"}],"curies":[{"name":"wp","href":"https:\/\/api.w.org\/{rel}","templated":true}]}}