{"id":18526,"date":"2015-09-23T21:30:44","date_gmt":"2015-09-23T21:30:44","guid":{"rendered":"https:\/\/abarevegan.com.br\/index.php\/2015\/09\/23\/alta-do-dolar-nao-e-tao-ruim-para-comercio-na-fronteira\/"},"modified":"2015-09-23T21:30:44","modified_gmt":"2015-09-23T21:30:44","slug":"alta-do-dolar-nao-e-tao-ruim-para-comercio-na-fronteira","status":"publish","type":"post","link":"https:\/\/nk7-testes.com.br\/agazeta\/alta-do-dolar-nao-e-tao-ruim-para-comercio-na-fronteira\/","title":{"rendered":"Alta do d\u00f3lar n\u00e3o \u00e9 t\u00e3o ruim para com\u00e9rcio na fronteira"},"content":{"rendered":"<p style=\"text-align: justify;\">\u201cAo menos empata\u201d, diz Acisa local<\/p>\n<p style=\"text-align: justify;\">A nova alta do d\u00f3lar comercial bateu recorde: abriu a R$ 4,22 na venda. Esse valor in\u00e9dito ocorreu mesmo com forte interven\u00e7\u00e3o do Banco Central. Ao contr\u00e1rio do que pode sugerir, essa alta do d\u00f3lar, no com\u00e9rcio da regi\u00e3o de fronteira do Acre com a Bol\u00edvia n\u00e3o \u00e9 t\u00e3o ruim.<\/p>\n<p style=\"text-align: justify;\">\u201cAo menos empata\u201d, reconhece o presidente da Associa\u00e7\u00e3o Comercial e Empresarial de Brasileia e Epitaciol\u00e2ndia, Jos\u00e9 Soares Pacheco. \u201cN\u00e3o \u00e9 que o com\u00e9rcio aqui esteja bom. N\u00e3o \u00e9 isso. Em Epitaciol\u00e2ndia e Brasileia, passa-se por uma crise medonha, ainda em consequ\u00eancia da cheia e pela situa\u00e7\u00e3o econ\u00f4mica do pa\u00eds. A coisa n\u00e3o est\u00e1 boa\u201d.<\/p>\n<p style=\"text-align: justify;\">O olhar realista de Pacheco se fundamenta no cen\u00e1rio de baixo consumo. \u00c9 o drama da temperatura da economia brasileira, tendendo ao morno. Mas, a alta do d\u00f3lar \u00e9 respons\u00e1vel por um fen\u00f4meno que mostra a din\u00e2mica do com\u00e9rcio fronteiri\u00e7o.<\/p>\n<p style=\"text-align: justify;\">\u201cQuando o d\u00f3lar est\u00e1 alto, o que acontece? V\u00eam muitos bolivianos l\u00e1 de Cobija comprar aqui, sobretudo g\u00eaneros de primeira necessidade, com destaque para os alimentos\u201d.<\/p>\n<p style=\"text-align: justify;\">Soares at\u00e9 arrisca um n\u00famero. \u201c\u00c9 prov\u00e1vel que essa alta do d\u00f3lar acarrete um aumento nas vendas em 20%\u201d, calcula. A Associa\u00e7\u00e3o Comercial e Empresarial de Brasileia e Epitaciol\u00e2ndia possui 150 associados.<\/p>\n<p style=\"text-align: justify;\">O setor de hotelaria, no entanto sofre bastante porque os acrianos que normalmente v\u00eam a Cobija comprar somem em \u00e9poca de alta de d\u00f3lar.<\/p>\n","protected":false},"excerpt":{"rendered":"<p style=\"text-align: justify;\">\u201cAo menos empata\u201d, diz Acisa local<\/p>\n","protected":false},"author":4,"featured_media":18525,"comment_status":"open","ping_status":"open","sticky":false,"template":"","format":"standard","meta":{"jnews-multi-image_gallery":[],"jnews_single_post":[],"jnews_primary_category":[],"jnews_social_meta":[],"jnews_review":[],"enable_review":"","type":"","name":"","summary":"","brand":"","sku":"","good":[],"bad":[],"score_override":"","override_value":"","rating":[],"price":[],"footnotes":""},"categories":[54],"tags":[],"class_list":["post-18526","post","type-post","status-publish","format-standard","has-post-thumbnail","hentry","category-cotidiano"],"yoast_head":"<!-- This site is optimized with the Yoast SEO plugin v26.5 - https:\/\/yoast.com\/wordpress\/plugins\/seo\/ -->\n<title>Alta do d\u00f3lar n\u00e3o \u00e9 t\u00e3o ruim para com\u00e9rcio na fronteira - Agazeta.net<\/title>\n<meta name=\"robots\" content=\"index, follow, max-snippet:-1, max-image-preview:large, max-video-preview:-1\" \/>\n<link rel=\"canonical\" href=\"https:\/\/nk7-testes.com.br\/agazeta\/alta-do-dolar-nao-e-tao-ruim-para-comercio-na-fronteira\/\" \/>\n<meta property=\"og:locale\" content=\"pt_BR\" \/>\n<meta property=\"og:type\" content=\"article\" \/>\n<meta property=\"og:title\" content=\"Alta do d\u00f3lar n\u00e3o \u00e9 t\u00e3o ruim para com\u00e9rcio na fronteira - Agazeta.net\" \/>\n<meta property=\"og:description\" content=\"\u201cAo menos empata\u201d, diz Acisa local\" \/>\n<meta property=\"og:url\" content=\"https:\/\/nk7-testes.com.br\/agazeta\/alta-do-dolar-nao-e-tao-ruim-para-comercio-na-fronteira\/\" \/>\n<meta property=\"og:site_name\" content=\"Agazeta.net\" \/>\n<meta property=\"article:published_time\" content=\"2015-09-23T21:30:44+00:00\" \/>\n<meta property=\"og:image\" content=\"https:\/\/nk7-testes.com.br\/agazeta\/wp-content\/uploads\/2015\/09\/240915-cotidiano-lousadefronteira-cedida.jpg\" \/>\n\t<meta property=\"og:image:width\" content=\"458\" \/>\n\t<meta property=\"og:image:height\" content=\"340\" \/>\n\t<meta property=\"og:image:type\" content=\"image\/jpeg\" \/>\n<meta name=\"author\" content=\"Agazeta.Net\" \/>\n<meta name=\"twitter:card\" content=\"summary_large_image\" \/>\n<meta name=\"twitter:label1\" content=\"Escrito por\" \/>\n\t<meta name=\"twitter:data1\" content=\"Agazeta.Net\" \/>\n\t<meta name=\"twitter:label2\" content=\"Est. tempo de leitura\" \/>\n\t<meta name=\"twitter:data2\" content=\"1 minuto\" \/>\n<script type=\"application\/ld+json\" class=\"yoast-schema-graph\">{\"@context\":\"https:\/\/schema.org\",\"@graph\":[{\"@type\":\"WebPage\",\"@id\":\"https:\/\/nk7-testes.com.br\/agazeta\/alta-do-dolar-nao-e-tao-ruim-para-comercio-na-fronteira\/\",\"url\":\"https:\/\/nk7-testes.com.br\/agazeta\/alta-do-dolar-nao-e-tao-ruim-para-comercio-na-fronteira\/\",\"name\":\"Alta do d\u00f3lar n\u00e3o \u00e9 t\u00e3o ruim para com\u00e9rcio na fronteira - Agazeta.net\",\"isPartOf\":{\"@id\":\"https:\/\/nk7-testes.com.br\/agazeta\/#website\"},\"primaryImageOfPage\":{\"@id\":\"https:\/\/nk7-testes.com.br\/agazeta\/alta-do-dolar-nao-e-tao-ruim-para-comercio-na-fronteira\/#primaryimage\"},\"image\":{\"@id\":\"https:\/\/nk7-testes.com.br\/agazeta\/alta-do-dolar-nao-e-tao-ruim-para-comercio-na-fronteira\/#primaryimage\"},\"thumbnailUrl\":\"https:\/\/nk7-testes.com.br\/agazeta\/wp-content\/uploads\/2015\/09\/240915-cotidiano-lousadefronteira-cedida.jpg\",\"datePublished\":\"2015-09-23T21:30:44+00:00\",\"author\":{\"@id\":\"https:\/\/nk7-testes.com.br\/agazeta\/#\/schema\/person\/6d6e25cb0435eb4a02fd44d30b4e3020\"},\"breadcrumb\":{\"@id\":\"https:\/\/nk7-testes.com.br\/agazeta\/alta-do-dolar-nao-e-tao-ruim-para-comercio-na-fronteira\/#breadcrumb\"},\"inLanguage\":\"pt-BR\",\"potentialAction\":[{\"@type\":\"ReadAction\",\"target\":[\"https:\/\/nk7-testes.com.br\/agazeta\/alta-do-dolar-nao-e-tao-ruim-para-comercio-na-fronteira\/\"]}]},{\"@type\":\"ImageObject\",\"inLanguage\":\"pt-BR\",\"@id\":\"https:\/\/nk7-testes.com.br\/agazeta\/alta-do-dolar-nao-e-tao-ruim-para-comercio-na-fronteira\/#primaryimage\",\"url\":\"https:\/\/nk7-testes.com.br\/agazeta\/wp-content\/uploads\/2015\/09\/240915-cotidiano-lousadefronteira-cedida.jpg\",\"contentUrl\":\"https:\/\/nk7-testes.com.br\/agazeta\/wp-content\/uploads\/2015\/09\/240915-cotidiano-lousadefronteira-cedida.jpg\",\"width\":458,\"height\":340,\"caption\":\"240915-cotidiano-lousadefronteira-cedida\"},{\"@type\":\"BreadcrumbList\",\"@id\":\"https:\/\/nk7-testes.com.br\/agazeta\/alta-do-dolar-nao-e-tao-ruim-para-comercio-na-fronteira\/#breadcrumb\",\"itemListElement\":[{\"@type\":\"ListItem\",\"position\":1,\"name\":\"In\u00edcio\",\"item\":\"https:\/\/nk7-testes.com.br\/agazeta\/\"},{\"@type\":\"ListItem\",\"position\":2,\"name\":\"Alta do d\u00f3lar n\u00e3o \u00e9 t\u00e3o ruim para com\u00e9rcio na fronteira\"}]},{\"@type\":\"WebSite\",\"@id\":\"https:\/\/nk7-testes.com.br\/agazeta\/#website\",\"url\":\"https:\/\/nk7-testes.com.br\/agazeta\/\",\"name\":\"Agazeta.net\",\"description\":\"Agazeta.net - Not\u00edcias de Rio Branco\/AC\",\"potentialAction\":[{\"@type\":\"SearchAction\",\"target\":{\"@type\":\"EntryPoint\",\"urlTemplate\":\"https:\/\/nk7-testes.com.br\/agazeta\/?s={search_term_string}\"},\"query-input\":{\"@type\":\"PropertyValueSpecification\",\"valueRequired\":true,\"valueName\":\"search_term_string\"}}],\"inLanguage\":\"pt-BR\"},{\"@type\":\"Person\",\"@id\":\"https:\/\/nk7-testes.com.br\/agazeta\/#\/schema\/person\/6d6e25cb0435eb4a02fd44d30b4e3020\",\"name\":\"Agazeta.Net\",\"url\":\"https:\/\/nk7-testes.com.br\/agazeta\/author\/agazeta\/\"}]}<\/script>\n<!-- \/ Yoast SEO plugin. -->","yoast_head_json":{"title":"Alta do d\u00f3lar n\u00e3o \u00e9 t\u00e3o ruim para com\u00e9rcio na fronteira - Agazeta.net","robots":{"index":"index","follow":"follow","max-snippet":"max-snippet:-1","max-image-preview":"max-image-preview:large","max-video-preview":"max-video-preview:-1"},"canonical":"https:\/\/nk7-testes.com.br\/agazeta\/alta-do-dolar-nao-e-tao-ruim-para-comercio-na-fronteira\/","og_locale":"pt_BR","og_type":"article","og_title":"Alta do d\u00f3lar n\u00e3o \u00e9 t\u00e3o ruim para com\u00e9rcio na fronteira - Agazeta.net","og_description":"\u201cAo menos empata\u201d, diz Acisa local","og_url":"https:\/\/nk7-testes.com.br\/agazeta\/alta-do-dolar-nao-e-tao-ruim-para-comercio-na-fronteira\/","og_site_name":"Agazeta.net","article_published_time":"2015-09-23T21:30:44+00:00","og_image":[{"width":458,"height":340,"url":"https:\/\/nk7-testes.com.br\/agazeta\/wp-content\/uploads\/2015\/09\/240915-cotidiano-lousadefronteira-cedida.jpg","type":"image\/jpeg"}],"author":"Agazeta.Net","twitter_card":"summary_large_image","twitter_misc":{"Escrito por":"Agazeta.Net","Est. tempo de leitura":"1 minuto"},"schema":{"@context":"https:\/\/schema.org","@graph":[{"@type":"WebPage","@id":"https:\/\/nk7-testes.com.br\/agazeta\/alta-do-dolar-nao-e-tao-ruim-para-comercio-na-fronteira\/","url":"https:\/\/nk7-testes.com.br\/agazeta\/alta-do-dolar-nao-e-tao-ruim-para-comercio-na-fronteira\/","name":"Alta do d\u00f3lar n\u00e3o \u00e9 t\u00e3o ruim para com\u00e9rcio na fronteira - Agazeta.net","isPartOf":{"@id":"https:\/\/nk7-testes.com.br\/agazeta\/#website"},"primaryImageOfPage":{"@id":"https:\/\/nk7-testes.com.br\/agazeta\/alta-do-dolar-nao-e-tao-ruim-para-comercio-na-fronteira\/#primaryimage"},"image":{"@id":"https:\/\/nk7-testes.com.br\/agazeta\/alta-do-dolar-nao-e-tao-ruim-para-comercio-na-fronteira\/#primaryimage"},"thumbnailUrl":"https:\/\/nk7-testes.com.br\/agazeta\/wp-content\/uploads\/2015\/09\/240915-cotidiano-lousadefronteira-cedida.jpg","datePublished":"2015-09-23T21:30:44+00:00","author":{"@id":"https:\/\/nk7-testes.com.br\/agazeta\/#\/schema\/person\/6d6e25cb0435eb4a02fd44d30b4e3020"},"breadcrumb":{"@id":"https:\/\/nk7-testes.com.br\/agazeta\/alta-do-dolar-nao-e-tao-ruim-para-comercio-na-fronteira\/#breadcrumb"},"inLanguage":"pt-BR","potentialAction":[{"@type":"ReadAction","target":["https:\/\/nk7-testes.com.br\/agazeta\/alta-do-dolar-nao-e-tao-ruim-para-comercio-na-fronteira\/"]}]},{"@type":"ImageObject","inLanguage":"pt-BR","@id":"https:\/\/nk7-testes.com.br\/agazeta\/alta-do-dolar-nao-e-tao-ruim-para-comercio-na-fronteira\/#primaryimage","url":"https:\/\/nk7-testes.com.br\/agazeta\/wp-content\/uploads\/2015\/09\/240915-cotidiano-lousadefronteira-cedida.jpg","contentUrl":"https:\/\/nk7-testes.com.br\/agazeta\/wp-content\/uploads\/2015\/09\/240915-cotidiano-lousadefronteira-cedida.jpg","width":458,"height":340,"caption":"240915-cotidiano-lousadefronteira-cedida"},{"@type":"BreadcrumbList","@id":"https:\/\/nk7-testes.com.br\/agazeta\/alta-do-dolar-nao-e-tao-ruim-para-comercio-na-fronteira\/#breadcrumb","itemListElement":[{"@type":"ListItem","position":1,"name":"In\u00edcio","item":"https:\/\/nk7-testes.com.br\/agazeta\/"},{"@type":"ListItem","position":2,"name":"Alta do d\u00f3lar n\u00e3o \u00e9 t\u00e3o ruim para com\u00e9rcio na fronteira"}]},{"@type":"WebSite","@id":"https:\/\/nk7-testes.com.br\/agazeta\/#website","url":"https:\/\/nk7-testes.com.br\/agazeta\/","name":"Agazeta.net","description":"Agazeta.net - Not\u00edcias de Rio Branco\/AC","potentialAction":[{"@type":"SearchAction","target":{"@type":"EntryPoint","urlTemplate":"https:\/\/nk7-testes.com.br\/agazeta\/?s={search_term_string}"},"query-input":{"@type":"PropertyValueSpecification","valueRequired":true,"valueName":"search_term_string"}}],"inLanguage":"pt-BR"},{"@type":"Person","@id":"https:\/\/nk7-testes.com.br\/agazeta\/#\/schema\/person\/6d6e25cb0435eb4a02fd44d30b4e3020","name":"Agazeta.Net","url":"https:\/\/nk7-testes.com.br\/agazeta\/author\/agazeta\/"}]}},"_links":{"self":[{"href":"https:\/\/nk7-testes.com.br\/agazeta\/wp-json\/wp\/v2\/posts\/18526","targetHints":{"allow":["GET"]}}],"collection":[{"href":"https:\/\/nk7-testes.com.br\/agazeta\/wp-json\/wp\/v2\/posts"}],"about":[{"href":"https:\/\/nk7-testes.com.br\/agazeta\/wp-json\/wp\/v2\/types\/post"}],"author":[{"embeddable":true,"href":"https:\/\/nk7-testes.com.br\/agazeta\/wp-json\/wp\/v2\/users\/4"}],"replies":[{"embeddable":true,"href":"https:\/\/nk7-testes.com.br\/agazeta\/wp-json\/wp\/v2\/comments?post=18526"}],"version-history":[{"count":0,"href":"https:\/\/nk7-testes.com.br\/agazeta\/wp-json\/wp\/v2\/posts\/18526\/revisions"}],"wp:featuredmedia":[{"embeddable":true,"href":"https:\/\/nk7-testes.com.br\/agazeta\/wp-json\/wp\/v2\/media\/18525"}],"wp:attachment":[{"href":"https:\/\/nk7-testes.com.br\/agazeta\/wp-json\/wp\/v2\/media?parent=18526"}],"wp:term":[{"taxonomy":"category","embeddable":true,"href":"https:\/\/nk7-testes.com.br\/agazeta\/wp-json\/wp\/v2\/categories?post=18526"},{"taxonomy":"post_tag","embeddable":true,"href":"https:\/\/nk7-testes.com.br\/agazeta\/wp-json\/wp\/v2\/tags?post=18526"}],"curies":[{"name":"wp","href":"https:\/\/api.w.org\/{rel}","templated":true}]}}