{"id":18513,"date":"2015-09-23T16:39:07","date_gmt":"2015-09-23T16:39:07","guid":{"rendered":"https:\/\/abarevegan.com.br\/index.php\/2015\/09\/23\/saiba-quem-pode-votar-para-conselheiro-tutelar\/"},"modified":"2015-09-23T16:39:07","modified_gmt":"2015-09-23T16:39:07","slug":"saiba-quem-pode-votar-para-conselheiro-tutelar","status":"publish","type":"post","link":"https:\/\/nk7-testes.com.br\/agazeta\/saiba-quem-pode-votar-para-conselheiro-tutelar\/","title":{"rendered":"Saiba quem pode votar para Conselheiro Tutelar"},"content":{"rendered":"<p style=\"text-align: justify;\">Elei\u00e7\u00e3o acontece dia 4 de outubro<\/p>\n<p style=\"text-align: justify;\">No pr\u00f3ximo dia 4 de outubro a popula\u00e7\u00e3o brasileira vai \u00e0s urnas para eleger os novos conselheiros tutelares. A Comiss\u00e3o de Acompanhamento do Processo Eleitoral Unificado para Conselheiro Tutelar refor\u00e7a a necessidade de participa\u00e7\u00e3o popular para a escolha dos profissionais.<\/p>\n<p style=\"text-align: justify;\">O Conselho Tutelar \u00e9 a inst\u00e2ncia de fiscaliza\u00e7\u00e3o e acompanhamento da aplica\u00e7\u00e3o do Estatuto da Crian\u00e7a e do Adolescente em todo pa\u00eds. Esse ano, pela primeira vez, a escolha dos conselheiros ser\u00e1 unificada em todo pa\u00eds.<\/p>\n<p style=\"text-align: justify;\">O voto n\u00e3o \u00e9 obrigat\u00f3rio, mas a quem se interessar, a vota\u00e7\u00e3o acontece no dia 4 de outubro, das 8h \u00e0s 17h (hor\u00e1rio do Acre). Est\u00e3o aptos \u00e0 vota\u00e7\u00e3o as pessoas que est\u00e3o em dias com suas obriga\u00e7\u00f5es eleitorais, ou que tenham regularizado sua situa\u00e7\u00e3o at\u00e9 o dia 1\u00ba de setembro. \u00c9 preciso levar o t\u00edtulo eleitoral e um documento com foto. Quem n\u00e3o possui t\u00edtulo eleitoral n\u00e3o pode votar.<\/p>\n<p style=\"text-align: justify;\">S\u00e3o 70 urnas espalhadas por 9 escolas em Rio Branco, \u00e9 preciso que o eleitor observe em que escola est\u00e1 a sua se\u00e7\u00e3o. A rela\u00e7\u00e3o dos locais de vota\u00e7\u00e3o est\u00e1 dispon\u00edvel nos sites do Minist\u00e9rio P\u00fablico Estadual e da Prefeitura de Rio Branco.<\/p>\n<p style=\"text-align: justify;\">A posse dos conselheiros eleitos democraticamente se dar\u00e1 no dia 10 de janeiro. O mandato \u00e9 de quatro anos. O Acre tem 399 candidatos que disputam 120 vagas, distribu\u00eddas em 24 conselhos tutelares em todo estado.<\/p>\n<p style=\"text-align: justify;\">Rio Branco \u00e9 4\u00aa cidade que acolhe o maior n\u00famero de conselheiros no Acre: s\u00e3o 54 candidatos para 15 vagas. At\u00e9 estar apto a concorrer, o candidato passa por um rigoroso processo que tem o conhecimento sobre o Estatuto da Crian\u00e7a e do Adolescente como principal refer\u00eancia.<\/p>\n<p style=\"text-align: justify;\">Outro elemento importante em cada candidato: a identifica\u00e7\u00e3o com as causas de defesa dos Direitos Humanos, com uma hist\u00f3ria de vida profissional que justifique a inten\u00e7\u00e3o de defender o ECA.<\/p>\n<p style=\"text-align: justify;\">Locais de vota\u00e7\u00e3o (Em Rio Branco)<\/p>\n<p style=\"text-align: justify;\">Col\u00e9gio Bar\u00e3o do Rio Branco<\/p>\n<p style=\"text-align: justify;\">Col\u00e9gio Acreano<\/p>\n<p style=\"text-align: justify;\">Escola Armando Nogueira<\/p>\n<p style=\"text-align: justify;\">Escola Serafim Silva Salgado<\/p>\n<p style=\"text-align: justify;\">Escola Natalino de Silveira Brito<\/p>\n<p style=\"text-align: justify;\">Escola Ismael Gomes de Carvalho<\/p>\n<p style=\"text-align: justify;\">Escola Neutel Maia<\/p>\n<p style=\"text-align: justify;\">Escola Berta Vieira de Andrade<\/p>\n<p style=\"text-align: justify;\">Escola M\u00e1rio de Oliveira<\/p>\n","protected":false},"excerpt":{"rendered":"<p style=\"text-align: justify;\">Elei\u00e7\u00e3o acontece dia 4 de outubro<\/p>\n","protected":false},"author":4,"featured_media":18512,"comment_status":"open","ping_status":"open","sticky":false,"template":"","format":"standard","meta":{"jnews-multi-image_gallery":[],"jnews_single_post":[],"jnews_primary_category":[],"jnews_social_meta":[],"jnews_review":[],"enable_review":"","type":"","name":"","summary":"","brand":"","sku":"","good":[],"bad":[],"score_override":"","override_value":"","rating":[],"price":[],"footnotes":""},"categories":[54],"tags":[],"class_list":["post-18513","post","type-post","status-publish","format-standard","has-post-thumbnail","hentry","category-cotidiano"],"yoast_head":"<!-- This site is optimized with the Yoast SEO plugin v26.5 - https:\/\/yoast.com\/wordpress\/plugins\/seo\/ -->\n<title>Saiba quem pode votar para Conselheiro Tutelar - Agazeta.net<\/title>\n<meta name=\"robots\" content=\"index, follow, max-snippet:-1, max-image-preview:large, max-video-preview:-1\" \/>\n<link rel=\"canonical\" href=\"https:\/\/nk7-testes.com.br\/agazeta\/saiba-quem-pode-votar-para-conselheiro-tutelar\/\" \/>\n<meta property=\"og:locale\" content=\"pt_BR\" \/>\n<meta property=\"og:type\" content=\"article\" \/>\n<meta property=\"og:title\" content=\"Saiba quem pode votar para Conselheiro Tutelar - Agazeta.net\" \/>\n<meta property=\"og:description\" content=\"Elei\u00e7\u00e3o acontece dia 4 de outubro\" \/>\n<meta property=\"og:url\" content=\"https:\/\/nk7-testes.com.br\/agazeta\/saiba-quem-pode-votar-para-conselheiro-tutelar\/\" \/>\n<meta property=\"og:site_name\" content=\"Agazeta.net\" \/>\n<meta property=\"article:published_time\" content=\"2015-09-23T16:39:07+00:00\" \/>\n<meta property=\"og:image\" content=\"https:\/\/nk7-testes.com.br\/agazeta\/wp-content\/uploads\/2015\/09\/230715-politica-tre-eliteengenharia.jpg\" \/>\n\t<meta property=\"og:image:width\" content=\"458\" \/>\n\t<meta property=\"og:image:height\" content=\"340\" \/>\n\t<meta property=\"og:image:type\" content=\"image\/jpeg\" \/>\n<meta name=\"author\" content=\"Agazeta.Net\" \/>\n<meta name=\"twitter:card\" content=\"summary_large_image\" \/>\n<meta name=\"twitter:label1\" content=\"Escrito por\" \/>\n\t<meta name=\"twitter:data1\" content=\"Agazeta.Net\" \/>\n\t<meta name=\"twitter:label2\" content=\"Est. tempo de leitura\" \/>\n\t<meta name=\"twitter:data2\" content=\"2 minutos\" \/>\n<script type=\"application\/ld+json\" class=\"yoast-schema-graph\">{\"@context\":\"https:\/\/schema.org\",\"@graph\":[{\"@type\":\"WebPage\",\"@id\":\"https:\/\/nk7-testes.com.br\/agazeta\/saiba-quem-pode-votar-para-conselheiro-tutelar\/\",\"url\":\"https:\/\/nk7-testes.com.br\/agazeta\/saiba-quem-pode-votar-para-conselheiro-tutelar\/\",\"name\":\"Saiba quem pode votar para Conselheiro Tutelar - Agazeta.net\",\"isPartOf\":{\"@id\":\"https:\/\/nk7-testes.com.br\/agazeta\/#website\"},\"primaryImageOfPage\":{\"@id\":\"https:\/\/nk7-testes.com.br\/agazeta\/saiba-quem-pode-votar-para-conselheiro-tutelar\/#primaryimage\"},\"image\":{\"@id\":\"https:\/\/nk7-testes.com.br\/agazeta\/saiba-quem-pode-votar-para-conselheiro-tutelar\/#primaryimage\"},\"thumbnailUrl\":\"https:\/\/nk7-testes.com.br\/agazeta\/wp-content\/uploads\/2015\/09\/230715-politica-tre-eliteengenharia.jpg\",\"datePublished\":\"2015-09-23T16:39:07+00:00\",\"author\":{\"@id\":\"https:\/\/nk7-testes.com.br\/agazeta\/#\/schema\/person\/6d6e25cb0435eb4a02fd44d30b4e3020\"},\"breadcrumb\":{\"@id\":\"https:\/\/nk7-testes.com.br\/agazeta\/saiba-quem-pode-votar-para-conselheiro-tutelar\/#breadcrumb\"},\"inLanguage\":\"pt-BR\",\"potentialAction\":[{\"@type\":\"ReadAction\",\"target\":[\"https:\/\/nk7-testes.com.br\/agazeta\/saiba-quem-pode-votar-para-conselheiro-tutelar\/\"]}]},{\"@type\":\"ImageObject\",\"inLanguage\":\"pt-BR\",\"@id\":\"https:\/\/nk7-testes.com.br\/agazeta\/saiba-quem-pode-votar-para-conselheiro-tutelar\/#primaryimage\",\"url\":\"https:\/\/nk7-testes.com.br\/agazeta\/wp-content\/uploads\/2015\/09\/230715-politica-tre-eliteengenharia.jpg\",\"contentUrl\":\"https:\/\/nk7-testes.com.br\/agazeta\/wp-content\/uploads\/2015\/09\/230715-politica-tre-eliteengenharia.jpg\",\"width\":458,\"height\":340,\"caption\":\"230715-politica-tre-eliteengenharia\"},{\"@type\":\"BreadcrumbList\",\"@id\":\"https:\/\/nk7-testes.com.br\/agazeta\/saiba-quem-pode-votar-para-conselheiro-tutelar\/#breadcrumb\",\"itemListElement\":[{\"@type\":\"ListItem\",\"position\":1,\"name\":\"In\u00edcio\",\"item\":\"https:\/\/nk7-testes.com.br\/agazeta\/\"},{\"@type\":\"ListItem\",\"position\":2,\"name\":\"Saiba quem pode votar para Conselheiro Tutelar\"}]},{\"@type\":\"WebSite\",\"@id\":\"https:\/\/nk7-testes.com.br\/agazeta\/#website\",\"url\":\"https:\/\/nk7-testes.com.br\/agazeta\/\",\"name\":\"Agazeta.net\",\"description\":\"Agazeta.net - Not\u00edcias de Rio Branco\/AC\",\"potentialAction\":[{\"@type\":\"SearchAction\",\"target\":{\"@type\":\"EntryPoint\",\"urlTemplate\":\"https:\/\/nk7-testes.com.br\/agazeta\/?s={search_term_string}\"},\"query-input\":{\"@type\":\"PropertyValueSpecification\",\"valueRequired\":true,\"valueName\":\"search_term_string\"}}],\"inLanguage\":\"pt-BR\"},{\"@type\":\"Person\",\"@id\":\"https:\/\/nk7-testes.com.br\/agazeta\/#\/schema\/person\/6d6e25cb0435eb4a02fd44d30b4e3020\",\"name\":\"Agazeta.Net\",\"url\":\"https:\/\/nk7-testes.com.br\/agazeta\/author\/agazeta\/\"}]}<\/script>\n<!-- \/ Yoast SEO plugin. -->","yoast_head_json":{"title":"Saiba quem pode votar para Conselheiro Tutelar - Agazeta.net","robots":{"index":"index","follow":"follow","max-snippet":"max-snippet:-1","max-image-preview":"max-image-preview:large","max-video-preview":"max-video-preview:-1"},"canonical":"https:\/\/nk7-testes.com.br\/agazeta\/saiba-quem-pode-votar-para-conselheiro-tutelar\/","og_locale":"pt_BR","og_type":"article","og_title":"Saiba quem pode votar para Conselheiro Tutelar - Agazeta.net","og_description":"Elei\u00e7\u00e3o acontece dia 4 de outubro","og_url":"https:\/\/nk7-testes.com.br\/agazeta\/saiba-quem-pode-votar-para-conselheiro-tutelar\/","og_site_name":"Agazeta.net","article_published_time":"2015-09-23T16:39:07+00:00","og_image":[{"width":458,"height":340,"url":"https:\/\/nk7-testes.com.br\/agazeta\/wp-content\/uploads\/2015\/09\/230715-politica-tre-eliteengenharia.jpg","type":"image\/jpeg"}],"author":"Agazeta.Net","twitter_card":"summary_large_image","twitter_misc":{"Escrito por":"Agazeta.Net","Est. tempo de leitura":"2 minutos"},"schema":{"@context":"https:\/\/schema.org","@graph":[{"@type":"WebPage","@id":"https:\/\/nk7-testes.com.br\/agazeta\/saiba-quem-pode-votar-para-conselheiro-tutelar\/","url":"https:\/\/nk7-testes.com.br\/agazeta\/saiba-quem-pode-votar-para-conselheiro-tutelar\/","name":"Saiba quem pode votar para Conselheiro Tutelar - Agazeta.net","isPartOf":{"@id":"https:\/\/nk7-testes.com.br\/agazeta\/#website"},"primaryImageOfPage":{"@id":"https:\/\/nk7-testes.com.br\/agazeta\/saiba-quem-pode-votar-para-conselheiro-tutelar\/#primaryimage"},"image":{"@id":"https:\/\/nk7-testes.com.br\/agazeta\/saiba-quem-pode-votar-para-conselheiro-tutelar\/#primaryimage"},"thumbnailUrl":"https:\/\/nk7-testes.com.br\/agazeta\/wp-content\/uploads\/2015\/09\/230715-politica-tre-eliteengenharia.jpg","datePublished":"2015-09-23T16:39:07+00:00","author":{"@id":"https:\/\/nk7-testes.com.br\/agazeta\/#\/schema\/person\/6d6e25cb0435eb4a02fd44d30b4e3020"},"breadcrumb":{"@id":"https:\/\/nk7-testes.com.br\/agazeta\/saiba-quem-pode-votar-para-conselheiro-tutelar\/#breadcrumb"},"inLanguage":"pt-BR","potentialAction":[{"@type":"ReadAction","target":["https:\/\/nk7-testes.com.br\/agazeta\/saiba-quem-pode-votar-para-conselheiro-tutelar\/"]}]},{"@type":"ImageObject","inLanguage":"pt-BR","@id":"https:\/\/nk7-testes.com.br\/agazeta\/saiba-quem-pode-votar-para-conselheiro-tutelar\/#primaryimage","url":"https:\/\/nk7-testes.com.br\/agazeta\/wp-content\/uploads\/2015\/09\/230715-politica-tre-eliteengenharia.jpg","contentUrl":"https:\/\/nk7-testes.com.br\/agazeta\/wp-content\/uploads\/2015\/09\/230715-politica-tre-eliteengenharia.jpg","width":458,"height":340,"caption":"230715-politica-tre-eliteengenharia"},{"@type":"BreadcrumbList","@id":"https:\/\/nk7-testes.com.br\/agazeta\/saiba-quem-pode-votar-para-conselheiro-tutelar\/#breadcrumb","itemListElement":[{"@type":"ListItem","position":1,"name":"In\u00edcio","item":"https:\/\/nk7-testes.com.br\/agazeta\/"},{"@type":"ListItem","position":2,"name":"Saiba quem pode votar para Conselheiro Tutelar"}]},{"@type":"WebSite","@id":"https:\/\/nk7-testes.com.br\/agazeta\/#website","url":"https:\/\/nk7-testes.com.br\/agazeta\/","name":"Agazeta.net","description":"Agazeta.net - Not\u00edcias de Rio Branco\/AC","potentialAction":[{"@type":"SearchAction","target":{"@type":"EntryPoint","urlTemplate":"https:\/\/nk7-testes.com.br\/agazeta\/?s={search_term_string}"},"query-input":{"@type":"PropertyValueSpecification","valueRequired":true,"valueName":"search_term_string"}}],"inLanguage":"pt-BR"},{"@type":"Person","@id":"https:\/\/nk7-testes.com.br\/agazeta\/#\/schema\/person\/6d6e25cb0435eb4a02fd44d30b4e3020","name":"Agazeta.Net","url":"https:\/\/nk7-testes.com.br\/agazeta\/author\/agazeta\/"}]}},"_links":{"self":[{"href":"https:\/\/nk7-testes.com.br\/agazeta\/wp-json\/wp\/v2\/posts\/18513","targetHints":{"allow":["GET"]}}],"collection":[{"href":"https:\/\/nk7-testes.com.br\/agazeta\/wp-json\/wp\/v2\/posts"}],"about":[{"href":"https:\/\/nk7-testes.com.br\/agazeta\/wp-json\/wp\/v2\/types\/post"}],"author":[{"embeddable":true,"href":"https:\/\/nk7-testes.com.br\/agazeta\/wp-json\/wp\/v2\/users\/4"}],"replies":[{"embeddable":true,"href":"https:\/\/nk7-testes.com.br\/agazeta\/wp-json\/wp\/v2\/comments?post=18513"}],"version-history":[{"count":0,"href":"https:\/\/nk7-testes.com.br\/agazeta\/wp-json\/wp\/v2\/posts\/18513\/revisions"}],"wp:featuredmedia":[{"embeddable":true,"href":"https:\/\/nk7-testes.com.br\/agazeta\/wp-json\/wp\/v2\/media\/18512"}],"wp:attachment":[{"href":"https:\/\/nk7-testes.com.br\/agazeta\/wp-json\/wp\/v2\/media?parent=18513"}],"wp:term":[{"taxonomy":"category","embeddable":true,"href":"https:\/\/nk7-testes.com.br\/agazeta\/wp-json\/wp\/v2\/categories?post=18513"},{"taxonomy":"post_tag","embeddable":true,"href":"https:\/\/nk7-testes.com.br\/agazeta\/wp-json\/wp\/v2\/tags?post=18513"}],"curies":[{"name":"wp","href":"https:\/\/api.w.org\/{rel}","templated":true}]}}