{"id":18511,"date":"2015-09-23T16:23:38","date_gmt":"2015-09-23T16:23:38","guid":{"rendered":"https:\/\/abarevegan.com.br\/index.php\/2015\/09\/23\/bancarios-podem-entrar-em-greve-dia-30\/"},"modified":"2015-09-23T16:23:38","modified_gmt":"2015-09-23T16:23:38","slug":"bancarios-podem-entrar-em-greve-dia-30","status":"publish","type":"post","link":"https:\/\/nk7-testes.com.br\/agazeta\/bancarios-podem-entrar-em-greve-dia-30\/","title":{"rendered":"Banc\u00e1rios podem entrar em greve dia 30"},"content":{"rendered":"<p style=\"text-align: justify;\">Nova rodada de negocia\u00e7\u00e3o ocorre dia 25<\/p>\n<p style=\"text-align: justify;\">Os banc\u00e1rios podem entrar de greve no dia 30 de setembro. As negocia\u00e7\u00f5es na Federa\u00e7\u00e3o Nacional dos Bancos n\u00e3o avan\u00e7am e a tend\u00eancia \u00e9 que os trabalhadores cruzem os bra\u00e7os a partir da pr\u00f3xima semana.<\/p>\n<p style=\"text-align: justify;\">A quinta rodada de negocia\u00e7\u00e3o acontece na pr\u00f3xima sexta-feira, dia 25. As reivindica\u00e7\u00f5es se fundamentam nos temas de emprego, sa\u00fade, seguran\u00e7a e igualdade de oportunidades.<\/p>\n<p style=\"text-align: justify;\">Os banc\u00e1rios reivindicam \u00edndice de 16% (reposi\u00e7\u00e3o da infla\u00e7\u00e3o mais aumento real de 5,7%) para reajuste dos sal\u00e1rios. \u201cTamb\u00e9m definimos o piso com base no sal\u00e1rio m\u00ednimo do Dieese e a PLR de tr\u00eas sal\u00e1rios mais R$ 7.246,82 de parcela fixa adicional\u201d, diz o informativo dos banc\u00e1rios.<\/p>\n<p style=\"text-align: justify;\">Os trabalhadores argumentam que o setor financeiro teve um lucro de 27% no primeiro semestre do ano. \u201cEsse resultado, de mais de R$ 36 bilh\u00f5es, foi constru\u00eddo pelos trabalhadores e eles devem ser valorizados. O momento exige que o mercado interno aque\u00e7a e os bancos t\u00eam de fazer a sua parte\u201d, dizem.<\/p>\n","protected":false},"excerpt":{"rendered":"<p style=\"text-align: justify;\">Nova rodada de negocia\u00e7\u00e3o ocorre dia 25<\/p>\n","protected":false},"author":4,"featured_media":18510,"comment_status":"open","ping_status":"open","sticky":false,"template":"","format":"standard","meta":{"jnews-multi-image_gallery":[],"jnews_single_post":[],"jnews_primary_category":[],"jnews_social_meta":[],"jnews_review":[],"enable_review":"","type":"","name":"","summary":"","brand":"","sku":"","good":[],"bad":[],"score_override":"","override_value":"","rating":[],"price":[],"footnotes":""},"categories":[54],"tags":[],"class_list":["post-18511","post","type-post","status-publish","format-standard","has-post-thumbnail","hentry","category-cotidiano"],"yoast_head":"<!-- This site is optimized with the Yoast SEO plugin v26.5 - https:\/\/yoast.com\/wordpress\/plugins\/seo\/ -->\n<title>Banc\u00e1rios podem entrar em greve dia 30 - Agazeta.net<\/title>\n<meta name=\"robots\" content=\"index, follow, max-snippet:-1, max-image-preview:large, max-video-preview:-1\" \/>\n<link rel=\"canonical\" href=\"https:\/\/nk7-testes.com.br\/agazeta\/bancarios-podem-entrar-em-greve-dia-30\/\" \/>\n<meta property=\"og:locale\" content=\"pt_BR\" \/>\n<meta property=\"og:type\" content=\"article\" \/>\n<meta property=\"og:title\" content=\"Banc\u00e1rios podem entrar em greve dia 30 - Agazeta.net\" \/>\n<meta property=\"og:description\" content=\"Nova rodada de negocia\u00e7\u00e3o ocorre dia 25\" \/>\n<meta property=\"og:url\" content=\"https:\/\/nk7-testes.com.br\/agazeta\/bancarios-podem-entrar-em-greve-dia-30\/\" \/>\n<meta property=\"og:site_name\" content=\"Agazeta.net\" \/>\n<meta property=\"article:published_time\" content=\"2015-09-23T16:23:38+00:00\" \/>\n<meta property=\"og:image\" content=\"https:\/\/nk7-testes.com.br\/agazeta\/wp-content\/uploads\/2015\/09\/230915-cotidiano-bancariosgreve-sindicatodosbancarios.jpg\" \/>\n\t<meta property=\"og:image:width\" content=\"458\" \/>\n\t<meta property=\"og:image:height\" content=\"340\" \/>\n\t<meta property=\"og:image:type\" content=\"image\/jpeg\" \/>\n<meta name=\"author\" content=\"Agazeta.Net\" \/>\n<meta name=\"twitter:card\" content=\"summary_large_image\" \/>\n<meta name=\"twitter:label1\" content=\"Escrito por\" \/>\n\t<meta name=\"twitter:data1\" content=\"Agazeta.Net\" \/>\n\t<meta name=\"twitter:label2\" content=\"Est. tempo de leitura\" \/>\n\t<meta name=\"twitter:data2\" content=\"1 minuto\" \/>\n<script type=\"application\/ld+json\" class=\"yoast-schema-graph\">{\"@context\":\"https:\/\/schema.org\",\"@graph\":[{\"@type\":\"WebPage\",\"@id\":\"https:\/\/nk7-testes.com.br\/agazeta\/bancarios-podem-entrar-em-greve-dia-30\/\",\"url\":\"https:\/\/nk7-testes.com.br\/agazeta\/bancarios-podem-entrar-em-greve-dia-30\/\",\"name\":\"Banc\u00e1rios podem entrar em greve dia 30 - Agazeta.net\",\"isPartOf\":{\"@id\":\"https:\/\/nk7-testes.com.br\/agazeta\/#website\"},\"primaryImageOfPage\":{\"@id\":\"https:\/\/nk7-testes.com.br\/agazeta\/bancarios-podem-entrar-em-greve-dia-30\/#primaryimage\"},\"image\":{\"@id\":\"https:\/\/nk7-testes.com.br\/agazeta\/bancarios-podem-entrar-em-greve-dia-30\/#primaryimage\"},\"thumbnailUrl\":\"https:\/\/nk7-testes.com.br\/agazeta\/wp-content\/uploads\/2015\/09\/230915-cotidiano-bancariosgreve-sindicatodosbancarios.jpg\",\"datePublished\":\"2015-09-23T16:23:38+00:00\",\"author\":{\"@id\":\"https:\/\/nk7-testes.com.br\/agazeta\/#\/schema\/person\/6d6e25cb0435eb4a02fd44d30b4e3020\"},\"breadcrumb\":{\"@id\":\"https:\/\/nk7-testes.com.br\/agazeta\/bancarios-podem-entrar-em-greve-dia-30\/#breadcrumb\"},\"inLanguage\":\"pt-BR\",\"potentialAction\":[{\"@type\":\"ReadAction\",\"target\":[\"https:\/\/nk7-testes.com.br\/agazeta\/bancarios-podem-entrar-em-greve-dia-30\/\"]}]},{\"@type\":\"ImageObject\",\"inLanguage\":\"pt-BR\",\"@id\":\"https:\/\/nk7-testes.com.br\/agazeta\/bancarios-podem-entrar-em-greve-dia-30\/#primaryimage\",\"url\":\"https:\/\/nk7-testes.com.br\/agazeta\/wp-content\/uploads\/2015\/09\/230915-cotidiano-bancariosgreve-sindicatodosbancarios.jpg\",\"contentUrl\":\"https:\/\/nk7-testes.com.br\/agazeta\/wp-content\/uploads\/2015\/09\/230915-cotidiano-bancariosgreve-sindicatodosbancarios.jpg\",\"width\":458,\"height\":340,\"caption\":\"230915-cotidiano-bancariosgreve-sindicatodosbancarios\"},{\"@type\":\"BreadcrumbList\",\"@id\":\"https:\/\/nk7-testes.com.br\/agazeta\/bancarios-podem-entrar-em-greve-dia-30\/#breadcrumb\",\"itemListElement\":[{\"@type\":\"ListItem\",\"position\":1,\"name\":\"In\u00edcio\",\"item\":\"https:\/\/nk7-testes.com.br\/agazeta\/\"},{\"@type\":\"ListItem\",\"position\":2,\"name\":\"Banc\u00e1rios podem entrar em greve dia 30\"}]},{\"@type\":\"WebSite\",\"@id\":\"https:\/\/nk7-testes.com.br\/agazeta\/#website\",\"url\":\"https:\/\/nk7-testes.com.br\/agazeta\/\",\"name\":\"Agazeta.net\",\"description\":\"Agazeta.net - Not\u00edcias de Rio Branco\/AC\",\"potentialAction\":[{\"@type\":\"SearchAction\",\"target\":{\"@type\":\"EntryPoint\",\"urlTemplate\":\"https:\/\/nk7-testes.com.br\/agazeta\/?s={search_term_string}\"},\"query-input\":{\"@type\":\"PropertyValueSpecification\",\"valueRequired\":true,\"valueName\":\"search_term_string\"}}],\"inLanguage\":\"pt-BR\"},{\"@type\":\"Person\",\"@id\":\"https:\/\/nk7-testes.com.br\/agazeta\/#\/schema\/person\/6d6e25cb0435eb4a02fd44d30b4e3020\",\"name\":\"Agazeta.Net\",\"url\":\"https:\/\/nk7-testes.com.br\/agazeta\/author\/agazeta\/\"}]}<\/script>\n<!-- \/ Yoast SEO plugin. -->","yoast_head_json":{"title":"Banc\u00e1rios podem entrar em greve dia 30 - Agazeta.net","robots":{"index":"index","follow":"follow","max-snippet":"max-snippet:-1","max-image-preview":"max-image-preview:large","max-video-preview":"max-video-preview:-1"},"canonical":"https:\/\/nk7-testes.com.br\/agazeta\/bancarios-podem-entrar-em-greve-dia-30\/","og_locale":"pt_BR","og_type":"article","og_title":"Banc\u00e1rios podem entrar em greve dia 30 - Agazeta.net","og_description":"Nova rodada de negocia\u00e7\u00e3o ocorre dia 25","og_url":"https:\/\/nk7-testes.com.br\/agazeta\/bancarios-podem-entrar-em-greve-dia-30\/","og_site_name":"Agazeta.net","article_published_time":"2015-09-23T16:23:38+00:00","og_image":[{"width":458,"height":340,"url":"https:\/\/nk7-testes.com.br\/agazeta\/wp-content\/uploads\/2015\/09\/230915-cotidiano-bancariosgreve-sindicatodosbancarios.jpg","type":"image\/jpeg"}],"author":"Agazeta.Net","twitter_card":"summary_large_image","twitter_misc":{"Escrito por":"Agazeta.Net","Est. tempo de leitura":"1 minuto"},"schema":{"@context":"https:\/\/schema.org","@graph":[{"@type":"WebPage","@id":"https:\/\/nk7-testes.com.br\/agazeta\/bancarios-podem-entrar-em-greve-dia-30\/","url":"https:\/\/nk7-testes.com.br\/agazeta\/bancarios-podem-entrar-em-greve-dia-30\/","name":"Banc\u00e1rios podem entrar em greve dia 30 - Agazeta.net","isPartOf":{"@id":"https:\/\/nk7-testes.com.br\/agazeta\/#website"},"primaryImageOfPage":{"@id":"https:\/\/nk7-testes.com.br\/agazeta\/bancarios-podem-entrar-em-greve-dia-30\/#primaryimage"},"image":{"@id":"https:\/\/nk7-testes.com.br\/agazeta\/bancarios-podem-entrar-em-greve-dia-30\/#primaryimage"},"thumbnailUrl":"https:\/\/nk7-testes.com.br\/agazeta\/wp-content\/uploads\/2015\/09\/230915-cotidiano-bancariosgreve-sindicatodosbancarios.jpg","datePublished":"2015-09-23T16:23:38+00:00","author":{"@id":"https:\/\/nk7-testes.com.br\/agazeta\/#\/schema\/person\/6d6e25cb0435eb4a02fd44d30b4e3020"},"breadcrumb":{"@id":"https:\/\/nk7-testes.com.br\/agazeta\/bancarios-podem-entrar-em-greve-dia-30\/#breadcrumb"},"inLanguage":"pt-BR","potentialAction":[{"@type":"ReadAction","target":["https:\/\/nk7-testes.com.br\/agazeta\/bancarios-podem-entrar-em-greve-dia-30\/"]}]},{"@type":"ImageObject","inLanguage":"pt-BR","@id":"https:\/\/nk7-testes.com.br\/agazeta\/bancarios-podem-entrar-em-greve-dia-30\/#primaryimage","url":"https:\/\/nk7-testes.com.br\/agazeta\/wp-content\/uploads\/2015\/09\/230915-cotidiano-bancariosgreve-sindicatodosbancarios.jpg","contentUrl":"https:\/\/nk7-testes.com.br\/agazeta\/wp-content\/uploads\/2015\/09\/230915-cotidiano-bancariosgreve-sindicatodosbancarios.jpg","width":458,"height":340,"caption":"230915-cotidiano-bancariosgreve-sindicatodosbancarios"},{"@type":"BreadcrumbList","@id":"https:\/\/nk7-testes.com.br\/agazeta\/bancarios-podem-entrar-em-greve-dia-30\/#breadcrumb","itemListElement":[{"@type":"ListItem","position":1,"name":"In\u00edcio","item":"https:\/\/nk7-testes.com.br\/agazeta\/"},{"@type":"ListItem","position":2,"name":"Banc\u00e1rios podem entrar em greve dia 30"}]},{"@type":"WebSite","@id":"https:\/\/nk7-testes.com.br\/agazeta\/#website","url":"https:\/\/nk7-testes.com.br\/agazeta\/","name":"Agazeta.net","description":"Agazeta.net - Not\u00edcias de Rio Branco\/AC","potentialAction":[{"@type":"SearchAction","target":{"@type":"EntryPoint","urlTemplate":"https:\/\/nk7-testes.com.br\/agazeta\/?s={search_term_string}"},"query-input":{"@type":"PropertyValueSpecification","valueRequired":true,"valueName":"search_term_string"}}],"inLanguage":"pt-BR"},{"@type":"Person","@id":"https:\/\/nk7-testes.com.br\/agazeta\/#\/schema\/person\/6d6e25cb0435eb4a02fd44d30b4e3020","name":"Agazeta.Net","url":"https:\/\/nk7-testes.com.br\/agazeta\/author\/agazeta\/"}]}},"_links":{"self":[{"href":"https:\/\/nk7-testes.com.br\/agazeta\/wp-json\/wp\/v2\/posts\/18511","targetHints":{"allow":["GET"]}}],"collection":[{"href":"https:\/\/nk7-testes.com.br\/agazeta\/wp-json\/wp\/v2\/posts"}],"about":[{"href":"https:\/\/nk7-testes.com.br\/agazeta\/wp-json\/wp\/v2\/types\/post"}],"author":[{"embeddable":true,"href":"https:\/\/nk7-testes.com.br\/agazeta\/wp-json\/wp\/v2\/users\/4"}],"replies":[{"embeddable":true,"href":"https:\/\/nk7-testes.com.br\/agazeta\/wp-json\/wp\/v2\/comments?post=18511"}],"version-history":[{"count":0,"href":"https:\/\/nk7-testes.com.br\/agazeta\/wp-json\/wp\/v2\/posts\/18511\/revisions"}],"wp:featuredmedia":[{"embeddable":true,"href":"https:\/\/nk7-testes.com.br\/agazeta\/wp-json\/wp\/v2\/media\/18510"}],"wp:attachment":[{"href":"https:\/\/nk7-testes.com.br\/agazeta\/wp-json\/wp\/v2\/media?parent=18511"}],"wp:term":[{"taxonomy":"category","embeddable":true,"href":"https:\/\/nk7-testes.com.br\/agazeta\/wp-json\/wp\/v2\/categories?post=18511"},{"taxonomy":"post_tag","embeddable":true,"href":"https:\/\/nk7-testes.com.br\/agazeta\/wp-json\/wp\/v2\/tags?post=18511"}],"curies":[{"name":"wp","href":"https:\/\/api.w.org\/{rel}","templated":true}]}}