{"id":18480,"date":"2015-09-22T14:34:23","date_gmt":"2015-09-22T14:34:23","guid":{"rendered":"https:\/\/abarevegan.com.br\/index.php\/2015\/09\/22\/cadeiraco-exige-fim-do-preconceito\/"},"modified":"2015-09-22T14:34:23","modified_gmt":"2015-09-22T14:34:23","slug":"cadeiraco-exige-fim-do-preconceito","status":"publish","type":"post","link":"https:\/\/nk7-testes.com.br\/agazeta\/cadeiraco-exige-fim-do-preconceito\/","title":{"rendered":"\u201cCadeira\u00e7o\u201d exige fim do preconceito"},"content":{"rendered":"<p><span style=\"font-size: 12pt; line-height: 115%; font-family: 'Times New Roman', serif;\"><\/span><\/p>\n<p style=\"text-align: justify;\">Dia Nacional da Pessoa com Defici\u00eancia refor\u00e7a luta<\/p>\n<p style=\"text-align: justify;\"><span style=\"font-size: 12pt; line-height: 115%; font-family: 'Times New Roman', serif;\"><\/span><\/p>\n<p style=\"text-align: justify;\">Cadeirantes promovem ato contra o preconceito em Rio Branco. O \u201cCadeira\u00e7o\u201d promovido nesta segunda-feira em ruas do centro da Capital marcou o Dia Nacional da Pessoa com Defici\u00eancia.<\/p>\n<p style=\"text-align: justify;\"><span style=\"font-size: 12pt; line-height: 115%; font-family: 'Times New Roman', serif;\"><\/span><\/p>\n<p style=\"text-align: justify;\">\u201cN\u00f3s existimos!\u201d Com essas duas palavras, pessoas com defici\u00eancia de locomo\u00e7\u00e3o, cadeirantes, familiares e militantes percorreram algumas ruas do Centro de Rio Branco. O \u201ccadeira\u00e7o\u201d nasce na Capital com objetivo de cobrar direitos constitucionais da pessoa com defici\u00eancia.<\/p>\n<p style=\"text-align: justify;\"><span style=\"font-size: 12pt; line-height: 115%; font-family: 'Times New Roman', serif;\"><\/span><\/p>\n<p style=\"text-align: justify;\">Para eles, o preconceito ainda \u00e9 a maior barreira que precisa ser superada. \u201cChegamos naquele momento de dar um basta no preconceito. Deixar de olhar com discrimina\u00e7\u00e3o, e, ao poder p\u00fablico, exige-se a constru\u00e7\u00e3o de rampas acess\u00edveis, transporte coletivo mais acess\u00edvel\u201d, disse o presidente da Copedac, Edv\u00e2nio Silva.<\/p>\n<p style=\"text-align: justify;\"><span style=\"font-size: 12pt; line-height: 115%; font-family: 'Times New Roman', serif;\"><\/span><\/p>\n<p style=\"text-align: justify;\">Durante o \u201ccadeira\u00e7o\u201d, estava prevista a entrega pela Prefeitura de Rio Branco, de um coletivo adaptado. O ve\u00edculo seria destinado a entidade dos cadeirantes. No entanto, a plataforma, principal pe\u00e7a que precisava ser montada n\u00e3o chegou a tempo.<\/p>\n<p style=\"text-align: justify;\"><span style=\"font-size: 12pt; line-height: 115%; font-family: 'Times New Roman', serif;\"><\/span><\/p>\n<p style=\"text-align: justify;\">Jos\u00e9 Ricardo \u00e9 cadeirante h\u00e1 9 anos. Ele \u00e9 v\u00edtima de bala perdida e teve que se adaptar a nova vida sobre rodas. O homem que faz bicos como lavador de carros e tamb\u00e9m pratica basquete paral\u00edmpico, acredita que a limita\u00e7\u00e3o \u00e9 um desafio muito maior ao poder p\u00fablico do que aos portadores de necessidades especiais.<\/p>\n<p style=\"text-align: justify;\"><span style=\"font-size: 12pt; line-height: 115%; font-family: 'Times New Roman', serif;\"><\/span><\/p>\n<p style=\"text-align: justify;\">\u201cA dificuldade que temos \u00e9 de acesso, meio fio quebrado, \u00f4nibus n\u00e3o adaptado, a situa\u00e7\u00e3o \u00e9 prec\u00e1ria\u201d, argumenta.<\/p>\n<p style=\"text-align: justify;\"><span style=\"font-size: 12pt; line-height: 115%; font-family: 'Times New Roman', serif;\"><\/span><\/p>\n<p style=\"text-align: justify;\">Com faixas e cartazes, os cadeirantes reivindicaram o cumprimento de leis, e divulgaram artigos do Estatuto do portador de defici\u00eancia. Uma carta aberta \u00e0s institui\u00e7\u00f5es tamb\u00e9m foi distribu\u00edda durante o ato.<\/p>\n<p style=\"text-align: justify;\"><span style=\"font-size: 12pt; line-height: 115%; font-family: 'Times New Roman', serif;\"><\/span><\/p>\n<p style=\"text-align: justify;\">Os militantes tamb\u00e9m sugerem que pessoas com defici\u00eancia participem do planejamento urbano, apresentando sugest\u00f5es principalmente no contexto da mobilidade.<\/p>\n<p><span style=\"font-size: 12pt; line-height: 115%; font-family: 'Times New Roman', serif;\">&nbsp;<\/span><\/p>\n","protected":false},"excerpt":{"rendered":"<p><span style=\"font-size: 12pt; line-height: 115%; font-family: 'Times New Roman', serif;\"><\/span><\/p>\n<p style=\"text-align: justify;\">Dia Nacional da Pessoa com Defici\u00eancia refor\u00e7a luta<\/p>\n","protected":false},"author":4,"featured_media":18479,"comment_status":"open","ping_status":"open","sticky":false,"template":"","format":"standard","meta":{"jnews-multi-image_gallery":[],"jnews_single_post":[],"jnews_primary_category":[],"jnews_social_meta":[],"jnews_review":[],"enable_review":"","type":"","name":"","summary":"","brand":"","sku":"","good":[],"bad":[],"score_override":"","override_value":"","rating":[],"price":[],"footnotes":""},"categories":[54],"tags":[],"class_list":["post-18480","post","type-post","status-publish","format-standard","has-post-thumbnail","hentry","category-cotidiano"],"yoast_head":"<!-- This site is optimized with the Yoast SEO plugin v26.5 - https:\/\/yoast.com\/wordpress\/plugins\/seo\/ -->\n<title>\u201cCadeira\u00e7o\u201d exige fim do preconceito - Agazeta.net<\/title>\n<meta name=\"robots\" content=\"index, follow, max-snippet:-1, max-image-preview:large, max-video-preview:-1\" \/>\n<link rel=\"canonical\" href=\"https:\/\/nk7-testes.com.br\/agazeta\/cadeiraco-exige-fim-do-preconceito\/\" \/>\n<meta property=\"og:locale\" content=\"pt_BR\" \/>\n<meta property=\"og:type\" content=\"article\" \/>\n<meta property=\"og:title\" content=\"\u201cCadeira\u00e7o\u201d exige fim do preconceito - Agazeta.net\" \/>\n<meta property=\"og:description\" content=\"Dia Nacional da Pessoa com Defici\u00eancia refor\u00e7a luta\" \/>\n<meta property=\"og:url\" content=\"https:\/\/nk7-testes.com.br\/agazeta\/cadeiraco-exige-fim-do-preconceito\/\" \/>\n<meta property=\"og:site_name\" content=\"Agazeta.net\" \/>\n<meta property=\"article:published_time\" content=\"2015-09-22T14:34:23+00:00\" \/>\n<meta property=\"og:image\" content=\"https:\/\/nk7-testes.com.br\/agazeta\/wp-content\/uploads\/2015\/09\/220915-cotidiano-cadeiraco-tvgazeta.jpg\" \/>\n\t<meta property=\"og:image:width\" content=\"458\" \/>\n\t<meta property=\"og:image:height\" content=\"340\" \/>\n\t<meta property=\"og:image:type\" content=\"image\/jpeg\" \/>\n<meta name=\"author\" content=\"Agazeta.Net\" \/>\n<meta name=\"twitter:card\" content=\"summary_large_image\" \/>\n<meta name=\"twitter:label1\" content=\"Escrito por\" \/>\n\t<meta name=\"twitter:data1\" content=\"Agazeta.Net\" \/>\n\t<meta name=\"twitter:label2\" content=\"Est. tempo de leitura\" \/>\n\t<meta name=\"twitter:data2\" content=\"2 minutos\" \/>\n<script type=\"application\/ld+json\" class=\"yoast-schema-graph\">{\"@context\":\"https:\/\/schema.org\",\"@graph\":[{\"@type\":\"WebPage\",\"@id\":\"https:\/\/nk7-testes.com.br\/agazeta\/cadeiraco-exige-fim-do-preconceito\/\",\"url\":\"https:\/\/nk7-testes.com.br\/agazeta\/cadeiraco-exige-fim-do-preconceito\/\",\"name\":\"\u201cCadeira\u00e7o\u201d exige fim do preconceito - Agazeta.net\",\"isPartOf\":{\"@id\":\"https:\/\/nk7-testes.com.br\/agazeta\/#website\"},\"primaryImageOfPage\":{\"@id\":\"https:\/\/nk7-testes.com.br\/agazeta\/cadeiraco-exige-fim-do-preconceito\/#primaryimage\"},\"image\":{\"@id\":\"https:\/\/nk7-testes.com.br\/agazeta\/cadeiraco-exige-fim-do-preconceito\/#primaryimage\"},\"thumbnailUrl\":\"https:\/\/nk7-testes.com.br\/agazeta\/wp-content\/uploads\/2015\/09\/220915-cotidiano-cadeiraco-tvgazeta.jpg\",\"datePublished\":\"2015-09-22T14:34:23+00:00\",\"author\":{\"@id\":\"https:\/\/nk7-testes.com.br\/agazeta\/#\/schema\/person\/6d6e25cb0435eb4a02fd44d30b4e3020\"},\"breadcrumb\":{\"@id\":\"https:\/\/nk7-testes.com.br\/agazeta\/cadeiraco-exige-fim-do-preconceito\/#breadcrumb\"},\"inLanguage\":\"pt-BR\",\"potentialAction\":[{\"@type\":\"ReadAction\",\"target\":[\"https:\/\/nk7-testes.com.br\/agazeta\/cadeiraco-exige-fim-do-preconceito\/\"]}]},{\"@type\":\"ImageObject\",\"inLanguage\":\"pt-BR\",\"@id\":\"https:\/\/nk7-testes.com.br\/agazeta\/cadeiraco-exige-fim-do-preconceito\/#primaryimage\",\"url\":\"https:\/\/nk7-testes.com.br\/agazeta\/wp-content\/uploads\/2015\/09\/220915-cotidiano-cadeiraco-tvgazeta.jpg\",\"contentUrl\":\"https:\/\/nk7-testes.com.br\/agazeta\/wp-content\/uploads\/2015\/09\/220915-cotidiano-cadeiraco-tvgazeta.jpg\",\"width\":458,\"height\":340,\"caption\":\"220915-cotidiano-cadeiraco-tvgazeta\"},{\"@type\":\"BreadcrumbList\",\"@id\":\"https:\/\/nk7-testes.com.br\/agazeta\/cadeiraco-exige-fim-do-preconceito\/#breadcrumb\",\"itemListElement\":[{\"@type\":\"ListItem\",\"position\":1,\"name\":\"In\u00edcio\",\"item\":\"https:\/\/nk7-testes.com.br\/agazeta\/\"},{\"@type\":\"ListItem\",\"position\":2,\"name\":\"\u201cCadeira\u00e7o\u201d exige fim do preconceito\"}]},{\"@type\":\"WebSite\",\"@id\":\"https:\/\/nk7-testes.com.br\/agazeta\/#website\",\"url\":\"https:\/\/nk7-testes.com.br\/agazeta\/\",\"name\":\"Agazeta.net\",\"description\":\"Agazeta.net - Not\u00edcias de Rio Branco\/AC\",\"potentialAction\":[{\"@type\":\"SearchAction\",\"target\":{\"@type\":\"EntryPoint\",\"urlTemplate\":\"https:\/\/nk7-testes.com.br\/agazeta\/?s={search_term_string}\"},\"query-input\":{\"@type\":\"PropertyValueSpecification\",\"valueRequired\":true,\"valueName\":\"search_term_string\"}}],\"inLanguage\":\"pt-BR\"},{\"@type\":\"Person\",\"@id\":\"https:\/\/nk7-testes.com.br\/agazeta\/#\/schema\/person\/6d6e25cb0435eb4a02fd44d30b4e3020\",\"name\":\"Agazeta.Net\",\"url\":\"https:\/\/nk7-testes.com.br\/agazeta\/author\/agazeta\/\"}]}<\/script>\n<!-- \/ Yoast SEO plugin. -->","yoast_head_json":{"title":"\u201cCadeira\u00e7o\u201d exige fim do preconceito - Agazeta.net","robots":{"index":"index","follow":"follow","max-snippet":"max-snippet:-1","max-image-preview":"max-image-preview:large","max-video-preview":"max-video-preview:-1"},"canonical":"https:\/\/nk7-testes.com.br\/agazeta\/cadeiraco-exige-fim-do-preconceito\/","og_locale":"pt_BR","og_type":"article","og_title":"\u201cCadeira\u00e7o\u201d exige fim do preconceito - Agazeta.net","og_description":"Dia Nacional da Pessoa com Defici\u00eancia refor\u00e7a luta","og_url":"https:\/\/nk7-testes.com.br\/agazeta\/cadeiraco-exige-fim-do-preconceito\/","og_site_name":"Agazeta.net","article_published_time":"2015-09-22T14:34:23+00:00","og_image":[{"width":458,"height":340,"url":"https:\/\/nk7-testes.com.br\/agazeta\/wp-content\/uploads\/2015\/09\/220915-cotidiano-cadeiraco-tvgazeta.jpg","type":"image\/jpeg"}],"author":"Agazeta.Net","twitter_card":"summary_large_image","twitter_misc":{"Escrito por":"Agazeta.Net","Est. tempo de leitura":"2 minutos"},"schema":{"@context":"https:\/\/schema.org","@graph":[{"@type":"WebPage","@id":"https:\/\/nk7-testes.com.br\/agazeta\/cadeiraco-exige-fim-do-preconceito\/","url":"https:\/\/nk7-testes.com.br\/agazeta\/cadeiraco-exige-fim-do-preconceito\/","name":"\u201cCadeira\u00e7o\u201d exige fim do preconceito - Agazeta.net","isPartOf":{"@id":"https:\/\/nk7-testes.com.br\/agazeta\/#website"},"primaryImageOfPage":{"@id":"https:\/\/nk7-testes.com.br\/agazeta\/cadeiraco-exige-fim-do-preconceito\/#primaryimage"},"image":{"@id":"https:\/\/nk7-testes.com.br\/agazeta\/cadeiraco-exige-fim-do-preconceito\/#primaryimage"},"thumbnailUrl":"https:\/\/nk7-testes.com.br\/agazeta\/wp-content\/uploads\/2015\/09\/220915-cotidiano-cadeiraco-tvgazeta.jpg","datePublished":"2015-09-22T14:34:23+00:00","author":{"@id":"https:\/\/nk7-testes.com.br\/agazeta\/#\/schema\/person\/6d6e25cb0435eb4a02fd44d30b4e3020"},"breadcrumb":{"@id":"https:\/\/nk7-testes.com.br\/agazeta\/cadeiraco-exige-fim-do-preconceito\/#breadcrumb"},"inLanguage":"pt-BR","potentialAction":[{"@type":"ReadAction","target":["https:\/\/nk7-testes.com.br\/agazeta\/cadeiraco-exige-fim-do-preconceito\/"]}]},{"@type":"ImageObject","inLanguage":"pt-BR","@id":"https:\/\/nk7-testes.com.br\/agazeta\/cadeiraco-exige-fim-do-preconceito\/#primaryimage","url":"https:\/\/nk7-testes.com.br\/agazeta\/wp-content\/uploads\/2015\/09\/220915-cotidiano-cadeiraco-tvgazeta.jpg","contentUrl":"https:\/\/nk7-testes.com.br\/agazeta\/wp-content\/uploads\/2015\/09\/220915-cotidiano-cadeiraco-tvgazeta.jpg","width":458,"height":340,"caption":"220915-cotidiano-cadeiraco-tvgazeta"},{"@type":"BreadcrumbList","@id":"https:\/\/nk7-testes.com.br\/agazeta\/cadeiraco-exige-fim-do-preconceito\/#breadcrumb","itemListElement":[{"@type":"ListItem","position":1,"name":"In\u00edcio","item":"https:\/\/nk7-testes.com.br\/agazeta\/"},{"@type":"ListItem","position":2,"name":"\u201cCadeira\u00e7o\u201d exige fim do preconceito"}]},{"@type":"WebSite","@id":"https:\/\/nk7-testes.com.br\/agazeta\/#website","url":"https:\/\/nk7-testes.com.br\/agazeta\/","name":"Agazeta.net","description":"Agazeta.net - Not\u00edcias de Rio Branco\/AC","potentialAction":[{"@type":"SearchAction","target":{"@type":"EntryPoint","urlTemplate":"https:\/\/nk7-testes.com.br\/agazeta\/?s={search_term_string}"},"query-input":{"@type":"PropertyValueSpecification","valueRequired":true,"valueName":"search_term_string"}}],"inLanguage":"pt-BR"},{"@type":"Person","@id":"https:\/\/nk7-testes.com.br\/agazeta\/#\/schema\/person\/6d6e25cb0435eb4a02fd44d30b4e3020","name":"Agazeta.Net","url":"https:\/\/nk7-testes.com.br\/agazeta\/author\/agazeta\/"}]}},"_links":{"self":[{"href":"https:\/\/nk7-testes.com.br\/agazeta\/wp-json\/wp\/v2\/posts\/18480","targetHints":{"allow":["GET"]}}],"collection":[{"href":"https:\/\/nk7-testes.com.br\/agazeta\/wp-json\/wp\/v2\/posts"}],"about":[{"href":"https:\/\/nk7-testes.com.br\/agazeta\/wp-json\/wp\/v2\/types\/post"}],"author":[{"embeddable":true,"href":"https:\/\/nk7-testes.com.br\/agazeta\/wp-json\/wp\/v2\/users\/4"}],"replies":[{"embeddable":true,"href":"https:\/\/nk7-testes.com.br\/agazeta\/wp-json\/wp\/v2\/comments?post=18480"}],"version-history":[{"count":0,"href":"https:\/\/nk7-testes.com.br\/agazeta\/wp-json\/wp\/v2\/posts\/18480\/revisions"}],"wp:featuredmedia":[{"embeddable":true,"href":"https:\/\/nk7-testes.com.br\/agazeta\/wp-json\/wp\/v2\/media\/18479"}],"wp:attachment":[{"href":"https:\/\/nk7-testes.com.br\/agazeta\/wp-json\/wp\/v2\/media?parent=18480"}],"wp:term":[{"taxonomy":"category","embeddable":true,"href":"https:\/\/nk7-testes.com.br\/agazeta\/wp-json\/wp\/v2\/categories?post=18480"},{"taxonomy":"post_tag","embeddable":true,"href":"https:\/\/nk7-testes.com.br\/agazeta\/wp-json\/wp\/v2\/tags?post=18480"}],"curies":[{"name":"wp","href":"https:\/\/api.w.org\/{rel}","templated":true}]}}