{"id":18462,"date":"2015-09-21T21:16:41","date_gmt":"2015-09-21T21:16:41","guid":{"rendered":"https:\/\/abarevegan.com.br\/index.php\/2015\/09\/21\/eletronorte-tambem-nao-sabe-causa-de-apagoes\/"},"modified":"2015-09-21T21:16:41","modified_gmt":"2015-09-21T21:16:41","slug":"eletronorte-tambem-nao-sabe-causa-de-apagoes","status":"publish","type":"post","link":"https:\/\/nk7-testes.com.br\/agazeta\/eletronorte-tambem-nao-sabe-causa-de-apagoes\/","title":{"rendered":"Eletronorte tamb\u00e9m n\u00e3o sabe causa de apag\u00f5es"},"content":{"rendered":"<p style=\"text-align: justify;\">Videoconfer\u00eancia: Rond\u00f4nia e Acre sem explica\u00e7\u00e3o<\/p>\n<p style=\"text-align: justify;\">A dire\u00e7\u00e3o da Eletronorte-Acre informou que desconhece as causas dos blecautes que vem deixando Rio Branco e mais 11 munic\u00edpios sem o abastecimento de energia el\u00e9trica.<\/p>\n<p style=\"text-align: justify;\">Durante uma reuni\u00e3o por v\u00eddeo confer\u00eancia, realizada na manh\u00e3 dessa segunda-feira, t\u00e9cnicos da Eletronorte-Rond\u00f4nia pediram \u00e0 dire\u00e7\u00e3o, em Bras\u00edlia, que envie t\u00e9cnicos que possam encontrar as causas das panes. Se o problema n\u00e3o for resolvido com urg\u00eancia, novos blecautes podem acontecer a qualquer momento.<\/p>\n<p style=\"text-align: justify;\">O diretor da Eletronorte-Acre, Jos\u00e9 Luiz Neves, disse que a \u00fanica informa\u00e7\u00e3o nesse momento \u00e9 que as panes no sistema est\u00e3o acontecendo na cidade rondoniense de Pimenta Bueno, e, \u00e9, t\u00e3o forte, que est\u00e1 causando o desligamento das usinas hidrel\u00e9tricas instaladas em Rond\u00f4nia. \u201cComo elas param, demora at\u00e9 voltarem a funcionar novamente, por isso, gasta-se mais tempo at\u00e9 que energia chegue aos lares\u201d, explicou.<\/p>\n<p style=\"text-align: justify;\">Os preju\u00edzos come\u00e7am a ser contabilizados principalmente pelos comerciantes que trabalham com frios. Em Brasileia, cidade a 240 quil\u00f4metros da capital, 10 mil aves morreram na sexta-feira e no s\u00e1bado, porque os ventiladores que ajudam a manter o ambiente \u00famido n\u00e3o puderam funcionar mais de tr\u00eas horas.<\/p>\n<p style=\"text-align: justify;\">A mortandade deixou sem renda os pequenos produtores do munic\u00edpio que trabalham em parceria com uma cooperativa. Na sexta-feira, as 12 cidades do Acre e quase todo o Estado de Rond\u00f4nia, que s\u00e3o abastecidos pelo sistema nacional, o famoso \u201clinh\u00e3o\u201d ficaram sem energia por quase 3 horas.<\/p>\n<p style=\"text-align: justify;\">No domingo, um novo apag\u00e3o que come\u00e7ou por volta das 9 horas e se estendeu at\u00e9 o meio dia.<\/p>\n<p style=\"text-align: justify;\">Nessa segunda-feira, na reuni\u00e3o por teleconfer\u00eancia, todos pareciam perdidos, sem poder explicar porque os blecautes ficaram comuns nos dois estados. Esse ano foram oito no total.<\/p>\n<p style=\"text-align: justify;\"><strong>ONS ainda n\u00e3o concluiu Relat\u00f3rio de An\u00e1lise de Perturba\u00e7\u00e3o<\/strong><\/p>\n<p style=\"text-align: justify;\">O Operador Nacional do Sistema,&nbsp;\u00f3rg\u00e3o respons\u00e1vel pela coordena\u00e7\u00e3o e controle da opera\u00e7\u00e3o das instala\u00e7\u00f5es de gera\u00e7\u00e3o e transmiss\u00e3o de energia el\u00e9trica no pa\u00eds, ainda n\u00e3o concluiu o Relat\u00f3rio de An\u00e1lise de Perturba\u00e7\u00e3o (RAP). \u00c9 esse documento que vai identificar poss\u00edveis falhas e responsabilidades. De acordo com a assessoria do Minist\u00e9rio de Minas e Energia, nesse momento, a equipe do ONS re\u00fane os parceiros envolvidos para a elabora\u00e7\u00e3o do relat\u00f3rio.<\/p>\n<p style=\"text-align: justify;\">Somente ap\u00f3s a elabora\u00e7\u00e3o do RAP \u00e9 que o minist\u00e9rio poder\u00e1 se pronunciar.<\/p>\n","protected":false},"excerpt":{"rendered":"<p style=\"text-align: justify;\">Videoconfer\u00eancia: Rond\u00f4nia e Acre sem explica\u00e7\u00e3o<\/p>\n","protected":false},"author":4,"featured_media":18461,"comment_status":"open","ping_status":"open","sticky":false,"template":"","format":"standard","meta":{"jnews-multi-image_gallery":[],"jnews_single_post":[],"jnews_primary_category":[],"jnews_social_meta":[],"jnews_review":[],"enable_review":"","type":"","name":"","summary":"","brand":"","sku":"","good":[],"bad":[],"score_override":"","override_value":"","rating":[],"price":[],"footnotes":""},"categories":[54],"tags":[],"class_list":["post-18462","post","type-post","status-publish","format-standard","has-post-thumbnail","hentry","category-cotidiano"],"yoast_head":"<!-- This site is optimized with the Yoast SEO plugin v26.5 - https:\/\/yoast.com\/wordpress\/plugins\/seo\/ -->\n<title>Eletronorte tamb\u00e9m n\u00e3o sabe causa de apag\u00f5es - Agazeta.net<\/title>\n<meta name=\"robots\" content=\"index, follow, max-snippet:-1, max-image-preview:large, max-video-preview:-1\" \/>\n<link rel=\"canonical\" href=\"https:\/\/nk7-testes.com.br\/agazeta\/eletronorte-tambem-nao-sabe-causa-de-apagoes\/\" \/>\n<meta property=\"og:locale\" content=\"pt_BR\" \/>\n<meta property=\"og:type\" content=\"article\" \/>\n<meta property=\"og:title\" content=\"Eletronorte tamb\u00e9m n\u00e3o sabe causa de apag\u00f5es - Agazeta.net\" \/>\n<meta property=\"og:description\" content=\"Videoconfer\u00eancia: Rond\u00f4nia e Acre sem explica\u00e7\u00e3o\" \/>\n<meta property=\"og:url\" content=\"https:\/\/nk7-testes.com.br\/agazeta\/eletronorte-tambem-nao-sabe-causa-de-apagoes\/\" \/>\n<meta property=\"og:site_name\" content=\"Agazeta.net\" \/>\n<meta property=\"article:published_time\" content=\"2015-09-21T21:16:41+00:00\" \/>\n<meta property=\"og:image\" content=\"https:\/\/nk7-testes.com.br\/agazeta\/wp-content\/uploads\/2015\/09\/210915-cotidiano-apagao-tvgazeta.jpg\" \/>\n\t<meta property=\"og:image:width\" content=\"458\" \/>\n\t<meta property=\"og:image:height\" content=\"340\" \/>\n\t<meta property=\"og:image:type\" content=\"image\/jpeg\" \/>\n<meta name=\"author\" content=\"Agazeta.Net\" \/>\n<meta name=\"twitter:card\" content=\"summary_large_image\" \/>\n<meta name=\"twitter:label1\" content=\"Escrito por\" \/>\n\t<meta name=\"twitter:data1\" content=\"Agazeta.Net\" \/>\n\t<meta name=\"twitter:label2\" content=\"Est. tempo de leitura\" \/>\n\t<meta name=\"twitter:data2\" content=\"2 minutos\" \/>\n<script type=\"application\/ld+json\" class=\"yoast-schema-graph\">{\"@context\":\"https:\/\/schema.org\",\"@graph\":[{\"@type\":\"WebPage\",\"@id\":\"https:\/\/nk7-testes.com.br\/agazeta\/eletronorte-tambem-nao-sabe-causa-de-apagoes\/\",\"url\":\"https:\/\/nk7-testes.com.br\/agazeta\/eletronorte-tambem-nao-sabe-causa-de-apagoes\/\",\"name\":\"Eletronorte tamb\u00e9m n\u00e3o sabe causa de apag\u00f5es - Agazeta.net\",\"isPartOf\":{\"@id\":\"https:\/\/nk7-testes.com.br\/agazeta\/#website\"},\"primaryImageOfPage\":{\"@id\":\"https:\/\/nk7-testes.com.br\/agazeta\/eletronorte-tambem-nao-sabe-causa-de-apagoes\/#primaryimage\"},\"image\":{\"@id\":\"https:\/\/nk7-testes.com.br\/agazeta\/eletronorte-tambem-nao-sabe-causa-de-apagoes\/#primaryimage\"},\"thumbnailUrl\":\"https:\/\/nk7-testes.com.br\/agazeta\/wp-content\/uploads\/2015\/09\/210915-cotidiano-apagao-tvgazeta.jpg\",\"datePublished\":\"2015-09-21T21:16:41+00:00\",\"author\":{\"@id\":\"https:\/\/nk7-testes.com.br\/agazeta\/#\/schema\/person\/6d6e25cb0435eb4a02fd44d30b4e3020\"},\"breadcrumb\":{\"@id\":\"https:\/\/nk7-testes.com.br\/agazeta\/eletronorte-tambem-nao-sabe-causa-de-apagoes\/#breadcrumb\"},\"inLanguage\":\"pt-BR\",\"potentialAction\":[{\"@type\":\"ReadAction\",\"target\":[\"https:\/\/nk7-testes.com.br\/agazeta\/eletronorte-tambem-nao-sabe-causa-de-apagoes\/\"]}]},{\"@type\":\"ImageObject\",\"inLanguage\":\"pt-BR\",\"@id\":\"https:\/\/nk7-testes.com.br\/agazeta\/eletronorte-tambem-nao-sabe-causa-de-apagoes\/#primaryimage\",\"url\":\"https:\/\/nk7-testes.com.br\/agazeta\/wp-content\/uploads\/2015\/09\/210915-cotidiano-apagao-tvgazeta.jpg\",\"contentUrl\":\"https:\/\/nk7-testes.com.br\/agazeta\/wp-content\/uploads\/2015\/09\/210915-cotidiano-apagao-tvgazeta.jpg\",\"width\":458,\"height\":340,\"caption\":\"210915-cotidiano-apagao-tvgazeta\"},{\"@type\":\"BreadcrumbList\",\"@id\":\"https:\/\/nk7-testes.com.br\/agazeta\/eletronorte-tambem-nao-sabe-causa-de-apagoes\/#breadcrumb\",\"itemListElement\":[{\"@type\":\"ListItem\",\"position\":1,\"name\":\"In\u00edcio\",\"item\":\"https:\/\/nk7-testes.com.br\/agazeta\/\"},{\"@type\":\"ListItem\",\"position\":2,\"name\":\"Eletronorte tamb\u00e9m n\u00e3o sabe causa de apag\u00f5es\"}]},{\"@type\":\"WebSite\",\"@id\":\"https:\/\/nk7-testes.com.br\/agazeta\/#website\",\"url\":\"https:\/\/nk7-testes.com.br\/agazeta\/\",\"name\":\"Agazeta.net\",\"description\":\"Agazeta.net - Not\u00edcias de Rio Branco\/AC\",\"potentialAction\":[{\"@type\":\"SearchAction\",\"target\":{\"@type\":\"EntryPoint\",\"urlTemplate\":\"https:\/\/nk7-testes.com.br\/agazeta\/?s={search_term_string}\"},\"query-input\":{\"@type\":\"PropertyValueSpecification\",\"valueRequired\":true,\"valueName\":\"search_term_string\"}}],\"inLanguage\":\"pt-BR\"},{\"@type\":\"Person\",\"@id\":\"https:\/\/nk7-testes.com.br\/agazeta\/#\/schema\/person\/6d6e25cb0435eb4a02fd44d30b4e3020\",\"name\":\"Agazeta.Net\",\"url\":\"https:\/\/nk7-testes.com.br\/agazeta\/author\/agazeta\/\"}]}<\/script>\n<!-- \/ Yoast SEO plugin. -->","yoast_head_json":{"title":"Eletronorte tamb\u00e9m n\u00e3o sabe causa de apag\u00f5es - Agazeta.net","robots":{"index":"index","follow":"follow","max-snippet":"max-snippet:-1","max-image-preview":"max-image-preview:large","max-video-preview":"max-video-preview:-1"},"canonical":"https:\/\/nk7-testes.com.br\/agazeta\/eletronorte-tambem-nao-sabe-causa-de-apagoes\/","og_locale":"pt_BR","og_type":"article","og_title":"Eletronorte tamb\u00e9m n\u00e3o sabe causa de apag\u00f5es - Agazeta.net","og_description":"Videoconfer\u00eancia: Rond\u00f4nia e Acre sem explica\u00e7\u00e3o","og_url":"https:\/\/nk7-testes.com.br\/agazeta\/eletronorte-tambem-nao-sabe-causa-de-apagoes\/","og_site_name":"Agazeta.net","article_published_time":"2015-09-21T21:16:41+00:00","og_image":[{"width":458,"height":340,"url":"https:\/\/nk7-testes.com.br\/agazeta\/wp-content\/uploads\/2015\/09\/210915-cotidiano-apagao-tvgazeta.jpg","type":"image\/jpeg"}],"author":"Agazeta.Net","twitter_card":"summary_large_image","twitter_misc":{"Escrito por":"Agazeta.Net","Est. tempo de leitura":"2 minutos"},"schema":{"@context":"https:\/\/schema.org","@graph":[{"@type":"WebPage","@id":"https:\/\/nk7-testes.com.br\/agazeta\/eletronorte-tambem-nao-sabe-causa-de-apagoes\/","url":"https:\/\/nk7-testes.com.br\/agazeta\/eletronorte-tambem-nao-sabe-causa-de-apagoes\/","name":"Eletronorte tamb\u00e9m n\u00e3o sabe causa de apag\u00f5es - Agazeta.net","isPartOf":{"@id":"https:\/\/nk7-testes.com.br\/agazeta\/#website"},"primaryImageOfPage":{"@id":"https:\/\/nk7-testes.com.br\/agazeta\/eletronorte-tambem-nao-sabe-causa-de-apagoes\/#primaryimage"},"image":{"@id":"https:\/\/nk7-testes.com.br\/agazeta\/eletronorte-tambem-nao-sabe-causa-de-apagoes\/#primaryimage"},"thumbnailUrl":"https:\/\/nk7-testes.com.br\/agazeta\/wp-content\/uploads\/2015\/09\/210915-cotidiano-apagao-tvgazeta.jpg","datePublished":"2015-09-21T21:16:41+00:00","author":{"@id":"https:\/\/nk7-testes.com.br\/agazeta\/#\/schema\/person\/6d6e25cb0435eb4a02fd44d30b4e3020"},"breadcrumb":{"@id":"https:\/\/nk7-testes.com.br\/agazeta\/eletronorte-tambem-nao-sabe-causa-de-apagoes\/#breadcrumb"},"inLanguage":"pt-BR","potentialAction":[{"@type":"ReadAction","target":["https:\/\/nk7-testes.com.br\/agazeta\/eletronorte-tambem-nao-sabe-causa-de-apagoes\/"]}]},{"@type":"ImageObject","inLanguage":"pt-BR","@id":"https:\/\/nk7-testes.com.br\/agazeta\/eletronorte-tambem-nao-sabe-causa-de-apagoes\/#primaryimage","url":"https:\/\/nk7-testes.com.br\/agazeta\/wp-content\/uploads\/2015\/09\/210915-cotidiano-apagao-tvgazeta.jpg","contentUrl":"https:\/\/nk7-testes.com.br\/agazeta\/wp-content\/uploads\/2015\/09\/210915-cotidiano-apagao-tvgazeta.jpg","width":458,"height":340,"caption":"210915-cotidiano-apagao-tvgazeta"},{"@type":"BreadcrumbList","@id":"https:\/\/nk7-testes.com.br\/agazeta\/eletronorte-tambem-nao-sabe-causa-de-apagoes\/#breadcrumb","itemListElement":[{"@type":"ListItem","position":1,"name":"In\u00edcio","item":"https:\/\/nk7-testes.com.br\/agazeta\/"},{"@type":"ListItem","position":2,"name":"Eletronorte tamb\u00e9m n\u00e3o sabe causa de apag\u00f5es"}]},{"@type":"WebSite","@id":"https:\/\/nk7-testes.com.br\/agazeta\/#website","url":"https:\/\/nk7-testes.com.br\/agazeta\/","name":"Agazeta.net","description":"Agazeta.net - Not\u00edcias de Rio Branco\/AC","potentialAction":[{"@type":"SearchAction","target":{"@type":"EntryPoint","urlTemplate":"https:\/\/nk7-testes.com.br\/agazeta\/?s={search_term_string}"},"query-input":{"@type":"PropertyValueSpecification","valueRequired":true,"valueName":"search_term_string"}}],"inLanguage":"pt-BR"},{"@type":"Person","@id":"https:\/\/nk7-testes.com.br\/agazeta\/#\/schema\/person\/6d6e25cb0435eb4a02fd44d30b4e3020","name":"Agazeta.Net","url":"https:\/\/nk7-testes.com.br\/agazeta\/author\/agazeta\/"}]}},"_links":{"self":[{"href":"https:\/\/nk7-testes.com.br\/agazeta\/wp-json\/wp\/v2\/posts\/18462","targetHints":{"allow":["GET"]}}],"collection":[{"href":"https:\/\/nk7-testes.com.br\/agazeta\/wp-json\/wp\/v2\/posts"}],"about":[{"href":"https:\/\/nk7-testes.com.br\/agazeta\/wp-json\/wp\/v2\/types\/post"}],"author":[{"embeddable":true,"href":"https:\/\/nk7-testes.com.br\/agazeta\/wp-json\/wp\/v2\/users\/4"}],"replies":[{"embeddable":true,"href":"https:\/\/nk7-testes.com.br\/agazeta\/wp-json\/wp\/v2\/comments?post=18462"}],"version-history":[{"count":0,"href":"https:\/\/nk7-testes.com.br\/agazeta\/wp-json\/wp\/v2\/posts\/18462\/revisions"}],"wp:featuredmedia":[{"embeddable":true,"href":"https:\/\/nk7-testes.com.br\/agazeta\/wp-json\/wp\/v2\/media\/18461"}],"wp:attachment":[{"href":"https:\/\/nk7-testes.com.br\/agazeta\/wp-json\/wp\/v2\/media?parent=18462"}],"wp:term":[{"taxonomy":"category","embeddable":true,"href":"https:\/\/nk7-testes.com.br\/agazeta\/wp-json\/wp\/v2\/categories?post=18462"},{"taxonomy":"post_tag","embeddable":true,"href":"https:\/\/nk7-testes.com.br\/agazeta\/wp-json\/wp\/v2\/tags?post=18462"}],"curies":[{"name":"wp","href":"https:\/\/api.w.org\/{rel}","templated":true}]}}