{"id":18434,"date":"2015-09-20T16:40:06","date_gmt":"2015-09-20T16:40:06","guid":{"rendered":"https:\/\/abarevegan.com.br\/index.php\/2015\/09\/20\/eletrobras-tenta-se-explicar-sobre-oitavo-apagao\/"},"modified":"2015-09-20T16:40:06","modified_gmt":"2015-09-20T16:40:06","slug":"eletrobras-tenta-se-explicar-sobre-oitavo-apagao","status":"publish","type":"post","link":"https:\/\/nk7-testes.com.br\/agazeta\/eletrobras-tenta-se-explicar-sobre-oitavo-apagao\/","title":{"rendered":"Eletrobras tenta se explicar sobre oitavo apag\u00e3o"},"content":{"rendered":"<p style=\"text-align: justify;\">Nota n\u00e3o apresenta novidades<\/p>\n<p style=\"text-align: justify;\">O diretor de Gest\u00e3o da Eletrobras Distribui\u00e7\u00e3o Acre, Danilo Klein, segundo nota distribu\u00edda em redes sociais pela assessoria da empresa, tentou se explicar sobre o oitavo apag\u00e3o. Nas regi\u00f5es centrais, o apag\u00e3o durou cerca de uma hora. Mas, em algumas \u00e1reas perif\u00e9ricas como bairro das Placas e S\u00e3o Francisco, foram quase duas horas e meia sem energia el\u00e9trica.<\/p>\n<p style=\"text-align: justify;\">\u201cOs problemas que t\u00eam ocorrido s\u00e3o no sistema de transmiss\u00e3o no sub-sistema Acre\/Rond\u00f4nia\u201d, afirmou o gerente de Gest\u00e3o da Eletrobras Distribui\u00e7\u00e3o Acre, Danilo Klein. \u00c9 uma \u201cexplica\u00e7\u00e3o\u2019 que j\u00e1 vem sendo anunciada apag\u00e3o ap\u00f3s apag\u00e3o.<\/p>\n<p style=\"text-align: justify;\">N\u00e3o elucida nada, al\u00e9m do esfor\u00e7o em tentar se esquivar do problema.<\/p>\n<p style=\"text-align: justify;\"><strong>NOTA DE ESCLARECIMENTO<\/strong><\/p>\n<p style=\"text-align: justify;\">A interrup\u00e7\u00e3o que est\u00e1 ocorrendo no momento, bem como os \u00faltimos blecautes, s\u00e3o de origem externa \u00e0 concession\u00e1ria de distribui\u00e7\u00e3o. Os problemas que t\u00eam ocorrido s\u00e3o no sistema de transmiss\u00e3o no sub-sistema Acre\/Rond\u00f4nia. A apura\u00e7\u00e3o das causas \u00e9 feita posteriormente pelo Operador Nacional do Sistema em reuni\u00e3o com todos os agentes envolvidos.<\/p>\n","protected":false},"excerpt":{"rendered":"<p style=\"text-align: justify;\">Nota n\u00e3o apresenta novidades<\/p>\n","protected":false},"author":4,"featured_media":8792,"comment_status":"open","ping_status":"open","sticky":false,"template":"","format":"standard","meta":{"jnews-multi-image_gallery":[],"jnews_single_post":[],"jnews_primary_category":[],"jnews_social_meta":[],"jnews_review":[],"enable_review":"","type":"","name":"","summary":"","brand":"","sku":"","good":[],"bad":[],"score_override":"","override_value":"","rating":[],"price":[],"footnotes":""},"categories":[54],"tags":[],"class_list":["post-18434","post","type-post","status-publish","format-standard","has-post-thumbnail","hentry","category-cotidiano"],"yoast_head":"<!-- This site is optimized with the Yoast SEO plugin v26.5 - https:\/\/yoast.com\/wordpress\/plugins\/seo\/ -->\n<title>Eletrobras tenta se explicar sobre oitavo apag\u00e3o - Agazeta.net<\/title>\n<meta name=\"robots\" content=\"index, follow, max-snippet:-1, max-image-preview:large, max-video-preview:-1\" \/>\n<link rel=\"canonical\" href=\"https:\/\/nk7-testes.com.br\/agazeta\/eletrobras-tenta-se-explicar-sobre-oitavo-apagao\/\" \/>\n<meta property=\"og:locale\" content=\"pt_BR\" \/>\n<meta property=\"og:type\" content=\"article\" \/>\n<meta property=\"og:title\" content=\"Eletrobras tenta se explicar sobre oitavo apag\u00e3o - Agazeta.net\" \/>\n<meta property=\"og:description\" content=\"Nota n\u00e3o apresenta novidades\" \/>\n<meta property=\"og:url\" content=\"https:\/\/nk7-testes.com.br\/agazeta\/eletrobras-tenta-se-explicar-sobre-oitavo-apagao\/\" \/>\n<meta property=\"og:site_name\" content=\"Agazeta.net\" \/>\n<meta property=\"article:published_time\" content=\"2015-09-20T16:40:06+00:00\" \/>\n<meta property=\"og:image\" content=\"https:\/\/nk7-testes.com.br\/agazeta\/wp-content\/uploads\/2014\/07\/Banner-eletrobrasac.jpg\" \/>\n\t<meta property=\"og:image:width\" content=\"458\" \/>\n\t<meta property=\"og:image:height\" content=\"340\" \/>\n\t<meta property=\"og:image:type\" content=\"image\/jpeg\" \/>\n<meta name=\"author\" content=\"Agazeta.Net\" \/>\n<meta name=\"twitter:card\" content=\"summary_large_image\" \/>\n<meta name=\"twitter:label1\" content=\"Escrito por\" \/>\n\t<meta name=\"twitter:data1\" content=\"Agazeta.Net\" \/>\n\t<meta name=\"twitter:label2\" content=\"Est. tempo de leitura\" \/>\n\t<meta name=\"twitter:data2\" content=\"1 minuto\" \/>\n<script type=\"application\/ld+json\" class=\"yoast-schema-graph\">{\"@context\":\"https:\/\/schema.org\",\"@graph\":[{\"@type\":\"WebPage\",\"@id\":\"https:\/\/nk7-testes.com.br\/agazeta\/eletrobras-tenta-se-explicar-sobre-oitavo-apagao\/\",\"url\":\"https:\/\/nk7-testes.com.br\/agazeta\/eletrobras-tenta-se-explicar-sobre-oitavo-apagao\/\",\"name\":\"Eletrobras tenta se explicar sobre oitavo apag\u00e3o - Agazeta.net\",\"isPartOf\":{\"@id\":\"https:\/\/nk7-testes.com.br\/agazeta\/#website\"},\"primaryImageOfPage\":{\"@id\":\"https:\/\/nk7-testes.com.br\/agazeta\/eletrobras-tenta-se-explicar-sobre-oitavo-apagao\/#primaryimage\"},\"image\":{\"@id\":\"https:\/\/nk7-testes.com.br\/agazeta\/eletrobras-tenta-se-explicar-sobre-oitavo-apagao\/#primaryimage\"},\"thumbnailUrl\":\"https:\/\/nk7-testes.com.br\/agazeta\/wp-content\/uploads\/2014\/07\/Banner-eletrobrasac.jpg\",\"datePublished\":\"2015-09-20T16:40:06+00:00\",\"author\":{\"@id\":\"https:\/\/nk7-testes.com.br\/agazeta\/#\/schema\/person\/6d6e25cb0435eb4a02fd44d30b4e3020\"},\"breadcrumb\":{\"@id\":\"https:\/\/nk7-testes.com.br\/agazeta\/eletrobras-tenta-se-explicar-sobre-oitavo-apagao\/#breadcrumb\"},\"inLanguage\":\"pt-BR\",\"potentialAction\":[{\"@type\":\"ReadAction\",\"target\":[\"https:\/\/nk7-testes.com.br\/agazeta\/eletrobras-tenta-se-explicar-sobre-oitavo-apagao\/\"]}]},{\"@type\":\"ImageObject\",\"inLanguage\":\"pt-BR\",\"@id\":\"https:\/\/nk7-testes.com.br\/agazeta\/eletrobras-tenta-se-explicar-sobre-oitavo-apagao\/#primaryimage\",\"url\":\"https:\/\/nk7-testes.com.br\/agazeta\/wp-content\/uploads\/2014\/07\/Banner-eletrobrasac.jpg\",\"contentUrl\":\"https:\/\/nk7-testes.com.br\/agazeta\/wp-content\/uploads\/2014\/07\/Banner-eletrobrasac.jpg\",\"width\":458,\"height\":340,\"caption\":\"Banner-eletrobrasac\"},{\"@type\":\"BreadcrumbList\",\"@id\":\"https:\/\/nk7-testes.com.br\/agazeta\/eletrobras-tenta-se-explicar-sobre-oitavo-apagao\/#breadcrumb\",\"itemListElement\":[{\"@type\":\"ListItem\",\"position\":1,\"name\":\"In\u00edcio\",\"item\":\"https:\/\/nk7-testes.com.br\/agazeta\/\"},{\"@type\":\"ListItem\",\"position\":2,\"name\":\"Eletrobras tenta se explicar sobre oitavo apag\u00e3o\"}]},{\"@type\":\"WebSite\",\"@id\":\"https:\/\/nk7-testes.com.br\/agazeta\/#website\",\"url\":\"https:\/\/nk7-testes.com.br\/agazeta\/\",\"name\":\"Agazeta.net\",\"description\":\"Agazeta.net - Not\u00edcias de Rio Branco\/AC\",\"potentialAction\":[{\"@type\":\"SearchAction\",\"target\":{\"@type\":\"EntryPoint\",\"urlTemplate\":\"https:\/\/nk7-testes.com.br\/agazeta\/?s={search_term_string}\"},\"query-input\":{\"@type\":\"PropertyValueSpecification\",\"valueRequired\":true,\"valueName\":\"search_term_string\"}}],\"inLanguage\":\"pt-BR\"},{\"@type\":\"Person\",\"@id\":\"https:\/\/nk7-testes.com.br\/agazeta\/#\/schema\/person\/6d6e25cb0435eb4a02fd44d30b4e3020\",\"name\":\"Agazeta.Net\",\"url\":\"https:\/\/nk7-testes.com.br\/agazeta\/author\/agazeta\/\"}]}<\/script>\n<!-- \/ Yoast SEO plugin. -->","yoast_head_json":{"title":"Eletrobras tenta se explicar sobre oitavo apag\u00e3o - Agazeta.net","robots":{"index":"index","follow":"follow","max-snippet":"max-snippet:-1","max-image-preview":"max-image-preview:large","max-video-preview":"max-video-preview:-1"},"canonical":"https:\/\/nk7-testes.com.br\/agazeta\/eletrobras-tenta-se-explicar-sobre-oitavo-apagao\/","og_locale":"pt_BR","og_type":"article","og_title":"Eletrobras tenta se explicar sobre oitavo apag\u00e3o - Agazeta.net","og_description":"Nota n\u00e3o apresenta novidades","og_url":"https:\/\/nk7-testes.com.br\/agazeta\/eletrobras-tenta-se-explicar-sobre-oitavo-apagao\/","og_site_name":"Agazeta.net","article_published_time":"2015-09-20T16:40:06+00:00","og_image":[{"width":458,"height":340,"url":"https:\/\/nk7-testes.com.br\/agazeta\/wp-content\/uploads\/2014\/07\/Banner-eletrobrasac.jpg","type":"image\/jpeg"}],"author":"Agazeta.Net","twitter_card":"summary_large_image","twitter_misc":{"Escrito por":"Agazeta.Net","Est. tempo de leitura":"1 minuto"},"schema":{"@context":"https:\/\/schema.org","@graph":[{"@type":"WebPage","@id":"https:\/\/nk7-testes.com.br\/agazeta\/eletrobras-tenta-se-explicar-sobre-oitavo-apagao\/","url":"https:\/\/nk7-testes.com.br\/agazeta\/eletrobras-tenta-se-explicar-sobre-oitavo-apagao\/","name":"Eletrobras tenta se explicar sobre oitavo apag\u00e3o - Agazeta.net","isPartOf":{"@id":"https:\/\/nk7-testes.com.br\/agazeta\/#website"},"primaryImageOfPage":{"@id":"https:\/\/nk7-testes.com.br\/agazeta\/eletrobras-tenta-se-explicar-sobre-oitavo-apagao\/#primaryimage"},"image":{"@id":"https:\/\/nk7-testes.com.br\/agazeta\/eletrobras-tenta-se-explicar-sobre-oitavo-apagao\/#primaryimage"},"thumbnailUrl":"https:\/\/nk7-testes.com.br\/agazeta\/wp-content\/uploads\/2014\/07\/Banner-eletrobrasac.jpg","datePublished":"2015-09-20T16:40:06+00:00","author":{"@id":"https:\/\/nk7-testes.com.br\/agazeta\/#\/schema\/person\/6d6e25cb0435eb4a02fd44d30b4e3020"},"breadcrumb":{"@id":"https:\/\/nk7-testes.com.br\/agazeta\/eletrobras-tenta-se-explicar-sobre-oitavo-apagao\/#breadcrumb"},"inLanguage":"pt-BR","potentialAction":[{"@type":"ReadAction","target":["https:\/\/nk7-testes.com.br\/agazeta\/eletrobras-tenta-se-explicar-sobre-oitavo-apagao\/"]}]},{"@type":"ImageObject","inLanguage":"pt-BR","@id":"https:\/\/nk7-testes.com.br\/agazeta\/eletrobras-tenta-se-explicar-sobre-oitavo-apagao\/#primaryimage","url":"https:\/\/nk7-testes.com.br\/agazeta\/wp-content\/uploads\/2014\/07\/Banner-eletrobrasac.jpg","contentUrl":"https:\/\/nk7-testes.com.br\/agazeta\/wp-content\/uploads\/2014\/07\/Banner-eletrobrasac.jpg","width":458,"height":340,"caption":"Banner-eletrobrasac"},{"@type":"BreadcrumbList","@id":"https:\/\/nk7-testes.com.br\/agazeta\/eletrobras-tenta-se-explicar-sobre-oitavo-apagao\/#breadcrumb","itemListElement":[{"@type":"ListItem","position":1,"name":"In\u00edcio","item":"https:\/\/nk7-testes.com.br\/agazeta\/"},{"@type":"ListItem","position":2,"name":"Eletrobras tenta se explicar sobre oitavo apag\u00e3o"}]},{"@type":"WebSite","@id":"https:\/\/nk7-testes.com.br\/agazeta\/#website","url":"https:\/\/nk7-testes.com.br\/agazeta\/","name":"Agazeta.net","description":"Agazeta.net - Not\u00edcias de Rio Branco\/AC","potentialAction":[{"@type":"SearchAction","target":{"@type":"EntryPoint","urlTemplate":"https:\/\/nk7-testes.com.br\/agazeta\/?s={search_term_string}"},"query-input":{"@type":"PropertyValueSpecification","valueRequired":true,"valueName":"search_term_string"}}],"inLanguage":"pt-BR"},{"@type":"Person","@id":"https:\/\/nk7-testes.com.br\/agazeta\/#\/schema\/person\/6d6e25cb0435eb4a02fd44d30b4e3020","name":"Agazeta.Net","url":"https:\/\/nk7-testes.com.br\/agazeta\/author\/agazeta\/"}]}},"_links":{"self":[{"href":"https:\/\/nk7-testes.com.br\/agazeta\/wp-json\/wp\/v2\/posts\/18434","targetHints":{"allow":["GET"]}}],"collection":[{"href":"https:\/\/nk7-testes.com.br\/agazeta\/wp-json\/wp\/v2\/posts"}],"about":[{"href":"https:\/\/nk7-testes.com.br\/agazeta\/wp-json\/wp\/v2\/types\/post"}],"author":[{"embeddable":true,"href":"https:\/\/nk7-testes.com.br\/agazeta\/wp-json\/wp\/v2\/users\/4"}],"replies":[{"embeddable":true,"href":"https:\/\/nk7-testes.com.br\/agazeta\/wp-json\/wp\/v2\/comments?post=18434"}],"version-history":[{"count":0,"href":"https:\/\/nk7-testes.com.br\/agazeta\/wp-json\/wp\/v2\/posts\/18434\/revisions"}],"wp:featuredmedia":[{"embeddable":true,"href":"https:\/\/nk7-testes.com.br\/agazeta\/wp-json\/wp\/v2\/media\/8792"}],"wp:attachment":[{"href":"https:\/\/nk7-testes.com.br\/agazeta\/wp-json\/wp\/v2\/media?parent=18434"}],"wp:term":[{"taxonomy":"category","embeddable":true,"href":"https:\/\/nk7-testes.com.br\/agazeta\/wp-json\/wp\/v2\/categories?post=18434"},{"taxonomy":"post_tag","embeddable":true,"href":"https:\/\/nk7-testes.com.br\/agazeta\/wp-json\/wp\/v2\/tags?post=18434"}],"curies":[{"name":"wp","href":"https:\/\/api.w.org\/{rel}","templated":true}]}}