{"id":18431,"date":"2015-09-20T14:58:47","date_gmt":"2015-09-20T14:58:47","guid":{"rendered":"https:\/\/abarevegan.com.br\/index.php\/2015\/09\/20\/oitavo-apagao-do-ano-traz-prejuizos-a-produtores\/"},"modified":"2015-09-20T14:58:47","modified_gmt":"2015-09-20T14:58:47","slug":"oitavo-apagao-do-ano-traz-prejuizos-a-produtores","status":"publish","type":"post","link":"https:\/\/nk7-testes.com.br\/agazeta\/oitavo-apagao-do-ano-traz-prejuizos-a-produtores\/","title":{"rendered":"Oitavo apag\u00e3o do ano traz preju\u00edzos a produtores de frango"},"content":{"rendered":"<p style=\"text-align: justify;\">&#8220;Enterra sanit\u00e1ria&#8221; \u00e9 feita para evitar contamina\u00e7\u00e3o<\/p>\n<p style=\"text-align: justify;\">O empres\u00e1rio Paulo Eduardo Santoyo, da Acre Aves, estima em R$ 68 mil o preju\u00edzo causado pelo apag\u00e3o de sexta-feira na regi\u00e3o do Alto Acre com a produ\u00e7\u00e3o de frangos. Cerca de 9 mil cabe\u00e7as tiveram que ser enterradas (enterra sanit\u00e1ria) para evitar contamina\u00e7\u00e3o. Com o apag\u00e3o deste domingo, o empres\u00e1rio estima que aumente para 12 ou 13 mil cabe\u00e7as de frango mortas e o preju\u00edzo se aproxime dos R$ 100 mil.<\/p>\n<p style=\"text-align: justify;\">O impacto atingiu diretamente a rotina de aproximadamente 20 pequenos produtores. \u201cIsso com o apag\u00e3o de sexta. N\u00e3o estou contabilizando o do apag\u00e3o deste domingo\u201d, indigna-se Santoyo. \u201cIsso quebra a cadeia produtiva, sobretudo do pequeno produtor, o que n\u00e3o tem gerador\u201d.<\/p>\n<p style=\"text-align: justify;\">Para a produ\u00e7\u00e3o de frango, a energia el\u00e9trica \u00e9 um insumo fundamental. Bastam apenas tr\u00eas horas sem energia para que a produ\u00e7\u00e3o fique praticamente descartada. \u201cEssa quest\u00e3o da energia precisa ser tratada com um pouco mais de seriedade\u201d, revolta-se. \u201cE o pior \u00e9 que n\u00f3s temos duas usinas monstras aqui do nosso lado.<\/p>\n<p style=\"text-align: justify;\">O empres\u00e1rio disse que j\u00e1 entrou em contato com a dire\u00e7\u00e3o da Eletrobras Distribui\u00e7\u00e3o Acre que, segundo ele, se exime da responsabilidade e aponta para o Operador Nacional do Sistema a falha na gera\u00e7\u00e3o da energia. \u201cEsses produtores n\u00e3o tem na produ\u00e7\u00e3o de frango um hobbie. \u00c9 a vida deles\u201d, diferencia. \u201cVou tentar uma solu\u00e7\u00e3o amig\u00e1vel, antes de acionar juridicamente\u201d.<\/p>\n<p style=\"text-align: justify;\">Para repor o preju\u00edzo, ser\u00e3o necess\u00e1rios pelo menos 66 dias para que a cadeia entre novamente no ciclo de normalidade. Equipes de monitoramento da Acre Aves ficaram durante toda madrugada circulando entre as propriedades auxiliando os produtores.<\/p>\n<p style=\"text-align: justify;\">Hoje, domingo, com o novo apag\u00e3o, a estimativa \u00e9 que a situa\u00e7\u00e3o se agrave ainda mais.<\/p>\n","protected":false},"excerpt":{"rendered":"<p style=\"text-align: justify;\">&#8220;Enterra sanit\u00e1ria&#8221; \u00e9 feita para evitar contamina\u00e7\u00e3o<\/p>\n","protected":false},"author":4,"featured_media":18430,"comment_status":"open","ping_status":"open","sticky":false,"template":"","format":"standard","meta":{"jnews-multi-image_gallery":[],"jnews_single_post":[],"jnews_primary_category":[],"jnews_social_meta":[],"jnews_review":[],"enable_review":"","type":"","name":"","summary":"","brand":"","sku":"","good":[],"bad":[],"score_override":"","override_value":"","rating":[],"price":[],"footnotes":""},"categories":[54],"tags":[],"class_list":["post-18431","post","type-post","status-publish","format-standard","has-post-thumbnail","hentry","category-cotidiano"],"yoast_head":"<!-- This site is optimized with the Yoast SEO plugin v26.5 - https:\/\/yoast.com\/wordpress\/plugins\/seo\/ -->\n<title>Oitavo apag\u00e3o do ano traz preju\u00edzos a produtores de frango - Agazeta.net<\/title>\n<meta name=\"robots\" content=\"index, follow, max-snippet:-1, max-image-preview:large, max-video-preview:-1\" \/>\n<link rel=\"canonical\" href=\"https:\/\/nk7-testes.com.br\/agazeta\/oitavo-apagao-do-ano-traz-prejuizos-a-produtores\/\" \/>\n<meta property=\"og:locale\" content=\"pt_BR\" \/>\n<meta property=\"og:type\" content=\"article\" \/>\n<meta property=\"og:title\" content=\"Oitavo apag\u00e3o do ano traz preju\u00edzos a produtores de frango - Agazeta.net\" \/>\n<meta property=\"og:description\" content=\"&quot;Enterra sanit\u00e1ria&quot; \u00e9 feita para evitar contamina\u00e7\u00e3o\" \/>\n<meta property=\"og:url\" content=\"https:\/\/nk7-testes.com.br\/agazeta\/oitavo-apagao-do-ano-traz-prejuizos-a-produtores\/\" \/>\n<meta property=\"og:site_name\" content=\"Agazeta.net\" \/>\n<meta property=\"article:published_time\" content=\"2015-09-20T14:58:47+00:00\" \/>\n<meta property=\"og:image\" content=\"https:\/\/nk7-testes.com.br\/agazeta\/wp-content\/uploads\/2015\/09\/200915-cotidiano-apagaoprejuizos-cedida.jpg\" \/>\n\t<meta property=\"og:image:width\" content=\"458\" \/>\n\t<meta property=\"og:image:height\" content=\"340\" \/>\n\t<meta property=\"og:image:type\" content=\"image\/jpeg\" \/>\n<meta name=\"author\" content=\"Agazeta.Net\" \/>\n<meta name=\"twitter:card\" content=\"summary_large_image\" \/>\n<meta name=\"twitter:label1\" content=\"Escrito por\" \/>\n\t<meta name=\"twitter:data1\" content=\"Agazeta.Net\" \/>\n\t<meta name=\"twitter:label2\" content=\"Est. tempo de leitura\" \/>\n\t<meta name=\"twitter:data2\" content=\"2 minutos\" \/>\n<script type=\"application\/ld+json\" class=\"yoast-schema-graph\">{\"@context\":\"https:\/\/schema.org\",\"@graph\":[{\"@type\":\"WebPage\",\"@id\":\"https:\/\/nk7-testes.com.br\/agazeta\/oitavo-apagao-do-ano-traz-prejuizos-a-produtores\/\",\"url\":\"https:\/\/nk7-testes.com.br\/agazeta\/oitavo-apagao-do-ano-traz-prejuizos-a-produtores\/\",\"name\":\"Oitavo apag\u00e3o do ano traz preju\u00edzos a produtores de frango - Agazeta.net\",\"isPartOf\":{\"@id\":\"https:\/\/nk7-testes.com.br\/agazeta\/#website\"},\"primaryImageOfPage\":{\"@id\":\"https:\/\/nk7-testes.com.br\/agazeta\/oitavo-apagao-do-ano-traz-prejuizos-a-produtores\/#primaryimage\"},\"image\":{\"@id\":\"https:\/\/nk7-testes.com.br\/agazeta\/oitavo-apagao-do-ano-traz-prejuizos-a-produtores\/#primaryimage\"},\"thumbnailUrl\":\"https:\/\/nk7-testes.com.br\/agazeta\/wp-content\/uploads\/2015\/09\/200915-cotidiano-apagaoprejuizos-cedida.jpg\",\"datePublished\":\"2015-09-20T14:58:47+00:00\",\"author\":{\"@id\":\"https:\/\/nk7-testes.com.br\/agazeta\/#\/schema\/person\/6d6e25cb0435eb4a02fd44d30b4e3020\"},\"breadcrumb\":{\"@id\":\"https:\/\/nk7-testes.com.br\/agazeta\/oitavo-apagao-do-ano-traz-prejuizos-a-produtores\/#breadcrumb\"},\"inLanguage\":\"pt-BR\",\"potentialAction\":[{\"@type\":\"ReadAction\",\"target\":[\"https:\/\/nk7-testes.com.br\/agazeta\/oitavo-apagao-do-ano-traz-prejuizos-a-produtores\/\"]}]},{\"@type\":\"ImageObject\",\"inLanguage\":\"pt-BR\",\"@id\":\"https:\/\/nk7-testes.com.br\/agazeta\/oitavo-apagao-do-ano-traz-prejuizos-a-produtores\/#primaryimage\",\"url\":\"https:\/\/nk7-testes.com.br\/agazeta\/wp-content\/uploads\/2015\/09\/200915-cotidiano-apagaoprejuizos-cedida.jpg\",\"contentUrl\":\"https:\/\/nk7-testes.com.br\/agazeta\/wp-content\/uploads\/2015\/09\/200915-cotidiano-apagaoprejuizos-cedida.jpg\",\"width\":458,\"height\":340,\"caption\":\"200915-cotidiano-apagaoprejuizos-cedida\"},{\"@type\":\"BreadcrumbList\",\"@id\":\"https:\/\/nk7-testes.com.br\/agazeta\/oitavo-apagao-do-ano-traz-prejuizos-a-produtores\/#breadcrumb\",\"itemListElement\":[{\"@type\":\"ListItem\",\"position\":1,\"name\":\"In\u00edcio\",\"item\":\"https:\/\/nk7-testes.com.br\/agazeta\/\"},{\"@type\":\"ListItem\",\"position\":2,\"name\":\"Oitavo apag\u00e3o do ano traz preju\u00edzos a produtores de frango\"}]},{\"@type\":\"WebSite\",\"@id\":\"https:\/\/nk7-testes.com.br\/agazeta\/#website\",\"url\":\"https:\/\/nk7-testes.com.br\/agazeta\/\",\"name\":\"Agazeta.net\",\"description\":\"Agazeta.net - Not\u00edcias de Rio Branco\/AC\",\"potentialAction\":[{\"@type\":\"SearchAction\",\"target\":{\"@type\":\"EntryPoint\",\"urlTemplate\":\"https:\/\/nk7-testes.com.br\/agazeta\/?s={search_term_string}\"},\"query-input\":{\"@type\":\"PropertyValueSpecification\",\"valueRequired\":true,\"valueName\":\"search_term_string\"}}],\"inLanguage\":\"pt-BR\"},{\"@type\":\"Person\",\"@id\":\"https:\/\/nk7-testes.com.br\/agazeta\/#\/schema\/person\/6d6e25cb0435eb4a02fd44d30b4e3020\",\"name\":\"Agazeta.Net\",\"url\":\"https:\/\/nk7-testes.com.br\/agazeta\/author\/agazeta\/\"}]}<\/script>\n<!-- \/ Yoast SEO plugin. -->","yoast_head_json":{"title":"Oitavo apag\u00e3o do ano traz preju\u00edzos a produtores de frango - Agazeta.net","robots":{"index":"index","follow":"follow","max-snippet":"max-snippet:-1","max-image-preview":"max-image-preview:large","max-video-preview":"max-video-preview:-1"},"canonical":"https:\/\/nk7-testes.com.br\/agazeta\/oitavo-apagao-do-ano-traz-prejuizos-a-produtores\/","og_locale":"pt_BR","og_type":"article","og_title":"Oitavo apag\u00e3o do ano traz preju\u00edzos a produtores de frango - Agazeta.net","og_description":"\"Enterra sanit\u00e1ria\" \u00e9 feita para evitar contamina\u00e7\u00e3o","og_url":"https:\/\/nk7-testes.com.br\/agazeta\/oitavo-apagao-do-ano-traz-prejuizos-a-produtores\/","og_site_name":"Agazeta.net","article_published_time":"2015-09-20T14:58:47+00:00","og_image":[{"width":458,"height":340,"url":"https:\/\/nk7-testes.com.br\/agazeta\/wp-content\/uploads\/2015\/09\/200915-cotidiano-apagaoprejuizos-cedida.jpg","type":"image\/jpeg"}],"author":"Agazeta.Net","twitter_card":"summary_large_image","twitter_misc":{"Escrito por":"Agazeta.Net","Est. tempo de leitura":"2 minutos"},"schema":{"@context":"https:\/\/schema.org","@graph":[{"@type":"WebPage","@id":"https:\/\/nk7-testes.com.br\/agazeta\/oitavo-apagao-do-ano-traz-prejuizos-a-produtores\/","url":"https:\/\/nk7-testes.com.br\/agazeta\/oitavo-apagao-do-ano-traz-prejuizos-a-produtores\/","name":"Oitavo apag\u00e3o do ano traz preju\u00edzos a produtores de frango - Agazeta.net","isPartOf":{"@id":"https:\/\/nk7-testes.com.br\/agazeta\/#website"},"primaryImageOfPage":{"@id":"https:\/\/nk7-testes.com.br\/agazeta\/oitavo-apagao-do-ano-traz-prejuizos-a-produtores\/#primaryimage"},"image":{"@id":"https:\/\/nk7-testes.com.br\/agazeta\/oitavo-apagao-do-ano-traz-prejuizos-a-produtores\/#primaryimage"},"thumbnailUrl":"https:\/\/nk7-testes.com.br\/agazeta\/wp-content\/uploads\/2015\/09\/200915-cotidiano-apagaoprejuizos-cedida.jpg","datePublished":"2015-09-20T14:58:47+00:00","author":{"@id":"https:\/\/nk7-testes.com.br\/agazeta\/#\/schema\/person\/6d6e25cb0435eb4a02fd44d30b4e3020"},"breadcrumb":{"@id":"https:\/\/nk7-testes.com.br\/agazeta\/oitavo-apagao-do-ano-traz-prejuizos-a-produtores\/#breadcrumb"},"inLanguage":"pt-BR","potentialAction":[{"@type":"ReadAction","target":["https:\/\/nk7-testes.com.br\/agazeta\/oitavo-apagao-do-ano-traz-prejuizos-a-produtores\/"]}]},{"@type":"ImageObject","inLanguage":"pt-BR","@id":"https:\/\/nk7-testes.com.br\/agazeta\/oitavo-apagao-do-ano-traz-prejuizos-a-produtores\/#primaryimage","url":"https:\/\/nk7-testes.com.br\/agazeta\/wp-content\/uploads\/2015\/09\/200915-cotidiano-apagaoprejuizos-cedida.jpg","contentUrl":"https:\/\/nk7-testes.com.br\/agazeta\/wp-content\/uploads\/2015\/09\/200915-cotidiano-apagaoprejuizos-cedida.jpg","width":458,"height":340,"caption":"200915-cotidiano-apagaoprejuizos-cedida"},{"@type":"BreadcrumbList","@id":"https:\/\/nk7-testes.com.br\/agazeta\/oitavo-apagao-do-ano-traz-prejuizos-a-produtores\/#breadcrumb","itemListElement":[{"@type":"ListItem","position":1,"name":"In\u00edcio","item":"https:\/\/nk7-testes.com.br\/agazeta\/"},{"@type":"ListItem","position":2,"name":"Oitavo apag\u00e3o do ano traz preju\u00edzos a produtores de frango"}]},{"@type":"WebSite","@id":"https:\/\/nk7-testes.com.br\/agazeta\/#website","url":"https:\/\/nk7-testes.com.br\/agazeta\/","name":"Agazeta.net","description":"Agazeta.net - Not\u00edcias de Rio Branco\/AC","potentialAction":[{"@type":"SearchAction","target":{"@type":"EntryPoint","urlTemplate":"https:\/\/nk7-testes.com.br\/agazeta\/?s={search_term_string}"},"query-input":{"@type":"PropertyValueSpecification","valueRequired":true,"valueName":"search_term_string"}}],"inLanguage":"pt-BR"},{"@type":"Person","@id":"https:\/\/nk7-testes.com.br\/agazeta\/#\/schema\/person\/6d6e25cb0435eb4a02fd44d30b4e3020","name":"Agazeta.Net","url":"https:\/\/nk7-testes.com.br\/agazeta\/author\/agazeta\/"}]}},"_links":{"self":[{"href":"https:\/\/nk7-testes.com.br\/agazeta\/wp-json\/wp\/v2\/posts\/18431","targetHints":{"allow":["GET"]}}],"collection":[{"href":"https:\/\/nk7-testes.com.br\/agazeta\/wp-json\/wp\/v2\/posts"}],"about":[{"href":"https:\/\/nk7-testes.com.br\/agazeta\/wp-json\/wp\/v2\/types\/post"}],"author":[{"embeddable":true,"href":"https:\/\/nk7-testes.com.br\/agazeta\/wp-json\/wp\/v2\/users\/4"}],"replies":[{"embeddable":true,"href":"https:\/\/nk7-testes.com.br\/agazeta\/wp-json\/wp\/v2\/comments?post=18431"}],"version-history":[{"count":0,"href":"https:\/\/nk7-testes.com.br\/agazeta\/wp-json\/wp\/v2\/posts\/18431\/revisions"}],"wp:featuredmedia":[{"embeddable":true,"href":"https:\/\/nk7-testes.com.br\/agazeta\/wp-json\/wp\/v2\/media\/18430"}],"wp:attachment":[{"href":"https:\/\/nk7-testes.com.br\/agazeta\/wp-json\/wp\/v2\/media?parent=18431"}],"wp:term":[{"taxonomy":"category","embeddable":true,"href":"https:\/\/nk7-testes.com.br\/agazeta\/wp-json\/wp\/v2\/categories?post=18431"},{"taxonomy":"post_tag","embeddable":true,"href":"https:\/\/nk7-testes.com.br\/agazeta\/wp-json\/wp\/v2\/tags?post=18431"}],"curies":[{"name":"wp","href":"https:\/\/api.w.org\/{rel}","templated":true}]}}