{"id":18425,"date":"2015-09-19T15:55:10","date_gmt":"2015-09-19T15:55:10","guid":{"rendered":"https:\/\/abarevegan.com.br\/index.php\/2015\/09\/19\/justica-do-trabalho-faz-audiencias-em-cidades-isoladas\/"},"modified":"2015-09-19T15:55:10","modified_gmt":"2015-09-19T15:55:10","slug":"justica-do-trabalho-faz-audiencias-em-cidades-isoladas","status":"publish","type":"post","link":"https:\/\/nk7-testes.com.br\/agazeta\/justica-do-trabalho-faz-audiencias-em-cidades-isoladas\/","title":{"rendered":"Justi\u00e7a do Trabalho faz audi\u00eancias em cidades isoladas"},"content":{"rendered":"<p style=\"text-align: justify;\">Est\u00e3o previstas 32 audi\u00eancias em cinco munic\u00edpios<\/p>\n<p style=\"text-align: justify;\">O ciclo de audi\u00eancias da Vara Itinerante nos munic\u00edpios acrianos do Vale do Juru\u00e1, que fazem fronteira com o Peru. Para atender as localidades long\u00ednquas de Santa Rosa do Purus, Jord\u00e3o, Marechal Thaumaturgo e Porto Walter, a Justi\u00e7a do Trabalho utilizar\u00e1 aeronave bimotor, j\u00e1 que o acesso se d\u00e1 somente por via a\u00e9rea e fluvial.<\/p>\n<p style=\"text-align: justify;\">As 32 audi\u00eancias previstas ser\u00e3o realizadas pelo juiz do Trabalho Substituto, Celso Ant\u00f4nio Bot\u00e3o Carvalho J\u00fanior. O per\u00edodo de atendimentos e recebimento das reclamat\u00f3rias ocorreu no per\u00edodo de 18 a 21 de agosto, as quais s\u00e3o em sua maioria contra os munic\u00edpios pelo pagamento de verbas trabalhistas. As 32 audi\u00eancias est\u00e3o assim divididas: tr\u00eas em Santa Rosa do Purus; oito em Jord\u00e3o; sete em Marechal Thaumaturgo; por fim, nove em Porto Walter.<\/p>\n<p style=\"text-align: justify;\">Com aproximadamente 80% da popula\u00e7\u00e3o ind\u00edgena, das etnias kaxinaw\u00e1 e Ashaninka, as localidades vivem basicamente do funcionalismo p\u00fablico e de culturas da agricultura familiar de subsist\u00eancia e do extrativismo.<\/p>\n<p style=\"text-align: justify;\">A voca\u00e7\u00e3o do TRT14 na realiza\u00e7\u00e3o das atividades itinerantes remota desde os tempos em que os estados de Rond\u00f4nia e Acre estavam inseridos na \u00e1rea de compet\u00eancia dos Tribunais Regionais do Trabalho da 8\u00aa e 11\u00aa Regi\u00e3o.<\/p>\n<p style=\"text-align: justify;\">A partir de 2002, as a\u00e7\u00f5es come\u00e7aram a ser pensadas de forma mais abrangente e planejada. O Regional investiu em \u00f4nibus e vans adaptadas com salas de audi\u00eancia, espera e tomada de reclama\u00e7\u00f5es.<\/p>\n<p style=\"text-align: justify;\">De 2004 para c\u00e1, as atividades itinerantes passaram a serem tratadas como atua\u00e7\u00e3o regular das Varas do Trabalho, conforme a Emenda Constitucional n\u00ba 45.<br \/>Desde ent\u00e3o, as Varas Itinerantes tamb\u00e9m s\u00e3o uma oportunidade de promo\u00e7\u00e3o de responsabilidade social, por meio da aplica\u00e7\u00e3o dos Programas Justi\u00e7a do Trabalho Vai \u00e0 Escola e Justi\u00e7a do Trabalho Vai \u00e0 Empresa nas localidades atendidas, ocasi\u00e3o em que s\u00e3o distribu\u00eddos materiais educativos e de orienta\u00e7\u00e3o sobre Direitos e Deveres Trabalhistas, tais como a Carta de Servi\u00e7os ao Cidad\u00e3o e as cartilhas sobre Seguran\u00e7a no Trabalho.<\/p>\n","protected":false},"excerpt":{"rendered":"<p style=\"text-align: justify;\">Est\u00e3o previstas 32 audi\u00eancias em cinco munic\u00edpios<\/p>\n","protected":false},"author":4,"featured_media":18424,"comment_status":"open","ping_status":"open","sticky":false,"template":"","format":"standard","meta":{"jnews-multi-image_gallery":[],"jnews_single_post":[],"jnews_primary_category":[],"jnews_social_meta":[],"jnews_review":[],"enable_review":"","type":"","name":"","summary":"","brand":"","sku":"","good":[],"bad":[],"score_override":"","override_value":"","rating":[],"price":[],"footnotes":""},"categories":[54],"tags":[],"class_list":["post-18425","post","type-post","status-publish","format-standard","has-post-thumbnail","hentry","category-cotidiano"],"yoast_head":"<!-- This site is optimized with the Yoast SEO plugin v26.5 - https:\/\/yoast.com\/wordpress\/plugins\/seo\/ -->\n<title>Justi\u00e7a do Trabalho faz audi\u00eancias em cidades isoladas - Agazeta.net<\/title>\n<meta name=\"robots\" content=\"index, follow, max-snippet:-1, max-image-preview:large, max-video-preview:-1\" \/>\n<link rel=\"canonical\" href=\"https:\/\/nk7-testes.com.br\/agazeta\/justica-do-trabalho-faz-audiencias-em-cidades-isoladas\/\" \/>\n<meta property=\"og:locale\" content=\"pt_BR\" \/>\n<meta property=\"og:type\" content=\"article\" \/>\n<meta property=\"og:title\" content=\"Justi\u00e7a do Trabalho faz audi\u00eancias em cidades isoladas - Agazeta.net\" \/>\n<meta property=\"og:description\" content=\"Est\u00e3o previstas 32 audi\u00eancias em cinco munic\u00edpios\" \/>\n<meta property=\"og:url\" content=\"https:\/\/nk7-testes.com.br\/agazeta\/justica-do-trabalho-faz-audiencias-em-cidades-isoladas\/\" \/>\n<meta property=\"og:site_name\" content=\"Agazeta.net\" \/>\n<meta property=\"article:published_time\" content=\"2015-09-19T15:55:10+00:00\" \/>\n<meta property=\"og:image\" content=\"https:\/\/nk7-testes.com.br\/agazeta\/wp-content\/uploads\/2015\/09\/190915-cotidiano-justicadotrabalho-agenciatj.jpg\" \/>\n\t<meta property=\"og:image:width\" content=\"458\" \/>\n\t<meta property=\"og:image:height\" content=\"340\" \/>\n\t<meta property=\"og:image:type\" content=\"image\/jpeg\" \/>\n<meta name=\"author\" content=\"Agazeta.Net\" \/>\n<meta name=\"twitter:card\" content=\"summary_large_image\" \/>\n<meta name=\"twitter:label1\" content=\"Escrito por\" \/>\n\t<meta name=\"twitter:data1\" content=\"Agazeta.Net\" \/>\n\t<meta name=\"twitter:label2\" content=\"Est. tempo de leitura\" \/>\n\t<meta name=\"twitter:data2\" content=\"2 minutos\" \/>\n<script type=\"application\/ld+json\" class=\"yoast-schema-graph\">{\"@context\":\"https:\/\/schema.org\",\"@graph\":[{\"@type\":\"WebPage\",\"@id\":\"https:\/\/nk7-testes.com.br\/agazeta\/justica-do-trabalho-faz-audiencias-em-cidades-isoladas\/\",\"url\":\"https:\/\/nk7-testes.com.br\/agazeta\/justica-do-trabalho-faz-audiencias-em-cidades-isoladas\/\",\"name\":\"Justi\u00e7a do Trabalho faz audi\u00eancias em cidades isoladas - Agazeta.net\",\"isPartOf\":{\"@id\":\"https:\/\/nk7-testes.com.br\/agazeta\/#website\"},\"primaryImageOfPage\":{\"@id\":\"https:\/\/nk7-testes.com.br\/agazeta\/justica-do-trabalho-faz-audiencias-em-cidades-isoladas\/#primaryimage\"},\"image\":{\"@id\":\"https:\/\/nk7-testes.com.br\/agazeta\/justica-do-trabalho-faz-audiencias-em-cidades-isoladas\/#primaryimage\"},\"thumbnailUrl\":\"https:\/\/nk7-testes.com.br\/agazeta\/wp-content\/uploads\/2015\/09\/190915-cotidiano-justicadotrabalho-agenciatj.jpg\",\"datePublished\":\"2015-09-19T15:55:10+00:00\",\"author\":{\"@id\":\"https:\/\/nk7-testes.com.br\/agazeta\/#\/schema\/person\/6d6e25cb0435eb4a02fd44d30b4e3020\"},\"breadcrumb\":{\"@id\":\"https:\/\/nk7-testes.com.br\/agazeta\/justica-do-trabalho-faz-audiencias-em-cidades-isoladas\/#breadcrumb\"},\"inLanguage\":\"pt-BR\",\"potentialAction\":[{\"@type\":\"ReadAction\",\"target\":[\"https:\/\/nk7-testes.com.br\/agazeta\/justica-do-trabalho-faz-audiencias-em-cidades-isoladas\/\"]}]},{\"@type\":\"ImageObject\",\"inLanguage\":\"pt-BR\",\"@id\":\"https:\/\/nk7-testes.com.br\/agazeta\/justica-do-trabalho-faz-audiencias-em-cidades-isoladas\/#primaryimage\",\"url\":\"https:\/\/nk7-testes.com.br\/agazeta\/wp-content\/uploads\/2015\/09\/190915-cotidiano-justicadotrabalho-agenciatj.jpg\",\"contentUrl\":\"https:\/\/nk7-testes.com.br\/agazeta\/wp-content\/uploads\/2015\/09\/190915-cotidiano-justicadotrabalho-agenciatj.jpg\",\"width\":458,\"height\":340,\"caption\":\"190915-cotidiano-justicadotrabalho-agenciatj\"},{\"@type\":\"BreadcrumbList\",\"@id\":\"https:\/\/nk7-testes.com.br\/agazeta\/justica-do-trabalho-faz-audiencias-em-cidades-isoladas\/#breadcrumb\",\"itemListElement\":[{\"@type\":\"ListItem\",\"position\":1,\"name\":\"In\u00edcio\",\"item\":\"https:\/\/nk7-testes.com.br\/agazeta\/\"},{\"@type\":\"ListItem\",\"position\":2,\"name\":\"Justi\u00e7a do Trabalho faz audi\u00eancias em cidades isoladas\"}]},{\"@type\":\"WebSite\",\"@id\":\"https:\/\/nk7-testes.com.br\/agazeta\/#website\",\"url\":\"https:\/\/nk7-testes.com.br\/agazeta\/\",\"name\":\"Agazeta.net\",\"description\":\"Agazeta.net - Not\u00edcias de Rio Branco\/AC\",\"potentialAction\":[{\"@type\":\"SearchAction\",\"target\":{\"@type\":\"EntryPoint\",\"urlTemplate\":\"https:\/\/nk7-testes.com.br\/agazeta\/?s={search_term_string}\"},\"query-input\":{\"@type\":\"PropertyValueSpecification\",\"valueRequired\":true,\"valueName\":\"search_term_string\"}}],\"inLanguage\":\"pt-BR\"},{\"@type\":\"Person\",\"@id\":\"https:\/\/nk7-testes.com.br\/agazeta\/#\/schema\/person\/6d6e25cb0435eb4a02fd44d30b4e3020\",\"name\":\"Agazeta.Net\",\"url\":\"https:\/\/nk7-testes.com.br\/agazeta\/author\/agazeta\/\"}]}<\/script>\n<!-- \/ Yoast SEO plugin. -->","yoast_head_json":{"title":"Justi\u00e7a do Trabalho faz audi\u00eancias em cidades isoladas - Agazeta.net","robots":{"index":"index","follow":"follow","max-snippet":"max-snippet:-1","max-image-preview":"max-image-preview:large","max-video-preview":"max-video-preview:-1"},"canonical":"https:\/\/nk7-testes.com.br\/agazeta\/justica-do-trabalho-faz-audiencias-em-cidades-isoladas\/","og_locale":"pt_BR","og_type":"article","og_title":"Justi\u00e7a do Trabalho faz audi\u00eancias em cidades isoladas - Agazeta.net","og_description":"Est\u00e3o previstas 32 audi\u00eancias em cinco munic\u00edpios","og_url":"https:\/\/nk7-testes.com.br\/agazeta\/justica-do-trabalho-faz-audiencias-em-cidades-isoladas\/","og_site_name":"Agazeta.net","article_published_time":"2015-09-19T15:55:10+00:00","og_image":[{"width":458,"height":340,"url":"https:\/\/nk7-testes.com.br\/agazeta\/wp-content\/uploads\/2015\/09\/190915-cotidiano-justicadotrabalho-agenciatj.jpg","type":"image\/jpeg"}],"author":"Agazeta.Net","twitter_card":"summary_large_image","twitter_misc":{"Escrito por":"Agazeta.Net","Est. tempo de leitura":"2 minutos"},"schema":{"@context":"https:\/\/schema.org","@graph":[{"@type":"WebPage","@id":"https:\/\/nk7-testes.com.br\/agazeta\/justica-do-trabalho-faz-audiencias-em-cidades-isoladas\/","url":"https:\/\/nk7-testes.com.br\/agazeta\/justica-do-trabalho-faz-audiencias-em-cidades-isoladas\/","name":"Justi\u00e7a do Trabalho faz audi\u00eancias em cidades isoladas - Agazeta.net","isPartOf":{"@id":"https:\/\/nk7-testes.com.br\/agazeta\/#website"},"primaryImageOfPage":{"@id":"https:\/\/nk7-testes.com.br\/agazeta\/justica-do-trabalho-faz-audiencias-em-cidades-isoladas\/#primaryimage"},"image":{"@id":"https:\/\/nk7-testes.com.br\/agazeta\/justica-do-trabalho-faz-audiencias-em-cidades-isoladas\/#primaryimage"},"thumbnailUrl":"https:\/\/nk7-testes.com.br\/agazeta\/wp-content\/uploads\/2015\/09\/190915-cotidiano-justicadotrabalho-agenciatj.jpg","datePublished":"2015-09-19T15:55:10+00:00","author":{"@id":"https:\/\/nk7-testes.com.br\/agazeta\/#\/schema\/person\/6d6e25cb0435eb4a02fd44d30b4e3020"},"breadcrumb":{"@id":"https:\/\/nk7-testes.com.br\/agazeta\/justica-do-trabalho-faz-audiencias-em-cidades-isoladas\/#breadcrumb"},"inLanguage":"pt-BR","potentialAction":[{"@type":"ReadAction","target":["https:\/\/nk7-testes.com.br\/agazeta\/justica-do-trabalho-faz-audiencias-em-cidades-isoladas\/"]}]},{"@type":"ImageObject","inLanguage":"pt-BR","@id":"https:\/\/nk7-testes.com.br\/agazeta\/justica-do-trabalho-faz-audiencias-em-cidades-isoladas\/#primaryimage","url":"https:\/\/nk7-testes.com.br\/agazeta\/wp-content\/uploads\/2015\/09\/190915-cotidiano-justicadotrabalho-agenciatj.jpg","contentUrl":"https:\/\/nk7-testes.com.br\/agazeta\/wp-content\/uploads\/2015\/09\/190915-cotidiano-justicadotrabalho-agenciatj.jpg","width":458,"height":340,"caption":"190915-cotidiano-justicadotrabalho-agenciatj"},{"@type":"BreadcrumbList","@id":"https:\/\/nk7-testes.com.br\/agazeta\/justica-do-trabalho-faz-audiencias-em-cidades-isoladas\/#breadcrumb","itemListElement":[{"@type":"ListItem","position":1,"name":"In\u00edcio","item":"https:\/\/nk7-testes.com.br\/agazeta\/"},{"@type":"ListItem","position":2,"name":"Justi\u00e7a do Trabalho faz audi\u00eancias em cidades isoladas"}]},{"@type":"WebSite","@id":"https:\/\/nk7-testes.com.br\/agazeta\/#website","url":"https:\/\/nk7-testes.com.br\/agazeta\/","name":"Agazeta.net","description":"Agazeta.net - Not\u00edcias de Rio Branco\/AC","potentialAction":[{"@type":"SearchAction","target":{"@type":"EntryPoint","urlTemplate":"https:\/\/nk7-testes.com.br\/agazeta\/?s={search_term_string}"},"query-input":{"@type":"PropertyValueSpecification","valueRequired":true,"valueName":"search_term_string"}}],"inLanguage":"pt-BR"},{"@type":"Person","@id":"https:\/\/nk7-testes.com.br\/agazeta\/#\/schema\/person\/6d6e25cb0435eb4a02fd44d30b4e3020","name":"Agazeta.Net","url":"https:\/\/nk7-testes.com.br\/agazeta\/author\/agazeta\/"}]}},"_links":{"self":[{"href":"https:\/\/nk7-testes.com.br\/agazeta\/wp-json\/wp\/v2\/posts\/18425","targetHints":{"allow":["GET"]}}],"collection":[{"href":"https:\/\/nk7-testes.com.br\/agazeta\/wp-json\/wp\/v2\/posts"}],"about":[{"href":"https:\/\/nk7-testes.com.br\/agazeta\/wp-json\/wp\/v2\/types\/post"}],"author":[{"embeddable":true,"href":"https:\/\/nk7-testes.com.br\/agazeta\/wp-json\/wp\/v2\/users\/4"}],"replies":[{"embeddable":true,"href":"https:\/\/nk7-testes.com.br\/agazeta\/wp-json\/wp\/v2\/comments?post=18425"}],"version-history":[{"count":0,"href":"https:\/\/nk7-testes.com.br\/agazeta\/wp-json\/wp\/v2\/posts\/18425\/revisions"}],"wp:featuredmedia":[{"embeddable":true,"href":"https:\/\/nk7-testes.com.br\/agazeta\/wp-json\/wp\/v2\/media\/18424"}],"wp:attachment":[{"href":"https:\/\/nk7-testes.com.br\/agazeta\/wp-json\/wp\/v2\/media?parent=18425"}],"wp:term":[{"taxonomy":"category","embeddable":true,"href":"https:\/\/nk7-testes.com.br\/agazeta\/wp-json\/wp\/v2\/categories?post=18425"},{"taxonomy":"post_tag","embeddable":true,"href":"https:\/\/nk7-testes.com.br\/agazeta\/wp-json\/wp\/v2\/tags?post=18425"}],"curies":[{"name":"wp","href":"https:\/\/api.w.org\/{rel}","templated":true}]}}