{"id":18419,"date":"2015-09-18T23:05:56","date_gmt":"2015-09-18T23:05:56","guid":{"rendered":"https:\/\/abarevegan.com.br\/index.php\/2015\/09\/18\/18-de-setembro-de-2015-42-c-no-acre\/"},"modified":"2015-09-18T23:05:56","modified_gmt":"2015-09-18T23:05:56","slug":"18-de-setembro-de-2015-42-c-no-acre","status":"publish","type":"post","link":"https:\/\/nk7-testes.com.br\/agazeta\/18-de-setembro-de-2015-42-c-no-acre\/","title":{"rendered":"18 de setembro de 2015: 42\u00baC no Acre"},"content":{"rendered":"<p style=\"text-align: justify;\">Foi um dos dias mais quentes do ano no Acre<\/p>\n<p style=\"text-align: justify;\">Nesta sexta-feira (18) os term\u00f4metros do Acre registraram o dia mais quente do m\u00eas de setembro, marcando 42\u00baC. Segundo especialistas, a sensa\u00e7\u00e3o t\u00e9rmica era de mais quente ainda. Mas, o calor n\u00e3o para por a\u00ed. De acordo com os meteorologistas, o m\u00eas pode alcan\u00e7ar temperaturas ainda mais altas.<\/p>\n<p style=\"text-align: justify;\">Os dias parecem mais quentes do que nunca. Para amenizar a sensa\u00e7\u00e3o, s\u00f3 mesmo muita \u00e1gua. O suco natural tamb\u00e9m \u00e9 uma \u00f3tima op\u00e7\u00e3o para nutrir e refrescar.<\/p>\n<p style=\"text-align: justify;\">Nesta sexta-feira, \u00e0s 10 da manh\u00e3, um term\u00f4metro instalado no centro da Capital registrava 42 graus, mesmo n\u00e3o sendo o instrumento meteorol\u00f3gico ideal para indicar a temperatura real, a marca\u00e7\u00e3o surpreende. Quem est\u00e1 exposto ao sol todos os dias, precisa resistir com bravura.<\/p>\n<p style=\"text-align: justify;\">\u201cA gente j\u00e1 tem costume, n\u00e3o passa tanta necessidade, mas pessoas que n\u00e3o s\u00e3o daqui, que v\u00eam de regi\u00f5es mais frias, l\u00f3gico que v\u00e3o sofrer\u201d, comenta o funcion\u00e1rio p\u00fablico Manuel Rodrigues.<\/p>\n<p style=\"text-align: justify;\">Os meses de agosto, setembro e outubro s\u00e3o os mais quentes do ano no Acre. Essa \u00e9 uma caracter\u00edstica predominante no clima local. Contudo, setembro alcan\u00e7a picos mais altos de temperatura, tornando-se o m\u00eas mais quente do ano.<\/p>\n<p style=\"text-align: justify;\">Ontem, dia 17, os term\u00f4metros registraram a mais alta temperatura para o m\u00eas, com 37,2 graus. A sensa\u00e7\u00e3o t\u00e9rmica chegou a 40 graus. Mas n\u00e3o foi o dia mais quente do ano. Em 24 de agosto, os acrianos suportaram 37,9 graus de temperatura.<\/p>\n<p style=\"text-align: justify;\">Segundo o meteorologista respons\u00e1vel pelo grupo de estudos e servi\u00e7os ambientais do setor de clima e energia da Ufac, Alexandro Fonseca, a explica\u00e7\u00e3o para tanto calor \u00e9 a baixa umidade relativa do ar.<\/p>\n<p style=\"text-align: justify;\">\u201cDurante a seca temos o c\u00e9u claro, a radia\u00e7\u00e3o solar entra praticamente sem nenhuma absor\u00e7\u00e3o at\u00e9 o ch\u00e3o. Da\u00ed ela se reemite e deixa o ambiente quente durante todo o dia, particularmente a tarde\u201d, explica.<\/p>\n<p style=\"text-align: justify;\">De acordo com o professor, setembro ainda pode surpreender a popula\u00e7\u00e3o com temperaturas mais altas do que as j\u00e1 registradas.<\/p>\n<p style=\"text-align: justify;\">Para enfrentar o calor algumas dicas de especialistas s\u00e3o importantes. A primeira \u00e9 a ingest\u00e3o de l\u00edquidos durante o dia todo, a segunda \u00e9 consumir alimentos saud\u00e1veis como frutas, verduras e legumes. A \u00faltima sugest\u00e3o \u00e9 quanto a atividade f\u00edsica ao ar livre, que \u00e9 proibida no per\u00edodo de 10 da manh\u00e3 as 3 da tarde.<\/p>\n<p style=\"text-align: justify;\">De acordo com a previs\u00e3o meteorol\u00f3gica, o calor continua intenso at\u00e9 outubro, quando a umidade relativa do ar sobe e as nuvens reaparecem.<\/p>\n","protected":false},"excerpt":{"rendered":"<p style=\"text-align: justify;\">Foi um dos dias mais quentes do ano no Acre<\/p>\n","protected":false},"author":4,"featured_media":18418,"comment_status":"open","ping_status":"open","sticky":false,"template":"","format":"standard","meta":{"jnews-multi-image_gallery":[],"jnews_single_post":[],"jnews_primary_category":[],"jnews_social_meta":[],"jnews_review":[],"enable_review":"","type":"","name":"","summary":"","brand":"","sku":"","good":[],"bad":[],"score_override":"","override_value":"","rating":[],"price":[],"footnotes":""},"categories":[54],"tags":[],"class_list":["post-18419","post","type-post","status-publish","format-standard","has-post-thumbnail","hentry","category-cotidiano"],"yoast_head":"<!-- This site is optimized with the Yoast SEO plugin v26.5 - https:\/\/yoast.com\/wordpress\/plugins\/seo\/ -->\n<title>18 de setembro de 2015: 42\u00baC no Acre - Agazeta.net<\/title>\n<meta name=\"robots\" content=\"index, follow, max-snippet:-1, max-image-preview:large, max-video-preview:-1\" \/>\n<link rel=\"canonical\" href=\"https:\/\/nk7-testes.com.br\/agazeta\/18-de-setembro-de-2015-42-c-no-acre\/\" \/>\n<meta property=\"og:locale\" content=\"pt_BR\" \/>\n<meta property=\"og:type\" content=\"article\" \/>\n<meta property=\"og:title\" content=\"18 de setembro de 2015: 42\u00baC no Acre - Agazeta.net\" \/>\n<meta property=\"og:description\" content=\"Foi um dos dias mais quentes do ano no Acre\" \/>\n<meta property=\"og:url\" content=\"https:\/\/nk7-testes.com.br\/agazeta\/18-de-setembro-de-2015-42-c-no-acre\/\" \/>\n<meta property=\"og:site_name\" content=\"Agazeta.net\" \/>\n<meta property=\"article:published_time\" content=\"2015-09-18T23:05:56+00:00\" \/>\n<meta property=\"og:image\" content=\"https:\/\/nk7-testes.com.br\/agazeta\/wp-content\/uploads\/2015\/09\/180915-cotidiano-termometro-tvgazeta.jpg\" \/>\n\t<meta property=\"og:image:width\" content=\"458\" \/>\n\t<meta property=\"og:image:height\" content=\"340\" \/>\n\t<meta property=\"og:image:type\" content=\"image\/jpeg\" \/>\n<meta name=\"author\" content=\"Agazeta.Net\" \/>\n<meta name=\"twitter:card\" content=\"summary_large_image\" \/>\n<meta name=\"twitter:label1\" content=\"Escrito por\" \/>\n\t<meta name=\"twitter:data1\" content=\"Agazeta.Net\" \/>\n\t<meta name=\"twitter:label2\" content=\"Est. tempo de leitura\" \/>\n\t<meta name=\"twitter:data2\" content=\"2 minutos\" \/>\n<script type=\"application\/ld+json\" class=\"yoast-schema-graph\">{\"@context\":\"https:\/\/schema.org\",\"@graph\":[{\"@type\":\"WebPage\",\"@id\":\"https:\/\/nk7-testes.com.br\/agazeta\/18-de-setembro-de-2015-42-c-no-acre\/\",\"url\":\"https:\/\/nk7-testes.com.br\/agazeta\/18-de-setembro-de-2015-42-c-no-acre\/\",\"name\":\"18 de setembro de 2015: 42\u00baC no Acre - Agazeta.net\",\"isPartOf\":{\"@id\":\"https:\/\/nk7-testes.com.br\/agazeta\/#website\"},\"primaryImageOfPage\":{\"@id\":\"https:\/\/nk7-testes.com.br\/agazeta\/18-de-setembro-de-2015-42-c-no-acre\/#primaryimage\"},\"image\":{\"@id\":\"https:\/\/nk7-testes.com.br\/agazeta\/18-de-setembro-de-2015-42-c-no-acre\/#primaryimage\"},\"thumbnailUrl\":\"https:\/\/nk7-testes.com.br\/agazeta\/wp-content\/uploads\/2015\/09\/180915-cotidiano-termometro-tvgazeta.jpg\",\"datePublished\":\"2015-09-18T23:05:56+00:00\",\"author\":{\"@id\":\"https:\/\/nk7-testes.com.br\/agazeta\/#\/schema\/person\/6d6e25cb0435eb4a02fd44d30b4e3020\"},\"breadcrumb\":{\"@id\":\"https:\/\/nk7-testes.com.br\/agazeta\/18-de-setembro-de-2015-42-c-no-acre\/#breadcrumb\"},\"inLanguage\":\"pt-BR\",\"potentialAction\":[{\"@type\":\"ReadAction\",\"target\":[\"https:\/\/nk7-testes.com.br\/agazeta\/18-de-setembro-de-2015-42-c-no-acre\/\"]}]},{\"@type\":\"ImageObject\",\"inLanguage\":\"pt-BR\",\"@id\":\"https:\/\/nk7-testes.com.br\/agazeta\/18-de-setembro-de-2015-42-c-no-acre\/#primaryimage\",\"url\":\"https:\/\/nk7-testes.com.br\/agazeta\/wp-content\/uploads\/2015\/09\/180915-cotidiano-termometro-tvgazeta.jpg\",\"contentUrl\":\"https:\/\/nk7-testes.com.br\/agazeta\/wp-content\/uploads\/2015\/09\/180915-cotidiano-termometro-tvgazeta.jpg\",\"width\":458,\"height\":340,\"caption\":\"180915-cotidiano-termometro-tvgazeta\"},{\"@type\":\"BreadcrumbList\",\"@id\":\"https:\/\/nk7-testes.com.br\/agazeta\/18-de-setembro-de-2015-42-c-no-acre\/#breadcrumb\",\"itemListElement\":[{\"@type\":\"ListItem\",\"position\":1,\"name\":\"In\u00edcio\",\"item\":\"https:\/\/nk7-testes.com.br\/agazeta\/\"},{\"@type\":\"ListItem\",\"position\":2,\"name\":\"18 de setembro de 2015: 42\u00baC no Acre\"}]},{\"@type\":\"WebSite\",\"@id\":\"https:\/\/nk7-testes.com.br\/agazeta\/#website\",\"url\":\"https:\/\/nk7-testes.com.br\/agazeta\/\",\"name\":\"Agazeta.net\",\"description\":\"Agazeta.net - Not\u00edcias de Rio Branco\/AC\",\"potentialAction\":[{\"@type\":\"SearchAction\",\"target\":{\"@type\":\"EntryPoint\",\"urlTemplate\":\"https:\/\/nk7-testes.com.br\/agazeta\/?s={search_term_string}\"},\"query-input\":{\"@type\":\"PropertyValueSpecification\",\"valueRequired\":true,\"valueName\":\"search_term_string\"}}],\"inLanguage\":\"pt-BR\"},{\"@type\":\"Person\",\"@id\":\"https:\/\/nk7-testes.com.br\/agazeta\/#\/schema\/person\/6d6e25cb0435eb4a02fd44d30b4e3020\",\"name\":\"Agazeta.Net\",\"url\":\"https:\/\/nk7-testes.com.br\/agazeta\/author\/agazeta\/\"}]}<\/script>\n<!-- \/ Yoast SEO plugin. -->","yoast_head_json":{"title":"18 de setembro de 2015: 42\u00baC no Acre - Agazeta.net","robots":{"index":"index","follow":"follow","max-snippet":"max-snippet:-1","max-image-preview":"max-image-preview:large","max-video-preview":"max-video-preview:-1"},"canonical":"https:\/\/nk7-testes.com.br\/agazeta\/18-de-setembro-de-2015-42-c-no-acre\/","og_locale":"pt_BR","og_type":"article","og_title":"18 de setembro de 2015: 42\u00baC no Acre - Agazeta.net","og_description":"Foi um dos dias mais quentes do ano no Acre","og_url":"https:\/\/nk7-testes.com.br\/agazeta\/18-de-setembro-de-2015-42-c-no-acre\/","og_site_name":"Agazeta.net","article_published_time":"2015-09-18T23:05:56+00:00","og_image":[{"width":458,"height":340,"url":"https:\/\/nk7-testes.com.br\/agazeta\/wp-content\/uploads\/2015\/09\/180915-cotidiano-termometro-tvgazeta.jpg","type":"image\/jpeg"}],"author":"Agazeta.Net","twitter_card":"summary_large_image","twitter_misc":{"Escrito por":"Agazeta.Net","Est. tempo de leitura":"2 minutos"},"schema":{"@context":"https:\/\/schema.org","@graph":[{"@type":"WebPage","@id":"https:\/\/nk7-testes.com.br\/agazeta\/18-de-setembro-de-2015-42-c-no-acre\/","url":"https:\/\/nk7-testes.com.br\/agazeta\/18-de-setembro-de-2015-42-c-no-acre\/","name":"18 de setembro de 2015: 42\u00baC no Acre - Agazeta.net","isPartOf":{"@id":"https:\/\/nk7-testes.com.br\/agazeta\/#website"},"primaryImageOfPage":{"@id":"https:\/\/nk7-testes.com.br\/agazeta\/18-de-setembro-de-2015-42-c-no-acre\/#primaryimage"},"image":{"@id":"https:\/\/nk7-testes.com.br\/agazeta\/18-de-setembro-de-2015-42-c-no-acre\/#primaryimage"},"thumbnailUrl":"https:\/\/nk7-testes.com.br\/agazeta\/wp-content\/uploads\/2015\/09\/180915-cotidiano-termometro-tvgazeta.jpg","datePublished":"2015-09-18T23:05:56+00:00","author":{"@id":"https:\/\/nk7-testes.com.br\/agazeta\/#\/schema\/person\/6d6e25cb0435eb4a02fd44d30b4e3020"},"breadcrumb":{"@id":"https:\/\/nk7-testes.com.br\/agazeta\/18-de-setembro-de-2015-42-c-no-acre\/#breadcrumb"},"inLanguage":"pt-BR","potentialAction":[{"@type":"ReadAction","target":["https:\/\/nk7-testes.com.br\/agazeta\/18-de-setembro-de-2015-42-c-no-acre\/"]}]},{"@type":"ImageObject","inLanguage":"pt-BR","@id":"https:\/\/nk7-testes.com.br\/agazeta\/18-de-setembro-de-2015-42-c-no-acre\/#primaryimage","url":"https:\/\/nk7-testes.com.br\/agazeta\/wp-content\/uploads\/2015\/09\/180915-cotidiano-termometro-tvgazeta.jpg","contentUrl":"https:\/\/nk7-testes.com.br\/agazeta\/wp-content\/uploads\/2015\/09\/180915-cotidiano-termometro-tvgazeta.jpg","width":458,"height":340,"caption":"180915-cotidiano-termometro-tvgazeta"},{"@type":"BreadcrumbList","@id":"https:\/\/nk7-testes.com.br\/agazeta\/18-de-setembro-de-2015-42-c-no-acre\/#breadcrumb","itemListElement":[{"@type":"ListItem","position":1,"name":"In\u00edcio","item":"https:\/\/nk7-testes.com.br\/agazeta\/"},{"@type":"ListItem","position":2,"name":"18 de setembro de 2015: 42\u00baC no Acre"}]},{"@type":"WebSite","@id":"https:\/\/nk7-testes.com.br\/agazeta\/#website","url":"https:\/\/nk7-testes.com.br\/agazeta\/","name":"Agazeta.net","description":"Agazeta.net - Not\u00edcias de Rio Branco\/AC","potentialAction":[{"@type":"SearchAction","target":{"@type":"EntryPoint","urlTemplate":"https:\/\/nk7-testes.com.br\/agazeta\/?s={search_term_string}"},"query-input":{"@type":"PropertyValueSpecification","valueRequired":true,"valueName":"search_term_string"}}],"inLanguage":"pt-BR"},{"@type":"Person","@id":"https:\/\/nk7-testes.com.br\/agazeta\/#\/schema\/person\/6d6e25cb0435eb4a02fd44d30b4e3020","name":"Agazeta.Net","url":"https:\/\/nk7-testes.com.br\/agazeta\/author\/agazeta\/"}]}},"_links":{"self":[{"href":"https:\/\/nk7-testes.com.br\/agazeta\/wp-json\/wp\/v2\/posts\/18419","targetHints":{"allow":["GET"]}}],"collection":[{"href":"https:\/\/nk7-testes.com.br\/agazeta\/wp-json\/wp\/v2\/posts"}],"about":[{"href":"https:\/\/nk7-testes.com.br\/agazeta\/wp-json\/wp\/v2\/types\/post"}],"author":[{"embeddable":true,"href":"https:\/\/nk7-testes.com.br\/agazeta\/wp-json\/wp\/v2\/users\/4"}],"replies":[{"embeddable":true,"href":"https:\/\/nk7-testes.com.br\/agazeta\/wp-json\/wp\/v2\/comments?post=18419"}],"version-history":[{"count":0,"href":"https:\/\/nk7-testes.com.br\/agazeta\/wp-json\/wp\/v2\/posts\/18419\/revisions"}],"wp:featuredmedia":[{"embeddable":true,"href":"https:\/\/nk7-testes.com.br\/agazeta\/wp-json\/wp\/v2\/media\/18418"}],"wp:attachment":[{"href":"https:\/\/nk7-testes.com.br\/agazeta\/wp-json\/wp\/v2\/media?parent=18419"}],"wp:term":[{"taxonomy":"category","embeddable":true,"href":"https:\/\/nk7-testes.com.br\/agazeta\/wp-json\/wp\/v2\/categories?post=18419"},{"taxonomy":"post_tag","embeddable":true,"href":"https:\/\/nk7-testes.com.br\/agazeta\/wp-json\/wp\/v2\/tags?post=18419"}],"curies":[{"name":"wp","href":"https:\/\/api.w.org\/{rel}","templated":true}]}}