{"id":18417,"date":"2015-09-18T23:02:03","date_gmt":"2015-09-18T23:02:03","guid":{"rendered":"https:\/\/abarevegan.com.br\/index.php\/2015\/09\/18\/apagao-dura-cerca-de-tres-horas\/"},"modified":"2015-09-18T23:02:03","modified_gmt":"2015-09-18T23:02:03","slug":"apagao-dura-cerca-de-tres-horas","status":"publish","type":"post","link":"https:\/\/nk7-testes.com.br\/agazeta\/apagao-dura-cerca-de-tres-horas\/","title":{"rendered":"Apag\u00e3o desta sexta durou cerca de tr\u00eas horas"},"content":{"rendered":"<p style=\"text-align: justify;\">Fieac diz que vai cobrar explica\u00e7\u00f5es<\/p>\n<p style=\"text-align: justify;\">A Federa\u00e7\u00e3o das Ind\u00fastrias vai cobrar explica\u00e7\u00f5es da Eletrobras Distribui\u00e7\u00e3o Acre sobre os constantes apag\u00f5es que atingem o estado.<\/p>\n<p style=\"text-align: justify;\">O Acre vem sofrendo como nunca com apag\u00f5es. Interrup\u00e7\u00f5es no fornecimento de energia el\u00e9trica est\u00e3o cada vez mais constantes e prolongadas. Para piorar a situa\u00e7\u00e3o, a Eletrobras n\u00e3o responde \u00e0 sociedade com precis\u00e3o sobre os motivos dos apag\u00f5es.<\/p>\n<p style=\"text-align: justify;\">O \u00faltimo evento, que aconteceu hoje, deixou cerca de 70% da popula\u00e7\u00e3o sem energia por quase tr\u00eas horas. Como justificativa, a distribuidora local informou que a interrup\u00e7\u00e3o foi causada por perda de conex\u00e3o no sistema interligado nacional, pr\u00f3ximo \u00e0s cidades de Ji-Paran\u00e1 e Pimenta Bueno em Rond\u00f4nia. Contudo, uma reuni\u00e3o ainda seria promovida com o Operador Nacional do Sistema el\u00e9trico para apurar o que aconteceu.<\/p>\n<p style=\"text-align: justify;\">O problema que traz transtornos ao consumidor residencial tamb\u00e9m afeta o setor empresarial e, por isso, a Federa\u00e7\u00e3o das Ind\u00fastrias do Acre (Fieac) vai cobrar explica\u00e7\u00f5es da Eletrobras.<\/p>\n<p style=\"text-align: justify;\">\u201dIsso nos traz preocupa\u00e7\u00e3o quanto \u00e0 produtividade e \u00e0s entregas dos nossos produtos. Nossa proposta \u00e9 entender o que est\u00e1 acontecendo e fazer uma consulta a Eletrobras local e procurar saber se eles t\u00eam algum plano de a\u00e7\u00e3o para evitar futuras quedas de energia\u201d, disse o presidente da Fieac, Jos\u00e9 Adriano Ribeiro.<\/p>\n<p style=\"text-align: justify;\">Segundo o representante da Fieac, as primeiras iniciativas ser\u00e3o pac\u00edficas, buscando compreender o que de fato est\u00e1 havendo no fornecimento de energia no Estado, mas a institui\u00e7\u00e3o j\u00e1 est\u00e1 elaborando um hist\u00f3rico dos apag\u00f5es, para orientar seus afiliados e respaldar poss\u00edveis medidas futuras.<\/p>\n<p style=\"text-align: justify;\">\u201cIndividualmente a gente fez uma verifica\u00e7\u00e3o pontual em empresas com maiores demandas de energia. Elas ainda, por achar que era passageiro, n\u00e3o tinham hist\u00f3rico do preju\u00edzo, mas a gente est\u00e1 orientando para que se fa\u00e7a um levantamento para ter n\u00fameros e levar as autoridades para ressarcimento desses preju\u00edzos\u201d, explicou.<\/p>\n<p style=\"text-align: justify;\"><strong>NOTA DE ESCLARECIMENTO (Eletrobras Distribui\u00e7\u00e3o Acre)<\/strong><\/p>\n<p style=\"text-align: justify;\">A Eletrobras Distribui\u00e7\u00e3o Acre informa que a interrup\u00e7\u00e3o no fornecimento de energia el\u00e9trica ocorrida no in\u00edcio da tarde desta sexta-feira (18\/09), \u00e0s 13h44min, foi provocada pela perda da conex\u00e3o ao Sistema Interligado Nacional \u2013 SIN dos dois circuitos Ji-Paran\u00e1\/Pimenta Bueno, no Estado de Rond\u00f4nia, atingindo as Capitais Porto Velho e Rio Branco e regi\u00f5es adjacentes, conforme informa\u00e7\u00f5es preliminares do Operador Nacional do Sistema El\u00e9trico &#8211; ONS. A recomposi\u00e7\u00e3o das cargas iniciou \u00e0s 16h10min, sendo finalizada \u00e0s 17h00min.<\/p>\n<p style=\"text-align: justify;\">Luiz Armando Crestana<\/p>\n<p style=\"text-align: justify;\">Presidente<\/p>\n","protected":false},"excerpt":{"rendered":"<p style=\"text-align: justify;\">Fieac diz que vai cobrar explica\u00e7\u00f5es<\/p>\n","protected":false},"author":4,"featured_media":16656,"comment_status":"open","ping_status":"open","sticky":false,"template":"","format":"standard","meta":{"jnews-multi-image_gallery":[],"jnews_single_post":[],"jnews_primary_category":[],"jnews_social_meta":[],"jnews_review":[],"enable_review":"","type":"","name":"","summary":"","brand":"","sku":"","good":[],"bad":[],"score_override":"","override_value":"","rating":[],"price":[],"footnotes":""},"categories":[54],"tags":[],"class_list":["post-18417","post","type-post","status-publish","format-standard","has-post-thumbnail","hentry","category-cotidiano"],"yoast_head":"<!-- This site is optimized with the Yoast SEO plugin v26.5 - https:\/\/yoast.com\/wordpress\/plugins\/seo\/ -->\n<title>Apag\u00e3o desta sexta durou cerca de tr\u00eas horas - Agazeta.net<\/title>\n<meta name=\"robots\" content=\"index, follow, max-snippet:-1, max-image-preview:large, max-video-preview:-1\" \/>\n<link rel=\"canonical\" href=\"https:\/\/nk7-testes.com.br\/agazeta\/apagao-dura-cerca-de-tres-horas\/\" \/>\n<meta property=\"og:locale\" content=\"pt_BR\" \/>\n<meta property=\"og:type\" content=\"article\" \/>\n<meta property=\"og:title\" content=\"Apag\u00e3o desta sexta durou cerca de tr\u00eas horas - Agazeta.net\" \/>\n<meta property=\"og:description\" content=\"Fieac diz que vai cobrar explica\u00e7\u00f5es\" \/>\n<meta property=\"og:url\" content=\"https:\/\/nk7-testes.com.br\/agazeta\/apagao-dura-cerca-de-tres-horas\/\" \/>\n<meta property=\"og:site_name\" content=\"Agazeta.net\" \/>\n<meta property=\"article:published_time\" content=\"2015-09-18T23:02:03+00:00\" \/>\n<meta property=\"og:image\" content=\"https:\/\/nk7-testes.com.br\/agazeta\/wp-content\/uploads\/2015\/07\/030715-politica-fieac-victoraugustoagenciaidea.jpg\" \/>\n\t<meta property=\"og:image:width\" content=\"458\" \/>\n\t<meta property=\"og:image:height\" content=\"340\" \/>\n\t<meta property=\"og:image:type\" content=\"image\/jpeg\" \/>\n<meta name=\"author\" content=\"Agazeta.Net\" \/>\n<meta name=\"twitter:card\" content=\"summary_large_image\" \/>\n<meta name=\"twitter:label1\" content=\"Escrito por\" \/>\n\t<meta name=\"twitter:data1\" content=\"Agazeta.Net\" \/>\n\t<meta name=\"twitter:label2\" content=\"Est. tempo de leitura\" \/>\n\t<meta name=\"twitter:data2\" content=\"2 minutos\" \/>\n<script type=\"application\/ld+json\" class=\"yoast-schema-graph\">{\"@context\":\"https:\/\/schema.org\",\"@graph\":[{\"@type\":\"WebPage\",\"@id\":\"https:\/\/nk7-testes.com.br\/agazeta\/apagao-dura-cerca-de-tres-horas\/\",\"url\":\"https:\/\/nk7-testes.com.br\/agazeta\/apagao-dura-cerca-de-tres-horas\/\",\"name\":\"Apag\u00e3o desta sexta durou cerca de tr\u00eas horas - Agazeta.net\",\"isPartOf\":{\"@id\":\"https:\/\/nk7-testes.com.br\/agazeta\/#website\"},\"primaryImageOfPage\":{\"@id\":\"https:\/\/nk7-testes.com.br\/agazeta\/apagao-dura-cerca-de-tres-horas\/#primaryimage\"},\"image\":{\"@id\":\"https:\/\/nk7-testes.com.br\/agazeta\/apagao-dura-cerca-de-tres-horas\/#primaryimage\"},\"thumbnailUrl\":\"https:\/\/nk7-testes.com.br\/agazeta\/wp-content\/uploads\/2015\/07\/030715-politica-fieac-victoraugustoagenciaidea.jpg\",\"datePublished\":\"2015-09-18T23:02:03+00:00\",\"author\":{\"@id\":\"https:\/\/nk7-testes.com.br\/agazeta\/#\/schema\/person\/6d6e25cb0435eb4a02fd44d30b4e3020\"},\"breadcrumb\":{\"@id\":\"https:\/\/nk7-testes.com.br\/agazeta\/apagao-dura-cerca-de-tres-horas\/#breadcrumb\"},\"inLanguage\":\"pt-BR\",\"potentialAction\":[{\"@type\":\"ReadAction\",\"target\":[\"https:\/\/nk7-testes.com.br\/agazeta\/apagao-dura-cerca-de-tres-horas\/\"]}]},{\"@type\":\"ImageObject\",\"inLanguage\":\"pt-BR\",\"@id\":\"https:\/\/nk7-testes.com.br\/agazeta\/apagao-dura-cerca-de-tres-horas\/#primaryimage\",\"url\":\"https:\/\/nk7-testes.com.br\/agazeta\/wp-content\/uploads\/2015\/07\/030715-politica-fieac-victoraugustoagenciaidea.jpg\",\"contentUrl\":\"https:\/\/nk7-testes.com.br\/agazeta\/wp-content\/uploads\/2015\/07\/030715-politica-fieac-victoraugustoagenciaidea.jpg\",\"width\":458,\"height\":340,\"caption\":\"030715-politica-fieac-victoraugustoagenciaidea\"},{\"@type\":\"BreadcrumbList\",\"@id\":\"https:\/\/nk7-testes.com.br\/agazeta\/apagao-dura-cerca-de-tres-horas\/#breadcrumb\",\"itemListElement\":[{\"@type\":\"ListItem\",\"position\":1,\"name\":\"In\u00edcio\",\"item\":\"https:\/\/nk7-testes.com.br\/agazeta\/\"},{\"@type\":\"ListItem\",\"position\":2,\"name\":\"Apag\u00e3o desta sexta durou cerca de tr\u00eas horas\"}]},{\"@type\":\"WebSite\",\"@id\":\"https:\/\/nk7-testes.com.br\/agazeta\/#website\",\"url\":\"https:\/\/nk7-testes.com.br\/agazeta\/\",\"name\":\"Agazeta.net\",\"description\":\"Agazeta.net - Not\u00edcias de Rio Branco\/AC\",\"potentialAction\":[{\"@type\":\"SearchAction\",\"target\":{\"@type\":\"EntryPoint\",\"urlTemplate\":\"https:\/\/nk7-testes.com.br\/agazeta\/?s={search_term_string}\"},\"query-input\":{\"@type\":\"PropertyValueSpecification\",\"valueRequired\":true,\"valueName\":\"search_term_string\"}}],\"inLanguage\":\"pt-BR\"},{\"@type\":\"Person\",\"@id\":\"https:\/\/nk7-testes.com.br\/agazeta\/#\/schema\/person\/6d6e25cb0435eb4a02fd44d30b4e3020\",\"name\":\"Agazeta.Net\",\"url\":\"https:\/\/nk7-testes.com.br\/agazeta\/author\/agazeta\/\"}]}<\/script>\n<!-- \/ Yoast SEO plugin. -->","yoast_head_json":{"title":"Apag\u00e3o desta sexta durou cerca de tr\u00eas horas - Agazeta.net","robots":{"index":"index","follow":"follow","max-snippet":"max-snippet:-1","max-image-preview":"max-image-preview:large","max-video-preview":"max-video-preview:-1"},"canonical":"https:\/\/nk7-testes.com.br\/agazeta\/apagao-dura-cerca-de-tres-horas\/","og_locale":"pt_BR","og_type":"article","og_title":"Apag\u00e3o desta sexta durou cerca de tr\u00eas horas - Agazeta.net","og_description":"Fieac diz que vai cobrar explica\u00e7\u00f5es","og_url":"https:\/\/nk7-testes.com.br\/agazeta\/apagao-dura-cerca-de-tres-horas\/","og_site_name":"Agazeta.net","article_published_time":"2015-09-18T23:02:03+00:00","og_image":[{"width":458,"height":340,"url":"https:\/\/nk7-testes.com.br\/agazeta\/wp-content\/uploads\/2015\/07\/030715-politica-fieac-victoraugustoagenciaidea.jpg","type":"image\/jpeg"}],"author":"Agazeta.Net","twitter_card":"summary_large_image","twitter_misc":{"Escrito por":"Agazeta.Net","Est. tempo de leitura":"2 minutos"},"schema":{"@context":"https:\/\/schema.org","@graph":[{"@type":"WebPage","@id":"https:\/\/nk7-testes.com.br\/agazeta\/apagao-dura-cerca-de-tres-horas\/","url":"https:\/\/nk7-testes.com.br\/agazeta\/apagao-dura-cerca-de-tres-horas\/","name":"Apag\u00e3o desta sexta durou cerca de tr\u00eas horas - Agazeta.net","isPartOf":{"@id":"https:\/\/nk7-testes.com.br\/agazeta\/#website"},"primaryImageOfPage":{"@id":"https:\/\/nk7-testes.com.br\/agazeta\/apagao-dura-cerca-de-tres-horas\/#primaryimage"},"image":{"@id":"https:\/\/nk7-testes.com.br\/agazeta\/apagao-dura-cerca-de-tres-horas\/#primaryimage"},"thumbnailUrl":"https:\/\/nk7-testes.com.br\/agazeta\/wp-content\/uploads\/2015\/07\/030715-politica-fieac-victoraugustoagenciaidea.jpg","datePublished":"2015-09-18T23:02:03+00:00","author":{"@id":"https:\/\/nk7-testes.com.br\/agazeta\/#\/schema\/person\/6d6e25cb0435eb4a02fd44d30b4e3020"},"breadcrumb":{"@id":"https:\/\/nk7-testes.com.br\/agazeta\/apagao-dura-cerca-de-tres-horas\/#breadcrumb"},"inLanguage":"pt-BR","potentialAction":[{"@type":"ReadAction","target":["https:\/\/nk7-testes.com.br\/agazeta\/apagao-dura-cerca-de-tres-horas\/"]}]},{"@type":"ImageObject","inLanguage":"pt-BR","@id":"https:\/\/nk7-testes.com.br\/agazeta\/apagao-dura-cerca-de-tres-horas\/#primaryimage","url":"https:\/\/nk7-testes.com.br\/agazeta\/wp-content\/uploads\/2015\/07\/030715-politica-fieac-victoraugustoagenciaidea.jpg","contentUrl":"https:\/\/nk7-testes.com.br\/agazeta\/wp-content\/uploads\/2015\/07\/030715-politica-fieac-victoraugustoagenciaidea.jpg","width":458,"height":340,"caption":"030715-politica-fieac-victoraugustoagenciaidea"},{"@type":"BreadcrumbList","@id":"https:\/\/nk7-testes.com.br\/agazeta\/apagao-dura-cerca-de-tres-horas\/#breadcrumb","itemListElement":[{"@type":"ListItem","position":1,"name":"In\u00edcio","item":"https:\/\/nk7-testes.com.br\/agazeta\/"},{"@type":"ListItem","position":2,"name":"Apag\u00e3o desta sexta durou cerca de tr\u00eas horas"}]},{"@type":"WebSite","@id":"https:\/\/nk7-testes.com.br\/agazeta\/#website","url":"https:\/\/nk7-testes.com.br\/agazeta\/","name":"Agazeta.net","description":"Agazeta.net - Not\u00edcias de Rio Branco\/AC","potentialAction":[{"@type":"SearchAction","target":{"@type":"EntryPoint","urlTemplate":"https:\/\/nk7-testes.com.br\/agazeta\/?s={search_term_string}"},"query-input":{"@type":"PropertyValueSpecification","valueRequired":true,"valueName":"search_term_string"}}],"inLanguage":"pt-BR"},{"@type":"Person","@id":"https:\/\/nk7-testes.com.br\/agazeta\/#\/schema\/person\/6d6e25cb0435eb4a02fd44d30b4e3020","name":"Agazeta.Net","url":"https:\/\/nk7-testes.com.br\/agazeta\/author\/agazeta\/"}]}},"_links":{"self":[{"href":"https:\/\/nk7-testes.com.br\/agazeta\/wp-json\/wp\/v2\/posts\/18417","targetHints":{"allow":["GET"]}}],"collection":[{"href":"https:\/\/nk7-testes.com.br\/agazeta\/wp-json\/wp\/v2\/posts"}],"about":[{"href":"https:\/\/nk7-testes.com.br\/agazeta\/wp-json\/wp\/v2\/types\/post"}],"author":[{"embeddable":true,"href":"https:\/\/nk7-testes.com.br\/agazeta\/wp-json\/wp\/v2\/users\/4"}],"replies":[{"embeddable":true,"href":"https:\/\/nk7-testes.com.br\/agazeta\/wp-json\/wp\/v2\/comments?post=18417"}],"version-history":[{"count":0,"href":"https:\/\/nk7-testes.com.br\/agazeta\/wp-json\/wp\/v2\/posts\/18417\/revisions"}],"wp:featuredmedia":[{"embeddable":true,"href":"https:\/\/nk7-testes.com.br\/agazeta\/wp-json\/wp\/v2\/media\/16656"}],"wp:attachment":[{"href":"https:\/\/nk7-testes.com.br\/agazeta\/wp-json\/wp\/v2\/media?parent=18417"}],"wp:term":[{"taxonomy":"category","embeddable":true,"href":"https:\/\/nk7-testes.com.br\/agazeta\/wp-json\/wp\/v2\/categories?post=18417"},{"taxonomy":"post_tag","embeddable":true,"href":"https:\/\/nk7-testes.com.br\/agazeta\/wp-json\/wp\/v2\/tags?post=18417"}],"curies":[{"name":"wp","href":"https:\/\/api.w.org\/{rel}","templated":true}]}}