{"id":18416,"date":"2015-09-18T21:41:30","date_gmt":"2015-09-18T21:41:30","guid":{"rendered":"https:\/\/abarevegan.com.br\/index.php\/2015\/09\/18\/alfabetizacao-norte-e-nordeste-tem-pior-avaliacao\/"},"modified":"2015-09-18T21:41:30","modified_gmt":"2015-09-18T21:41:30","slug":"alfabetizacao-norte-e-nordeste-tem-pior-avaliacao","status":"publish","type":"post","link":"https:\/\/nk7-testes.com.br\/agazeta\/alfabetizacao-norte-e-nordeste-tem-pior-avaliacao\/","title":{"rendered":"Alfabetiza\u00e7\u00e3o: Norte e Nordeste t\u00eam pior avalia\u00e7\u00e3o"},"content":{"rendered":"<p>No Norte, Estado com melhor desempenho<\/p>\n<p>Os estados do Norte e Nordeste continuam com o pior desempenho na Avalia\u00e7\u00e3o Nacional de Alfabetiza\u00e7\u00e3o, comparados aos estados das demais regi\u00f5es do Brasil. As \u00e1reas avaliadas foram leitura, escrita e Matem\u00e1tica entre os alunos do 3\u00ba ano do Ensino Fundamental de escolas p\u00fablicas.<\/p>\n<p>Nos n\u00fameros gerais, quase seis alunos (57%) em cada dez alunos de oito anos da rede p\u00fablica do pa\u00eds n\u00e3o conseguem resolver uma conta simples de matem\u00e1tica e 22% n\u00e3o conseguem ler e compreender um texto. Essa \u00e9 uma vis\u00e3o panor\u00e2mica do problema apontado pela Avalia\u00e7\u00e3o Nacional de Alfabetiza\u00e7\u00e3o que, inclusive, for\u00e7ou o ministro da Educa\u00e7\u00e3o, Renato Janine Ribeiro a usar a express\u00e3o \u201cvergonha\u201d para descrever o quadro.<\/p>\n<p>No Acre, o percentual de leitura \u00e9 de 10%. Em escrita, 7% do estudantes do 3\u00ba ano do Ensino Fundamental est\u00e3o no n\u00edvel 1 (o pior n\u00edvel), mas \u00e9 um percentual bem abaixo dos 12% registrados em todo pa\u00eds e 19% no Norte. Em Matem\u00e1tica, o Acre apresenta 22%.<\/p>\n<p><strong>ESCRITA<\/strong><\/p>\n<p>Norte &nbsp; &nbsp; &nbsp; &nbsp; &nbsp; &nbsp; &nbsp; &nbsp; &nbsp; &nbsp;3,72% <br \/>Nordeste &nbsp; &nbsp; &nbsp; &nbsp; &nbsp; &nbsp; &nbsp;4,12%<br \/>Sul &nbsp; &nbsp; &nbsp; &nbsp; &nbsp; &nbsp; &nbsp; &nbsp; &nbsp; &nbsp; 32,55%<br \/>Sudeste &nbsp; &nbsp; &nbsp; &nbsp; &nbsp; &nbsp; 36,13%<br \/>Centro-Oeste &nbsp; &nbsp; &nbsp; 7,49%<\/p>\n<p><strong>MATEM\u00c1TICA<\/strong><\/p>\n<p>Norte &nbsp; &nbsp; &nbsp; &nbsp; &nbsp; &nbsp; &nbsp;11,76% <br \/>Nordeste &nbsp; &nbsp; &nbsp; &nbsp; 13%<br \/>Sul &nbsp; &nbsp; &nbsp; &nbsp; &nbsp; &nbsp; &nbsp; &nbsp; &nbsp;32,55%<br \/>Sudeste &nbsp; &nbsp; &nbsp; &nbsp; &nbsp; 36,13%<br \/>Centro-Oeste &nbsp; &nbsp;24,52%<\/p>\n<p><strong>LEITURA<\/strong><\/p>\n<p>Norte &nbsp; &nbsp; &nbsp; &nbsp; &nbsp; &nbsp; &nbsp; &nbsp; &nbsp; &nbsp; &nbsp; &nbsp; &nbsp; &nbsp; 4,84% <br \/>Nordeste &nbsp; &nbsp; &nbsp; &nbsp; &nbsp; &nbsp; &nbsp; &nbsp; &nbsp; &nbsp; &nbsp; &nbsp;5,52%<br \/>Sul &nbsp; &nbsp; &nbsp; &nbsp; &nbsp; &nbsp; &nbsp; &nbsp; &nbsp; &nbsp; &nbsp; &nbsp; &nbsp; &nbsp; &nbsp; 13,88%<br \/>Sudeste &nbsp; &nbsp; &nbsp; &nbsp; &nbsp; &nbsp; &nbsp; &nbsp; &nbsp; &nbsp; &nbsp; 16,675%<br \/>Centro-Oeste &nbsp; &nbsp; &nbsp; &nbsp; &nbsp; &nbsp; &nbsp; &nbsp;10,47%<\/p>\n","protected":false},"excerpt":{"rendered":"<p>No Norte, Estado com melhor desempenho<\/p>\n","protected":false},"author":4,"featured_media":18415,"comment_status":"open","ping_status":"open","sticky":false,"template":"","format":"standard","meta":{"jnews-multi-image_gallery":[],"jnews_single_post":[],"jnews_primary_category":[],"jnews_social_meta":[],"jnews_review":[],"enable_review":"","type":"","name":"","summary":"","brand":"","sku":"","good":[],"bad":[],"score_override":"","override_value":"","rating":[],"price":[],"footnotes":""},"categories":[54],"tags":[],"class_list":["post-18416","post","type-post","status-publish","format-standard","has-post-thumbnail","hentry","category-cotidiano"],"yoast_head":"<!-- This site is optimized with the Yoast SEO plugin v26.5 - https:\/\/yoast.com\/wordpress\/plugins\/seo\/ -->\n<title>Alfabetiza\u00e7\u00e3o: Norte e Nordeste t\u00eam pior avalia\u00e7\u00e3o - Agazeta.net<\/title>\n<meta name=\"robots\" content=\"index, follow, max-snippet:-1, max-image-preview:large, max-video-preview:-1\" \/>\n<link rel=\"canonical\" href=\"https:\/\/nk7-testes.com.br\/agazeta\/alfabetizacao-norte-e-nordeste-tem-pior-avaliacao\/\" \/>\n<meta property=\"og:locale\" content=\"pt_BR\" \/>\n<meta property=\"og:type\" content=\"article\" \/>\n<meta property=\"og:title\" content=\"Alfabetiza\u00e7\u00e3o: Norte e Nordeste t\u00eam pior avalia\u00e7\u00e3o - Agazeta.net\" \/>\n<meta property=\"og:description\" content=\"No Norte, Estado com melhor desempenho\" \/>\n<meta property=\"og:url\" content=\"https:\/\/nk7-testes.com.br\/agazeta\/alfabetizacao-norte-e-nordeste-tem-pior-avaliacao\/\" \/>\n<meta property=\"og:site_name\" content=\"Agazeta.net\" \/>\n<meta property=\"article:published_time\" content=\"2015-09-18T21:41:30+00:00\" \/>\n<meta property=\"og:image\" content=\"https:\/\/nk7-testes.com.br\/agazeta\/wp-content\/uploads\/2015\/09\/180915-cotidiano-escola-agenciadenoticias.jpg\" \/>\n\t<meta property=\"og:image:width\" content=\"458\" \/>\n\t<meta property=\"og:image:height\" content=\"340\" \/>\n\t<meta property=\"og:image:type\" content=\"image\/jpeg\" \/>\n<meta name=\"author\" content=\"Agazeta.Net\" \/>\n<meta name=\"twitter:card\" content=\"summary_large_image\" \/>\n<meta name=\"twitter:label1\" content=\"Escrito por\" \/>\n\t<meta name=\"twitter:data1\" content=\"Agazeta.Net\" \/>\n\t<meta name=\"twitter:label2\" content=\"Est. tempo de leitura\" \/>\n\t<meta name=\"twitter:data2\" content=\"2 minutos\" \/>\n<script type=\"application\/ld+json\" class=\"yoast-schema-graph\">{\"@context\":\"https:\/\/schema.org\",\"@graph\":[{\"@type\":\"WebPage\",\"@id\":\"https:\/\/nk7-testes.com.br\/agazeta\/alfabetizacao-norte-e-nordeste-tem-pior-avaliacao\/\",\"url\":\"https:\/\/nk7-testes.com.br\/agazeta\/alfabetizacao-norte-e-nordeste-tem-pior-avaliacao\/\",\"name\":\"Alfabetiza\u00e7\u00e3o: Norte e Nordeste t\u00eam pior avalia\u00e7\u00e3o - Agazeta.net\",\"isPartOf\":{\"@id\":\"https:\/\/nk7-testes.com.br\/agazeta\/#website\"},\"primaryImageOfPage\":{\"@id\":\"https:\/\/nk7-testes.com.br\/agazeta\/alfabetizacao-norte-e-nordeste-tem-pior-avaliacao\/#primaryimage\"},\"image\":{\"@id\":\"https:\/\/nk7-testes.com.br\/agazeta\/alfabetizacao-norte-e-nordeste-tem-pior-avaliacao\/#primaryimage\"},\"thumbnailUrl\":\"https:\/\/nk7-testes.com.br\/agazeta\/wp-content\/uploads\/2015\/09\/180915-cotidiano-escola-agenciadenoticias.jpg\",\"datePublished\":\"2015-09-18T21:41:30+00:00\",\"author\":{\"@id\":\"https:\/\/nk7-testes.com.br\/agazeta\/#\/schema\/person\/6d6e25cb0435eb4a02fd44d30b4e3020\"},\"breadcrumb\":{\"@id\":\"https:\/\/nk7-testes.com.br\/agazeta\/alfabetizacao-norte-e-nordeste-tem-pior-avaliacao\/#breadcrumb\"},\"inLanguage\":\"pt-BR\",\"potentialAction\":[{\"@type\":\"ReadAction\",\"target\":[\"https:\/\/nk7-testes.com.br\/agazeta\/alfabetizacao-norte-e-nordeste-tem-pior-avaliacao\/\"]}]},{\"@type\":\"ImageObject\",\"inLanguage\":\"pt-BR\",\"@id\":\"https:\/\/nk7-testes.com.br\/agazeta\/alfabetizacao-norte-e-nordeste-tem-pior-avaliacao\/#primaryimage\",\"url\":\"https:\/\/nk7-testes.com.br\/agazeta\/wp-content\/uploads\/2015\/09\/180915-cotidiano-escola-agenciadenoticias.jpg\",\"contentUrl\":\"https:\/\/nk7-testes.com.br\/agazeta\/wp-content\/uploads\/2015\/09\/180915-cotidiano-escola-agenciadenoticias.jpg\",\"width\":458,\"height\":340,\"caption\":\"180915-cotidiano-escola-agenciadenoticias\"},{\"@type\":\"BreadcrumbList\",\"@id\":\"https:\/\/nk7-testes.com.br\/agazeta\/alfabetizacao-norte-e-nordeste-tem-pior-avaliacao\/#breadcrumb\",\"itemListElement\":[{\"@type\":\"ListItem\",\"position\":1,\"name\":\"In\u00edcio\",\"item\":\"https:\/\/nk7-testes.com.br\/agazeta\/\"},{\"@type\":\"ListItem\",\"position\":2,\"name\":\"Alfabetiza\u00e7\u00e3o: Norte e Nordeste t\u00eam pior avalia\u00e7\u00e3o\"}]},{\"@type\":\"WebSite\",\"@id\":\"https:\/\/nk7-testes.com.br\/agazeta\/#website\",\"url\":\"https:\/\/nk7-testes.com.br\/agazeta\/\",\"name\":\"Agazeta.net\",\"description\":\"Agazeta.net - Not\u00edcias de Rio Branco\/AC\",\"potentialAction\":[{\"@type\":\"SearchAction\",\"target\":{\"@type\":\"EntryPoint\",\"urlTemplate\":\"https:\/\/nk7-testes.com.br\/agazeta\/?s={search_term_string}\"},\"query-input\":{\"@type\":\"PropertyValueSpecification\",\"valueRequired\":true,\"valueName\":\"search_term_string\"}}],\"inLanguage\":\"pt-BR\"},{\"@type\":\"Person\",\"@id\":\"https:\/\/nk7-testes.com.br\/agazeta\/#\/schema\/person\/6d6e25cb0435eb4a02fd44d30b4e3020\",\"name\":\"Agazeta.Net\",\"url\":\"https:\/\/nk7-testes.com.br\/agazeta\/author\/agazeta\/\"}]}<\/script>\n<!-- \/ Yoast SEO plugin. -->","yoast_head_json":{"title":"Alfabetiza\u00e7\u00e3o: Norte e Nordeste t\u00eam pior avalia\u00e7\u00e3o - Agazeta.net","robots":{"index":"index","follow":"follow","max-snippet":"max-snippet:-1","max-image-preview":"max-image-preview:large","max-video-preview":"max-video-preview:-1"},"canonical":"https:\/\/nk7-testes.com.br\/agazeta\/alfabetizacao-norte-e-nordeste-tem-pior-avaliacao\/","og_locale":"pt_BR","og_type":"article","og_title":"Alfabetiza\u00e7\u00e3o: Norte e Nordeste t\u00eam pior avalia\u00e7\u00e3o - Agazeta.net","og_description":"No Norte, Estado com melhor desempenho","og_url":"https:\/\/nk7-testes.com.br\/agazeta\/alfabetizacao-norte-e-nordeste-tem-pior-avaliacao\/","og_site_name":"Agazeta.net","article_published_time":"2015-09-18T21:41:30+00:00","og_image":[{"width":458,"height":340,"url":"https:\/\/nk7-testes.com.br\/agazeta\/wp-content\/uploads\/2015\/09\/180915-cotidiano-escola-agenciadenoticias.jpg","type":"image\/jpeg"}],"author":"Agazeta.Net","twitter_card":"summary_large_image","twitter_misc":{"Escrito por":"Agazeta.Net","Est. tempo de leitura":"2 minutos"},"schema":{"@context":"https:\/\/schema.org","@graph":[{"@type":"WebPage","@id":"https:\/\/nk7-testes.com.br\/agazeta\/alfabetizacao-norte-e-nordeste-tem-pior-avaliacao\/","url":"https:\/\/nk7-testes.com.br\/agazeta\/alfabetizacao-norte-e-nordeste-tem-pior-avaliacao\/","name":"Alfabetiza\u00e7\u00e3o: Norte e Nordeste t\u00eam pior avalia\u00e7\u00e3o - Agazeta.net","isPartOf":{"@id":"https:\/\/nk7-testes.com.br\/agazeta\/#website"},"primaryImageOfPage":{"@id":"https:\/\/nk7-testes.com.br\/agazeta\/alfabetizacao-norte-e-nordeste-tem-pior-avaliacao\/#primaryimage"},"image":{"@id":"https:\/\/nk7-testes.com.br\/agazeta\/alfabetizacao-norte-e-nordeste-tem-pior-avaliacao\/#primaryimage"},"thumbnailUrl":"https:\/\/nk7-testes.com.br\/agazeta\/wp-content\/uploads\/2015\/09\/180915-cotidiano-escola-agenciadenoticias.jpg","datePublished":"2015-09-18T21:41:30+00:00","author":{"@id":"https:\/\/nk7-testes.com.br\/agazeta\/#\/schema\/person\/6d6e25cb0435eb4a02fd44d30b4e3020"},"breadcrumb":{"@id":"https:\/\/nk7-testes.com.br\/agazeta\/alfabetizacao-norte-e-nordeste-tem-pior-avaliacao\/#breadcrumb"},"inLanguage":"pt-BR","potentialAction":[{"@type":"ReadAction","target":["https:\/\/nk7-testes.com.br\/agazeta\/alfabetizacao-norte-e-nordeste-tem-pior-avaliacao\/"]}]},{"@type":"ImageObject","inLanguage":"pt-BR","@id":"https:\/\/nk7-testes.com.br\/agazeta\/alfabetizacao-norte-e-nordeste-tem-pior-avaliacao\/#primaryimage","url":"https:\/\/nk7-testes.com.br\/agazeta\/wp-content\/uploads\/2015\/09\/180915-cotidiano-escola-agenciadenoticias.jpg","contentUrl":"https:\/\/nk7-testes.com.br\/agazeta\/wp-content\/uploads\/2015\/09\/180915-cotidiano-escola-agenciadenoticias.jpg","width":458,"height":340,"caption":"180915-cotidiano-escola-agenciadenoticias"},{"@type":"BreadcrumbList","@id":"https:\/\/nk7-testes.com.br\/agazeta\/alfabetizacao-norte-e-nordeste-tem-pior-avaliacao\/#breadcrumb","itemListElement":[{"@type":"ListItem","position":1,"name":"In\u00edcio","item":"https:\/\/nk7-testes.com.br\/agazeta\/"},{"@type":"ListItem","position":2,"name":"Alfabetiza\u00e7\u00e3o: Norte e Nordeste t\u00eam pior avalia\u00e7\u00e3o"}]},{"@type":"WebSite","@id":"https:\/\/nk7-testes.com.br\/agazeta\/#website","url":"https:\/\/nk7-testes.com.br\/agazeta\/","name":"Agazeta.net","description":"Agazeta.net - Not\u00edcias de Rio Branco\/AC","potentialAction":[{"@type":"SearchAction","target":{"@type":"EntryPoint","urlTemplate":"https:\/\/nk7-testes.com.br\/agazeta\/?s={search_term_string}"},"query-input":{"@type":"PropertyValueSpecification","valueRequired":true,"valueName":"search_term_string"}}],"inLanguage":"pt-BR"},{"@type":"Person","@id":"https:\/\/nk7-testes.com.br\/agazeta\/#\/schema\/person\/6d6e25cb0435eb4a02fd44d30b4e3020","name":"Agazeta.Net","url":"https:\/\/nk7-testes.com.br\/agazeta\/author\/agazeta\/"}]}},"_links":{"self":[{"href":"https:\/\/nk7-testes.com.br\/agazeta\/wp-json\/wp\/v2\/posts\/18416","targetHints":{"allow":["GET"]}}],"collection":[{"href":"https:\/\/nk7-testes.com.br\/agazeta\/wp-json\/wp\/v2\/posts"}],"about":[{"href":"https:\/\/nk7-testes.com.br\/agazeta\/wp-json\/wp\/v2\/types\/post"}],"author":[{"embeddable":true,"href":"https:\/\/nk7-testes.com.br\/agazeta\/wp-json\/wp\/v2\/users\/4"}],"replies":[{"embeddable":true,"href":"https:\/\/nk7-testes.com.br\/agazeta\/wp-json\/wp\/v2\/comments?post=18416"}],"version-history":[{"count":0,"href":"https:\/\/nk7-testes.com.br\/agazeta\/wp-json\/wp\/v2\/posts\/18416\/revisions"}],"wp:featuredmedia":[{"embeddable":true,"href":"https:\/\/nk7-testes.com.br\/agazeta\/wp-json\/wp\/v2\/media\/18415"}],"wp:attachment":[{"href":"https:\/\/nk7-testes.com.br\/agazeta\/wp-json\/wp\/v2\/media?parent=18416"}],"wp:term":[{"taxonomy":"category","embeddable":true,"href":"https:\/\/nk7-testes.com.br\/agazeta\/wp-json\/wp\/v2\/categories?post=18416"},{"taxonomy":"post_tag","embeddable":true,"href":"https:\/\/nk7-testes.com.br\/agazeta\/wp-json\/wp\/v2\/tags?post=18416"}],"curies":[{"name":"wp","href":"https:\/\/api.w.org\/{rel}","templated":true}]}}