{"id":18400,"date":"2015-09-17T22:25:15","date_gmt":"2015-09-17T22:25:15","guid":{"rendered":"https:\/\/abarevegan.com.br\/index.php\/2015\/09\/17\/juiza-explica-decisao-sobre-telexfree\/"},"modified":"2015-09-17T22:25:15","modified_gmt":"2015-09-17T22:25:15","slug":"juiza-explica-decisao-sobre-telexfree","status":"publish","type":"post","link":"https:\/\/nk7-testes.com.br\/agazeta\/juiza-explica-decisao-sobre-telexfree\/","title":{"rendered":"Ju\u00edza explica decis\u00e3o sobre Telexfree"},"content":{"rendered":"<p style=\"text-align: justify;\">Quem integra a a\u00e7\u00e3o coletiva deve buscar advogado<\/p>\n<p style=\"text-align: justify;\">Dois anos ap\u00f3s a Promotoria Especializada de Defesa do Consumidor do Minist\u00e9rio P\u00fablico do Estado do Acre ingressar com medida cautelar preparat\u00f3ria de A\u00e7\u00e3o Civil P\u00fablica em desfavor da empresa Ympactus comercial Ltda., que representa a Telexfree no Brasil, a Justi\u00e7a Acriana condenou a empresa por danos extrapatrimoniais coletivos.<\/p>\n<p style=\"text-align: justify;\">A senten\u00e7a foi assinada pela magistrada Tha\u00eds Khalil, da 2\u00aa vara C\u00edvel da Comarca de Rio Branco que, ap\u00f3s as investiga\u00e7\u00f5es, concluiu que a Telexfree atuava como uma pir\u00e2mide financeira e n\u00e3o como uma rede de marketing multin\u00edvel, como defendia os seus diretores.<\/p>\n<p style=\"text-align: justify;\">Agora, a Telexfree ter\u00e1 que pagar uma indeniza\u00e7\u00e3o de R$ 3 milh\u00f5es. Este valor ser\u00e1 revertido ao fundo nacional de direitos difusos. \u201cA decis\u00e3o declara nulo todo contrato firmado entre a Ympactus e os divulgadores\u201d, pontua a ju\u00edza. \u201cComo consequ\u00eancia dessa nulidade, a decis\u00e3o estabelece que as partes fossem restabelecidas ao estado em que se encontravam antes do contrato\u201d. E finaliza Kalil. \u201cEnt\u00e3o, a Ympactus foi condenada a devolver aos divulgadores os valores que elas pagaram\u201d.<\/p>\n<p style=\"text-align: justify;\">Desde junho de 2013, a Telexfree, que \u00e9 dos Estados Unidos, teve todos os seus servi\u00e7os bloqueados no Brasil, quando o Tribunal de Justi\u00e7a do Acre deferiu o pedido da promotoria especializada de defesa do consumidor. Com a decis\u00e3o, os divulgadores ser\u00e3o ressarcidos dos investimentos que realizaram na aquisi\u00e7\u00e3o dos escrit\u00f3rios virtuais da empresa.<\/p>\n<p style=\"text-align: justify;\">Ainda na \u00e9poca do processo, a ju\u00edza bloqueou todos os bens, valores e patrim\u00f4nios da Telexfree no Brasil para que houvesse como pagar os divulgadores. Os recursos est\u00e3o \u00e0 disposi\u00e7\u00e3o da Justi\u00e7a, mas os valores n\u00e3o foram divulgados.<\/p>\n<p style=\"text-align: justify;\">Para reaver o dinheiro, o divulgador que integra a a\u00e7\u00e3o coletiva deve constituir advogado e buscar na Justi\u00e7a o direito ao dinheiro. Quem entrou com a\u00e7\u00e3o individual n\u00e3o est\u00e1 contemplado pela atual decis\u00e3o.<\/p>\n<p style=\"text-align: justify;\">A decis\u00e3o foi publicada no Di\u00e1rio da Justi\u00e7a hoje. Foi uma decis\u00e3o que acatou parcialmente o que apontava o Minist\u00e9rio P\u00fablico. Tanto o MP quanto a empresa envolvida t\u00eam 15 dias para recorrer da decis\u00e3o.<\/p>\n","protected":false},"excerpt":{"rendered":"<p style=\"text-align: justify;\">Quem integra a a\u00e7\u00e3o coletiva deve buscar advogado<\/p>\n","protected":false},"author":4,"featured_media":18399,"comment_status":"open","ping_status":"open","sticky":false,"template":"","format":"standard","meta":{"jnews-multi-image_gallery":[],"jnews_single_post":[],"jnews_primary_category":[],"jnews_social_meta":[],"jnews_review":[],"enable_review":"","type":"","name":"","summary":"","brand":"","sku":"","good":[],"bad":[],"score_override":"","override_value":"","rating":[],"price":[],"footnotes":""},"categories":[54],"tags":[],"class_list":["post-18400","post","type-post","status-publish","format-standard","has-post-thumbnail","hentry","category-cotidiano"],"yoast_head":"<!-- This site is optimized with the Yoast SEO plugin v26.5 - https:\/\/yoast.com\/wordpress\/plugins\/seo\/ -->\n<title>Ju\u00edza explica decis\u00e3o sobre Telexfree - Agazeta.net<\/title>\n<meta name=\"robots\" content=\"index, follow, max-snippet:-1, max-image-preview:large, max-video-preview:-1\" \/>\n<link rel=\"canonical\" href=\"https:\/\/nk7-testes.com.br\/agazeta\/juiza-explica-decisao-sobre-telexfree\/\" \/>\n<meta property=\"og:locale\" content=\"pt_BR\" \/>\n<meta property=\"og:type\" content=\"article\" \/>\n<meta property=\"og:title\" content=\"Ju\u00edza explica decis\u00e3o sobre Telexfree - Agazeta.net\" \/>\n<meta property=\"og:description\" content=\"Quem integra a a\u00e7\u00e3o coletiva deve buscar advogado\" \/>\n<meta property=\"og:url\" content=\"https:\/\/nk7-testes.com.br\/agazeta\/juiza-explica-decisao-sobre-telexfree\/\" \/>\n<meta property=\"og:site_name\" content=\"Agazeta.net\" \/>\n<meta property=\"article:published_time\" content=\"2015-09-17T22:25:15+00:00\" \/>\n<meta property=\"og:image\" content=\"https:\/\/nk7-testes.com.br\/agazeta\/wp-content\/uploads\/2015\/09\/170915-cotidiano-juizatelexfree-tvgazeta.jpg\" \/>\n\t<meta property=\"og:image:width\" content=\"458\" \/>\n\t<meta property=\"og:image:height\" content=\"340\" \/>\n\t<meta property=\"og:image:type\" content=\"image\/jpeg\" \/>\n<meta name=\"author\" content=\"Agazeta.Net\" \/>\n<meta name=\"twitter:card\" content=\"summary_large_image\" \/>\n<meta name=\"twitter:label1\" content=\"Escrito por\" \/>\n\t<meta name=\"twitter:data1\" content=\"Agazeta.Net\" \/>\n\t<meta name=\"twitter:label2\" content=\"Est. tempo de leitura\" \/>\n\t<meta name=\"twitter:data2\" content=\"2 minutos\" \/>\n<script type=\"application\/ld+json\" class=\"yoast-schema-graph\">{\"@context\":\"https:\/\/schema.org\",\"@graph\":[{\"@type\":\"WebPage\",\"@id\":\"https:\/\/nk7-testes.com.br\/agazeta\/juiza-explica-decisao-sobre-telexfree\/\",\"url\":\"https:\/\/nk7-testes.com.br\/agazeta\/juiza-explica-decisao-sobre-telexfree\/\",\"name\":\"Ju\u00edza explica decis\u00e3o sobre Telexfree - Agazeta.net\",\"isPartOf\":{\"@id\":\"https:\/\/nk7-testes.com.br\/agazeta\/#website\"},\"primaryImageOfPage\":{\"@id\":\"https:\/\/nk7-testes.com.br\/agazeta\/juiza-explica-decisao-sobre-telexfree\/#primaryimage\"},\"image\":{\"@id\":\"https:\/\/nk7-testes.com.br\/agazeta\/juiza-explica-decisao-sobre-telexfree\/#primaryimage\"},\"thumbnailUrl\":\"https:\/\/nk7-testes.com.br\/agazeta\/wp-content\/uploads\/2015\/09\/170915-cotidiano-juizatelexfree-tvgazeta.jpg\",\"datePublished\":\"2015-09-17T22:25:15+00:00\",\"author\":{\"@id\":\"https:\/\/nk7-testes.com.br\/agazeta\/#\/schema\/person\/6d6e25cb0435eb4a02fd44d30b4e3020\"},\"breadcrumb\":{\"@id\":\"https:\/\/nk7-testes.com.br\/agazeta\/juiza-explica-decisao-sobre-telexfree\/#breadcrumb\"},\"inLanguage\":\"pt-BR\",\"potentialAction\":[{\"@type\":\"ReadAction\",\"target\":[\"https:\/\/nk7-testes.com.br\/agazeta\/juiza-explica-decisao-sobre-telexfree\/\"]}]},{\"@type\":\"ImageObject\",\"inLanguage\":\"pt-BR\",\"@id\":\"https:\/\/nk7-testes.com.br\/agazeta\/juiza-explica-decisao-sobre-telexfree\/#primaryimage\",\"url\":\"https:\/\/nk7-testes.com.br\/agazeta\/wp-content\/uploads\/2015\/09\/170915-cotidiano-juizatelexfree-tvgazeta.jpg\",\"contentUrl\":\"https:\/\/nk7-testes.com.br\/agazeta\/wp-content\/uploads\/2015\/09\/170915-cotidiano-juizatelexfree-tvgazeta.jpg\",\"width\":458,\"height\":340,\"caption\":\"170915-cotidiano-juizatelexfree-tvgazeta\"},{\"@type\":\"BreadcrumbList\",\"@id\":\"https:\/\/nk7-testes.com.br\/agazeta\/juiza-explica-decisao-sobre-telexfree\/#breadcrumb\",\"itemListElement\":[{\"@type\":\"ListItem\",\"position\":1,\"name\":\"In\u00edcio\",\"item\":\"https:\/\/nk7-testes.com.br\/agazeta\/\"},{\"@type\":\"ListItem\",\"position\":2,\"name\":\"Ju\u00edza explica decis\u00e3o sobre Telexfree\"}]},{\"@type\":\"WebSite\",\"@id\":\"https:\/\/nk7-testes.com.br\/agazeta\/#website\",\"url\":\"https:\/\/nk7-testes.com.br\/agazeta\/\",\"name\":\"Agazeta.net\",\"description\":\"Agazeta.net - Not\u00edcias de Rio Branco\/AC\",\"potentialAction\":[{\"@type\":\"SearchAction\",\"target\":{\"@type\":\"EntryPoint\",\"urlTemplate\":\"https:\/\/nk7-testes.com.br\/agazeta\/?s={search_term_string}\"},\"query-input\":{\"@type\":\"PropertyValueSpecification\",\"valueRequired\":true,\"valueName\":\"search_term_string\"}}],\"inLanguage\":\"pt-BR\"},{\"@type\":\"Person\",\"@id\":\"https:\/\/nk7-testes.com.br\/agazeta\/#\/schema\/person\/6d6e25cb0435eb4a02fd44d30b4e3020\",\"name\":\"Agazeta.Net\",\"url\":\"https:\/\/nk7-testes.com.br\/agazeta\/author\/agazeta\/\"}]}<\/script>\n<!-- \/ Yoast SEO plugin. -->","yoast_head_json":{"title":"Ju\u00edza explica decis\u00e3o sobre Telexfree - Agazeta.net","robots":{"index":"index","follow":"follow","max-snippet":"max-snippet:-1","max-image-preview":"max-image-preview:large","max-video-preview":"max-video-preview:-1"},"canonical":"https:\/\/nk7-testes.com.br\/agazeta\/juiza-explica-decisao-sobre-telexfree\/","og_locale":"pt_BR","og_type":"article","og_title":"Ju\u00edza explica decis\u00e3o sobre Telexfree - Agazeta.net","og_description":"Quem integra a a\u00e7\u00e3o coletiva deve buscar advogado","og_url":"https:\/\/nk7-testes.com.br\/agazeta\/juiza-explica-decisao-sobre-telexfree\/","og_site_name":"Agazeta.net","article_published_time":"2015-09-17T22:25:15+00:00","og_image":[{"width":458,"height":340,"url":"https:\/\/nk7-testes.com.br\/agazeta\/wp-content\/uploads\/2015\/09\/170915-cotidiano-juizatelexfree-tvgazeta.jpg","type":"image\/jpeg"}],"author":"Agazeta.Net","twitter_card":"summary_large_image","twitter_misc":{"Escrito por":"Agazeta.Net","Est. tempo de leitura":"2 minutos"},"schema":{"@context":"https:\/\/schema.org","@graph":[{"@type":"WebPage","@id":"https:\/\/nk7-testes.com.br\/agazeta\/juiza-explica-decisao-sobre-telexfree\/","url":"https:\/\/nk7-testes.com.br\/agazeta\/juiza-explica-decisao-sobre-telexfree\/","name":"Ju\u00edza explica decis\u00e3o sobre Telexfree - Agazeta.net","isPartOf":{"@id":"https:\/\/nk7-testes.com.br\/agazeta\/#website"},"primaryImageOfPage":{"@id":"https:\/\/nk7-testes.com.br\/agazeta\/juiza-explica-decisao-sobre-telexfree\/#primaryimage"},"image":{"@id":"https:\/\/nk7-testes.com.br\/agazeta\/juiza-explica-decisao-sobre-telexfree\/#primaryimage"},"thumbnailUrl":"https:\/\/nk7-testes.com.br\/agazeta\/wp-content\/uploads\/2015\/09\/170915-cotidiano-juizatelexfree-tvgazeta.jpg","datePublished":"2015-09-17T22:25:15+00:00","author":{"@id":"https:\/\/nk7-testes.com.br\/agazeta\/#\/schema\/person\/6d6e25cb0435eb4a02fd44d30b4e3020"},"breadcrumb":{"@id":"https:\/\/nk7-testes.com.br\/agazeta\/juiza-explica-decisao-sobre-telexfree\/#breadcrumb"},"inLanguage":"pt-BR","potentialAction":[{"@type":"ReadAction","target":["https:\/\/nk7-testes.com.br\/agazeta\/juiza-explica-decisao-sobre-telexfree\/"]}]},{"@type":"ImageObject","inLanguage":"pt-BR","@id":"https:\/\/nk7-testes.com.br\/agazeta\/juiza-explica-decisao-sobre-telexfree\/#primaryimage","url":"https:\/\/nk7-testes.com.br\/agazeta\/wp-content\/uploads\/2015\/09\/170915-cotidiano-juizatelexfree-tvgazeta.jpg","contentUrl":"https:\/\/nk7-testes.com.br\/agazeta\/wp-content\/uploads\/2015\/09\/170915-cotidiano-juizatelexfree-tvgazeta.jpg","width":458,"height":340,"caption":"170915-cotidiano-juizatelexfree-tvgazeta"},{"@type":"BreadcrumbList","@id":"https:\/\/nk7-testes.com.br\/agazeta\/juiza-explica-decisao-sobre-telexfree\/#breadcrumb","itemListElement":[{"@type":"ListItem","position":1,"name":"In\u00edcio","item":"https:\/\/nk7-testes.com.br\/agazeta\/"},{"@type":"ListItem","position":2,"name":"Ju\u00edza explica decis\u00e3o sobre Telexfree"}]},{"@type":"WebSite","@id":"https:\/\/nk7-testes.com.br\/agazeta\/#website","url":"https:\/\/nk7-testes.com.br\/agazeta\/","name":"Agazeta.net","description":"Agazeta.net - Not\u00edcias de Rio Branco\/AC","potentialAction":[{"@type":"SearchAction","target":{"@type":"EntryPoint","urlTemplate":"https:\/\/nk7-testes.com.br\/agazeta\/?s={search_term_string}"},"query-input":{"@type":"PropertyValueSpecification","valueRequired":true,"valueName":"search_term_string"}}],"inLanguage":"pt-BR"},{"@type":"Person","@id":"https:\/\/nk7-testes.com.br\/agazeta\/#\/schema\/person\/6d6e25cb0435eb4a02fd44d30b4e3020","name":"Agazeta.Net","url":"https:\/\/nk7-testes.com.br\/agazeta\/author\/agazeta\/"}]}},"_links":{"self":[{"href":"https:\/\/nk7-testes.com.br\/agazeta\/wp-json\/wp\/v2\/posts\/18400","targetHints":{"allow":["GET"]}}],"collection":[{"href":"https:\/\/nk7-testes.com.br\/agazeta\/wp-json\/wp\/v2\/posts"}],"about":[{"href":"https:\/\/nk7-testes.com.br\/agazeta\/wp-json\/wp\/v2\/types\/post"}],"author":[{"embeddable":true,"href":"https:\/\/nk7-testes.com.br\/agazeta\/wp-json\/wp\/v2\/users\/4"}],"replies":[{"embeddable":true,"href":"https:\/\/nk7-testes.com.br\/agazeta\/wp-json\/wp\/v2\/comments?post=18400"}],"version-history":[{"count":0,"href":"https:\/\/nk7-testes.com.br\/agazeta\/wp-json\/wp\/v2\/posts\/18400\/revisions"}],"wp:featuredmedia":[{"embeddable":true,"href":"https:\/\/nk7-testes.com.br\/agazeta\/wp-json\/wp\/v2\/media\/18399"}],"wp:attachment":[{"href":"https:\/\/nk7-testes.com.br\/agazeta\/wp-json\/wp\/v2\/media?parent=18400"}],"wp:term":[{"taxonomy":"category","embeddable":true,"href":"https:\/\/nk7-testes.com.br\/agazeta\/wp-json\/wp\/v2\/categories?post=18400"},{"taxonomy":"post_tag","embeddable":true,"href":"https:\/\/nk7-testes.com.br\/agazeta\/wp-json\/wp\/v2\/tags?post=18400"}],"curies":[{"name":"wp","href":"https:\/\/api.w.org\/{rel}","templated":true}]}}