{"id":18396,"date":"2015-09-17T20:55:27","date_gmt":"2015-09-17T20:55:27","guid":{"rendered":"https:\/\/abarevegan.com.br\/index.php\/2015\/09\/17\/contran-torna-facultativo-o-uso-do-extintor\/"},"modified":"2015-09-17T20:55:27","modified_gmt":"2015-09-17T20:55:27","slug":"contran-torna-facultativo-o-uso-do-extintor","status":"publish","type":"post","link":"https:\/\/nk7-testes.com.br\/agazeta\/contran-torna-facultativo-o-uso-do-extintor\/","title":{"rendered":"Contran torna facultativo o uso do extintor"},"content":{"rendered":"<p style=\"text-align: justify;\">Cidad\u00e3o fica \u00e0 merc\u00ea da falta de respeito<\/p>\n<p style=\"text-align: justify;\">O uso de extintor de inc\u00eandio em autom\u00f3veis passa a ser optativo no Brasil. Essa decis\u00e3o foi tomada por unanimidade dos membros do Conselho Nacional de Tr\u00e2nsito \u2013 Contran durante reuni\u00e3o na manh\u00e3 de hoje.<\/p>\n<p style=\"text-align: justify;\">A mudan\u00e7a na legisla\u00e7\u00e3o ocorre ap\u00f3s 90 dias de avalia\u00e7\u00e3o t\u00e9cnica e consulta aos setores envolvidos, e torna facultativo, tamb\u00e9m, em utilit\u00e1rios, camionetas, caminhonetes e triciclos de cabine fechada. O equipamento ser\u00e1 obrigat\u00f3rio para todos os ve\u00edculos utilizados comercialmente para transporte de passageiros, caminh\u00f5es, caminh\u00e3o-trator, micro-\u00f4nibus, \u00f4nibus e destinados ao transporte de produtos inflam\u00e1veis, l\u00edquidos e gasosos. A obrigatoriedade do uso do equipamento foi estabelecida em 1968 e passou a vigorar em 1970.<\/p>\n<p style=\"text-align: justify;\">Segundo o presidente do Contran e diretor do Departamento Nacional de Tr\u00e2nsito &#8211; Denatran, Alberto Angerami, a prorroga\u00e7\u00e3o da data para a obrigatoriedade do extintor ABC para 1\u00ba de outubro, teve como objetivo dar prazo para reuni\u00f5es com os setores envolvidos.<\/p>\n<p style=\"text-align: justify;\">\u201cTivemos encontros com representantes dos fabricantes de extintores, corpo de bombeiros e da ind\u00fastria automobil\u00edstica, que resultaram na decis\u00e3o de tornar opcional o uso do extintor\u201d, explica Angerami.<\/p>\n<p style=\"text-align: justify;\">Dos fabricantes, o Denatran, \u00f3rg\u00e3o do Minist\u00e9rio das Cidades, ouviu que era necess\u00e1rio um prazo maior, cerca de 3 a 4 anos, para atender a demanda. Por\u00e9m, segundo o presidente do Contran, essa justificativa j\u00e1 estava sendo dada pelas ind\u00fastrias h\u00e1 11 anos.<\/p>\n<p style=\"text-align: justify;\">A Associa\u00e7\u00e3o Brasileira de Engenharia Automotiva, informou que dos 2 milh\u00f5es de sinistros em ve\u00edculos cobertos por seguros, 800 tiveram inc\u00eandio como causa. Desse total, apenas 24 informaram que usaram o extintor, equivalente a 3%.<\/p>\n<p style=\"text-align: justify;\">Estudos e pesquisas realizadas pelo Denatran constataram que as inova\u00e7\u00f5es tecnol\u00f3gicas introduzidas nos ve\u00edculos resultaram em maior seguran\u00e7a contra inc\u00eandio. Entre as quais, o corte autom\u00e1tico de combust\u00edvel em caso de colis\u00e3o, localiza\u00e7\u00e3o do tanque de combust\u00edvel fora do habit\u00e1culo dos passageiros, flamabilidade de materiais e revestimentos, entre outras.<\/p>\n<p style=\"text-align: justify;\">O uso obrigat\u00f3rio do extintor em autom\u00f3veis \u00e9 mais comum nos pa\u00edses da Am\u00e9rica do Sul, como Uruguai, Argentina e Chile. Nos Estados Unidos e na maioria das na\u00e7\u00f5es europeias n\u00e3o existe a obrigatoriedade, pois as autoridades consideram a falta de treinamento e despreparo dos motoristas para o manuseio do extintor geram mais risco de danos \u00e0 pessoa do que o pr\u00f3prio inc\u00eandio.<\/p>\n<p style=\"text-align: justify;\">\u201cAl\u00e9m disso, nos \u201ctest crash\u201d realizados na Europa\u2019 e acompanhados por t\u00e9cnicos do Denatran, ficou comprovado que tanto o extintor como o seu suporte provocam fraturas nos passageiros e condutores\u201d, explica Angerami.<\/p>\n<p style=\"text-align: justify;\">Validade &#8211; Os extintores automotivos s\u00f3 ser\u00e3o do tipo ABC, destinados a combater fogo da classe A (s\u00f3lidos combust\u00edveis) B (l\u00edquidos e gases combust\u00edveis) e C (equipamentos el\u00e9tricos energizados). Sua durabilidade m\u00ednima e a validade do teste hidrost\u00e1tico s\u00e3o de cinco anos da data de fabrica\u00e7\u00e3o, e ao fim deste prazo, o extintor ser\u00e1 obrigatoriamente substitu\u00eddo por um novo.<\/p>\n<p style=\"text-align: justify;\">As autoridades de tr\u00e2nsito ou seus agentes dever\u00e3o fiscalizar os extintores de inc\u00eandio, nos ve\u00edculos em que seu uso \u00e9 obrigat\u00f3rio. A puni\u00e7\u00e3o para quem n\u00e3o estiver com extintor ou se estiver com validade vencida, \u00e9 de multa de R$ 127,69, al\u00e9m de cinco pontos na carteira de habilita\u00e7\u00e3o.<\/p>\n","protected":false},"excerpt":{"rendered":"<p style=\"text-align: justify;\">Cidad\u00e3o fica \u00e0 merc\u00ea da falta de respeito<\/p>\n","protected":false},"author":4,"featured_media":18395,"comment_status":"open","ping_status":"open","sticky":false,"template":"","format":"standard","meta":{"jnews-multi-image_gallery":[],"jnews_single_post":[],"jnews_primary_category":[],"jnews_social_meta":[],"jnews_review":[],"enable_review":"","type":"","name":"","summary":"","brand":"","sku":"","good":[],"bad":[],"score_override":"","override_value":"","rating":[],"price":[],"footnotes":""},"categories":[54],"tags":[],"class_list":["post-18396","post","type-post","status-publish","format-standard","has-post-thumbnail","hentry","category-cotidiano"],"yoast_head":"<!-- This site is optimized with the Yoast SEO plugin v26.5 - https:\/\/yoast.com\/wordpress\/plugins\/seo\/ -->\n<title>Contran torna facultativo o uso do extintor - Agazeta.net<\/title>\n<meta name=\"robots\" content=\"index, follow, max-snippet:-1, max-image-preview:large, max-video-preview:-1\" \/>\n<link rel=\"canonical\" href=\"https:\/\/nk7-testes.com.br\/agazeta\/contran-torna-facultativo-o-uso-do-extintor\/\" \/>\n<meta property=\"og:locale\" content=\"pt_BR\" \/>\n<meta property=\"og:type\" content=\"article\" \/>\n<meta property=\"og:title\" content=\"Contran torna facultativo o uso do extintor - Agazeta.net\" \/>\n<meta property=\"og:description\" content=\"Cidad\u00e3o fica \u00e0 merc\u00ea da falta de respeito\" \/>\n<meta property=\"og:url\" content=\"https:\/\/nk7-testes.com.br\/agazeta\/contran-torna-facultativo-o-uso-do-extintor\/\" \/>\n<meta property=\"og:site_name\" content=\"Agazeta.net\" \/>\n<meta property=\"article:published_time\" content=\"2015-09-17T20:55:27+00:00\" \/>\n<meta property=\"og:image\" content=\"https:\/\/nk7-testes.com.br\/agazeta\/wp-content\/uploads\/2015\/09\/170915-cotidiano-extintor-revistaexame.jpg\" \/>\n\t<meta property=\"og:image:width\" content=\"458\" \/>\n\t<meta property=\"og:image:height\" content=\"340\" \/>\n\t<meta property=\"og:image:type\" content=\"image\/jpeg\" \/>\n<meta name=\"author\" content=\"Agazeta.Net\" \/>\n<meta name=\"twitter:card\" content=\"summary_large_image\" \/>\n<meta name=\"twitter:label1\" content=\"Escrito por\" \/>\n\t<meta name=\"twitter:data1\" content=\"Agazeta.Net\" \/>\n\t<meta name=\"twitter:label2\" content=\"Est. tempo de leitura\" \/>\n\t<meta name=\"twitter:data2\" content=\"3 minutos\" \/>\n<script type=\"application\/ld+json\" class=\"yoast-schema-graph\">{\"@context\":\"https:\/\/schema.org\",\"@graph\":[{\"@type\":\"WebPage\",\"@id\":\"https:\/\/nk7-testes.com.br\/agazeta\/contran-torna-facultativo-o-uso-do-extintor\/\",\"url\":\"https:\/\/nk7-testes.com.br\/agazeta\/contran-torna-facultativo-o-uso-do-extintor\/\",\"name\":\"Contran torna facultativo o uso do extintor - Agazeta.net\",\"isPartOf\":{\"@id\":\"https:\/\/nk7-testes.com.br\/agazeta\/#website\"},\"primaryImageOfPage\":{\"@id\":\"https:\/\/nk7-testes.com.br\/agazeta\/contran-torna-facultativo-o-uso-do-extintor\/#primaryimage\"},\"image\":{\"@id\":\"https:\/\/nk7-testes.com.br\/agazeta\/contran-torna-facultativo-o-uso-do-extintor\/#primaryimage\"},\"thumbnailUrl\":\"https:\/\/nk7-testes.com.br\/agazeta\/wp-content\/uploads\/2015\/09\/170915-cotidiano-extintor-revistaexame.jpg\",\"datePublished\":\"2015-09-17T20:55:27+00:00\",\"author\":{\"@id\":\"https:\/\/nk7-testes.com.br\/agazeta\/#\/schema\/person\/6d6e25cb0435eb4a02fd44d30b4e3020\"},\"breadcrumb\":{\"@id\":\"https:\/\/nk7-testes.com.br\/agazeta\/contran-torna-facultativo-o-uso-do-extintor\/#breadcrumb\"},\"inLanguage\":\"pt-BR\",\"potentialAction\":[{\"@type\":\"ReadAction\",\"target\":[\"https:\/\/nk7-testes.com.br\/agazeta\/contran-torna-facultativo-o-uso-do-extintor\/\"]}]},{\"@type\":\"ImageObject\",\"inLanguage\":\"pt-BR\",\"@id\":\"https:\/\/nk7-testes.com.br\/agazeta\/contran-torna-facultativo-o-uso-do-extintor\/#primaryimage\",\"url\":\"https:\/\/nk7-testes.com.br\/agazeta\/wp-content\/uploads\/2015\/09\/170915-cotidiano-extintor-revistaexame.jpg\",\"contentUrl\":\"https:\/\/nk7-testes.com.br\/agazeta\/wp-content\/uploads\/2015\/09\/170915-cotidiano-extintor-revistaexame.jpg\",\"width\":458,\"height\":340,\"caption\":\"170915-cotidiano-extintor-revistaexame\"},{\"@type\":\"BreadcrumbList\",\"@id\":\"https:\/\/nk7-testes.com.br\/agazeta\/contran-torna-facultativo-o-uso-do-extintor\/#breadcrumb\",\"itemListElement\":[{\"@type\":\"ListItem\",\"position\":1,\"name\":\"In\u00edcio\",\"item\":\"https:\/\/nk7-testes.com.br\/agazeta\/\"},{\"@type\":\"ListItem\",\"position\":2,\"name\":\"Contran torna facultativo o uso do extintor\"}]},{\"@type\":\"WebSite\",\"@id\":\"https:\/\/nk7-testes.com.br\/agazeta\/#website\",\"url\":\"https:\/\/nk7-testes.com.br\/agazeta\/\",\"name\":\"Agazeta.net\",\"description\":\"Agazeta.net - Not\u00edcias de Rio Branco\/AC\",\"potentialAction\":[{\"@type\":\"SearchAction\",\"target\":{\"@type\":\"EntryPoint\",\"urlTemplate\":\"https:\/\/nk7-testes.com.br\/agazeta\/?s={search_term_string}\"},\"query-input\":{\"@type\":\"PropertyValueSpecification\",\"valueRequired\":true,\"valueName\":\"search_term_string\"}}],\"inLanguage\":\"pt-BR\"},{\"@type\":\"Person\",\"@id\":\"https:\/\/nk7-testes.com.br\/agazeta\/#\/schema\/person\/6d6e25cb0435eb4a02fd44d30b4e3020\",\"name\":\"Agazeta.Net\",\"url\":\"https:\/\/nk7-testes.com.br\/agazeta\/author\/agazeta\/\"}]}<\/script>\n<!-- \/ Yoast SEO plugin. -->","yoast_head_json":{"title":"Contran torna facultativo o uso do extintor - Agazeta.net","robots":{"index":"index","follow":"follow","max-snippet":"max-snippet:-1","max-image-preview":"max-image-preview:large","max-video-preview":"max-video-preview:-1"},"canonical":"https:\/\/nk7-testes.com.br\/agazeta\/contran-torna-facultativo-o-uso-do-extintor\/","og_locale":"pt_BR","og_type":"article","og_title":"Contran torna facultativo o uso do extintor - Agazeta.net","og_description":"Cidad\u00e3o fica \u00e0 merc\u00ea da falta de respeito","og_url":"https:\/\/nk7-testes.com.br\/agazeta\/contran-torna-facultativo-o-uso-do-extintor\/","og_site_name":"Agazeta.net","article_published_time":"2015-09-17T20:55:27+00:00","og_image":[{"width":458,"height":340,"url":"https:\/\/nk7-testes.com.br\/agazeta\/wp-content\/uploads\/2015\/09\/170915-cotidiano-extintor-revistaexame.jpg","type":"image\/jpeg"}],"author":"Agazeta.Net","twitter_card":"summary_large_image","twitter_misc":{"Escrito por":"Agazeta.Net","Est. tempo de leitura":"3 minutos"},"schema":{"@context":"https:\/\/schema.org","@graph":[{"@type":"WebPage","@id":"https:\/\/nk7-testes.com.br\/agazeta\/contran-torna-facultativo-o-uso-do-extintor\/","url":"https:\/\/nk7-testes.com.br\/agazeta\/contran-torna-facultativo-o-uso-do-extintor\/","name":"Contran torna facultativo o uso do extintor - Agazeta.net","isPartOf":{"@id":"https:\/\/nk7-testes.com.br\/agazeta\/#website"},"primaryImageOfPage":{"@id":"https:\/\/nk7-testes.com.br\/agazeta\/contran-torna-facultativo-o-uso-do-extintor\/#primaryimage"},"image":{"@id":"https:\/\/nk7-testes.com.br\/agazeta\/contran-torna-facultativo-o-uso-do-extintor\/#primaryimage"},"thumbnailUrl":"https:\/\/nk7-testes.com.br\/agazeta\/wp-content\/uploads\/2015\/09\/170915-cotidiano-extintor-revistaexame.jpg","datePublished":"2015-09-17T20:55:27+00:00","author":{"@id":"https:\/\/nk7-testes.com.br\/agazeta\/#\/schema\/person\/6d6e25cb0435eb4a02fd44d30b4e3020"},"breadcrumb":{"@id":"https:\/\/nk7-testes.com.br\/agazeta\/contran-torna-facultativo-o-uso-do-extintor\/#breadcrumb"},"inLanguage":"pt-BR","potentialAction":[{"@type":"ReadAction","target":["https:\/\/nk7-testes.com.br\/agazeta\/contran-torna-facultativo-o-uso-do-extintor\/"]}]},{"@type":"ImageObject","inLanguage":"pt-BR","@id":"https:\/\/nk7-testes.com.br\/agazeta\/contran-torna-facultativo-o-uso-do-extintor\/#primaryimage","url":"https:\/\/nk7-testes.com.br\/agazeta\/wp-content\/uploads\/2015\/09\/170915-cotidiano-extintor-revistaexame.jpg","contentUrl":"https:\/\/nk7-testes.com.br\/agazeta\/wp-content\/uploads\/2015\/09\/170915-cotidiano-extintor-revistaexame.jpg","width":458,"height":340,"caption":"170915-cotidiano-extintor-revistaexame"},{"@type":"BreadcrumbList","@id":"https:\/\/nk7-testes.com.br\/agazeta\/contran-torna-facultativo-o-uso-do-extintor\/#breadcrumb","itemListElement":[{"@type":"ListItem","position":1,"name":"In\u00edcio","item":"https:\/\/nk7-testes.com.br\/agazeta\/"},{"@type":"ListItem","position":2,"name":"Contran torna facultativo o uso do extintor"}]},{"@type":"WebSite","@id":"https:\/\/nk7-testes.com.br\/agazeta\/#website","url":"https:\/\/nk7-testes.com.br\/agazeta\/","name":"Agazeta.net","description":"Agazeta.net - Not\u00edcias de Rio Branco\/AC","potentialAction":[{"@type":"SearchAction","target":{"@type":"EntryPoint","urlTemplate":"https:\/\/nk7-testes.com.br\/agazeta\/?s={search_term_string}"},"query-input":{"@type":"PropertyValueSpecification","valueRequired":true,"valueName":"search_term_string"}}],"inLanguage":"pt-BR"},{"@type":"Person","@id":"https:\/\/nk7-testes.com.br\/agazeta\/#\/schema\/person\/6d6e25cb0435eb4a02fd44d30b4e3020","name":"Agazeta.Net","url":"https:\/\/nk7-testes.com.br\/agazeta\/author\/agazeta\/"}]}},"_links":{"self":[{"href":"https:\/\/nk7-testes.com.br\/agazeta\/wp-json\/wp\/v2\/posts\/18396","targetHints":{"allow":["GET"]}}],"collection":[{"href":"https:\/\/nk7-testes.com.br\/agazeta\/wp-json\/wp\/v2\/posts"}],"about":[{"href":"https:\/\/nk7-testes.com.br\/agazeta\/wp-json\/wp\/v2\/types\/post"}],"author":[{"embeddable":true,"href":"https:\/\/nk7-testes.com.br\/agazeta\/wp-json\/wp\/v2\/users\/4"}],"replies":[{"embeddable":true,"href":"https:\/\/nk7-testes.com.br\/agazeta\/wp-json\/wp\/v2\/comments?post=18396"}],"version-history":[{"count":0,"href":"https:\/\/nk7-testes.com.br\/agazeta\/wp-json\/wp\/v2\/posts\/18396\/revisions"}],"wp:featuredmedia":[{"embeddable":true,"href":"https:\/\/nk7-testes.com.br\/agazeta\/wp-json\/wp\/v2\/media\/18395"}],"wp:attachment":[{"href":"https:\/\/nk7-testes.com.br\/agazeta\/wp-json\/wp\/v2\/media?parent=18396"}],"wp:term":[{"taxonomy":"category","embeddable":true,"href":"https:\/\/nk7-testes.com.br\/agazeta\/wp-json\/wp\/v2\/categories?post=18396"},{"taxonomy":"post_tag","embeddable":true,"href":"https:\/\/nk7-testes.com.br\/agazeta\/wp-json\/wp\/v2\/tags?post=18396"}],"curies":[{"name":"wp","href":"https:\/\/api.w.org\/{rel}","templated":true}]}}