{"id":18379,"date":"2015-09-16T22:30:45","date_gmt":"2015-09-16T22:30:45","guid":{"rendered":"https:\/\/abarevegan.com.br\/index.php\/2015\/09\/16\/justica-condena-telexfreee-a-pagar-r-3-milhoes\/"},"modified":"2015-09-16T22:30:45","modified_gmt":"2015-09-16T22:30:45","slug":"justica-condena-telexfreee-a-pagar-r-3-milhoes","status":"publish","type":"post","link":"https:\/\/nk7-testes.com.br\/agazeta\/justica-condena-telexfreee-a-pagar-r-3-milhoes\/","title":{"rendered":"Justi\u00e7a condena Telexfreee a pagar R$ 3 milh\u00f5es"},"content":{"rendered":"<p style=\"text-align: justify;\">Ainda cabe recurso por parte da empresa<\/p>\n<p style=\"text-align: justify;\">Decis\u00e3o da 2\u00aa Vara C\u00edvel da Comarca de Rio Branco considera que a rede Telexfree configura uma pir\u00e2mide financeira e n\u00e3o uma rede de marketing multin\u00edvel.<\/p>\n<p style=\"text-align: justify;\">O Ju\u00edzo da 2\u00aa Vara C\u00edvel da Comarca de Rio Branco condenou a empresa Ympactus Comercial Ltda. (Telexfree) a pagar indeniza\u00e7\u00e3o por danos extrapatrimoniais coletivos, no valor de R$ 3 milh\u00f5es. A senten\u00e7a foi assinada na tarde desta quarta-feira (16) pela magistrada Tha\u00eds Khalil, titular da unidade judici\u00e1ria.<\/p>\n<p style=\"text-align: justify;\">A a\u00e7\u00e3o civil p\u00fablica proposta pelo Minist\u00e9rio P\u00fablico Estadual em desfavor da empresa, de Carlos Nataniel Wanzeller, Carlos Roberto Costa e James Matthew Merrill foi julgada parcialmente procedente.<\/p>\n<p style=\"text-align: justify;\">A decis\u00e3o considera que a rede Telexfree configura uma pir\u00e2mide financeira e n\u00e3o uma rede de marketing multin\u00edvel.<br \/>Tamb\u00e9m foram declarados nulos todos os contratos firmados entre a empresa e os seus divulgadores, em raz\u00e3o da ilicitude do objeto dos contratos, que versavam sobre pir\u00e2mide financeira.<\/p>\n<p style=\"text-align: justify;\">A consequ\u00eancia<\/p>\n<p style=\"text-align: justify;\">Como consequ\u00eancia da nulidade dos contratos, a empresa foi condenada a devolver aos partners e divulgadores os valores recebidos por estes a t\u00edtulo de Fundo de Cau\u00e7\u00e3o Retorn\u00e1vel e de aquisi\u00e7\u00e3o de kits AdCentral e AdCentral Family.<\/p>\n<p style=\"text-align: justify;\">A senten\u00e7a tamb\u00e9m determina que no ato da devolu\u00e7\u00e3o dos valores aos divulgadores, estes dever\u00e3o restituir \u00e0 Ympactus Comercial Ltda. as contas 99Telexfree que receberam ao comprarem os kits. Caso tenham ativado as contas, o valor das contas ativadas ser\u00e1 abatido do montante final a ser recebido.<\/p>\n<p style=\"text-align: justify;\">Determinou-se que dos valores a serem devolvidos aos partners e divulgadores sejam abatidos todos os valores que os mesmos receberam a t\u00edtulo de comiss\u00e3o de venda e qualquer bonifica\u00e7\u00e3o da rede Telexfree, inclusive das contas recebidas por postagens de an\u00fancios.<\/p>\n<p style=\"text-align: justify;\">A decis\u00e3o estabelece que cada interessado promova a liquida\u00e7\u00e3o da senten\u00e7a, o que poder\u00e1 ser feito no foro de seu pr\u00f3prio domic\u00edlio.<\/p>\n<p style=\"text-align: justify;\">Houve dissolu\u00e7\u00e3o da empresa Ympactus Comercial Ltda. e desconsidera\u00e7\u00e3o da personalidade jur\u00eddica.<\/p>\n<p style=\"text-align: justify;\">Condena\u00e7\u00e3o dos r\u00e9us<\/p>\n<p style=\"text-align: justify;\">Todos os r\u00e9us foram condenados \u00e0 obriga\u00e7\u00e3o de n\u00e3o fazer, para que n\u00e3o celebrem novos contratos no mesmo modelo do que foi considerado como pir\u00e2mide financeira, sob pena de pagarem multa de R$100 mil por cada novo contrato celebrado.<\/p>\n<p style=\"text-align: justify;\">A senten\u00e7a proferida na a\u00e7\u00e3o cautelar que antecedeu a a\u00e7\u00e3o civil p\u00fablica foi confirmada integralmente.<\/p>\n<p style=\"text-align: justify;\">Cabe recurso da senten\u00e7a<\/p>\n<p style=\"text-align: justify;\">Tamb\u00e9m foi julgada a exce\u00e7\u00e3o de suspei\u00e7\u00e3o que a empresa Ympactus Comercial Ltda. apresentou em face da empresa nomeada para realiza\u00e7\u00e3o da per\u00edcia. A exce\u00e7\u00e3o foi rejeitada. Nesse caso, tamb\u00e9m cabe recurso.<\/p>\n","protected":false},"excerpt":{"rendered":"<p style=\"text-align: justify;\">Ainda cabe recurso por parte da empresa<\/p>\n","protected":false},"author":4,"featured_media":9913,"comment_status":"open","ping_status":"open","sticky":false,"template":"","format":"standard","meta":{"jnews-multi-image_gallery":[],"jnews_single_post":[],"jnews_primary_category":[],"jnews_social_meta":[],"jnews_review":[],"enable_review":"","type":"","name":"","summary":"","brand":"","sku":"","good":[],"bad":[],"score_override":"","override_value":"","rating":[],"price":[],"footnotes":""},"categories":[54],"tags":[],"class_list":["post-18379","post","type-post","status-publish","format-standard","has-post-thumbnail","hentry","category-cotidiano"],"yoast_head":"<!-- This site is optimized with the Yoast SEO plugin v26.5 - https:\/\/yoast.com\/wordpress\/plugins\/seo\/ -->\n<title>Justi\u00e7a condena Telexfreee a pagar R$ 3 milh\u00f5es - Agazeta.net<\/title>\n<meta name=\"robots\" content=\"index, follow, max-snippet:-1, max-image-preview:large, max-video-preview:-1\" \/>\n<link rel=\"canonical\" href=\"https:\/\/nk7-testes.com.br\/agazeta\/justica-condena-telexfreee-a-pagar-r-3-milhoes\/\" \/>\n<meta property=\"og:locale\" content=\"pt_BR\" \/>\n<meta property=\"og:type\" content=\"article\" \/>\n<meta property=\"og:title\" content=\"Justi\u00e7a condena Telexfreee a pagar R$ 3 milh\u00f5es - Agazeta.net\" \/>\n<meta property=\"og:description\" content=\"Ainda cabe recurso por parte da empresa\" \/>\n<meta property=\"og:url\" content=\"https:\/\/nk7-testes.com.br\/agazeta\/justica-condena-telexfreee-a-pagar-r-3-milhoes\/\" \/>\n<meta property=\"og:site_name\" content=\"Agazeta.net\" \/>\n<meta property=\"article:published_time\" content=\"2015-09-16T22:30:45+00:00\" \/>\n<meta property=\"og:image\" content=\"https:\/\/nk7-testes.com.br\/agazeta\/wp-content\/uploads\/2014\/09\/1209-politica-tj.jpg\" \/>\n\t<meta property=\"og:image:width\" content=\"458\" \/>\n\t<meta property=\"og:image:height\" content=\"340\" \/>\n\t<meta property=\"og:image:type\" content=\"image\/jpeg\" \/>\n<meta name=\"author\" content=\"Agazeta.Net\" \/>\n<meta name=\"twitter:card\" content=\"summary_large_image\" \/>\n<meta name=\"twitter:label1\" content=\"Escrito por\" \/>\n\t<meta name=\"twitter:data1\" content=\"Agazeta.Net\" \/>\n\t<meta name=\"twitter:label2\" content=\"Est. tempo de leitura\" \/>\n\t<meta name=\"twitter:data2\" content=\"2 minutos\" \/>\n<script type=\"application\/ld+json\" class=\"yoast-schema-graph\">{\"@context\":\"https:\/\/schema.org\",\"@graph\":[{\"@type\":\"WebPage\",\"@id\":\"https:\/\/nk7-testes.com.br\/agazeta\/justica-condena-telexfreee-a-pagar-r-3-milhoes\/\",\"url\":\"https:\/\/nk7-testes.com.br\/agazeta\/justica-condena-telexfreee-a-pagar-r-3-milhoes\/\",\"name\":\"Justi\u00e7a condena Telexfreee a pagar R$ 3 milh\u00f5es - Agazeta.net\",\"isPartOf\":{\"@id\":\"https:\/\/nk7-testes.com.br\/agazeta\/#website\"},\"primaryImageOfPage\":{\"@id\":\"https:\/\/nk7-testes.com.br\/agazeta\/justica-condena-telexfreee-a-pagar-r-3-milhoes\/#primaryimage\"},\"image\":{\"@id\":\"https:\/\/nk7-testes.com.br\/agazeta\/justica-condena-telexfreee-a-pagar-r-3-milhoes\/#primaryimage\"},\"thumbnailUrl\":\"https:\/\/nk7-testes.com.br\/agazeta\/wp-content\/uploads\/2014\/09\/1209-politica-tj.jpg\",\"datePublished\":\"2015-09-16T22:30:45+00:00\",\"author\":{\"@id\":\"https:\/\/nk7-testes.com.br\/agazeta\/#\/schema\/person\/6d6e25cb0435eb4a02fd44d30b4e3020\"},\"breadcrumb\":{\"@id\":\"https:\/\/nk7-testes.com.br\/agazeta\/justica-condena-telexfreee-a-pagar-r-3-milhoes\/#breadcrumb\"},\"inLanguage\":\"pt-BR\",\"potentialAction\":[{\"@type\":\"ReadAction\",\"target\":[\"https:\/\/nk7-testes.com.br\/agazeta\/justica-condena-telexfreee-a-pagar-r-3-milhoes\/\"]}]},{\"@type\":\"ImageObject\",\"inLanguage\":\"pt-BR\",\"@id\":\"https:\/\/nk7-testes.com.br\/agazeta\/justica-condena-telexfreee-a-pagar-r-3-milhoes\/#primaryimage\",\"url\":\"https:\/\/nk7-testes.com.br\/agazeta\/wp-content\/uploads\/2014\/09\/1209-politica-tj.jpg\",\"contentUrl\":\"https:\/\/nk7-testes.com.br\/agazeta\/wp-content\/uploads\/2014\/09\/1209-politica-tj.jpg\",\"width\":458,\"height\":340,\"caption\":\"1209-politica-tj\"},{\"@type\":\"BreadcrumbList\",\"@id\":\"https:\/\/nk7-testes.com.br\/agazeta\/justica-condena-telexfreee-a-pagar-r-3-milhoes\/#breadcrumb\",\"itemListElement\":[{\"@type\":\"ListItem\",\"position\":1,\"name\":\"In\u00edcio\",\"item\":\"https:\/\/nk7-testes.com.br\/agazeta\/\"},{\"@type\":\"ListItem\",\"position\":2,\"name\":\"Justi\u00e7a condena Telexfreee a pagar R$ 3 milh\u00f5es\"}]},{\"@type\":\"WebSite\",\"@id\":\"https:\/\/nk7-testes.com.br\/agazeta\/#website\",\"url\":\"https:\/\/nk7-testes.com.br\/agazeta\/\",\"name\":\"Agazeta.net\",\"description\":\"Agazeta.net - Not\u00edcias de Rio Branco\/AC\",\"potentialAction\":[{\"@type\":\"SearchAction\",\"target\":{\"@type\":\"EntryPoint\",\"urlTemplate\":\"https:\/\/nk7-testes.com.br\/agazeta\/?s={search_term_string}\"},\"query-input\":{\"@type\":\"PropertyValueSpecification\",\"valueRequired\":true,\"valueName\":\"search_term_string\"}}],\"inLanguage\":\"pt-BR\"},{\"@type\":\"Person\",\"@id\":\"https:\/\/nk7-testes.com.br\/agazeta\/#\/schema\/person\/6d6e25cb0435eb4a02fd44d30b4e3020\",\"name\":\"Agazeta.Net\",\"url\":\"https:\/\/nk7-testes.com.br\/agazeta\/author\/agazeta\/\"}]}<\/script>\n<!-- \/ Yoast SEO plugin. -->","yoast_head_json":{"title":"Justi\u00e7a condena Telexfreee a pagar R$ 3 milh\u00f5es - Agazeta.net","robots":{"index":"index","follow":"follow","max-snippet":"max-snippet:-1","max-image-preview":"max-image-preview:large","max-video-preview":"max-video-preview:-1"},"canonical":"https:\/\/nk7-testes.com.br\/agazeta\/justica-condena-telexfreee-a-pagar-r-3-milhoes\/","og_locale":"pt_BR","og_type":"article","og_title":"Justi\u00e7a condena Telexfreee a pagar R$ 3 milh\u00f5es - Agazeta.net","og_description":"Ainda cabe recurso por parte da empresa","og_url":"https:\/\/nk7-testes.com.br\/agazeta\/justica-condena-telexfreee-a-pagar-r-3-milhoes\/","og_site_name":"Agazeta.net","article_published_time":"2015-09-16T22:30:45+00:00","og_image":[{"width":458,"height":340,"url":"https:\/\/nk7-testes.com.br\/agazeta\/wp-content\/uploads\/2014\/09\/1209-politica-tj.jpg","type":"image\/jpeg"}],"author":"Agazeta.Net","twitter_card":"summary_large_image","twitter_misc":{"Escrito por":"Agazeta.Net","Est. tempo de leitura":"2 minutos"},"schema":{"@context":"https:\/\/schema.org","@graph":[{"@type":"WebPage","@id":"https:\/\/nk7-testes.com.br\/agazeta\/justica-condena-telexfreee-a-pagar-r-3-milhoes\/","url":"https:\/\/nk7-testes.com.br\/agazeta\/justica-condena-telexfreee-a-pagar-r-3-milhoes\/","name":"Justi\u00e7a condena Telexfreee a pagar R$ 3 milh\u00f5es - Agazeta.net","isPartOf":{"@id":"https:\/\/nk7-testes.com.br\/agazeta\/#website"},"primaryImageOfPage":{"@id":"https:\/\/nk7-testes.com.br\/agazeta\/justica-condena-telexfreee-a-pagar-r-3-milhoes\/#primaryimage"},"image":{"@id":"https:\/\/nk7-testes.com.br\/agazeta\/justica-condena-telexfreee-a-pagar-r-3-milhoes\/#primaryimage"},"thumbnailUrl":"https:\/\/nk7-testes.com.br\/agazeta\/wp-content\/uploads\/2014\/09\/1209-politica-tj.jpg","datePublished":"2015-09-16T22:30:45+00:00","author":{"@id":"https:\/\/nk7-testes.com.br\/agazeta\/#\/schema\/person\/6d6e25cb0435eb4a02fd44d30b4e3020"},"breadcrumb":{"@id":"https:\/\/nk7-testes.com.br\/agazeta\/justica-condena-telexfreee-a-pagar-r-3-milhoes\/#breadcrumb"},"inLanguage":"pt-BR","potentialAction":[{"@type":"ReadAction","target":["https:\/\/nk7-testes.com.br\/agazeta\/justica-condena-telexfreee-a-pagar-r-3-milhoes\/"]}]},{"@type":"ImageObject","inLanguage":"pt-BR","@id":"https:\/\/nk7-testes.com.br\/agazeta\/justica-condena-telexfreee-a-pagar-r-3-milhoes\/#primaryimage","url":"https:\/\/nk7-testes.com.br\/agazeta\/wp-content\/uploads\/2014\/09\/1209-politica-tj.jpg","contentUrl":"https:\/\/nk7-testes.com.br\/agazeta\/wp-content\/uploads\/2014\/09\/1209-politica-tj.jpg","width":458,"height":340,"caption":"1209-politica-tj"},{"@type":"BreadcrumbList","@id":"https:\/\/nk7-testes.com.br\/agazeta\/justica-condena-telexfreee-a-pagar-r-3-milhoes\/#breadcrumb","itemListElement":[{"@type":"ListItem","position":1,"name":"In\u00edcio","item":"https:\/\/nk7-testes.com.br\/agazeta\/"},{"@type":"ListItem","position":2,"name":"Justi\u00e7a condena Telexfreee a pagar R$ 3 milh\u00f5es"}]},{"@type":"WebSite","@id":"https:\/\/nk7-testes.com.br\/agazeta\/#website","url":"https:\/\/nk7-testes.com.br\/agazeta\/","name":"Agazeta.net","description":"Agazeta.net - Not\u00edcias de Rio Branco\/AC","potentialAction":[{"@type":"SearchAction","target":{"@type":"EntryPoint","urlTemplate":"https:\/\/nk7-testes.com.br\/agazeta\/?s={search_term_string}"},"query-input":{"@type":"PropertyValueSpecification","valueRequired":true,"valueName":"search_term_string"}}],"inLanguage":"pt-BR"},{"@type":"Person","@id":"https:\/\/nk7-testes.com.br\/agazeta\/#\/schema\/person\/6d6e25cb0435eb4a02fd44d30b4e3020","name":"Agazeta.Net","url":"https:\/\/nk7-testes.com.br\/agazeta\/author\/agazeta\/"}]}},"_links":{"self":[{"href":"https:\/\/nk7-testes.com.br\/agazeta\/wp-json\/wp\/v2\/posts\/18379","targetHints":{"allow":["GET"]}}],"collection":[{"href":"https:\/\/nk7-testes.com.br\/agazeta\/wp-json\/wp\/v2\/posts"}],"about":[{"href":"https:\/\/nk7-testes.com.br\/agazeta\/wp-json\/wp\/v2\/types\/post"}],"author":[{"embeddable":true,"href":"https:\/\/nk7-testes.com.br\/agazeta\/wp-json\/wp\/v2\/users\/4"}],"replies":[{"embeddable":true,"href":"https:\/\/nk7-testes.com.br\/agazeta\/wp-json\/wp\/v2\/comments?post=18379"}],"version-history":[{"count":0,"href":"https:\/\/nk7-testes.com.br\/agazeta\/wp-json\/wp\/v2\/posts\/18379\/revisions"}],"wp:featuredmedia":[{"embeddable":true,"href":"https:\/\/nk7-testes.com.br\/agazeta\/wp-json\/wp\/v2\/media\/9913"}],"wp:attachment":[{"href":"https:\/\/nk7-testes.com.br\/agazeta\/wp-json\/wp\/v2\/media?parent=18379"}],"wp:term":[{"taxonomy":"category","embeddable":true,"href":"https:\/\/nk7-testes.com.br\/agazeta\/wp-json\/wp\/v2\/categories?post=18379"},{"taxonomy":"post_tag","embeddable":true,"href":"https:\/\/nk7-testes.com.br\/agazeta\/wp-json\/wp\/v2\/tags?post=18379"}],"curies":[{"name":"wp","href":"https:\/\/api.w.org\/{rel}","templated":true}]}}