{"id":18376,"date":"2015-09-16T20:48:19","date_gmt":"2015-09-16T20:48:19","guid":{"rendered":"https:\/\/abarevegan.com.br\/index.php\/2015\/09\/16\/inadimplencia-no-comercio-acriano-aumenta-58\/"},"modified":"2015-09-16T20:48:19","modified_gmt":"2015-09-16T20:48:19","slug":"inadimplencia-no-comercio-acriano-aumenta-58","status":"publish","type":"post","link":"https:\/\/nk7-testes.com.br\/agazeta\/inadimplencia-no-comercio-acriano-aumenta-58\/","title":{"rendered":"Inadimpl\u00eancia no com\u00e9rcio acriano aumenta 58%"},"content":{"rendered":"<p style=\"text-align: justify;\">Em alguns segmentos, os clientes sumiram<\/p>\n<p style=\"text-align: justify;\">Os n\u00fameros do m\u00eas de agosto do Servi\u00e7o de Prote\u00e7\u00e3o ao Cr\u00e9dito em Rio Branco apontam um crescimento de 58% na inadimpl\u00eancia, quando se compara ao mesmo per\u00edodo do ano passado. Na outra ponta da tabela, caiu em 14% o n\u00famero de consumidores que procurou as lojas para renegociar a d\u00edvida e voltar a ter cr\u00e9dito.<\/p>\n<p style=\"text-align: justify;\">Os dados apontam a queda do poder de compra do consumidor que agora est\u00e1 na lista dos maus pagadores e sem cr\u00e9dito no mercado.<\/p>\n<p style=\"text-align: justify;\">Para o presidente da Associa\u00e7\u00e3o Comercial, Jurilande Arag\u00e3o, o empresariado chegou ao limite. Muitos n\u00e3o v\u00e3o conseguir se manter se as vendas n\u00e3o voltarem. \u201cOs comerciantes de alguns setores est\u00e3o vendo todos os dias as lojas vazias, e j\u00e1 come\u00e7aram a demitir funcion\u00e1rios\u201d, informou.<\/p>\n<p style=\"text-align: justify;\">Uma pesquisa da Federa\u00e7\u00e3o Com\u00e9rcio do Acre (Fecomercio\/AC) ajuda a entender a inadimpl\u00eancia. No final do m\u00eas passado, 250 pessoas foram ouvidas, e se constatou que, 75% est\u00e3o endividadas pelos pr\u00f3ximos seis meses e 35% est\u00e3o com pagamentos atrasados.<\/p>\n<p style=\"text-align: justify;\">Esse dado alimenta outro item: 37% dos entrevistados comprometeram entre 31 e 50% da renda com pagamentos de d\u00edvidas passadas e outros 20% gastam at\u00e9 70% com d\u00edvidas atrasadas.<\/p>\n<p style=\"text-align: justify;\">Nessa lista, est\u00e1 o Jos\u00e9 Gonzaga Oliveira. Depois que perdeu o emprego deixou de quitar as contas. \u201cEu estou desesperado. Sem uma renda e ainda cheio de contas para pagar. N\u00e3o sei como vou sair dessa\u201d, avaliou.<\/p>\n<p style=\"text-align: justify;\">O perfil desses consumidores ficou definido: 45% s\u00e3o aut\u00f4nomos, 29% servidor p\u00fablico; 26% carteira assinada. Metade dos entrevistados disse que consegue pagar as d\u00edvidas mensais, no entanto, n\u00e3o sobra dinheiro.<\/p>\n<p style=\"text-align: justify;\">Outros 33 at\u00e9 planejam as compras e sobra um pouco de dinheiro. A pesquisa apontou os principais vil\u00f5es para a gastan\u00e7a desordenada: os cart\u00f5es de lojas e de cr\u00e9ditos. Esse p\u00fablico chega a 50%; outros 12% est\u00e3o endividados com financiamento de carro; 9% empr\u00e9stimo banc\u00e1rio e 2% financiamento habitacional.<\/p>\n<p style=\"text-align: justify;\">Essas d\u00edvidas t\u00eam afastado muita gente das lojas. Em tempo de vacas magras \u00e9 melhor pagar as contas de itens essenciais como alimento e energia el\u00e9trica.<\/p>\n","protected":false},"excerpt":{"rendered":"<p style=\"text-align: justify;\">Em alguns segmentos, os clientes sumiram<\/p>\n","protected":false},"author":4,"featured_media":18375,"comment_status":"open","ping_status":"open","sticky":false,"template":"","format":"standard","meta":{"jnews-multi-image_gallery":[],"jnews_single_post":[],"jnews_primary_category":[],"jnews_social_meta":[],"jnews_review":[],"enable_review":"","type":"","name":"","summary":"","brand":"","sku":"","good":[],"bad":[],"score_override":"","override_value":"","rating":[],"price":[],"footnotes":""},"categories":[54],"tags":[],"class_list":["post-18376","post","type-post","status-publish","format-standard","has-post-thumbnail","hentry","category-cotidiano"],"yoast_head":"<!-- This site is optimized with the Yoast SEO plugin v26.5 - https:\/\/yoast.com\/wordpress\/plugins\/seo\/ -->\n<title>Inadimpl\u00eancia no com\u00e9rcio acriano aumenta 58% - Agazeta.net<\/title>\n<meta name=\"robots\" content=\"index, follow, max-snippet:-1, max-image-preview:large, max-video-preview:-1\" \/>\n<link rel=\"canonical\" href=\"https:\/\/nk7-testes.com.br\/agazeta\/inadimplencia-no-comercio-acriano-aumenta-58\/\" \/>\n<meta property=\"og:locale\" content=\"pt_BR\" \/>\n<meta property=\"og:type\" content=\"article\" \/>\n<meta property=\"og:title\" content=\"Inadimpl\u00eancia no com\u00e9rcio acriano aumenta 58% - Agazeta.net\" \/>\n<meta property=\"og:description\" content=\"Em alguns segmentos, os clientes sumiram\" \/>\n<meta property=\"og:url\" content=\"https:\/\/nk7-testes.com.br\/agazeta\/inadimplencia-no-comercio-acriano-aumenta-58\/\" \/>\n<meta property=\"og:site_name\" content=\"Agazeta.net\" \/>\n<meta property=\"article:published_time\" content=\"2015-09-16T20:48:19+00:00\" \/>\n<meta property=\"og:image\" content=\"https:\/\/nk7-testes.com.br\/agazeta\/wp-content\/uploads\/2015\/09\/160915-cotidiano-crisecomercio-tvgazeta2.jpg\" \/>\n\t<meta property=\"og:image:width\" content=\"458\" \/>\n\t<meta property=\"og:image:height\" content=\"340\" \/>\n\t<meta property=\"og:image:type\" content=\"image\/jpeg\" \/>\n<meta name=\"author\" content=\"Agazeta.Net\" \/>\n<meta name=\"twitter:card\" content=\"summary_large_image\" \/>\n<meta name=\"twitter:label1\" content=\"Escrito por\" \/>\n\t<meta name=\"twitter:data1\" content=\"Agazeta.Net\" \/>\n\t<meta name=\"twitter:label2\" content=\"Est. tempo de leitura\" \/>\n\t<meta name=\"twitter:data2\" content=\"2 minutos\" \/>\n<script type=\"application\/ld+json\" class=\"yoast-schema-graph\">{\"@context\":\"https:\/\/schema.org\",\"@graph\":[{\"@type\":\"WebPage\",\"@id\":\"https:\/\/nk7-testes.com.br\/agazeta\/inadimplencia-no-comercio-acriano-aumenta-58\/\",\"url\":\"https:\/\/nk7-testes.com.br\/agazeta\/inadimplencia-no-comercio-acriano-aumenta-58\/\",\"name\":\"Inadimpl\u00eancia no com\u00e9rcio acriano aumenta 58% - Agazeta.net\",\"isPartOf\":{\"@id\":\"https:\/\/nk7-testes.com.br\/agazeta\/#website\"},\"primaryImageOfPage\":{\"@id\":\"https:\/\/nk7-testes.com.br\/agazeta\/inadimplencia-no-comercio-acriano-aumenta-58\/#primaryimage\"},\"image\":{\"@id\":\"https:\/\/nk7-testes.com.br\/agazeta\/inadimplencia-no-comercio-acriano-aumenta-58\/#primaryimage\"},\"thumbnailUrl\":\"https:\/\/nk7-testes.com.br\/agazeta\/wp-content\/uploads\/2015\/09\/160915-cotidiano-crisecomercio-tvgazeta2.jpg\",\"datePublished\":\"2015-09-16T20:48:19+00:00\",\"author\":{\"@id\":\"https:\/\/nk7-testes.com.br\/agazeta\/#\/schema\/person\/6d6e25cb0435eb4a02fd44d30b4e3020\"},\"breadcrumb\":{\"@id\":\"https:\/\/nk7-testes.com.br\/agazeta\/inadimplencia-no-comercio-acriano-aumenta-58\/#breadcrumb\"},\"inLanguage\":\"pt-BR\",\"potentialAction\":[{\"@type\":\"ReadAction\",\"target\":[\"https:\/\/nk7-testes.com.br\/agazeta\/inadimplencia-no-comercio-acriano-aumenta-58\/\"]}]},{\"@type\":\"ImageObject\",\"inLanguage\":\"pt-BR\",\"@id\":\"https:\/\/nk7-testes.com.br\/agazeta\/inadimplencia-no-comercio-acriano-aumenta-58\/#primaryimage\",\"url\":\"https:\/\/nk7-testes.com.br\/agazeta\/wp-content\/uploads\/2015\/09\/160915-cotidiano-crisecomercio-tvgazeta2.jpg\",\"contentUrl\":\"https:\/\/nk7-testes.com.br\/agazeta\/wp-content\/uploads\/2015\/09\/160915-cotidiano-crisecomercio-tvgazeta2.jpg\",\"width\":458,\"height\":340,\"caption\":\"160915-cotidiano-crisecomercio-tvgazeta2\"},{\"@type\":\"BreadcrumbList\",\"@id\":\"https:\/\/nk7-testes.com.br\/agazeta\/inadimplencia-no-comercio-acriano-aumenta-58\/#breadcrumb\",\"itemListElement\":[{\"@type\":\"ListItem\",\"position\":1,\"name\":\"In\u00edcio\",\"item\":\"https:\/\/nk7-testes.com.br\/agazeta\/\"},{\"@type\":\"ListItem\",\"position\":2,\"name\":\"Inadimpl\u00eancia no com\u00e9rcio acriano aumenta 58%\"}]},{\"@type\":\"WebSite\",\"@id\":\"https:\/\/nk7-testes.com.br\/agazeta\/#website\",\"url\":\"https:\/\/nk7-testes.com.br\/agazeta\/\",\"name\":\"Agazeta.net\",\"description\":\"Agazeta.net - Not\u00edcias de Rio Branco\/AC\",\"potentialAction\":[{\"@type\":\"SearchAction\",\"target\":{\"@type\":\"EntryPoint\",\"urlTemplate\":\"https:\/\/nk7-testes.com.br\/agazeta\/?s={search_term_string}\"},\"query-input\":{\"@type\":\"PropertyValueSpecification\",\"valueRequired\":true,\"valueName\":\"search_term_string\"}}],\"inLanguage\":\"pt-BR\"},{\"@type\":\"Person\",\"@id\":\"https:\/\/nk7-testes.com.br\/agazeta\/#\/schema\/person\/6d6e25cb0435eb4a02fd44d30b4e3020\",\"name\":\"Agazeta.Net\",\"url\":\"https:\/\/nk7-testes.com.br\/agazeta\/author\/agazeta\/\"}]}<\/script>\n<!-- \/ Yoast SEO plugin. -->","yoast_head_json":{"title":"Inadimpl\u00eancia no com\u00e9rcio acriano aumenta 58% - Agazeta.net","robots":{"index":"index","follow":"follow","max-snippet":"max-snippet:-1","max-image-preview":"max-image-preview:large","max-video-preview":"max-video-preview:-1"},"canonical":"https:\/\/nk7-testes.com.br\/agazeta\/inadimplencia-no-comercio-acriano-aumenta-58\/","og_locale":"pt_BR","og_type":"article","og_title":"Inadimpl\u00eancia no com\u00e9rcio acriano aumenta 58% - Agazeta.net","og_description":"Em alguns segmentos, os clientes sumiram","og_url":"https:\/\/nk7-testes.com.br\/agazeta\/inadimplencia-no-comercio-acriano-aumenta-58\/","og_site_name":"Agazeta.net","article_published_time":"2015-09-16T20:48:19+00:00","og_image":[{"width":458,"height":340,"url":"https:\/\/nk7-testes.com.br\/agazeta\/wp-content\/uploads\/2015\/09\/160915-cotidiano-crisecomercio-tvgazeta2.jpg","type":"image\/jpeg"}],"author":"Agazeta.Net","twitter_card":"summary_large_image","twitter_misc":{"Escrito por":"Agazeta.Net","Est. tempo de leitura":"2 minutos"},"schema":{"@context":"https:\/\/schema.org","@graph":[{"@type":"WebPage","@id":"https:\/\/nk7-testes.com.br\/agazeta\/inadimplencia-no-comercio-acriano-aumenta-58\/","url":"https:\/\/nk7-testes.com.br\/agazeta\/inadimplencia-no-comercio-acriano-aumenta-58\/","name":"Inadimpl\u00eancia no com\u00e9rcio acriano aumenta 58% - Agazeta.net","isPartOf":{"@id":"https:\/\/nk7-testes.com.br\/agazeta\/#website"},"primaryImageOfPage":{"@id":"https:\/\/nk7-testes.com.br\/agazeta\/inadimplencia-no-comercio-acriano-aumenta-58\/#primaryimage"},"image":{"@id":"https:\/\/nk7-testes.com.br\/agazeta\/inadimplencia-no-comercio-acriano-aumenta-58\/#primaryimage"},"thumbnailUrl":"https:\/\/nk7-testes.com.br\/agazeta\/wp-content\/uploads\/2015\/09\/160915-cotidiano-crisecomercio-tvgazeta2.jpg","datePublished":"2015-09-16T20:48:19+00:00","author":{"@id":"https:\/\/nk7-testes.com.br\/agazeta\/#\/schema\/person\/6d6e25cb0435eb4a02fd44d30b4e3020"},"breadcrumb":{"@id":"https:\/\/nk7-testes.com.br\/agazeta\/inadimplencia-no-comercio-acriano-aumenta-58\/#breadcrumb"},"inLanguage":"pt-BR","potentialAction":[{"@type":"ReadAction","target":["https:\/\/nk7-testes.com.br\/agazeta\/inadimplencia-no-comercio-acriano-aumenta-58\/"]}]},{"@type":"ImageObject","inLanguage":"pt-BR","@id":"https:\/\/nk7-testes.com.br\/agazeta\/inadimplencia-no-comercio-acriano-aumenta-58\/#primaryimage","url":"https:\/\/nk7-testes.com.br\/agazeta\/wp-content\/uploads\/2015\/09\/160915-cotidiano-crisecomercio-tvgazeta2.jpg","contentUrl":"https:\/\/nk7-testes.com.br\/agazeta\/wp-content\/uploads\/2015\/09\/160915-cotidiano-crisecomercio-tvgazeta2.jpg","width":458,"height":340,"caption":"160915-cotidiano-crisecomercio-tvgazeta2"},{"@type":"BreadcrumbList","@id":"https:\/\/nk7-testes.com.br\/agazeta\/inadimplencia-no-comercio-acriano-aumenta-58\/#breadcrumb","itemListElement":[{"@type":"ListItem","position":1,"name":"In\u00edcio","item":"https:\/\/nk7-testes.com.br\/agazeta\/"},{"@type":"ListItem","position":2,"name":"Inadimpl\u00eancia no com\u00e9rcio acriano aumenta 58%"}]},{"@type":"WebSite","@id":"https:\/\/nk7-testes.com.br\/agazeta\/#website","url":"https:\/\/nk7-testes.com.br\/agazeta\/","name":"Agazeta.net","description":"Agazeta.net - Not\u00edcias de Rio Branco\/AC","potentialAction":[{"@type":"SearchAction","target":{"@type":"EntryPoint","urlTemplate":"https:\/\/nk7-testes.com.br\/agazeta\/?s={search_term_string}"},"query-input":{"@type":"PropertyValueSpecification","valueRequired":true,"valueName":"search_term_string"}}],"inLanguage":"pt-BR"},{"@type":"Person","@id":"https:\/\/nk7-testes.com.br\/agazeta\/#\/schema\/person\/6d6e25cb0435eb4a02fd44d30b4e3020","name":"Agazeta.Net","url":"https:\/\/nk7-testes.com.br\/agazeta\/author\/agazeta\/"}]}},"_links":{"self":[{"href":"https:\/\/nk7-testes.com.br\/agazeta\/wp-json\/wp\/v2\/posts\/18376","targetHints":{"allow":["GET"]}}],"collection":[{"href":"https:\/\/nk7-testes.com.br\/agazeta\/wp-json\/wp\/v2\/posts"}],"about":[{"href":"https:\/\/nk7-testes.com.br\/agazeta\/wp-json\/wp\/v2\/types\/post"}],"author":[{"embeddable":true,"href":"https:\/\/nk7-testes.com.br\/agazeta\/wp-json\/wp\/v2\/users\/4"}],"replies":[{"embeddable":true,"href":"https:\/\/nk7-testes.com.br\/agazeta\/wp-json\/wp\/v2\/comments?post=18376"}],"version-history":[{"count":0,"href":"https:\/\/nk7-testes.com.br\/agazeta\/wp-json\/wp\/v2\/posts\/18376\/revisions"}],"wp:featuredmedia":[{"embeddable":true,"href":"https:\/\/nk7-testes.com.br\/agazeta\/wp-json\/wp\/v2\/media\/18375"}],"wp:attachment":[{"href":"https:\/\/nk7-testes.com.br\/agazeta\/wp-json\/wp\/v2\/media?parent=18376"}],"wp:term":[{"taxonomy":"category","embeddable":true,"href":"https:\/\/nk7-testes.com.br\/agazeta\/wp-json\/wp\/v2\/categories?post=18376"},{"taxonomy":"post_tag","embeddable":true,"href":"https:\/\/nk7-testes.com.br\/agazeta\/wp-json\/wp\/v2\/tags?post=18376"}],"curies":[{"name":"wp","href":"https:\/\/api.w.org\/{rel}","templated":true}]}}