{"id":18349,"date":"2015-09-15T21:08:04","date_gmt":"2015-09-15T21:08:04","guid":{"rendered":"https:\/\/abarevegan.com.br\/index.php\/2015\/09\/15\/pelo-direito-de-ser-mae-acriana-abre-discussao-na-internet\/"},"modified":"2015-09-15T21:08:04","modified_gmt":"2015-09-15T21:08:04","slug":"pelo-direito-de-ser-mae-acriana-abre-discussao-na-internet","status":"publish","type":"post","link":"https:\/\/nk7-testes.com.br\/agazeta\/pelo-direito-de-ser-mae-acriana-abre-discussao-na-internet\/","title":{"rendered":"Pelo direito de ser m\u00e3e, acriana abre discuss\u00e3o na internet"},"content":{"rendered":"<p style=\"text-align: justify;\">Na rede p\u00fablica, o tratamento piorou drama<\/p>\n<p style=\"text-align: justify;\">A produtora cultural Kamila Costa Oliveira, 31, n\u00e3o imaginava que tantas mulheres sofriam do mesmo drama que ela, quando postou um texto na internet. Em poucos dias, o desabafo tem quase 300 compartilhamentos e mil visualiza\u00e7\u00f5es. Nos coment\u00e1rios, muitas brasileiras manifestam apoio e dividem experi\u00eancias sobre o assunto.<\/p>\n<p style=\"text-align: justify;\">O tema da postagem \u00e9 \u201ctoda mulher tem o direito de ser m\u00e3e\u201d e nasceu ap\u00f3s Kamila experimentar v\u00e1rias negativas na rede de sa\u00fade p\u00fablica e privada, quando procurou tratamento para engravidar.<\/p>\n<p style=\"text-align: justify;\">A produtora foi diagnosticada com s\u00edndrome do ov\u00e1rio polic\u00edstico e endometriose, doen\u00e7as que tamb\u00e9m s\u00e3o respons\u00e1veis por dificultar a gravidez. Cerca de 10% das mulheres brasileiras sofrem dessas enfermidades.<\/p>\n<p style=\"text-align: justify;\">A primeira busca por tratamento para infertilidade foi no Sistema \u00danico de Sa\u00fade. Sem sucesso. Com recursos pr\u00f3prios, Kamila j\u00e1 chegou a gastar R$ 1.000 em um \u00fanico medicamento que induz a ovula\u00e7\u00e3o. Ela j\u00e1 perdeu as contas de quanto desembolsou buscando tratamento.<\/p>\n<p style=\"text-align: justify;\">Em 2013, engravidou, mas, com 11 semanas, o embri\u00e3o n\u00e3o se desenvolvia e ela teve que fazer uma curetagem. Diante de tanto sofrimento para ser m\u00e3e, a jovem passou por mais um trauma.<\/p>\n<p style=\"text-align: justify;\">\u201cEu j\u00e1 estava h\u00e1 dois anos tentando engravidar. Ent\u00e3o foi uma felicidade muito grande. E a\u00ed, al\u00e9m de ter que conviver emocionalmente com o fato de ter perdido o beb\u00ea, fiz uma curetagem na maternidade e a raspagem foi mal feita, muito profunda. Com isso, o \u00fatero colou e a minha condi\u00e7\u00e3o para ter uma nova gravidez piorou\u201d, explica.<\/p>\n<p style=\"text-align: justify;\">Sem nenhuma ajuda na rede p\u00fablica, Kamila buscou tratamento em um conv\u00eanio particular. Mesmo aderindo ao plano de sa\u00fade, a resposta que ela procurava n\u00e3o veio. \u201cEu li no regulamento dos planos de sa\u00fade e eles d\u00e3o dupla interpreta\u00e7\u00e3o. A endometriose, a s\u00edndrome do ov\u00e1rio polic\u00edstico e a sin\u00e9quia (ov\u00e1rio colado) s\u00e3o doen\u00e7as e eles t\u00eam por obriga\u00e7\u00e3o de disponibilizar tratamento quando a pessoa est\u00e1 doente\u201d, disse.<\/p>\n<p style=\"text-align: justify;\">O objetivo da Kamila \u00e9 que a hist\u00f3ria dela ganhe repercuss\u00e3o principalmente no \u00e2mbito pol\u00edtico. As bandeiras que ela levanta s\u00e3o pela fiscaliza\u00e7\u00e3o dos planos de sa\u00fade e pela constru\u00e7\u00e3o de pol\u00edticas p\u00fablicas que amparem mulheres que, como ela, sonham em ser m\u00e3es.<\/p>\n<p style=\"text-align: justify;\">\u201cSe debate tanto sobre a legaliza\u00e7\u00e3o do aborto, mas n\u00e3o se discute sobre o direito da mulher de ser m\u00e3e\u201d, questiona.<\/p>\n<p style=\"text-align: justify;\">O sonho ainda n\u00e3o acabou, garante Kamila. Ela iniciou por conta pr\u00f3pria um tratamento de fertiliza\u00e7\u00e3o in vitro em outro Estado. A esperan\u00e7a da maternidade segundo ela move e n\u00e3o permite esperar.<\/p>\n","protected":false},"excerpt":{"rendered":"<p style=\"text-align: justify;\">Na rede p\u00fablica, o tratamento piorou drama<\/p>\n","protected":false},"author":4,"featured_media":18348,"comment_status":"open","ping_status":"open","sticky":false,"template":"","format":"standard","meta":{"jnews-multi-image_gallery":[],"jnews_single_post":[],"jnews_primary_category":[],"jnews_social_meta":[],"jnews_review":[],"enable_review":"","type":"","name":"","summary":"","brand":"","sku":"","good":[],"bad":[],"score_override":"","override_value":"","rating":[],"price":[],"footnotes":""},"categories":[54],"tags":[],"class_list":["post-18349","post","type-post","status-publish","format-standard","has-post-thumbnail","hentry","category-cotidiano"],"yoast_head":"<!-- This site is optimized with the Yoast SEO plugin v26.5 - https:\/\/yoast.com\/wordpress\/plugins\/seo\/ -->\n<title>Pelo direito de ser m\u00e3e, acriana abre discuss\u00e3o na internet - Agazeta.net<\/title>\n<meta name=\"robots\" content=\"index, follow, max-snippet:-1, max-image-preview:large, max-video-preview:-1\" \/>\n<link rel=\"canonical\" href=\"https:\/\/nk7-testes.com.br\/agazeta\/pelo-direito-de-ser-mae-acriana-abre-discussao-na-internet\/\" \/>\n<meta property=\"og:locale\" content=\"pt_BR\" \/>\n<meta property=\"og:type\" content=\"article\" \/>\n<meta property=\"og:title\" content=\"Pelo direito de ser m\u00e3e, acriana abre discuss\u00e3o na internet - Agazeta.net\" \/>\n<meta property=\"og:description\" content=\"Na rede p\u00fablica, o tratamento piorou drama\" \/>\n<meta property=\"og:url\" content=\"https:\/\/nk7-testes.com.br\/agazeta\/pelo-direito-de-ser-mae-acriana-abre-discussao-na-internet\/\" \/>\n<meta property=\"og:site_name\" content=\"Agazeta.net\" \/>\n<meta property=\"article:published_time\" content=\"2015-09-15T21:08:04+00:00\" \/>\n<meta property=\"og:image\" content=\"https:\/\/nk7-testes.com.br\/agazeta\/wp-content\/uploads\/2015\/09\/150915-cotidiano-gravidezfrustrada-tvgazeta.jpg\" \/>\n\t<meta property=\"og:image:width\" content=\"458\" \/>\n\t<meta property=\"og:image:height\" content=\"340\" \/>\n\t<meta property=\"og:image:type\" content=\"image\/jpeg\" \/>\n<meta name=\"author\" content=\"Agazeta.Net\" \/>\n<meta name=\"twitter:card\" content=\"summary_large_image\" \/>\n<meta name=\"twitter:label1\" content=\"Escrito por\" \/>\n\t<meta name=\"twitter:data1\" content=\"Agazeta.Net\" \/>\n\t<meta name=\"twitter:label2\" content=\"Est. tempo de leitura\" \/>\n\t<meta name=\"twitter:data2\" content=\"2 minutos\" \/>\n<script type=\"application\/ld+json\" class=\"yoast-schema-graph\">{\"@context\":\"https:\/\/schema.org\",\"@graph\":[{\"@type\":\"WebPage\",\"@id\":\"https:\/\/nk7-testes.com.br\/agazeta\/pelo-direito-de-ser-mae-acriana-abre-discussao-na-internet\/\",\"url\":\"https:\/\/nk7-testes.com.br\/agazeta\/pelo-direito-de-ser-mae-acriana-abre-discussao-na-internet\/\",\"name\":\"Pelo direito de ser m\u00e3e, acriana abre discuss\u00e3o na internet - Agazeta.net\",\"isPartOf\":{\"@id\":\"https:\/\/nk7-testes.com.br\/agazeta\/#website\"},\"primaryImageOfPage\":{\"@id\":\"https:\/\/nk7-testes.com.br\/agazeta\/pelo-direito-de-ser-mae-acriana-abre-discussao-na-internet\/#primaryimage\"},\"image\":{\"@id\":\"https:\/\/nk7-testes.com.br\/agazeta\/pelo-direito-de-ser-mae-acriana-abre-discussao-na-internet\/#primaryimage\"},\"thumbnailUrl\":\"https:\/\/nk7-testes.com.br\/agazeta\/wp-content\/uploads\/2015\/09\/150915-cotidiano-gravidezfrustrada-tvgazeta.jpg\",\"datePublished\":\"2015-09-15T21:08:04+00:00\",\"author\":{\"@id\":\"https:\/\/nk7-testes.com.br\/agazeta\/#\/schema\/person\/6d6e25cb0435eb4a02fd44d30b4e3020\"},\"breadcrumb\":{\"@id\":\"https:\/\/nk7-testes.com.br\/agazeta\/pelo-direito-de-ser-mae-acriana-abre-discussao-na-internet\/#breadcrumb\"},\"inLanguage\":\"pt-BR\",\"potentialAction\":[{\"@type\":\"ReadAction\",\"target\":[\"https:\/\/nk7-testes.com.br\/agazeta\/pelo-direito-de-ser-mae-acriana-abre-discussao-na-internet\/\"]}]},{\"@type\":\"ImageObject\",\"inLanguage\":\"pt-BR\",\"@id\":\"https:\/\/nk7-testes.com.br\/agazeta\/pelo-direito-de-ser-mae-acriana-abre-discussao-na-internet\/#primaryimage\",\"url\":\"https:\/\/nk7-testes.com.br\/agazeta\/wp-content\/uploads\/2015\/09\/150915-cotidiano-gravidezfrustrada-tvgazeta.jpg\",\"contentUrl\":\"https:\/\/nk7-testes.com.br\/agazeta\/wp-content\/uploads\/2015\/09\/150915-cotidiano-gravidezfrustrada-tvgazeta.jpg\",\"width\":458,\"height\":340,\"caption\":\"150915-cotidiano-gravidezfrustrada-tvgazeta\"},{\"@type\":\"BreadcrumbList\",\"@id\":\"https:\/\/nk7-testes.com.br\/agazeta\/pelo-direito-de-ser-mae-acriana-abre-discussao-na-internet\/#breadcrumb\",\"itemListElement\":[{\"@type\":\"ListItem\",\"position\":1,\"name\":\"In\u00edcio\",\"item\":\"https:\/\/nk7-testes.com.br\/agazeta\/\"},{\"@type\":\"ListItem\",\"position\":2,\"name\":\"Pelo direito de ser m\u00e3e, acriana abre discuss\u00e3o na internet\"}]},{\"@type\":\"WebSite\",\"@id\":\"https:\/\/nk7-testes.com.br\/agazeta\/#website\",\"url\":\"https:\/\/nk7-testes.com.br\/agazeta\/\",\"name\":\"Agazeta.net\",\"description\":\"Agazeta.net - Not\u00edcias de Rio Branco\/AC\",\"potentialAction\":[{\"@type\":\"SearchAction\",\"target\":{\"@type\":\"EntryPoint\",\"urlTemplate\":\"https:\/\/nk7-testes.com.br\/agazeta\/?s={search_term_string}\"},\"query-input\":{\"@type\":\"PropertyValueSpecification\",\"valueRequired\":true,\"valueName\":\"search_term_string\"}}],\"inLanguage\":\"pt-BR\"},{\"@type\":\"Person\",\"@id\":\"https:\/\/nk7-testes.com.br\/agazeta\/#\/schema\/person\/6d6e25cb0435eb4a02fd44d30b4e3020\",\"name\":\"Agazeta.Net\",\"url\":\"https:\/\/nk7-testes.com.br\/agazeta\/author\/agazeta\/\"}]}<\/script>\n<!-- \/ Yoast SEO plugin. -->","yoast_head_json":{"title":"Pelo direito de ser m\u00e3e, acriana abre discuss\u00e3o na internet - Agazeta.net","robots":{"index":"index","follow":"follow","max-snippet":"max-snippet:-1","max-image-preview":"max-image-preview:large","max-video-preview":"max-video-preview:-1"},"canonical":"https:\/\/nk7-testes.com.br\/agazeta\/pelo-direito-de-ser-mae-acriana-abre-discussao-na-internet\/","og_locale":"pt_BR","og_type":"article","og_title":"Pelo direito de ser m\u00e3e, acriana abre discuss\u00e3o na internet - Agazeta.net","og_description":"Na rede p\u00fablica, o tratamento piorou drama","og_url":"https:\/\/nk7-testes.com.br\/agazeta\/pelo-direito-de-ser-mae-acriana-abre-discussao-na-internet\/","og_site_name":"Agazeta.net","article_published_time":"2015-09-15T21:08:04+00:00","og_image":[{"width":458,"height":340,"url":"https:\/\/nk7-testes.com.br\/agazeta\/wp-content\/uploads\/2015\/09\/150915-cotidiano-gravidezfrustrada-tvgazeta.jpg","type":"image\/jpeg"}],"author":"Agazeta.Net","twitter_card":"summary_large_image","twitter_misc":{"Escrito por":"Agazeta.Net","Est. tempo de leitura":"2 minutos"},"schema":{"@context":"https:\/\/schema.org","@graph":[{"@type":"WebPage","@id":"https:\/\/nk7-testes.com.br\/agazeta\/pelo-direito-de-ser-mae-acriana-abre-discussao-na-internet\/","url":"https:\/\/nk7-testes.com.br\/agazeta\/pelo-direito-de-ser-mae-acriana-abre-discussao-na-internet\/","name":"Pelo direito de ser m\u00e3e, acriana abre discuss\u00e3o na internet - Agazeta.net","isPartOf":{"@id":"https:\/\/nk7-testes.com.br\/agazeta\/#website"},"primaryImageOfPage":{"@id":"https:\/\/nk7-testes.com.br\/agazeta\/pelo-direito-de-ser-mae-acriana-abre-discussao-na-internet\/#primaryimage"},"image":{"@id":"https:\/\/nk7-testes.com.br\/agazeta\/pelo-direito-de-ser-mae-acriana-abre-discussao-na-internet\/#primaryimage"},"thumbnailUrl":"https:\/\/nk7-testes.com.br\/agazeta\/wp-content\/uploads\/2015\/09\/150915-cotidiano-gravidezfrustrada-tvgazeta.jpg","datePublished":"2015-09-15T21:08:04+00:00","author":{"@id":"https:\/\/nk7-testes.com.br\/agazeta\/#\/schema\/person\/6d6e25cb0435eb4a02fd44d30b4e3020"},"breadcrumb":{"@id":"https:\/\/nk7-testes.com.br\/agazeta\/pelo-direito-de-ser-mae-acriana-abre-discussao-na-internet\/#breadcrumb"},"inLanguage":"pt-BR","potentialAction":[{"@type":"ReadAction","target":["https:\/\/nk7-testes.com.br\/agazeta\/pelo-direito-de-ser-mae-acriana-abre-discussao-na-internet\/"]}]},{"@type":"ImageObject","inLanguage":"pt-BR","@id":"https:\/\/nk7-testes.com.br\/agazeta\/pelo-direito-de-ser-mae-acriana-abre-discussao-na-internet\/#primaryimage","url":"https:\/\/nk7-testes.com.br\/agazeta\/wp-content\/uploads\/2015\/09\/150915-cotidiano-gravidezfrustrada-tvgazeta.jpg","contentUrl":"https:\/\/nk7-testes.com.br\/agazeta\/wp-content\/uploads\/2015\/09\/150915-cotidiano-gravidezfrustrada-tvgazeta.jpg","width":458,"height":340,"caption":"150915-cotidiano-gravidezfrustrada-tvgazeta"},{"@type":"BreadcrumbList","@id":"https:\/\/nk7-testes.com.br\/agazeta\/pelo-direito-de-ser-mae-acriana-abre-discussao-na-internet\/#breadcrumb","itemListElement":[{"@type":"ListItem","position":1,"name":"In\u00edcio","item":"https:\/\/nk7-testes.com.br\/agazeta\/"},{"@type":"ListItem","position":2,"name":"Pelo direito de ser m\u00e3e, acriana abre discuss\u00e3o na internet"}]},{"@type":"WebSite","@id":"https:\/\/nk7-testes.com.br\/agazeta\/#website","url":"https:\/\/nk7-testes.com.br\/agazeta\/","name":"Agazeta.net","description":"Agazeta.net - Not\u00edcias de Rio Branco\/AC","potentialAction":[{"@type":"SearchAction","target":{"@type":"EntryPoint","urlTemplate":"https:\/\/nk7-testes.com.br\/agazeta\/?s={search_term_string}"},"query-input":{"@type":"PropertyValueSpecification","valueRequired":true,"valueName":"search_term_string"}}],"inLanguage":"pt-BR"},{"@type":"Person","@id":"https:\/\/nk7-testes.com.br\/agazeta\/#\/schema\/person\/6d6e25cb0435eb4a02fd44d30b4e3020","name":"Agazeta.Net","url":"https:\/\/nk7-testes.com.br\/agazeta\/author\/agazeta\/"}]}},"_links":{"self":[{"href":"https:\/\/nk7-testes.com.br\/agazeta\/wp-json\/wp\/v2\/posts\/18349","targetHints":{"allow":["GET"]}}],"collection":[{"href":"https:\/\/nk7-testes.com.br\/agazeta\/wp-json\/wp\/v2\/posts"}],"about":[{"href":"https:\/\/nk7-testes.com.br\/agazeta\/wp-json\/wp\/v2\/types\/post"}],"author":[{"embeddable":true,"href":"https:\/\/nk7-testes.com.br\/agazeta\/wp-json\/wp\/v2\/users\/4"}],"replies":[{"embeddable":true,"href":"https:\/\/nk7-testes.com.br\/agazeta\/wp-json\/wp\/v2\/comments?post=18349"}],"version-history":[{"count":0,"href":"https:\/\/nk7-testes.com.br\/agazeta\/wp-json\/wp\/v2\/posts\/18349\/revisions"}],"wp:featuredmedia":[{"embeddable":true,"href":"https:\/\/nk7-testes.com.br\/agazeta\/wp-json\/wp\/v2\/media\/18348"}],"wp:attachment":[{"href":"https:\/\/nk7-testes.com.br\/agazeta\/wp-json\/wp\/v2\/media?parent=18349"}],"wp:term":[{"taxonomy":"category","embeddable":true,"href":"https:\/\/nk7-testes.com.br\/agazeta\/wp-json\/wp\/v2\/categories?post=18349"},{"taxonomy":"post_tag","embeddable":true,"href":"https:\/\/nk7-testes.com.br\/agazeta\/wp-json\/wp\/v2\/tags?post=18349"}],"curies":[{"name":"wp","href":"https:\/\/api.w.org\/{rel}","templated":true}]}}