{"id":18337,"date":"2015-09-14T22:05:06","date_gmt":"2015-09-14T22:05:06","guid":{"rendered":"https:\/\/abarevegan.com.br\/index.php\/2015\/09\/14\/segunda-dose-da-vacinacao-contra-hpv\/"},"modified":"2015-09-14T22:05:06","modified_gmt":"2015-09-14T22:05:06","slug":"segunda-dose-da-vacinacao-contra-hpv","status":"publish","type":"post","link":"https:\/\/nk7-testes.com.br\/agazeta\/segunda-dose-da-vacinacao-contra-hpv\/","title":{"rendered":"Segunda dose da vacina\u00e7\u00e3o contra HPV"},"content":{"rendered":"<p style=\"text-align: justify;\">No Acre, minist\u00e9rio estima em 26,5 mil meninas<\/p>\n<p style=\"text-align: justify;\">Com baixa procura para a vacina contra HPV no Brasil, o Minist\u00e9rio da Sa\u00fade realiza nova mobiliza\u00e7\u00e3o para incentivar aos pais a levarem as filhas para tomar a segunda dose do rem\u00e9dio.<\/p>\n<p style=\"text-align: justify;\">No Acre, o p\u00fablico alvo estimado \u00e9 26,5 mil meninas de 9 a 11 anos. Em Rio Branco, a meta \u00e9 vacinar 10 mil e 600 meninas. Hoje, come\u00e7ou a a\u00e7\u00e3o em uma escola privada da Capital.<\/p>\n<p style=\"text-align: justify;\">A vacina contra o papiloma v\u00edrus humano protege contra quatro tipos de HPV, dois deles respons\u00e1veis por 70% dos casos do c\u00e2ncer do colo do \u00fatero. A diretora de vigil\u00e2ncia epidemiol\u00f3gica da Secretaria de Sa\u00fade de Rio Branco, Socorro Martins, afirma que as equipes v\u00e3o visitar todas as escolas da Capital.<\/p>\n<p style=\"text-align: justify;\">O grande problema que eles encontram para aplicar a dose \u00e9 a resist\u00eancia dos pais, que temem as rea\u00e7\u00f5es da vacina. A diretora explica que a vacina \u00e9 totalmente segura e est\u00e1 licenciada no mundo desde 2006.<\/p>\n<p style=\"text-align: justify;\">Antes de realizar a vacina\u00e7\u00e3o nesta escola, a coordenadora da institui\u00e7\u00e3o, Iriz Vieira, pediu autoriza\u00e7\u00e3o dos pais das cerca de 250 alunas. Ela conta que na primeira dose, algumas meninas desmaiaram ou tiveram tontura. Por este motivo, cinco pais n\u00e3o permitiram que fosse aplicada a segunda dose.<\/p>\n<p style=\"text-align: justify;\">A coordenadora acredita que as alunas estavam nervosas e, por isso, tiveram a rea\u00e7\u00e3o moment\u00e2nea.<\/p>\n<p style=\"text-align: justify;\">As meninas de 11 a 13 anos que tomaram a primeira dose, mas n\u00e3o tomaram a segunda, tamb\u00e9m podem procurar as unidades de sa\u00fade para atualizar a vacina, j\u00e1 que a prote\u00e7\u00e3o s\u00f3 \u00e9 garantida com as duas doses.<\/p>\n","protected":false},"excerpt":{"rendered":"<p style=\"text-align: justify;\">No Acre, minist\u00e9rio estima em 26,5 mil meninas<\/p>\n","protected":false},"author":4,"featured_media":18336,"comment_status":"open","ping_status":"open","sticky":false,"template":"","format":"standard","meta":{"jnews-multi-image_gallery":[],"jnews_single_post":[],"jnews_primary_category":[],"jnews_social_meta":[],"jnews_review":[],"enable_review":"","type":"","name":"","summary":"","brand":"","sku":"","good":[],"bad":[],"score_override":"","override_value":"","rating":[],"price":[],"footnotes":""},"categories":[54],"tags":[],"class_list":["post-18337","post","type-post","status-publish","format-standard","has-post-thumbnail","hentry","category-cotidiano"],"yoast_head":"<!-- This site is optimized with the Yoast SEO plugin v26.5 - https:\/\/yoast.com\/wordpress\/plugins\/seo\/ -->\n<title>Segunda dose da vacina\u00e7\u00e3o contra HPV - Agazeta.net<\/title>\n<meta name=\"robots\" content=\"index, follow, max-snippet:-1, max-image-preview:large, max-video-preview:-1\" \/>\n<link rel=\"canonical\" href=\"https:\/\/nk7-testes.com.br\/agazeta\/segunda-dose-da-vacinacao-contra-hpv\/\" \/>\n<meta property=\"og:locale\" content=\"pt_BR\" \/>\n<meta property=\"og:type\" content=\"article\" \/>\n<meta property=\"og:title\" content=\"Segunda dose da vacina\u00e7\u00e3o contra HPV - Agazeta.net\" \/>\n<meta property=\"og:description\" content=\"No Acre, minist\u00e9rio estima em 26,5 mil meninas\" \/>\n<meta property=\"og:url\" content=\"https:\/\/nk7-testes.com.br\/agazeta\/segunda-dose-da-vacinacao-contra-hpv\/\" \/>\n<meta property=\"og:site_name\" content=\"Agazeta.net\" \/>\n<meta property=\"article:published_time\" content=\"2015-09-14T22:05:06+00:00\" \/>\n<meta property=\"og:image\" content=\"https:\/\/nk7-testes.com.br\/agazeta\/wp-content\/uploads\/2015\/09\/140915-cotidiano-vacinacao-tvgazeta.jpg\" \/>\n\t<meta property=\"og:image:width\" content=\"458\" \/>\n\t<meta property=\"og:image:height\" content=\"340\" \/>\n\t<meta property=\"og:image:type\" content=\"image\/jpeg\" \/>\n<meta name=\"author\" content=\"Agazeta.Net\" \/>\n<meta name=\"twitter:card\" content=\"summary_large_image\" \/>\n<meta name=\"twitter:label1\" content=\"Escrito por\" \/>\n\t<meta name=\"twitter:data1\" content=\"Agazeta.Net\" \/>\n\t<meta name=\"twitter:label2\" content=\"Est. tempo de leitura\" \/>\n\t<meta name=\"twitter:data2\" content=\"1 minuto\" \/>\n<script type=\"application\/ld+json\" class=\"yoast-schema-graph\">{\"@context\":\"https:\/\/schema.org\",\"@graph\":[{\"@type\":\"WebPage\",\"@id\":\"https:\/\/nk7-testes.com.br\/agazeta\/segunda-dose-da-vacinacao-contra-hpv\/\",\"url\":\"https:\/\/nk7-testes.com.br\/agazeta\/segunda-dose-da-vacinacao-contra-hpv\/\",\"name\":\"Segunda dose da vacina\u00e7\u00e3o contra HPV - Agazeta.net\",\"isPartOf\":{\"@id\":\"https:\/\/nk7-testes.com.br\/agazeta\/#website\"},\"primaryImageOfPage\":{\"@id\":\"https:\/\/nk7-testes.com.br\/agazeta\/segunda-dose-da-vacinacao-contra-hpv\/#primaryimage\"},\"image\":{\"@id\":\"https:\/\/nk7-testes.com.br\/agazeta\/segunda-dose-da-vacinacao-contra-hpv\/#primaryimage\"},\"thumbnailUrl\":\"https:\/\/nk7-testes.com.br\/agazeta\/wp-content\/uploads\/2015\/09\/140915-cotidiano-vacinacao-tvgazeta.jpg\",\"datePublished\":\"2015-09-14T22:05:06+00:00\",\"author\":{\"@id\":\"https:\/\/nk7-testes.com.br\/agazeta\/#\/schema\/person\/6d6e25cb0435eb4a02fd44d30b4e3020\"},\"breadcrumb\":{\"@id\":\"https:\/\/nk7-testes.com.br\/agazeta\/segunda-dose-da-vacinacao-contra-hpv\/#breadcrumb\"},\"inLanguage\":\"pt-BR\",\"potentialAction\":[{\"@type\":\"ReadAction\",\"target\":[\"https:\/\/nk7-testes.com.br\/agazeta\/segunda-dose-da-vacinacao-contra-hpv\/\"]}]},{\"@type\":\"ImageObject\",\"inLanguage\":\"pt-BR\",\"@id\":\"https:\/\/nk7-testes.com.br\/agazeta\/segunda-dose-da-vacinacao-contra-hpv\/#primaryimage\",\"url\":\"https:\/\/nk7-testes.com.br\/agazeta\/wp-content\/uploads\/2015\/09\/140915-cotidiano-vacinacao-tvgazeta.jpg\",\"contentUrl\":\"https:\/\/nk7-testes.com.br\/agazeta\/wp-content\/uploads\/2015\/09\/140915-cotidiano-vacinacao-tvgazeta.jpg\",\"width\":458,\"height\":340,\"caption\":\"140915-cotidiano-vacinacao-tvgazeta\"},{\"@type\":\"BreadcrumbList\",\"@id\":\"https:\/\/nk7-testes.com.br\/agazeta\/segunda-dose-da-vacinacao-contra-hpv\/#breadcrumb\",\"itemListElement\":[{\"@type\":\"ListItem\",\"position\":1,\"name\":\"In\u00edcio\",\"item\":\"https:\/\/nk7-testes.com.br\/agazeta\/\"},{\"@type\":\"ListItem\",\"position\":2,\"name\":\"Segunda dose da vacina\u00e7\u00e3o contra HPV\"}]},{\"@type\":\"WebSite\",\"@id\":\"https:\/\/nk7-testes.com.br\/agazeta\/#website\",\"url\":\"https:\/\/nk7-testes.com.br\/agazeta\/\",\"name\":\"Agazeta.net\",\"description\":\"Agazeta.net - Not\u00edcias de Rio Branco\/AC\",\"potentialAction\":[{\"@type\":\"SearchAction\",\"target\":{\"@type\":\"EntryPoint\",\"urlTemplate\":\"https:\/\/nk7-testes.com.br\/agazeta\/?s={search_term_string}\"},\"query-input\":{\"@type\":\"PropertyValueSpecification\",\"valueRequired\":true,\"valueName\":\"search_term_string\"}}],\"inLanguage\":\"pt-BR\"},{\"@type\":\"Person\",\"@id\":\"https:\/\/nk7-testes.com.br\/agazeta\/#\/schema\/person\/6d6e25cb0435eb4a02fd44d30b4e3020\",\"name\":\"Agazeta.Net\",\"url\":\"https:\/\/nk7-testes.com.br\/agazeta\/author\/agazeta\/\"}]}<\/script>\n<!-- \/ Yoast SEO plugin. -->","yoast_head_json":{"title":"Segunda dose da vacina\u00e7\u00e3o contra HPV - Agazeta.net","robots":{"index":"index","follow":"follow","max-snippet":"max-snippet:-1","max-image-preview":"max-image-preview:large","max-video-preview":"max-video-preview:-1"},"canonical":"https:\/\/nk7-testes.com.br\/agazeta\/segunda-dose-da-vacinacao-contra-hpv\/","og_locale":"pt_BR","og_type":"article","og_title":"Segunda dose da vacina\u00e7\u00e3o contra HPV - Agazeta.net","og_description":"No Acre, minist\u00e9rio estima em 26,5 mil meninas","og_url":"https:\/\/nk7-testes.com.br\/agazeta\/segunda-dose-da-vacinacao-contra-hpv\/","og_site_name":"Agazeta.net","article_published_time":"2015-09-14T22:05:06+00:00","og_image":[{"width":458,"height":340,"url":"https:\/\/nk7-testes.com.br\/agazeta\/wp-content\/uploads\/2015\/09\/140915-cotidiano-vacinacao-tvgazeta.jpg","type":"image\/jpeg"}],"author":"Agazeta.Net","twitter_card":"summary_large_image","twitter_misc":{"Escrito por":"Agazeta.Net","Est. tempo de leitura":"1 minuto"},"schema":{"@context":"https:\/\/schema.org","@graph":[{"@type":"WebPage","@id":"https:\/\/nk7-testes.com.br\/agazeta\/segunda-dose-da-vacinacao-contra-hpv\/","url":"https:\/\/nk7-testes.com.br\/agazeta\/segunda-dose-da-vacinacao-contra-hpv\/","name":"Segunda dose da vacina\u00e7\u00e3o contra HPV - Agazeta.net","isPartOf":{"@id":"https:\/\/nk7-testes.com.br\/agazeta\/#website"},"primaryImageOfPage":{"@id":"https:\/\/nk7-testes.com.br\/agazeta\/segunda-dose-da-vacinacao-contra-hpv\/#primaryimage"},"image":{"@id":"https:\/\/nk7-testes.com.br\/agazeta\/segunda-dose-da-vacinacao-contra-hpv\/#primaryimage"},"thumbnailUrl":"https:\/\/nk7-testes.com.br\/agazeta\/wp-content\/uploads\/2015\/09\/140915-cotidiano-vacinacao-tvgazeta.jpg","datePublished":"2015-09-14T22:05:06+00:00","author":{"@id":"https:\/\/nk7-testes.com.br\/agazeta\/#\/schema\/person\/6d6e25cb0435eb4a02fd44d30b4e3020"},"breadcrumb":{"@id":"https:\/\/nk7-testes.com.br\/agazeta\/segunda-dose-da-vacinacao-contra-hpv\/#breadcrumb"},"inLanguage":"pt-BR","potentialAction":[{"@type":"ReadAction","target":["https:\/\/nk7-testes.com.br\/agazeta\/segunda-dose-da-vacinacao-contra-hpv\/"]}]},{"@type":"ImageObject","inLanguage":"pt-BR","@id":"https:\/\/nk7-testes.com.br\/agazeta\/segunda-dose-da-vacinacao-contra-hpv\/#primaryimage","url":"https:\/\/nk7-testes.com.br\/agazeta\/wp-content\/uploads\/2015\/09\/140915-cotidiano-vacinacao-tvgazeta.jpg","contentUrl":"https:\/\/nk7-testes.com.br\/agazeta\/wp-content\/uploads\/2015\/09\/140915-cotidiano-vacinacao-tvgazeta.jpg","width":458,"height":340,"caption":"140915-cotidiano-vacinacao-tvgazeta"},{"@type":"BreadcrumbList","@id":"https:\/\/nk7-testes.com.br\/agazeta\/segunda-dose-da-vacinacao-contra-hpv\/#breadcrumb","itemListElement":[{"@type":"ListItem","position":1,"name":"In\u00edcio","item":"https:\/\/nk7-testes.com.br\/agazeta\/"},{"@type":"ListItem","position":2,"name":"Segunda dose da vacina\u00e7\u00e3o contra HPV"}]},{"@type":"WebSite","@id":"https:\/\/nk7-testes.com.br\/agazeta\/#website","url":"https:\/\/nk7-testes.com.br\/agazeta\/","name":"Agazeta.net","description":"Agazeta.net - Not\u00edcias de Rio Branco\/AC","potentialAction":[{"@type":"SearchAction","target":{"@type":"EntryPoint","urlTemplate":"https:\/\/nk7-testes.com.br\/agazeta\/?s={search_term_string}"},"query-input":{"@type":"PropertyValueSpecification","valueRequired":true,"valueName":"search_term_string"}}],"inLanguage":"pt-BR"},{"@type":"Person","@id":"https:\/\/nk7-testes.com.br\/agazeta\/#\/schema\/person\/6d6e25cb0435eb4a02fd44d30b4e3020","name":"Agazeta.Net","url":"https:\/\/nk7-testes.com.br\/agazeta\/author\/agazeta\/"}]}},"_links":{"self":[{"href":"https:\/\/nk7-testes.com.br\/agazeta\/wp-json\/wp\/v2\/posts\/18337","targetHints":{"allow":["GET"]}}],"collection":[{"href":"https:\/\/nk7-testes.com.br\/agazeta\/wp-json\/wp\/v2\/posts"}],"about":[{"href":"https:\/\/nk7-testes.com.br\/agazeta\/wp-json\/wp\/v2\/types\/post"}],"author":[{"embeddable":true,"href":"https:\/\/nk7-testes.com.br\/agazeta\/wp-json\/wp\/v2\/users\/4"}],"replies":[{"embeddable":true,"href":"https:\/\/nk7-testes.com.br\/agazeta\/wp-json\/wp\/v2\/comments?post=18337"}],"version-history":[{"count":0,"href":"https:\/\/nk7-testes.com.br\/agazeta\/wp-json\/wp\/v2\/posts\/18337\/revisions"}],"wp:featuredmedia":[{"embeddable":true,"href":"https:\/\/nk7-testes.com.br\/agazeta\/wp-json\/wp\/v2\/media\/18336"}],"wp:attachment":[{"href":"https:\/\/nk7-testes.com.br\/agazeta\/wp-json\/wp\/v2\/media?parent=18337"}],"wp:term":[{"taxonomy":"category","embeddable":true,"href":"https:\/\/nk7-testes.com.br\/agazeta\/wp-json\/wp\/v2\/categories?post=18337"},{"taxonomy":"post_tag","embeddable":true,"href":"https:\/\/nk7-testes.com.br\/agazeta\/wp-json\/wp\/v2\/tags?post=18337"}],"curies":[{"name":"wp","href":"https:\/\/api.w.org\/{rel}","templated":true}]}}