{"id":18324,"date":"2015-09-14T14:47:48","date_gmt":"2015-09-14T14:47:48","guid":{"rendered":"https:\/\/abarevegan.com.br\/index.php\/2015\/09\/14\/protesto-dos-cacambeiros-ocorreu-hoje\/"},"modified":"2015-09-14T14:47:48","modified_gmt":"2015-09-14T14:47:48","slug":"protesto-dos-cacambeiros-ocorreu-hoje","status":"publish","type":"post","link":"https:\/\/nk7-testes.com.br\/agazeta\/protesto-dos-cacambeiros-ocorreu-hoje\/","title":{"rendered":"Protesto dos ca\u00e7ambeiros ocorreu hoje"},"content":{"rendered":"<p style=\"text-align: justify;\">Empresas querem pagar 50% a menos pelo frete<\/p>\n<p style=\"text-align: justify;\">O protesto de caminhoneiros contra os pre\u00e7os do transporte de brita para a recupera\u00e7\u00e3o da BR-364 ocorreu na manh\u00e3 desta segunda. Inicialmente organizada para sexta-feira, a mobiliza\u00e7\u00e3o aconteceu hoje, na Vila Cust\u00f3dio Freire.<\/p>\n<p style=\"text-align: justify;\">O Sindicato dos Transportadores Rodovi\u00e1rios do Estado do Acre, mais conhecido como \u201cSindicato dos Ca\u00e7ambeiros\u201d, contesta o valor pago pelas cinco empresas que est\u00e3o realizando a recupera\u00e7\u00e3o do trecho de 80 quil\u00f4metros entre Tarauac\u00e1 e o Rio Greg\u00f3rio.<\/p>\n<p style=\"text-align: justify;\">As cinco empresas respons\u00e1veis e Dnit, de acordo com o sindicato, querem pagar 50% menos pelo transporte do material. A obra \u00e9 federal e contratada pelo Departamento Nacional de Infraestrutura em Transporte (Dnit).<\/p>\n<p style=\"text-align: justify;\">\u201cA obra \u00e9 do Governo Federal, mas a articula\u00e7\u00e3o foi feita pelo Governo do Estado. O dinheiro para garantir a estrada em boas condi\u00e7\u00f5es tem que ficar no Acre e n\u00e3o ir para outros estados\u201d, denuncia o presidente do Sintraba, J\u00falio Farias. \u201cAs empresas j\u00e1 acionaram caminh\u00f5es de outros estados e isso n\u00e3o \u00e9 certo. Estamos querendo garantir o direito de sustentar nossas fam\u00edlias com dignidade, com trabalho\u201d.<\/p>\n<p style=\"text-align: justify;\">De acordo com o sindicato, as empresas querem pagar R$ 0,27 pelo metro c\u00fabico da brita. \u201cDeveria ser pelo menos R$ 0,46\u201d, calculou Farias. O sindicato representa 430 trabalhadores filiados.<\/p>\n<p style=\"text-align: justify;\">Os ca\u00e7ambeiros j\u00e1 buscaram apoio do Deracre para mediar a situa\u00e7\u00e3o. Se n\u00e3o for definida uma proposta por parte das empresas e do Dnit, os trabalhadores est\u00e3o decididos a fechar a rodovia.<\/p>\n","protected":false},"excerpt":{"rendered":"<p style=\"text-align: justify;\">Empresas querem pagar 50% a menos pelo frete<\/p>\n","protected":false},"author":4,"featured_media":18323,"comment_status":"open","ping_status":"open","sticky":false,"template":"","format":"standard","meta":{"jnews-multi-image_gallery":[],"jnews_single_post":[],"jnews_primary_category":[],"jnews_social_meta":[],"jnews_review":[],"enable_review":"","type":"","name":"","summary":"","brand":"","sku":"","good":[],"bad":[],"score_override":"","override_value":"","rating":[],"price":[],"footnotes":""},"categories":[54],"tags":[],"class_list":["post-18324","post","type-post","status-publish","format-standard","has-post-thumbnail","hentry","category-cotidiano"],"yoast_head":"<!-- This site is optimized with the Yoast SEO plugin v26.5 - https:\/\/yoast.com\/wordpress\/plugins\/seo\/ -->\n<title>Protesto dos ca\u00e7ambeiros ocorreu hoje - Agazeta.net<\/title>\n<meta name=\"robots\" content=\"index, follow, max-snippet:-1, max-image-preview:large, max-video-preview:-1\" \/>\n<link rel=\"canonical\" href=\"https:\/\/nk7-testes.com.br\/agazeta\/protesto-dos-cacambeiros-ocorreu-hoje\/\" \/>\n<meta property=\"og:locale\" content=\"pt_BR\" \/>\n<meta property=\"og:type\" content=\"article\" \/>\n<meta property=\"og:title\" content=\"Protesto dos ca\u00e7ambeiros ocorreu hoje - Agazeta.net\" \/>\n<meta property=\"og:description\" content=\"Empresas querem pagar 50% a menos pelo frete\" \/>\n<meta property=\"og:url\" content=\"https:\/\/nk7-testes.com.br\/agazeta\/protesto-dos-cacambeiros-ocorreu-hoje\/\" \/>\n<meta property=\"og:site_name\" content=\"Agazeta.net\" \/>\n<meta property=\"article:published_time\" content=\"2015-09-14T14:47:48+00:00\" \/>\n<meta property=\"og:image\" content=\"https:\/\/nk7-testes.com.br\/agazeta\/wp-content\/uploads\/2015\/09\/140915-cotidiano-protestocaminhoneiros-tvgazeta.jpg\" \/>\n\t<meta property=\"og:image:width\" content=\"458\" \/>\n\t<meta property=\"og:image:height\" content=\"340\" \/>\n\t<meta property=\"og:image:type\" content=\"image\/jpeg\" \/>\n<meta name=\"author\" content=\"Agazeta.Net\" \/>\n<meta name=\"twitter:card\" content=\"summary_large_image\" \/>\n<meta name=\"twitter:label1\" content=\"Escrito por\" \/>\n\t<meta name=\"twitter:data1\" content=\"Agazeta.Net\" \/>\n\t<meta name=\"twitter:label2\" content=\"Est. tempo de leitura\" \/>\n\t<meta name=\"twitter:data2\" content=\"1 minuto\" \/>\n<script type=\"application\/ld+json\" class=\"yoast-schema-graph\">{\"@context\":\"https:\/\/schema.org\",\"@graph\":[{\"@type\":\"WebPage\",\"@id\":\"https:\/\/nk7-testes.com.br\/agazeta\/protesto-dos-cacambeiros-ocorreu-hoje\/\",\"url\":\"https:\/\/nk7-testes.com.br\/agazeta\/protesto-dos-cacambeiros-ocorreu-hoje\/\",\"name\":\"Protesto dos ca\u00e7ambeiros ocorreu hoje - Agazeta.net\",\"isPartOf\":{\"@id\":\"https:\/\/nk7-testes.com.br\/agazeta\/#website\"},\"primaryImageOfPage\":{\"@id\":\"https:\/\/nk7-testes.com.br\/agazeta\/protesto-dos-cacambeiros-ocorreu-hoje\/#primaryimage\"},\"image\":{\"@id\":\"https:\/\/nk7-testes.com.br\/agazeta\/protesto-dos-cacambeiros-ocorreu-hoje\/#primaryimage\"},\"thumbnailUrl\":\"https:\/\/nk7-testes.com.br\/agazeta\/wp-content\/uploads\/2015\/09\/140915-cotidiano-protestocaminhoneiros-tvgazeta.jpg\",\"datePublished\":\"2015-09-14T14:47:48+00:00\",\"author\":{\"@id\":\"https:\/\/nk7-testes.com.br\/agazeta\/#\/schema\/person\/6d6e25cb0435eb4a02fd44d30b4e3020\"},\"breadcrumb\":{\"@id\":\"https:\/\/nk7-testes.com.br\/agazeta\/protesto-dos-cacambeiros-ocorreu-hoje\/#breadcrumb\"},\"inLanguage\":\"pt-BR\",\"potentialAction\":[{\"@type\":\"ReadAction\",\"target\":[\"https:\/\/nk7-testes.com.br\/agazeta\/protesto-dos-cacambeiros-ocorreu-hoje\/\"]}]},{\"@type\":\"ImageObject\",\"inLanguage\":\"pt-BR\",\"@id\":\"https:\/\/nk7-testes.com.br\/agazeta\/protesto-dos-cacambeiros-ocorreu-hoje\/#primaryimage\",\"url\":\"https:\/\/nk7-testes.com.br\/agazeta\/wp-content\/uploads\/2015\/09\/140915-cotidiano-protestocaminhoneiros-tvgazeta.jpg\",\"contentUrl\":\"https:\/\/nk7-testes.com.br\/agazeta\/wp-content\/uploads\/2015\/09\/140915-cotidiano-protestocaminhoneiros-tvgazeta.jpg\",\"width\":458,\"height\":340,\"caption\":\"140915-cotidiano-protestocaminhoneiros-tvgazeta\"},{\"@type\":\"BreadcrumbList\",\"@id\":\"https:\/\/nk7-testes.com.br\/agazeta\/protesto-dos-cacambeiros-ocorreu-hoje\/#breadcrumb\",\"itemListElement\":[{\"@type\":\"ListItem\",\"position\":1,\"name\":\"In\u00edcio\",\"item\":\"https:\/\/nk7-testes.com.br\/agazeta\/\"},{\"@type\":\"ListItem\",\"position\":2,\"name\":\"Protesto dos ca\u00e7ambeiros ocorreu hoje\"}]},{\"@type\":\"WebSite\",\"@id\":\"https:\/\/nk7-testes.com.br\/agazeta\/#website\",\"url\":\"https:\/\/nk7-testes.com.br\/agazeta\/\",\"name\":\"Agazeta.net\",\"description\":\"Agazeta.net - Not\u00edcias de Rio Branco\/AC\",\"potentialAction\":[{\"@type\":\"SearchAction\",\"target\":{\"@type\":\"EntryPoint\",\"urlTemplate\":\"https:\/\/nk7-testes.com.br\/agazeta\/?s={search_term_string}\"},\"query-input\":{\"@type\":\"PropertyValueSpecification\",\"valueRequired\":true,\"valueName\":\"search_term_string\"}}],\"inLanguage\":\"pt-BR\"},{\"@type\":\"Person\",\"@id\":\"https:\/\/nk7-testes.com.br\/agazeta\/#\/schema\/person\/6d6e25cb0435eb4a02fd44d30b4e3020\",\"name\":\"Agazeta.Net\",\"url\":\"https:\/\/nk7-testes.com.br\/agazeta\/author\/agazeta\/\"}]}<\/script>\n<!-- \/ Yoast SEO plugin. -->","yoast_head_json":{"title":"Protesto dos ca\u00e7ambeiros ocorreu hoje - Agazeta.net","robots":{"index":"index","follow":"follow","max-snippet":"max-snippet:-1","max-image-preview":"max-image-preview:large","max-video-preview":"max-video-preview:-1"},"canonical":"https:\/\/nk7-testes.com.br\/agazeta\/protesto-dos-cacambeiros-ocorreu-hoje\/","og_locale":"pt_BR","og_type":"article","og_title":"Protesto dos ca\u00e7ambeiros ocorreu hoje - Agazeta.net","og_description":"Empresas querem pagar 50% a menos pelo frete","og_url":"https:\/\/nk7-testes.com.br\/agazeta\/protesto-dos-cacambeiros-ocorreu-hoje\/","og_site_name":"Agazeta.net","article_published_time":"2015-09-14T14:47:48+00:00","og_image":[{"width":458,"height":340,"url":"https:\/\/nk7-testes.com.br\/agazeta\/wp-content\/uploads\/2015\/09\/140915-cotidiano-protestocaminhoneiros-tvgazeta.jpg","type":"image\/jpeg"}],"author":"Agazeta.Net","twitter_card":"summary_large_image","twitter_misc":{"Escrito por":"Agazeta.Net","Est. tempo de leitura":"1 minuto"},"schema":{"@context":"https:\/\/schema.org","@graph":[{"@type":"WebPage","@id":"https:\/\/nk7-testes.com.br\/agazeta\/protesto-dos-cacambeiros-ocorreu-hoje\/","url":"https:\/\/nk7-testes.com.br\/agazeta\/protesto-dos-cacambeiros-ocorreu-hoje\/","name":"Protesto dos ca\u00e7ambeiros ocorreu hoje - Agazeta.net","isPartOf":{"@id":"https:\/\/nk7-testes.com.br\/agazeta\/#website"},"primaryImageOfPage":{"@id":"https:\/\/nk7-testes.com.br\/agazeta\/protesto-dos-cacambeiros-ocorreu-hoje\/#primaryimage"},"image":{"@id":"https:\/\/nk7-testes.com.br\/agazeta\/protesto-dos-cacambeiros-ocorreu-hoje\/#primaryimage"},"thumbnailUrl":"https:\/\/nk7-testes.com.br\/agazeta\/wp-content\/uploads\/2015\/09\/140915-cotidiano-protestocaminhoneiros-tvgazeta.jpg","datePublished":"2015-09-14T14:47:48+00:00","author":{"@id":"https:\/\/nk7-testes.com.br\/agazeta\/#\/schema\/person\/6d6e25cb0435eb4a02fd44d30b4e3020"},"breadcrumb":{"@id":"https:\/\/nk7-testes.com.br\/agazeta\/protesto-dos-cacambeiros-ocorreu-hoje\/#breadcrumb"},"inLanguage":"pt-BR","potentialAction":[{"@type":"ReadAction","target":["https:\/\/nk7-testes.com.br\/agazeta\/protesto-dos-cacambeiros-ocorreu-hoje\/"]}]},{"@type":"ImageObject","inLanguage":"pt-BR","@id":"https:\/\/nk7-testes.com.br\/agazeta\/protesto-dos-cacambeiros-ocorreu-hoje\/#primaryimage","url":"https:\/\/nk7-testes.com.br\/agazeta\/wp-content\/uploads\/2015\/09\/140915-cotidiano-protestocaminhoneiros-tvgazeta.jpg","contentUrl":"https:\/\/nk7-testes.com.br\/agazeta\/wp-content\/uploads\/2015\/09\/140915-cotidiano-protestocaminhoneiros-tvgazeta.jpg","width":458,"height":340,"caption":"140915-cotidiano-protestocaminhoneiros-tvgazeta"},{"@type":"BreadcrumbList","@id":"https:\/\/nk7-testes.com.br\/agazeta\/protesto-dos-cacambeiros-ocorreu-hoje\/#breadcrumb","itemListElement":[{"@type":"ListItem","position":1,"name":"In\u00edcio","item":"https:\/\/nk7-testes.com.br\/agazeta\/"},{"@type":"ListItem","position":2,"name":"Protesto dos ca\u00e7ambeiros ocorreu hoje"}]},{"@type":"WebSite","@id":"https:\/\/nk7-testes.com.br\/agazeta\/#website","url":"https:\/\/nk7-testes.com.br\/agazeta\/","name":"Agazeta.net","description":"Agazeta.net - Not\u00edcias de Rio Branco\/AC","potentialAction":[{"@type":"SearchAction","target":{"@type":"EntryPoint","urlTemplate":"https:\/\/nk7-testes.com.br\/agazeta\/?s={search_term_string}"},"query-input":{"@type":"PropertyValueSpecification","valueRequired":true,"valueName":"search_term_string"}}],"inLanguage":"pt-BR"},{"@type":"Person","@id":"https:\/\/nk7-testes.com.br\/agazeta\/#\/schema\/person\/6d6e25cb0435eb4a02fd44d30b4e3020","name":"Agazeta.Net","url":"https:\/\/nk7-testes.com.br\/agazeta\/author\/agazeta\/"}]}},"_links":{"self":[{"href":"https:\/\/nk7-testes.com.br\/agazeta\/wp-json\/wp\/v2\/posts\/18324","targetHints":{"allow":["GET"]}}],"collection":[{"href":"https:\/\/nk7-testes.com.br\/agazeta\/wp-json\/wp\/v2\/posts"}],"about":[{"href":"https:\/\/nk7-testes.com.br\/agazeta\/wp-json\/wp\/v2\/types\/post"}],"author":[{"embeddable":true,"href":"https:\/\/nk7-testes.com.br\/agazeta\/wp-json\/wp\/v2\/users\/4"}],"replies":[{"embeddable":true,"href":"https:\/\/nk7-testes.com.br\/agazeta\/wp-json\/wp\/v2\/comments?post=18324"}],"version-history":[{"count":0,"href":"https:\/\/nk7-testes.com.br\/agazeta\/wp-json\/wp\/v2\/posts\/18324\/revisions"}],"wp:featuredmedia":[{"embeddable":true,"href":"https:\/\/nk7-testes.com.br\/agazeta\/wp-json\/wp\/v2\/media\/18323"}],"wp:attachment":[{"href":"https:\/\/nk7-testes.com.br\/agazeta\/wp-json\/wp\/v2\/media?parent=18324"}],"wp:term":[{"taxonomy":"category","embeddable":true,"href":"https:\/\/nk7-testes.com.br\/agazeta\/wp-json\/wp\/v2\/categories?post=18324"},{"taxonomy":"post_tag","embeddable":true,"href":"https:\/\/nk7-testes.com.br\/agazeta\/wp-json\/wp\/v2\/tags?post=18324"}],"curies":[{"name":"wp","href":"https:\/\/api.w.org\/{rel}","templated":true}]}}